{"id":10876,"date":"2026-04-28T12:25:23","date_gmt":"2026-04-28T10:25:23","guid":{"rendered":"https:\/\/gijonbasket.com\/?p=10876"},"modified":"2026-04-28T12:25:24","modified_gmt":"2026-04-28T10:25:24","slug":"kostas-sloukas-baja-por-lesion-en-el-panathinaikos-aktor","status":"publish","type":"post","link":"https:\/\/gijonbasket.com\/en\/2026\/04\/28\/kostas-sloukas-baja-por-lesion-en-el-panathinaikos-aktor\/","title":{"rendered":"Kostas Sloukas baja por lesi\u00f3n en el Panathinaikos AKTOR"},"content":{"rendered":"<p>Duro golpe para el Panathinaikos AKTOR, con la baja por lesi\u00f3n de Kostas Sloukas, a las puertas de iniciar la eliminatoria de Cuartos de Final de la Euroliga ante el Valencia Basket que arranca hoy martes a las 20:45 en el Roig Arena.<\/p>\n\n\n\n<p>Kostas Sloukas causa baja al sufrir una rotura del menisco lateral interno de su rodilla izquierda.<\/p>\n\n\n\n<p>La lesi\u00f3n supone que se pierda por completo la serie ante el Valencia Basket y pone en riesgo su participaci\u00f3n en la Final Four de la Euroliga en el caso de que el Panathinaikos AKTOR logr\u00e9 su clasificaci\u00f3n.<\/p>\n\n\n\n<p>La Final Four ser\u00e1 en Atenas con el escenario del Telekom Center Athens pista del Panathinaikos AKTOR.<\/p>\n\n\n\n<p>Kostas Sloukas, base griego de 36 a\u00f1os y 1.90 m., cumple su tercera temporada en el Panathinaikos AKTOR.<\/p>\n\n\n\n<p>4 \u00edtulos de Euroliga en su plamr\u00e9s logrados con tres equipos diferentes.<\/p>\n\n\n\n<p>Olympiacos (2011\/2012; 2012\/2013), Fenerbahce Beko (2016\/2017) y Panathinakos AKTOR (2023\/2024).<\/p>\n\n\n\n<p>Una aut\u00e9ntica leyenda del baloncesto europeo.<\/p>\n\n\n\n<p>Internacional por Grecia.<\/p>\n\n\n\n<p>Medalla de Bronce con Grecia en el EuroBasket 2025.<\/p>","protected":false},"excerpt":{"rendered":"<p>Duro golpe para el Panathinaikos AKTOR, con la baja por lesi\u00f3n de Kostas Sloukas, a las puertas de iniciar la eliminatoria de Cuartos de Final de la Euroliga ante el Valencia Basket que arranca hoy martes a las 20:45 en el Roig Arena. Kostas Sloukas causa baja al sufrir una rotura del menisco lateral interno&hellip;&nbsp;<a href=\"https:\/\/gijonbasket.com\/en\/2026\/04\/28\/kostas-sloukas-baja-por-lesion-en-el-panathinaikos-aktor\/\" class=\"\" rel=\"bookmark\">Read More &raquo;<span class=\"screen-reader-text\">Kostas Sloukas baja por lesi\u00f3n en el Panathinaikos AKTOR<\/span><\/a><\/p>","protected":false},"author":2,"featured_media":0,"comment_status":"open","ping_status":"open","sticky":false,"template":"","format":"standard","meta":{"neve_meta_sidebar":"","neve_meta_container":"","neve_meta_enable_content_width":"","neve_meta_content_width":0,"neve_meta_title_alignment":"","neve_meta_author_avatar":"","neve_post_elements_order":"","neve_meta_disable_header":"","neve_meta_disable_footer":"","neve_meta_disable_title":"","footnotes":""},"categories":[4],"tags":[],"class_list":["post-10876","post","type-post","status-publish","format-standard","hentry","category-noticias"],"yoast_head":"<!-- This site is optimized with the Yoast SEO plugin v23.4 - https:\/\/yoast.com\/wordpress\/plugins\/seo\/ -->\n<title>Kostas Sloukas baja por lesi\u00f3n en el Panathinaikos AKTOR - gijonbasket<\/title>\n<meta name=\"robots\" content=\"index, follow, max-snippet:-1, max-image-preview:large, max-video-preview:-1\" \/>\n<link rel=\"canonical\" href=\"https:\/\/gijonbasket.com\/en\/2026\/04\/28\/kostas-sloukas-baja-por-lesion-en-el-panathinaikos-aktor\/\" \/>\n<meta property=\"og:locale\" content=\"en_US\" \/>\n<meta property=\"og:type\" content=\"article\" \/>\n<meta property=\"og:title\" content=\"Kostas Sloukas baja por lesi\u00f3n en el Panathinaikos AKTOR - gijonbasket\" \/>\n<meta property=\"og:description\" content=\"Duro golpe para el Panathinaikos AKTOR, con la baja por lesi\u00f3n de Kostas Sloukas, a las puertas de iniciar la eliminatoria de Cuartos de Final de la Euroliga ante el Valencia Basket que arranca hoy martes a las 20:45 en el Roig Arena. Kostas Sloukas causa baja al sufrir una rotura del menisco lateral interno&hellip;&nbsp;Read More &raquo;Kostas Sloukas baja por lesi\u00f3n en el Panathinaikos AKTOR\" \/>\n<meta property=\"og:url\" content=\"https:\/\/gijonbasket.com\/en\/2026\/04\/28\/kostas-sloukas-baja-por-lesion-en-el-panathinaikos-aktor\/\" \/>\n<meta property=\"og:site_name\" content=\"gijonbasket\" \/>\n<meta property=\"article:published_time\" content=\"2026-04-28T10:25:23+00:00\" \/>\n<meta property=\"article:modified_time\" content=\"2026-04-28T10:25:24+00:00\" \/>\n<meta name=\"author\" content=\"Cesar Morales\" \/>\n<meta name=\"twitter:card\" content=\"summary_large_image\" \/>\n<meta name=\"twitter:label1\" content=\"Written by\" \/>\n\t<meta name=\"twitter:data1\" content=\"Cesar Morales\" \/>\n\t<meta name=\"twitter:label2\" content=\"Est. reading time\" \/>\n\t<meta name=\"twitter:data2\" content=\"1 minute\" \/>\n<script type=\"application\/ld+json\" class=\"yoast-schema-graph\">{\"@context\":\"https:\/\/schema.org\",\"@graph\":[{\"@type\":\"Article\",\"@id\":\"https:\/\/gijonbasket.com\/2026\/04\/28\/kostas-sloukas-baja-por-lesion-en-el-panathinaikos-aktor\/#article\",\"isPartOf\":{\"@id\":\"https:\/\/gijonbasket.com\/2026\/04\/28\/kostas-sloukas-baja-por-lesion-en-el-panathinaikos-aktor\/\"},\"author\":{\"name\":\"Cesar Morales\",\"@id\":\"https:\/\/gijonbasket.com\/#\/schema\/person\/91af9ff03e8eab582ccc344b715907c0\"},\"headline\":\"Kostas Sloukas baja por lesi\u00f3n en el Panathinaikos AKTOR\",\"datePublished\":\"2026-04-28T10:25:23+00:00\",\"dateModified\":\"2026-04-28T10:25:24+00:00\",\"mainEntityOfPage\":{\"@id\":\"https:\/\/gijonbasket.com\/2026\/04\/28\/kostas-sloukas-baja-por-lesion-en-el-panathinaikos-aktor\/\"},\"wordCount\":180,\"commentCount\":0,\"publisher\":{\"@id\":\"https:\/\/gijonbasket.com\/#organization\"},\"articleSection\":[\"noticias\"],\"inLanguage\":\"en-US\",\"potentialAction\":[{\"@type\":\"CommentAction\",\"name\":\"Comment\",\"target\":[\"https:\/\/gijonbasket.com\/2026\/04\/28\/kostas-sloukas-baja-por-lesion-en-el-panathinaikos-aktor\/#respond\"]}]},{\"@type\":\"WebPage\",\"@id\":\"https:\/\/gijonbasket.com\/2026\/04\/28\/kostas-sloukas-baja-por-lesion-en-el-panathinaikos-aktor\/\",\"url\":\"https:\/\/gijonbasket.com\/2026\/04\/28\/kostas-sloukas-baja-por-lesion-en-el-panathinaikos-aktor\/\",\"name\":\"Kostas Sloukas baja por lesi\u00f3n en el Panathinaikos AKTOR - gijonbasket\",\"isPartOf\":{\"@id\":\"https:\/\/gijonbasket.com\/#website\"},\"datePublished\":\"2026-04-28T10:25:23+00:00\",\"dateModified\":\"2026-04-28T10:25:24+00:00\",\"breadcrumb\":{\"@id\":\"https:\/\/gijonbasket.com\/2026\/04\/28\/kostas-sloukas-baja-por-lesion-en-el-panathinaikos-aktor\/#breadcrumb\"},\"inLanguage\":\"en-US\",\"potentialAction\":[{\"@type\":\"ReadAction\",\"target\":[\"https:\/\/gijonbasket.com\/2026\/04\/28\/kostas-sloukas-baja-por-lesion-en-el-panathinaikos-aktor\/\"]}]},{\"@type\":\"BreadcrumbList\",\"@id\":\"https:\/\/gijonbasket.com\/2026\/04\/28\/kostas-sloukas-baja-por-lesion-en-el-panathinaikos-aktor\/#breadcrumb\",\"itemListElement\":[{\"@type\":\"ListItem\",\"position\":1,\"name\":\"Portada\",\"item\":\"https:\/\/gijonbasket.com\/\"},{\"@type\":\"ListItem\",\"position\":2,\"name\":\"Kostas Sloukas baja por lesi\u00f3n en el Panathinaikos AKTOR\"}]},{\"@type\":\"WebSite\",\"@id\":\"https:\/\/gijonbasket.com\/#website\",\"url\":\"https:\/\/gijonbasket.com\/\",\"name\":\"gijonbasket\",\"description\":\"\",\"publisher\":{\"@id\":\"https:\/\/gijonbasket.com\/#organization\"},\"potentialAction\":[{\"@type\":\"SearchAction\",\"target\":{\"@type\":\"EntryPoint\",\"urlTemplate\":\"https:\/\/gijonbasket.com\/?s={search_term_string}\"},\"query-input\":{\"@type\":\"PropertyValueSpecification\",\"valueRequired\":true,\"valueName\":\"search_term_string\"}}],\"inLanguage\":\"en-US\"},{\"@type\":\"Organization\",\"@id\":\"https:\/\/gijonbasket.com\/#organization\",\"name\":\"gijonbasket\",\"url\":\"https:\/\/gijonbasket.com\/\",\"logo\":{\"@type\":\"ImageObject\",\"inLanguage\":\"en-US\",\"@id\":\"https:\/\/gijonbasket.com\/#\/schema\/logo\/image\/\",\"url\":\"https:\/\/gijonbasket.com\/wp-content\/uploads\/2023\/03\/LogoGijonBasket2.jpg\",\"contentUrl\":\"https:\/\/gijonbasket.com\/wp-content\/uploads\/2023\/03\/LogoGijonBasket2.jpg\",\"width\":2000,\"height\":550,\"caption\":\"gijonbasket\"},\"image\":{\"@id\":\"https:\/\/gijonbasket.com\/#\/schema\/logo\/image\/\"}},{\"@type\":\"Person\",\"@id\":\"https:\/\/gijonbasket.com\/#\/schema\/person\/91af9ff03e8eab582ccc344b715907c0\",\"name\":\"Cesar Morales\",\"image\":{\"@type\":\"ImageObject\",\"inLanguage\":\"en-US\",\"@id\":\"https:\/\/gijonbasket.com\/#\/schema\/person\/image\/\",\"url\":\"https:\/\/secure.gravatar.com\/avatar\/ab9ddf1e87f7580cae3deefb05a58c5cf4f0c7f96f033fd7dacc23f0e8d149ca?s=96&d=mm&r=g\",\"contentUrl\":\"https:\/\/secure.gravatar.com\/avatar\/ab9ddf1e87f7580cae3deefb05a58c5cf4f0c7f96f033fd7dacc23f0e8d149ca?s=96&d=mm&r=g\",\"caption\":\"Cesar Morales\"},\"url\":\"https:\/\/gijonbasket.com\/en\/author\/cesar\/\"}]}<\/script>\n<!-- \/ Yoast SEO plugin. -->","yoast_head_json":{"title":"Kostas Sloukas baja por lesi\u00f3n en el Panathinaikos AKTOR - gijonbasket","robots":{"index":"index","follow":"follow","max-snippet":"max-snippet:-1","max-image-preview":"max-image-preview:large","max-video-preview":"max-video-preview:-1"},"canonical":"https:\/\/gijonbasket.com\/en\/2026\/04\/28\/kostas-sloukas-baja-por-lesion-en-el-panathinaikos-aktor\/","og_locale":"en_US","og_type":"article","og_title":"Kostas Sloukas baja por lesi\u00f3n en el Panathinaikos AKTOR - gijonbasket","og_description":"Duro golpe para el Panathinaikos AKTOR, con la baja por lesi\u00f3n de Kostas Sloukas, a las puertas de iniciar la eliminatoria de Cuartos de Final de la Euroliga ante el Valencia Basket que arranca hoy martes a las 20:45 en el Roig Arena. Kostas Sloukas causa baja al sufrir una rotura del menisco lateral interno&hellip;&nbsp;Read More &raquo;Kostas Sloukas baja por lesi\u00f3n en el Panathinaikos AKTOR","og_url":"https:\/\/gijonbasket.com\/en\/2026\/04\/28\/kostas-sloukas-baja-por-lesion-en-el-panathinaikos-aktor\/","og_site_name":"gijonbasket","article_published_time":"2026-04-28T10:25:23+00:00","article_modified_time":"2026-04-28T10:25:24+00:00","author":"Cesar Morales","twitter_card":"summary_large_image","twitter_misc":{"Written by":"Cesar Morales","Est. reading time":"1 minute"},"schema":{"@context":"https:\/\/schema.org","@graph":[{"@type":"Article","@id":"https:\/\/gijonbasket.com\/2026\/04\/28\/kostas-sloukas-baja-por-lesion-en-el-panathinaikos-aktor\/#article","isPartOf":{"@id":"https:\/\/gijonbasket.com\/2026\/04\/28\/kostas-sloukas-baja-por-lesion-en-el-panathinaikos-aktor\/"},"author":{"name":"Cesar Morales","@id":"https:\/\/gijonbasket.com\/#\/schema\/person\/91af9ff03e8eab582ccc344b715907c0"},"headline":"Kostas Sloukas baja por lesi\u00f3n en el Panathinaikos AKTOR","datePublished":"2026-04-28T10:25:23+00:00","dateModified":"2026-04-28T10:25:24+00:00","mainEntityOfPage":{"@id":"https:\/\/gijonbasket.com\/2026\/04\/28\/kostas-sloukas-baja-por-lesion-en-el-panathinaikos-aktor\/"},"wordCount":180,"commentCount":0,"publisher":{"@id":"https:\/\/gijonbasket.com\/#organization"},"articleSection":["noticias"],"inLanguage":"en-US","potentialAction":[{"@type":"CommentAction","name":"Comment","target":["https:\/\/gijonbasket.com\/2026\/04\/28\/kostas-sloukas-baja-por-lesion-en-el-panathinaikos-aktor\/#respond"]}]},{"@type":"WebPage","@id":"https:\/\/gijonbasket.com\/2026\/04\/28\/kostas-sloukas-baja-por-lesion-en-el-panathinaikos-aktor\/","url":"https:\/\/gijonbasket.com\/2026\/04\/28\/kostas-sloukas-baja-por-lesion-en-el-panathinaikos-aktor\/","name":"Kostas Sloukas baja por lesi\u00f3n en el Panathinaikos AKTOR - gijonbasket","isPartOf":{"@id":"https:\/\/gijonbasket.com\/#website"},"datePublished":"2026-04-28T10:25:23+00:00","dateModified":"2026-04-28T10:25:24+00:00","breadcrumb":{"@id":"https:\/\/gijonbasket.com\/2026\/04\/28\/kostas-sloukas-baja-por-lesion-en-el-panathinaikos-aktor\/#breadcrumb"},"inLanguage":"en-US","potentialAction":[{"@type":"ReadAction","target":["https:\/\/gijonbasket.com\/2026\/04\/28\/kostas-sloukas-baja-por-lesion-en-el-panathinaikos-aktor\/"]}]},{"@type":"BreadcrumbList","@id":"https:\/\/gijonbasket.com\/2026\/04\/28\/kostas-sloukas-baja-por-lesion-en-el-panathinaikos-aktor\/#breadcrumb","itemListElement":[{"@type":"ListItem","position":1,"name":"Portada","item":"https:\/\/gijonbasket.com\/"},{"@type":"ListItem","position":2,"name":"Kostas Sloukas baja por lesi\u00f3n en el Panathinaikos AKTOR"}]},{"@type":"WebSite","@id":"https:\/\/gijonbasket.com\/#website","url":"https:\/\/gijonbasket.com\/","name":"gijonbasket","description":"","publisher":{"@id":"https:\/\/gijonbasket.com\/#organization"},"potentialAction":[{"@type":"SearchAction","target":{"@type":"EntryPoint","urlTemplate":"https:\/\/gijonbasket.com\/?s={search_term_string}"},"query-input":{"@type":"PropertyValueSpecification","valueRequired":true,"valueName":"search_term_string"}}],"inLanguage":"en-US"},{"@type":"Organization","@id":"https:\/\/gijonbasket.com\/#organization","name":"gijonbasket","url":"https:\/\/gijonbasket.com\/","logo":{"@type":"ImageObject","inLanguage":"en-US","@id":"https:\/\/gijonbasket.com\/#\/schema\/logo\/image\/","url":"https:\/\/gijonbasket.com\/wp-content\/uploads\/2023\/03\/LogoGijonBasket2.jpg","contentUrl":"https:\/\/gijonbasket.com\/wp-content\/uploads\/2023\/03\/LogoGijonBasket2.jpg","width":2000,"height":550,"caption":"gijonbasket"},"image":{"@id":"https:\/\/gijonbasket.com\/#\/schema\/logo\/image\/"}},{"@type":"Person","@id":"https:\/\/gijonbasket.com\/#\/schema\/person\/91af9ff03e8eab582ccc344b715907c0","name":"Cesar Morales","image":{"@type":"ImageObject","inLanguage":"en-US","@id":"https:\/\/gijonbasket.com\/#\/schema\/person\/image\/","url":"https:\/\/secure.gravatar.com\/avatar\/ab9ddf1e87f7580cae3deefb05a58c5cf4f0c7f96f033fd7dacc23f0e8d149ca?s=96&d=mm&r=g","contentUrl":"https:\/\/secure.gravatar.com\/avatar\/ab9ddf1e87f7580cae3deefb05a58c5cf4f0c7f96f033fd7dacc23f0e8d149ca?s=96&d=mm&r=g","caption":"Cesar Morales"},"url":"https:\/\/gijonbasket.com\/en\/author\/cesar\/"}]}},"_links":{"self":[{"href":"https:\/\/gijonbasket.com\/en\/wp-json\/wp\/v2\/posts\/10876","targetHints":{"allow":["GET"]}}],"collection":[{"href":"https:\/\/gijonbasket.com\/en\/wp-json\/wp\/v2\/posts"}],"about":[{"href":"https:\/\/gijonbasket.com\/en\/wp-json\/wp\/v2\/types\/post"}],"author":[{"embeddable":true,"href":"https:\/\/gijonbasket.com\/en\/wp-json\/wp\/v2\/users\/2"}],"replies":[{"embeddable":true,"href":"https:\/\/gijonbasket.com\/en\/wp-json\/wp\/v2\/comments?post=10876"}],"version-history":[{"count":1,"href":"https:\/\/gijonbasket.com\/en\/wp-json\/wp\/v2\/posts\/10876\/revisions"}],"predecessor-version":[{"id":10877,"href":"https:\/\/gijonbasket.com\/en\/wp-json\/wp\/v2\/posts\/10876\/revisions\/10877"}],"wp:attachment":[{"href":"https:\/\/gijonbasket.com\/en\/wp-json\/wp\/v2\/media?parent=10876"}],"wp:term":[{"taxonomy":"category","embeddable":true,"href":"https:\/\/gijonbasket.com\/en\/wp-json\/wp\/v2\/categories?post=10876"},{"taxonomy":"post_tag","embeddable":true,"href":"https:\/\/gijonbasket.com\/en\/wp-json\/wp\/v2\/tags?post=10876"}],"curies":[{"name":"wp","href":"https:\/\/api.w.org\/{rel}","templated":true}]}}