{"id":10886,"date":"2026-04-29T09:20:19","date_gmt":"2026-04-29T07:20:19","guid":{"rendered":"https:\/\/gijonbasket.com\/?p=10886"},"modified":"2026-04-29T09:20:20","modified_gmt":"2026-04-29T07:20:20","slug":"sidi-gueye-a-santa-clara-university","status":"publish","type":"post","link":"https:\/\/gijonbasket.com\/en\/2026\/04\/29\/sidi-gueye-a-santa-clara-university\/","title":{"rendered":"Sidi Gueye a Santa Clara University"},"content":{"rendered":"<p>Santa Clara University incorpora a su plantilla para la pr\u00f3xima temporada a Sidi Gueye.<\/p>\n\n\n\n<p>P\u00edvot senegal\u00e9s de 18 a\u00f1os y 2.07 m. procedente de Arizona University.<\/p>\n\n\n\n<p>En el verano de 2021, con 13 a\u00f1os, Sidi Gueye ingres\u00f3 en la cantera del Real Madrid.<\/p>\n\n\n\n<p>4 temporadas en la cantera del Real Madrid, empezando en Cadete B hasta llegar en la temporada 2024\/2025 a debutar con el primer equipo.<\/p>\n\n\n\n<p>Esta pasada temporada Sidi Gueye con Arizona University firm\u00f3 unas estad\u00edsticas de 1.3 ppp; 0.8 rpp.<\/p>","protected":false},"excerpt":{"rendered":"<p>Santa Clara University incorpora a su plantilla para la pr\u00f3xima temporada a Sidi Gueye. P\u00edvot senegal\u00e9s de 18 a\u00f1os y 2.07 m. procedente de Arizona University. En el verano de 2021, con 13 a\u00f1os, Sidi Gueye ingres\u00f3 en la cantera del Real Madrid. 4 temporadas en la cantera del Real Madrid, empezando en Cadete B&hellip;&nbsp;<a href=\"https:\/\/gijonbasket.com\/en\/2026\/04\/29\/sidi-gueye-a-santa-clara-university\/\" class=\"\" rel=\"bookmark\">Read More &raquo;<span class=\"screen-reader-text\">Sidi Gueye a Santa Clara University<\/span><\/a><\/p>","protected":false},"author":2,"featured_media":0,"comment_status":"open","ping_status":"open","sticky":false,"template":"","format":"standard","meta":{"neve_meta_sidebar":"","neve_meta_container":"","neve_meta_enable_content_width":"","neve_meta_content_width":0,"neve_meta_title_alignment":"","neve_meta_author_avatar":"","neve_post_elements_order":"","neve_meta_disable_header":"","neve_meta_disable_footer":"","neve_meta_disable_title":"","footnotes":""},"categories":[4],"tags":[],"class_list":["post-10886","post","type-post","status-publish","format-standard","hentry","category-noticias"],"yoast_head":"<!-- This site is optimized with the Yoast SEO plugin v23.4 - https:\/\/yoast.com\/wordpress\/plugins\/seo\/ -->\n<title>Sidi Gueye a Santa Clara University - gijonbasket<\/title>\n<meta name=\"robots\" content=\"index, follow, max-snippet:-1, max-image-preview:large, max-video-preview:-1\" \/>\n<link rel=\"canonical\" href=\"https:\/\/gijonbasket.com\/en\/2026\/04\/29\/sidi-gueye-a-santa-clara-university\/\" \/>\n<meta property=\"og:locale\" content=\"en_US\" \/>\n<meta property=\"og:type\" content=\"article\" \/>\n<meta property=\"og:title\" content=\"Sidi Gueye a Santa Clara University - gijonbasket\" \/>\n<meta property=\"og:description\" content=\"Santa Clara University incorpora a su plantilla para la pr\u00f3xima temporada a Sidi Gueye. P\u00edvot senegal\u00e9s de 18 a\u00f1os y 2.07 m. procedente de Arizona University. En el verano de 2021, con 13 a\u00f1os, Sidi Gueye ingres\u00f3 en la cantera del Real Madrid. 4 temporadas en la cantera del Real Madrid, empezando en Cadete B&hellip;&nbsp;Read More &raquo;Sidi Gueye a Santa Clara University\" \/>\n<meta property=\"og:url\" content=\"https:\/\/gijonbasket.com\/en\/2026\/04\/29\/sidi-gueye-a-santa-clara-university\/\" \/>\n<meta property=\"og:site_name\" content=\"gijonbasket\" \/>\n<meta property=\"article:published_time\" content=\"2026-04-29T07:20:19+00:00\" \/>\n<meta property=\"article:modified_time\" content=\"2026-04-29T07:20:20+00:00\" \/>\n<meta name=\"author\" content=\"Cesar Morales\" \/>\n<meta name=\"twitter:card\" content=\"summary_large_image\" \/>\n<meta name=\"twitter:label1\" content=\"Written by\" \/>\n\t<meta name=\"twitter:data1\" content=\"Cesar Morales\" \/>\n\t<meta name=\"twitter:label2\" content=\"Est. reading time\" \/>\n\t<meta name=\"twitter:data2\" content=\"1 minute\" \/>\n<script type=\"application\/ld+json\" class=\"yoast-schema-graph\">{\"@context\":\"https:\/\/schema.org\",\"@graph\":[{\"@type\":\"Article\",\"@id\":\"https:\/\/gijonbasket.com\/2026\/04\/29\/sidi-gueye-a-santa-clara-university\/#article\",\"isPartOf\":{\"@id\":\"https:\/\/gijonbasket.com\/2026\/04\/29\/sidi-gueye-a-santa-clara-university\/\"},\"author\":{\"name\":\"Cesar Morales\",\"@id\":\"https:\/\/gijonbasket.com\/#\/schema\/person\/91af9ff03e8eab582ccc344b715907c0\"},\"headline\":\"Sidi Gueye a Santa Clara University\",\"datePublished\":\"2026-04-29T07:20:19+00:00\",\"dateModified\":\"2026-04-29T07:20:20+00:00\",\"mainEntityOfPage\":{\"@id\":\"https:\/\/gijonbasket.com\/2026\/04\/29\/sidi-gueye-a-santa-clara-university\/\"},\"wordCount\":87,\"commentCount\":0,\"publisher\":{\"@id\":\"https:\/\/gijonbasket.com\/#organization\"},\"articleSection\":[\"noticias\"],\"inLanguage\":\"en-US\",\"potentialAction\":[{\"@type\":\"CommentAction\",\"name\":\"Comment\",\"target\":[\"https:\/\/gijonbasket.com\/2026\/04\/29\/sidi-gueye-a-santa-clara-university\/#respond\"]}]},{\"@type\":\"WebPage\",\"@id\":\"https:\/\/gijonbasket.com\/2026\/04\/29\/sidi-gueye-a-santa-clara-university\/\",\"url\":\"https:\/\/gijonbasket.com\/2026\/04\/29\/sidi-gueye-a-santa-clara-university\/\",\"name\":\"Sidi Gueye a Santa Clara University - gijonbasket\",\"isPartOf\":{\"@id\":\"https:\/\/gijonbasket.com\/#website\"},\"datePublished\":\"2026-04-29T07:20:19+00:00\",\"dateModified\":\"2026-04-29T07:20:20+00:00\",\"breadcrumb\":{\"@id\":\"https:\/\/gijonbasket.com\/2026\/04\/29\/sidi-gueye-a-santa-clara-university\/#breadcrumb\"},\"inLanguage\":\"en-US\",\"potentialAction\":[{\"@type\":\"ReadAction\",\"target\":[\"https:\/\/gijonbasket.com\/2026\/04\/29\/sidi-gueye-a-santa-clara-university\/\"]}]},{\"@type\":\"BreadcrumbList\",\"@id\":\"https:\/\/gijonbasket.com\/2026\/04\/29\/sidi-gueye-a-santa-clara-university\/#breadcrumb\",\"itemListElement\":[{\"@type\":\"ListItem\",\"position\":1,\"name\":\"Portada\",\"item\":\"https:\/\/gijonbasket.com\/\"},{\"@type\":\"ListItem\",\"position\":2,\"name\":\"Sidi Gueye a Santa Clara University\"}]},{\"@type\":\"WebSite\",\"@id\":\"https:\/\/gijonbasket.com\/#website\",\"url\":\"https:\/\/gijonbasket.com\/\",\"name\":\"gijonbasket\",\"description\":\"\",\"publisher\":{\"@id\":\"https:\/\/gijonbasket.com\/#organization\"},\"potentialAction\":[{\"@type\":\"SearchAction\",\"target\":{\"@type\":\"EntryPoint\",\"urlTemplate\":\"https:\/\/gijonbasket.com\/?s={search_term_string}\"},\"query-input\":{\"@type\":\"PropertyValueSpecification\",\"valueRequired\":true,\"valueName\":\"search_term_string\"}}],\"inLanguage\":\"en-US\"},{\"@type\":\"Organization\",\"@id\":\"https:\/\/gijonbasket.com\/#organization\",\"name\":\"gijonbasket\",\"url\":\"https:\/\/gijonbasket.com\/\",\"logo\":{\"@type\":\"ImageObject\",\"inLanguage\":\"en-US\",\"@id\":\"https:\/\/gijonbasket.com\/#\/schema\/logo\/image\/\",\"url\":\"https:\/\/gijonbasket.com\/wp-content\/uploads\/2023\/03\/LogoGijonBasket2.jpg\",\"contentUrl\":\"https:\/\/gijonbasket.com\/wp-content\/uploads\/2023\/03\/LogoGijonBasket2.jpg\",\"width\":2000,\"height\":550,\"caption\":\"gijonbasket\"},\"image\":{\"@id\":\"https:\/\/gijonbasket.com\/#\/schema\/logo\/image\/\"}},{\"@type\":\"Person\",\"@id\":\"https:\/\/gijonbasket.com\/#\/schema\/person\/91af9ff03e8eab582ccc344b715907c0\",\"name\":\"Cesar Morales\",\"image\":{\"@type\":\"ImageObject\",\"inLanguage\":\"en-US\",\"@id\":\"https:\/\/gijonbasket.com\/#\/schema\/person\/image\/\",\"url\":\"https:\/\/secure.gravatar.com\/avatar\/ab9ddf1e87f7580cae3deefb05a58c5cf4f0c7f96f033fd7dacc23f0e8d149ca?s=96&d=mm&r=g\",\"contentUrl\":\"https:\/\/secure.gravatar.com\/avatar\/ab9ddf1e87f7580cae3deefb05a58c5cf4f0c7f96f033fd7dacc23f0e8d149ca?s=96&d=mm&r=g\",\"caption\":\"Cesar Morales\"},\"url\":\"https:\/\/gijonbasket.com\/en\/author\/cesar\/\"}]}<\/script>\n<!-- \/ Yoast SEO plugin. -->","yoast_head_json":{"title":"Sidi Gueye a Santa Clara University - gijonbasket","robots":{"index":"index","follow":"follow","max-snippet":"max-snippet:-1","max-image-preview":"max-image-preview:large","max-video-preview":"max-video-preview:-1"},"canonical":"https:\/\/gijonbasket.com\/en\/2026\/04\/29\/sidi-gueye-a-santa-clara-university\/","og_locale":"en_US","og_type":"article","og_title":"Sidi Gueye a Santa Clara University - gijonbasket","og_description":"Santa Clara University incorpora a su plantilla para la pr\u00f3xima temporada a Sidi Gueye. P\u00edvot senegal\u00e9s de 18 a\u00f1os y 2.07 m. procedente de Arizona University. En el verano de 2021, con 13 a\u00f1os, Sidi Gueye ingres\u00f3 en la cantera del Real Madrid. 4 temporadas en la cantera del Real Madrid, empezando en Cadete B&hellip;&nbsp;Read More &raquo;Sidi Gueye a Santa Clara University","og_url":"https:\/\/gijonbasket.com\/en\/2026\/04\/29\/sidi-gueye-a-santa-clara-university\/","og_site_name":"gijonbasket","article_published_time":"2026-04-29T07:20:19+00:00","article_modified_time":"2026-04-29T07:20:20+00:00","author":"Cesar Morales","twitter_card":"summary_large_image","twitter_misc":{"Written by":"Cesar Morales","Est. reading time":"1 minute"},"schema":{"@context":"https:\/\/schema.org","@graph":[{"@type":"Article","@id":"https:\/\/gijonbasket.com\/2026\/04\/29\/sidi-gueye-a-santa-clara-university\/#article","isPartOf":{"@id":"https:\/\/gijonbasket.com\/2026\/04\/29\/sidi-gueye-a-santa-clara-university\/"},"author":{"name":"Cesar Morales","@id":"https:\/\/gijonbasket.com\/#\/schema\/person\/91af9ff03e8eab582ccc344b715907c0"},"headline":"Sidi Gueye a Santa Clara University","datePublished":"2026-04-29T07:20:19+00:00","dateModified":"2026-04-29T07:20:20+00:00","mainEntityOfPage":{"@id":"https:\/\/gijonbasket.com\/2026\/04\/29\/sidi-gueye-a-santa-clara-university\/"},"wordCount":87,"commentCount":0,"publisher":{"@id":"https:\/\/gijonbasket.com\/#organization"},"articleSection":["noticias"],"inLanguage":"en-US","potentialAction":[{"@type":"CommentAction","name":"Comment","target":["https:\/\/gijonbasket.com\/2026\/04\/29\/sidi-gueye-a-santa-clara-university\/#respond"]}]},{"@type":"WebPage","@id":"https:\/\/gijonbasket.com\/2026\/04\/29\/sidi-gueye-a-santa-clara-university\/","url":"https:\/\/gijonbasket.com\/2026\/04\/29\/sidi-gueye-a-santa-clara-university\/","name":"Sidi Gueye a Santa Clara University - gijonbasket","isPartOf":{"@id":"https:\/\/gijonbasket.com\/#website"},"datePublished":"2026-04-29T07:20:19+00:00","dateModified":"2026-04-29T07:20:20+00:00","breadcrumb":{"@id":"https:\/\/gijonbasket.com\/2026\/04\/29\/sidi-gueye-a-santa-clara-university\/#breadcrumb"},"inLanguage":"en-US","potentialAction":[{"@type":"ReadAction","target":["https:\/\/gijonbasket.com\/2026\/04\/29\/sidi-gueye-a-santa-clara-university\/"]}]},{"@type":"BreadcrumbList","@id":"https:\/\/gijonbasket.com\/2026\/04\/29\/sidi-gueye-a-santa-clara-university\/#breadcrumb","itemListElement":[{"@type":"ListItem","position":1,"name":"Portada","item":"https:\/\/gijonbasket.com\/"},{"@type":"ListItem","position":2,"name":"Sidi Gueye a Santa Clara University"}]},{"@type":"WebSite","@id":"https:\/\/gijonbasket.com\/#website","url":"https:\/\/gijonbasket.com\/","name":"gijonbasket","description":"","publisher":{"@id":"https:\/\/gijonbasket.com\/#organization"},"potentialAction":[{"@type":"SearchAction","target":{"@type":"EntryPoint","urlTemplate":"https:\/\/gijonbasket.com\/?s={search_term_string}"},"query-input":{"@type":"PropertyValueSpecification","valueRequired":true,"valueName":"search_term_string"}}],"inLanguage":"en-US"},{"@type":"Organization","@id":"https:\/\/gijonbasket.com\/#organization","name":"gijonbasket","url":"https:\/\/gijonbasket.com\/","logo":{"@type":"ImageObject","inLanguage":"en-US","@id":"https:\/\/gijonbasket.com\/#\/schema\/logo\/image\/","url":"https:\/\/gijonbasket.com\/wp-content\/uploads\/2023\/03\/LogoGijonBasket2.jpg","contentUrl":"https:\/\/gijonbasket.com\/wp-content\/uploads\/2023\/03\/LogoGijonBasket2.jpg","width":2000,"height":550,"caption":"gijonbasket"},"image":{"@id":"https:\/\/gijonbasket.com\/#\/schema\/logo\/image\/"}},{"@type":"Person","@id":"https:\/\/gijonbasket.com\/#\/schema\/person\/91af9ff03e8eab582ccc344b715907c0","name":"Cesar Morales","image":{"@type":"ImageObject","inLanguage":"en-US","@id":"https:\/\/gijonbasket.com\/#\/schema\/person\/image\/","url":"https:\/\/secure.gravatar.com\/avatar\/ab9ddf1e87f7580cae3deefb05a58c5cf4f0c7f96f033fd7dacc23f0e8d149ca?s=96&d=mm&r=g","contentUrl":"https:\/\/secure.gravatar.com\/avatar\/ab9ddf1e87f7580cae3deefb05a58c5cf4f0c7f96f033fd7dacc23f0e8d149ca?s=96&d=mm&r=g","caption":"Cesar Morales"},"url":"https:\/\/gijonbasket.com\/en\/author\/cesar\/"}]}},"_links":{"self":[{"href":"https:\/\/gijonbasket.com\/en\/wp-json\/wp\/v2\/posts\/10886","targetHints":{"allow":["GET"]}}],"collection":[{"href":"https:\/\/gijonbasket.com\/en\/wp-json\/wp\/v2\/posts"}],"about":[{"href":"https:\/\/gijonbasket.com\/en\/wp-json\/wp\/v2\/types\/post"}],"author":[{"embeddable":true,"href":"https:\/\/gijonbasket.com\/en\/wp-json\/wp\/v2\/users\/2"}],"replies":[{"embeddable":true,"href":"https:\/\/gijonbasket.com\/en\/wp-json\/wp\/v2\/comments?post=10886"}],"version-history":[{"count":1,"href":"https:\/\/gijonbasket.com\/en\/wp-json\/wp\/v2\/posts\/10886\/revisions"}],"predecessor-version":[{"id":10887,"href":"https:\/\/gijonbasket.com\/en\/wp-json\/wp\/v2\/posts\/10886\/revisions\/10887"}],"wp:attachment":[{"href":"https:\/\/gijonbasket.com\/en\/wp-json\/wp\/v2\/media?parent=10886"}],"wp:term":[{"taxonomy":"category","embeddable":true,"href":"https:\/\/gijonbasket.com\/en\/wp-json\/wp\/v2\/categories?post=10886"},{"taxonomy":"post_tag","embeddable":true,"href":"https:\/\/gijonbasket.com\/en\/wp-json\/wp\/v2\/tags?post=10886"}],"curies":[{"name":"wp","href":"https:\/\/api.w.org\/{rel}","templated":true}]}}