{"id":10890,"date":"2026-04-30T08:45:17","date_gmt":"2026-04-30T06:45:17","guid":{"rendered":"https:\/\/gijonbasket.com\/?p=10890"},"modified":"2026-04-30T08:45:31","modified_gmt":"2026-04-30T06:45:31","slug":"sergio-garcia-ampliacion-de-contrato-con-el-inveready-gipuzkoa","status":"publish","type":"post","link":"https:\/\/gijonbasket.com\/en\/2026\/04\/30\/sergio-garcia-ampliacion-de-contrato-con-el-inveready-gipuzkoa\/","title":{"rendered":"Sergio Garc\u00eda ampliaci\u00f3n de contrato con el Inveready Gipuzkoa"},"content":{"rendered":"<p>El Inveready Gipuzkoa anunci\u00f3 la ampliaci\u00f3n de contrato a su t\u00e9cnico Sergio Garc\u00eda hasta junio de 2028.<\/p>\n\n\n\n<p>Sergio Garc\u00eda cumple su primera temporada dirigiendo al Inveready Gipuzkoa, con contrato en vigor por la pr\u00f3xima, que ahora se amplia hasta el final de la campa\u00f1a 2027\/2028.<\/p>\n\n\n\n<p>Sergio Garc\u00eda, t\u00e9cnico donostiarra, cumple su segunda etapa en el equipo de su ciudad natal donde ya estuvo durante dos temporadas (2017\/2018; 2018\/2019) como entrenador ayudante de Porfirio Fisac (2017\/2018) y Sergio Valdeolmillos (2018\/2019) en Liga Endesa.<\/p>\n\n\n\n<p>7 temporadas entrenador ayudante en el Palencia Basloncesto hasta que se hizo cargo del conjunto palentino durante dos temporadas.<\/p>\n\n\n\n<p>Sergio Garc\u00eda dirigi\u00f3 al Quesos Cerrato Palencia duurante dos temporadas (2015\/2016; 2016\/2017)  siendo campe\u00f3n de la Copa Princesa en su primera temporada y de LEB Oro en la segunda.<\/p>\n\n\n\n<p>En la temporada 2022\/2023, Sergio Garc\u00eda dirigi\u00f3 al Surne Bilbao Basket en Liga Endesa.<\/p>","protected":false},"excerpt":{"rendered":"<p>El Inveready Gipuzkoa anunci\u00f3 la ampliaci\u00f3n de contrato a su t\u00e9cnico Sergio Garc\u00eda hasta junio de 2028. Sergio Garc\u00eda cumple su primera temporada dirigiendo al Inveready Gipuzkoa, con contrato en vigor por la pr\u00f3xima, que ahora se amplia hasta el final de la campa\u00f1a 2027\/2028. Sergio Garc\u00eda, t\u00e9cnico donostiarra, cumple su segunda etapa en el&hellip;&nbsp;<a href=\"https:\/\/gijonbasket.com\/en\/2026\/04\/30\/sergio-garcia-ampliacion-de-contrato-con-el-inveready-gipuzkoa\/\" class=\"\" rel=\"bookmark\">Read More &raquo;<span class=\"screen-reader-text\">Sergio Garc\u00eda ampliaci\u00f3n de contrato con el Inveready Gipuzkoa<\/span><\/a><\/p>","protected":false},"author":2,"featured_media":0,"comment_status":"open","ping_status":"open","sticky":false,"template":"","format":"standard","meta":{"neve_meta_sidebar":"","neve_meta_container":"","neve_meta_enable_content_width":"","neve_meta_content_width":0,"neve_meta_title_alignment":"","neve_meta_author_avatar":"","neve_post_elements_order":"","neve_meta_disable_header":"","neve_meta_disable_footer":"","neve_meta_disable_title":"","footnotes":""},"categories":[4],"tags":[],"class_list":["post-10890","post","type-post","status-publish","format-standard","hentry","category-noticias"],"yoast_head":"<!-- This site is optimized with the Yoast SEO plugin v23.4 - https:\/\/yoast.com\/wordpress\/plugins\/seo\/ -->\n<title>Sergio Garc\u00eda ampliaci\u00f3n de contrato con el Inveready Gipuzkoa - gijonbasket<\/title>\n<meta name=\"robots\" content=\"index, follow, max-snippet:-1, max-image-preview:large, max-video-preview:-1\" \/>\n<link rel=\"canonical\" href=\"https:\/\/gijonbasket.com\/en\/2026\/04\/30\/sergio-garcia-ampliacion-de-contrato-con-el-inveready-gipuzkoa\/\" \/>\n<meta property=\"og:locale\" content=\"en_US\" \/>\n<meta property=\"og:type\" content=\"article\" \/>\n<meta property=\"og:title\" content=\"Sergio Garc\u00eda ampliaci\u00f3n de contrato con el Inveready Gipuzkoa - gijonbasket\" \/>\n<meta property=\"og:description\" content=\"El Inveready Gipuzkoa anunci\u00f3 la ampliaci\u00f3n de contrato a su t\u00e9cnico Sergio Garc\u00eda hasta junio de 2028. Sergio Garc\u00eda cumple su primera temporada dirigiendo al Inveready Gipuzkoa, con contrato en vigor por la pr\u00f3xima, que ahora se amplia hasta el final de la campa\u00f1a 2027\/2028. Sergio Garc\u00eda, t\u00e9cnico donostiarra, cumple su segunda etapa en el&hellip;&nbsp;Read More &raquo;Sergio Garc\u00eda ampliaci\u00f3n de contrato con el Inveready Gipuzkoa\" \/>\n<meta property=\"og:url\" content=\"https:\/\/gijonbasket.com\/en\/2026\/04\/30\/sergio-garcia-ampliacion-de-contrato-con-el-inveready-gipuzkoa\/\" \/>\n<meta property=\"og:site_name\" content=\"gijonbasket\" \/>\n<meta property=\"article:published_time\" content=\"2026-04-30T06:45:17+00:00\" \/>\n<meta property=\"article:modified_time\" content=\"2026-04-30T06:45:31+00:00\" \/>\n<meta name=\"author\" content=\"Cesar Morales\" \/>\n<meta name=\"twitter:card\" content=\"summary_large_image\" \/>\n<meta name=\"twitter:label1\" content=\"Written by\" \/>\n\t<meta name=\"twitter:data1\" content=\"Cesar Morales\" \/>\n\t<meta name=\"twitter:label2\" content=\"Est. reading time\" \/>\n\t<meta name=\"twitter:data2\" content=\"1 minute\" \/>\n<script type=\"application\/ld+json\" class=\"yoast-schema-graph\">{\"@context\":\"https:\/\/schema.org\",\"@graph\":[{\"@type\":\"Article\",\"@id\":\"https:\/\/gijonbasket.com\/2026\/04\/30\/sergio-garcia-ampliacion-de-contrato-con-el-inveready-gipuzkoa\/#article\",\"isPartOf\":{\"@id\":\"https:\/\/gijonbasket.com\/2026\/04\/30\/sergio-garcia-ampliacion-de-contrato-con-el-inveready-gipuzkoa\/\"},\"author\":{\"name\":\"Cesar Morales\",\"@id\":\"https:\/\/gijonbasket.com\/#\/schema\/person\/91af9ff03e8eab582ccc344b715907c0\"},\"headline\":\"Sergio Garc\u00eda ampliaci\u00f3n de contrato con el Inveready Gipuzkoa\",\"datePublished\":\"2026-04-30T06:45:17+00:00\",\"dateModified\":\"2026-04-30T06:45:31+00:00\",\"mainEntityOfPage\":{\"@id\":\"https:\/\/gijonbasket.com\/2026\/04\/30\/sergio-garcia-ampliacion-de-contrato-con-el-inveready-gipuzkoa\/\"},\"wordCount\":156,\"commentCount\":0,\"publisher\":{\"@id\":\"https:\/\/gijonbasket.com\/#organization\"},\"articleSection\":[\"noticias\"],\"inLanguage\":\"en-US\",\"potentialAction\":[{\"@type\":\"CommentAction\",\"name\":\"Comment\",\"target\":[\"https:\/\/gijonbasket.com\/2026\/04\/30\/sergio-garcia-ampliacion-de-contrato-con-el-inveready-gipuzkoa\/#respond\"]}]},{\"@type\":\"WebPage\",\"@id\":\"https:\/\/gijonbasket.com\/2026\/04\/30\/sergio-garcia-ampliacion-de-contrato-con-el-inveready-gipuzkoa\/\",\"url\":\"https:\/\/gijonbasket.com\/2026\/04\/30\/sergio-garcia-ampliacion-de-contrato-con-el-inveready-gipuzkoa\/\",\"name\":\"Sergio Garc\u00eda ampliaci\u00f3n de contrato con el Inveready Gipuzkoa - gijonbasket\",\"isPartOf\":{\"@id\":\"https:\/\/gijonbasket.com\/#website\"},\"datePublished\":\"2026-04-30T06:45:17+00:00\",\"dateModified\":\"2026-04-30T06:45:31+00:00\",\"breadcrumb\":{\"@id\":\"https:\/\/gijonbasket.com\/2026\/04\/30\/sergio-garcia-ampliacion-de-contrato-con-el-inveready-gipuzkoa\/#breadcrumb\"},\"inLanguage\":\"en-US\",\"potentialAction\":[{\"@type\":\"ReadAction\",\"target\":[\"https:\/\/gijonbasket.com\/2026\/04\/30\/sergio-garcia-ampliacion-de-contrato-con-el-inveready-gipuzkoa\/\"]}]},{\"@type\":\"BreadcrumbList\",\"@id\":\"https:\/\/gijonbasket.com\/2026\/04\/30\/sergio-garcia-ampliacion-de-contrato-con-el-inveready-gipuzkoa\/#breadcrumb\",\"itemListElement\":[{\"@type\":\"ListItem\",\"position\":1,\"name\":\"Portada\",\"item\":\"https:\/\/gijonbasket.com\/\"},{\"@type\":\"ListItem\",\"position\":2,\"name\":\"Sergio Garc\u00eda ampliaci\u00f3n de contrato con el Inveready Gipuzkoa\"}]},{\"@type\":\"WebSite\",\"@id\":\"https:\/\/gijonbasket.com\/#website\",\"url\":\"https:\/\/gijonbasket.com\/\",\"name\":\"gijonbasket\",\"description\":\"\",\"publisher\":{\"@id\":\"https:\/\/gijonbasket.com\/#organization\"},\"potentialAction\":[{\"@type\":\"SearchAction\",\"target\":{\"@type\":\"EntryPoint\",\"urlTemplate\":\"https:\/\/gijonbasket.com\/?s={search_term_string}\"},\"query-input\":{\"@type\":\"PropertyValueSpecification\",\"valueRequired\":true,\"valueName\":\"search_term_string\"}}],\"inLanguage\":\"en-US\"},{\"@type\":\"Organization\",\"@id\":\"https:\/\/gijonbasket.com\/#organization\",\"name\":\"gijonbasket\",\"url\":\"https:\/\/gijonbasket.com\/\",\"logo\":{\"@type\":\"ImageObject\",\"inLanguage\":\"en-US\",\"@id\":\"https:\/\/gijonbasket.com\/#\/schema\/logo\/image\/\",\"url\":\"https:\/\/gijonbasket.com\/wp-content\/uploads\/2023\/03\/LogoGijonBasket2.jpg\",\"contentUrl\":\"https:\/\/gijonbasket.com\/wp-content\/uploads\/2023\/03\/LogoGijonBasket2.jpg\",\"width\":2000,\"height\":550,\"caption\":\"gijonbasket\"},\"image\":{\"@id\":\"https:\/\/gijonbasket.com\/#\/schema\/logo\/image\/\"}},{\"@type\":\"Person\",\"@id\":\"https:\/\/gijonbasket.com\/#\/schema\/person\/91af9ff03e8eab582ccc344b715907c0\",\"name\":\"Cesar Morales\",\"image\":{\"@type\":\"ImageObject\",\"inLanguage\":\"en-US\",\"@id\":\"https:\/\/gijonbasket.com\/#\/schema\/person\/image\/\",\"url\":\"https:\/\/secure.gravatar.com\/avatar\/ab9ddf1e87f7580cae3deefb05a58c5cf4f0c7f96f033fd7dacc23f0e8d149ca?s=96&d=mm&r=g\",\"contentUrl\":\"https:\/\/secure.gravatar.com\/avatar\/ab9ddf1e87f7580cae3deefb05a58c5cf4f0c7f96f033fd7dacc23f0e8d149ca?s=96&d=mm&r=g\",\"caption\":\"Cesar Morales\"},\"url\":\"https:\/\/gijonbasket.com\/en\/author\/cesar\/\"}]}<\/script>\n<!-- \/ Yoast SEO plugin. -->","yoast_head_json":{"title":"Sergio Garc\u00eda ampliaci\u00f3n de contrato con el Inveready Gipuzkoa - gijonbasket","robots":{"index":"index","follow":"follow","max-snippet":"max-snippet:-1","max-image-preview":"max-image-preview:large","max-video-preview":"max-video-preview:-1"},"canonical":"https:\/\/gijonbasket.com\/en\/2026\/04\/30\/sergio-garcia-ampliacion-de-contrato-con-el-inveready-gipuzkoa\/","og_locale":"en_US","og_type":"article","og_title":"Sergio Garc\u00eda ampliaci\u00f3n de contrato con el Inveready Gipuzkoa - gijonbasket","og_description":"El Inveready Gipuzkoa anunci\u00f3 la ampliaci\u00f3n de contrato a su t\u00e9cnico Sergio Garc\u00eda hasta junio de 2028. Sergio Garc\u00eda cumple su primera temporada dirigiendo al Inveready Gipuzkoa, con contrato en vigor por la pr\u00f3xima, que ahora se amplia hasta el final de la campa\u00f1a 2027\/2028. Sergio Garc\u00eda, t\u00e9cnico donostiarra, cumple su segunda etapa en el&hellip;&nbsp;Read More &raquo;Sergio Garc\u00eda ampliaci\u00f3n de contrato con el Inveready Gipuzkoa","og_url":"https:\/\/gijonbasket.com\/en\/2026\/04\/30\/sergio-garcia-ampliacion-de-contrato-con-el-inveready-gipuzkoa\/","og_site_name":"gijonbasket","article_published_time":"2026-04-30T06:45:17+00:00","article_modified_time":"2026-04-30T06:45:31+00:00","author":"Cesar Morales","twitter_card":"summary_large_image","twitter_misc":{"Written by":"Cesar Morales","Est. reading time":"1 minute"},"schema":{"@context":"https:\/\/schema.org","@graph":[{"@type":"Article","@id":"https:\/\/gijonbasket.com\/2026\/04\/30\/sergio-garcia-ampliacion-de-contrato-con-el-inveready-gipuzkoa\/#article","isPartOf":{"@id":"https:\/\/gijonbasket.com\/2026\/04\/30\/sergio-garcia-ampliacion-de-contrato-con-el-inveready-gipuzkoa\/"},"author":{"name":"Cesar Morales","@id":"https:\/\/gijonbasket.com\/#\/schema\/person\/91af9ff03e8eab582ccc344b715907c0"},"headline":"Sergio Garc\u00eda ampliaci\u00f3n de contrato con el Inveready Gipuzkoa","datePublished":"2026-04-30T06:45:17+00:00","dateModified":"2026-04-30T06:45:31+00:00","mainEntityOfPage":{"@id":"https:\/\/gijonbasket.com\/2026\/04\/30\/sergio-garcia-ampliacion-de-contrato-con-el-inveready-gipuzkoa\/"},"wordCount":156,"commentCount":0,"publisher":{"@id":"https:\/\/gijonbasket.com\/#organization"},"articleSection":["noticias"],"inLanguage":"en-US","potentialAction":[{"@type":"CommentAction","name":"Comment","target":["https:\/\/gijonbasket.com\/2026\/04\/30\/sergio-garcia-ampliacion-de-contrato-con-el-inveready-gipuzkoa\/#respond"]}]},{"@type":"WebPage","@id":"https:\/\/gijonbasket.com\/2026\/04\/30\/sergio-garcia-ampliacion-de-contrato-con-el-inveready-gipuzkoa\/","url":"https:\/\/gijonbasket.com\/2026\/04\/30\/sergio-garcia-ampliacion-de-contrato-con-el-inveready-gipuzkoa\/","name":"Sergio Garc\u00eda ampliaci\u00f3n de contrato con el Inveready Gipuzkoa - gijonbasket","isPartOf":{"@id":"https:\/\/gijonbasket.com\/#website"},"datePublished":"2026-04-30T06:45:17+00:00","dateModified":"2026-04-30T06:45:31+00:00","breadcrumb":{"@id":"https:\/\/gijonbasket.com\/2026\/04\/30\/sergio-garcia-ampliacion-de-contrato-con-el-inveready-gipuzkoa\/#breadcrumb"},"inLanguage":"en-US","potentialAction":[{"@type":"ReadAction","target":["https:\/\/gijonbasket.com\/2026\/04\/30\/sergio-garcia-ampliacion-de-contrato-con-el-inveready-gipuzkoa\/"]}]},{"@type":"BreadcrumbList","@id":"https:\/\/gijonbasket.com\/2026\/04\/30\/sergio-garcia-ampliacion-de-contrato-con-el-inveready-gipuzkoa\/#breadcrumb","itemListElement":[{"@type":"ListItem","position":1,"name":"Portada","item":"https:\/\/gijonbasket.com\/"},{"@type":"ListItem","position":2,"name":"Sergio Garc\u00eda ampliaci\u00f3n de contrato con el Inveready Gipuzkoa"}]},{"@type":"WebSite","@id":"https:\/\/gijonbasket.com\/#website","url":"https:\/\/gijonbasket.com\/","name":"gijonbasket","description":"","publisher":{"@id":"https:\/\/gijonbasket.com\/#organization"},"potentialAction":[{"@type":"SearchAction","target":{"@type":"EntryPoint","urlTemplate":"https:\/\/gijonbasket.com\/?s={search_term_string}"},"query-input":{"@type":"PropertyValueSpecification","valueRequired":true,"valueName":"search_term_string"}}],"inLanguage":"en-US"},{"@type":"Organization","@id":"https:\/\/gijonbasket.com\/#organization","name":"gijonbasket","url":"https:\/\/gijonbasket.com\/","logo":{"@type":"ImageObject","inLanguage":"en-US","@id":"https:\/\/gijonbasket.com\/#\/schema\/logo\/image\/","url":"https:\/\/gijonbasket.com\/wp-content\/uploads\/2023\/03\/LogoGijonBasket2.jpg","contentUrl":"https:\/\/gijonbasket.com\/wp-content\/uploads\/2023\/03\/LogoGijonBasket2.jpg","width":2000,"height":550,"caption":"gijonbasket"},"image":{"@id":"https:\/\/gijonbasket.com\/#\/schema\/logo\/image\/"}},{"@type":"Person","@id":"https:\/\/gijonbasket.com\/#\/schema\/person\/91af9ff03e8eab582ccc344b715907c0","name":"Cesar Morales","image":{"@type":"ImageObject","inLanguage":"en-US","@id":"https:\/\/gijonbasket.com\/#\/schema\/person\/image\/","url":"https:\/\/secure.gravatar.com\/avatar\/ab9ddf1e87f7580cae3deefb05a58c5cf4f0c7f96f033fd7dacc23f0e8d149ca?s=96&d=mm&r=g","contentUrl":"https:\/\/secure.gravatar.com\/avatar\/ab9ddf1e87f7580cae3deefb05a58c5cf4f0c7f96f033fd7dacc23f0e8d149ca?s=96&d=mm&r=g","caption":"Cesar Morales"},"url":"https:\/\/gijonbasket.com\/en\/author\/cesar\/"}]}},"_links":{"self":[{"href":"https:\/\/gijonbasket.com\/en\/wp-json\/wp\/v2\/posts\/10890","targetHints":{"allow":["GET"]}}],"collection":[{"href":"https:\/\/gijonbasket.com\/en\/wp-json\/wp\/v2\/posts"}],"about":[{"href":"https:\/\/gijonbasket.com\/en\/wp-json\/wp\/v2\/types\/post"}],"author":[{"embeddable":true,"href":"https:\/\/gijonbasket.com\/en\/wp-json\/wp\/v2\/users\/2"}],"replies":[{"embeddable":true,"href":"https:\/\/gijonbasket.com\/en\/wp-json\/wp\/v2\/comments?post=10890"}],"version-history":[{"count":2,"href":"https:\/\/gijonbasket.com\/en\/wp-json\/wp\/v2\/posts\/10890\/revisions"}],"predecessor-version":[{"id":10892,"href":"https:\/\/gijonbasket.com\/en\/wp-json\/wp\/v2\/posts\/10890\/revisions\/10892"}],"wp:attachment":[{"href":"https:\/\/gijonbasket.com\/en\/wp-json\/wp\/v2\/media?parent=10890"}],"wp:term":[{"taxonomy":"category","embeddable":true,"href":"https:\/\/gijonbasket.com\/en\/wp-json\/wp\/v2\/categories?post=10890"},{"taxonomy":"post_tag","embeddable":true,"href":"https:\/\/gijonbasket.com\/en\/wp-json\/wp\/v2\/tags?post=10890"}],"curies":[{"name":"wp","href":"https:\/\/api.w.org\/{rel}","templated":true}]}}