{"id":10922,"date":"2026-05-03T10:55:08","date_gmt":"2026-05-03T08:55:08","guid":{"rendered":"https:\/\/gijonbasket.com\/?p=10922"},"modified":"2026-05-03T10:55:09","modified_gmt":"2026-05-03T08:55:09","slug":"pol-figueras-una-temporada-mas-con-el-hestia-menorca","status":"publish","type":"post","link":"https:\/\/gijonbasket.com\/en\/2026\/05\/03\/pol-figueras-una-temporada-mas-con-el-hestia-menorca\/","title":{"rendered":"Pol Figueras una temporada m\u00e1s con el Hestia Menorca"},"content":{"rendered":"<p>El Hestia Menorca anunci\u00f3 la renovaci\u00f3n de contrato a Pol Figueras para la pr\u00f3xima temporada.<\/p>\n\n\n\n<p>Pol Figueras dijo adi\u00f3s a la temporada, el pasado mes de noviembre, al sufrir una rotura del ligamento femoropatelar interno con avulsi\u00f3n del polo inferior de la r\u00f3tula de su rodilla derecha.<\/p>\n\n\n\n<p>Base de 28 a\u00f1os y 1.86 m. que cumple su segunda temporada con el Hestia Menorca.<\/p>\n\n\n\n<p>Formado en la cantera del F.C. Barcelona hasta llegar a debutar con el primer equipo en la temporada 2016\/2017.<\/p>\n\n\n\n<p>6 temporadas en LEB Oro militando en F.C. Barcelona B (2016\/2017; 2017\/2018; 2018\/2019), Club Ourense Baloncesto (2019\/2020) y Palmer Alma Mediterr\u00e1nea Palma (2020\/2021; 2021\/2022).<\/p>\n\n\n\n<p>Debut en Liga Endesa con el F.C. Barcelona en la temporada 2016\/2017 jugando otro partido m\u00e1s con el conjunto blaugrana.<\/p>\n\n\n\n<p>2 temporadas m\u00e1s en Liga Endesa defendiendo los colores del B\u00e1squet Girona (2022\/2023) y Monbus Obradoiro (2023\/2024).<\/p>\n\n\n\n<p>Esta temporada Pol Figueras con el hestia Menorca estaba promediando 5.8 ppp; 1.2 rpp; 3.5 app en 6 encuentros.<\/p>\n\n\n\n<p><\/p>","protected":false},"excerpt":{"rendered":"<p>El Hestia Menorca anunci\u00f3 la renovaci\u00f3n de contrato a Pol Figueras para la pr\u00f3xima temporada. Pol Figueras dijo adi\u00f3s a la temporada, el pasado mes de noviembre, al sufrir una rotura del ligamento femoropatelar interno con avulsi\u00f3n del polo inferior de la r\u00f3tula de su rodilla derecha. Base de 28 a\u00f1os y 1.86 m. que&hellip;&nbsp;<a href=\"https:\/\/gijonbasket.com\/en\/2026\/05\/03\/pol-figueras-una-temporada-mas-con-el-hestia-menorca\/\" class=\"\" rel=\"bookmark\">Read More &raquo;<span class=\"screen-reader-text\">Pol Figueras una temporada m\u00e1s con el Hestia Menorca<\/span><\/a><\/p>","protected":false},"author":2,"featured_media":0,"comment_status":"open","ping_status":"open","sticky":false,"template":"","format":"standard","meta":{"neve_meta_sidebar":"","neve_meta_container":"","neve_meta_enable_content_width":"","neve_meta_content_width":0,"neve_meta_title_alignment":"","neve_meta_author_avatar":"","neve_post_elements_order":"","neve_meta_disable_header":"","neve_meta_disable_footer":"","neve_meta_disable_title":"","footnotes":""},"categories":[4],"tags":[],"class_list":["post-10922","post","type-post","status-publish","format-standard","hentry","category-noticias"],"yoast_head":"<!-- This site is optimized with the Yoast SEO plugin v23.4 - https:\/\/yoast.com\/wordpress\/plugins\/seo\/ -->\n<title>Pol Figueras una temporada m\u00e1s con el Hestia Menorca - gijonbasket<\/title>\n<meta name=\"robots\" content=\"index, follow, max-snippet:-1, max-image-preview:large, max-video-preview:-1\" \/>\n<link rel=\"canonical\" href=\"https:\/\/gijonbasket.com\/en\/2026\/05\/03\/pol-figueras-una-temporada-mas-con-el-hestia-menorca\/\" \/>\n<meta property=\"og:locale\" content=\"en_US\" \/>\n<meta property=\"og:type\" content=\"article\" \/>\n<meta property=\"og:title\" content=\"Pol Figueras una temporada m\u00e1s con el Hestia Menorca - gijonbasket\" \/>\n<meta property=\"og:description\" content=\"El Hestia Menorca anunci\u00f3 la renovaci\u00f3n de contrato a Pol Figueras para la pr\u00f3xima temporada. Pol Figueras dijo adi\u00f3s a la temporada, el pasado mes de noviembre, al sufrir una rotura del ligamento femoropatelar interno con avulsi\u00f3n del polo inferior de la r\u00f3tula de su rodilla derecha. Base de 28 a\u00f1os y 1.86 m. que&hellip;&nbsp;Read More &raquo;Pol Figueras una temporada m\u00e1s con el Hestia Menorca\" \/>\n<meta property=\"og:url\" content=\"https:\/\/gijonbasket.com\/en\/2026\/05\/03\/pol-figueras-una-temporada-mas-con-el-hestia-menorca\/\" \/>\n<meta property=\"og:site_name\" content=\"gijonbasket\" \/>\n<meta property=\"article:published_time\" content=\"2026-05-03T08:55:08+00:00\" \/>\n<meta property=\"article:modified_time\" content=\"2026-05-03T08:55:09+00:00\" \/>\n<meta name=\"author\" content=\"Cesar Morales\" \/>\n<meta name=\"twitter:card\" content=\"summary_large_image\" \/>\n<meta name=\"twitter:label1\" content=\"Written by\" \/>\n\t<meta name=\"twitter:data1\" content=\"Cesar Morales\" \/>\n\t<meta name=\"twitter:label2\" content=\"Est. reading time\" \/>\n\t<meta name=\"twitter:data2\" content=\"1 minute\" \/>\n<script type=\"application\/ld+json\" class=\"yoast-schema-graph\">{\"@context\":\"https:\/\/schema.org\",\"@graph\":[{\"@type\":\"Article\",\"@id\":\"https:\/\/gijonbasket.com\/2026\/05\/03\/pol-figueras-una-temporada-mas-con-el-hestia-menorca\/#article\",\"isPartOf\":{\"@id\":\"https:\/\/gijonbasket.com\/2026\/05\/03\/pol-figueras-una-temporada-mas-con-el-hestia-menorca\/\"},\"author\":{\"name\":\"Cesar Morales\",\"@id\":\"https:\/\/gijonbasket.com\/#\/schema\/person\/91af9ff03e8eab582ccc344b715907c0\"},\"headline\":\"Pol Figueras una temporada m\u00e1s con el Hestia Menorca\",\"datePublished\":\"2026-05-03T08:55:08+00:00\",\"dateModified\":\"2026-05-03T08:55:09+00:00\",\"mainEntityOfPage\":{\"@id\":\"https:\/\/gijonbasket.com\/2026\/05\/03\/pol-figueras-una-temporada-mas-con-el-hestia-menorca\/\"},\"wordCount\":167,\"commentCount\":0,\"publisher\":{\"@id\":\"https:\/\/gijonbasket.com\/#organization\"},\"articleSection\":[\"noticias\"],\"inLanguage\":\"en-US\",\"potentialAction\":[{\"@type\":\"CommentAction\",\"name\":\"Comment\",\"target\":[\"https:\/\/gijonbasket.com\/2026\/05\/03\/pol-figueras-una-temporada-mas-con-el-hestia-menorca\/#respond\"]}]},{\"@type\":\"WebPage\",\"@id\":\"https:\/\/gijonbasket.com\/2026\/05\/03\/pol-figueras-una-temporada-mas-con-el-hestia-menorca\/\",\"url\":\"https:\/\/gijonbasket.com\/2026\/05\/03\/pol-figueras-una-temporada-mas-con-el-hestia-menorca\/\",\"name\":\"Pol Figueras una temporada m\u00e1s con el Hestia Menorca - gijonbasket\",\"isPartOf\":{\"@id\":\"https:\/\/gijonbasket.com\/#website\"},\"datePublished\":\"2026-05-03T08:55:08+00:00\",\"dateModified\":\"2026-05-03T08:55:09+00:00\",\"breadcrumb\":{\"@id\":\"https:\/\/gijonbasket.com\/2026\/05\/03\/pol-figueras-una-temporada-mas-con-el-hestia-menorca\/#breadcrumb\"},\"inLanguage\":\"en-US\",\"potentialAction\":[{\"@type\":\"ReadAction\",\"target\":[\"https:\/\/gijonbasket.com\/2026\/05\/03\/pol-figueras-una-temporada-mas-con-el-hestia-menorca\/\"]}]},{\"@type\":\"BreadcrumbList\",\"@id\":\"https:\/\/gijonbasket.com\/2026\/05\/03\/pol-figueras-una-temporada-mas-con-el-hestia-menorca\/#breadcrumb\",\"itemListElement\":[{\"@type\":\"ListItem\",\"position\":1,\"name\":\"Portada\",\"item\":\"https:\/\/gijonbasket.com\/\"},{\"@type\":\"ListItem\",\"position\":2,\"name\":\"Pol Figueras una temporada m\u00e1s con el Hestia Menorca\"}]},{\"@type\":\"WebSite\",\"@id\":\"https:\/\/gijonbasket.com\/#website\",\"url\":\"https:\/\/gijonbasket.com\/\",\"name\":\"gijonbasket\",\"description\":\"\",\"publisher\":{\"@id\":\"https:\/\/gijonbasket.com\/#organization\"},\"potentialAction\":[{\"@type\":\"SearchAction\",\"target\":{\"@type\":\"EntryPoint\",\"urlTemplate\":\"https:\/\/gijonbasket.com\/?s={search_term_string}\"},\"query-input\":{\"@type\":\"PropertyValueSpecification\",\"valueRequired\":true,\"valueName\":\"search_term_string\"}}],\"inLanguage\":\"en-US\"},{\"@type\":\"Organization\",\"@id\":\"https:\/\/gijonbasket.com\/#organization\",\"name\":\"gijonbasket\",\"url\":\"https:\/\/gijonbasket.com\/\",\"logo\":{\"@type\":\"ImageObject\",\"inLanguage\":\"en-US\",\"@id\":\"https:\/\/gijonbasket.com\/#\/schema\/logo\/image\/\",\"url\":\"https:\/\/gijonbasket.com\/wp-content\/uploads\/2023\/03\/LogoGijonBasket2.jpg\",\"contentUrl\":\"https:\/\/gijonbasket.com\/wp-content\/uploads\/2023\/03\/LogoGijonBasket2.jpg\",\"width\":2000,\"height\":550,\"caption\":\"gijonbasket\"},\"image\":{\"@id\":\"https:\/\/gijonbasket.com\/#\/schema\/logo\/image\/\"}},{\"@type\":\"Person\",\"@id\":\"https:\/\/gijonbasket.com\/#\/schema\/person\/91af9ff03e8eab582ccc344b715907c0\",\"name\":\"Cesar Morales\",\"image\":{\"@type\":\"ImageObject\",\"inLanguage\":\"en-US\",\"@id\":\"https:\/\/gijonbasket.com\/#\/schema\/person\/image\/\",\"url\":\"https:\/\/secure.gravatar.com\/avatar\/ab9ddf1e87f7580cae3deefb05a58c5cf4f0c7f96f033fd7dacc23f0e8d149ca?s=96&d=mm&r=g\",\"contentUrl\":\"https:\/\/secure.gravatar.com\/avatar\/ab9ddf1e87f7580cae3deefb05a58c5cf4f0c7f96f033fd7dacc23f0e8d149ca?s=96&d=mm&r=g\",\"caption\":\"Cesar Morales\"},\"url\":\"https:\/\/gijonbasket.com\/en\/author\/cesar\/\"}]}<\/script>\n<!-- \/ Yoast SEO plugin. -->","yoast_head_json":{"title":"Pol Figueras una temporada m\u00e1s con el Hestia Menorca - gijonbasket","robots":{"index":"index","follow":"follow","max-snippet":"max-snippet:-1","max-image-preview":"max-image-preview:large","max-video-preview":"max-video-preview:-1"},"canonical":"https:\/\/gijonbasket.com\/en\/2026\/05\/03\/pol-figueras-una-temporada-mas-con-el-hestia-menorca\/","og_locale":"en_US","og_type":"article","og_title":"Pol Figueras una temporada m\u00e1s con el Hestia Menorca - gijonbasket","og_description":"El Hestia Menorca anunci\u00f3 la renovaci\u00f3n de contrato a Pol Figueras para la pr\u00f3xima temporada. Pol Figueras dijo adi\u00f3s a la temporada, el pasado mes de noviembre, al sufrir una rotura del ligamento femoropatelar interno con avulsi\u00f3n del polo inferior de la r\u00f3tula de su rodilla derecha. Base de 28 a\u00f1os y 1.86 m. que&hellip;&nbsp;Read More &raquo;Pol Figueras una temporada m\u00e1s con el Hestia Menorca","og_url":"https:\/\/gijonbasket.com\/en\/2026\/05\/03\/pol-figueras-una-temporada-mas-con-el-hestia-menorca\/","og_site_name":"gijonbasket","article_published_time":"2026-05-03T08:55:08+00:00","article_modified_time":"2026-05-03T08:55:09+00:00","author":"Cesar Morales","twitter_card":"summary_large_image","twitter_misc":{"Written by":"Cesar Morales","Est. reading time":"1 minute"},"schema":{"@context":"https:\/\/schema.org","@graph":[{"@type":"Article","@id":"https:\/\/gijonbasket.com\/2026\/05\/03\/pol-figueras-una-temporada-mas-con-el-hestia-menorca\/#article","isPartOf":{"@id":"https:\/\/gijonbasket.com\/2026\/05\/03\/pol-figueras-una-temporada-mas-con-el-hestia-menorca\/"},"author":{"name":"Cesar Morales","@id":"https:\/\/gijonbasket.com\/#\/schema\/person\/91af9ff03e8eab582ccc344b715907c0"},"headline":"Pol Figueras una temporada m\u00e1s con el Hestia Menorca","datePublished":"2026-05-03T08:55:08+00:00","dateModified":"2026-05-03T08:55:09+00:00","mainEntityOfPage":{"@id":"https:\/\/gijonbasket.com\/2026\/05\/03\/pol-figueras-una-temporada-mas-con-el-hestia-menorca\/"},"wordCount":167,"commentCount":0,"publisher":{"@id":"https:\/\/gijonbasket.com\/#organization"},"articleSection":["noticias"],"inLanguage":"en-US","potentialAction":[{"@type":"CommentAction","name":"Comment","target":["https:\/\/gijonbasket.com\/2026\/05\/03\/pol-figueras-una-temporada-mas-con-el-hestia-menorca\/#respond"]}]},{"@type":"WebPage","@id":"https:\/\/gijonbasket.com\/2026\/05\/03\/pol-figueras-una-temporada-mas-con-el-hestia-menorca\/","url":"https:\/\/gijonbasket.com\/2026\/05\/03\/pol-figueras-una-temporada-mas-con-el-hestia-menorca\/","name":"Pol Figueras una temporada m\u00e1s con el Hestia Menorca - gijonbasket","isPartOf":{"@id":"https:\/\/gijonbasket.com\/#website"},"datePublished":"2026-05-03T08:55:08+00:00","dateModified":"2026-05-03T08:55:09+00:00","breadcrumb":{"@id":"https:\/\/gijonbasket.com\/2026\/05\/03\/pol-figueras-una-temporada-mas-con-el-hestia-menorca\/#breadcrumb"},"inLanguage":"en-US","potentialAction":[{"@type":"ReadAction","target":["https:\/\/gijonbasket.com\/2026\/05\/03\/pol-figueras-una-temporada-mas-con-el-hestia-menorca\/"]}]},{"@type":"BreadcrumbList","@id":"https:\/\/gijonbasket.com\/2026\/05\/03\/pol-figueras-una-temporada-mas-con-el-hestia-menorca\/#breadcrumb","itemListElement":[{"@type":"ListItem","position":1,"name":"Portada","item":"https:\/\/gijonbasket.com\/"},{"@type":"ListItem","position":2,"name":"Pol Figueras una temporada m\u00e1s con el Hestia Menorca"}]},{"@type":"WebSite","@id":"https:\/\/gijonbasket.com\/#website","url":"https:\/\/gijonbasket.com\/","name":"gijonbasket","description":"","publisher":{"@id":"https:\/\/gijonbasket.com\/#organization"},"potentialAction":[{"@type":"SearchAction","target":{"@type":"EntryPoint","urlTemplate":"https:\/\/gijonbasket.com\/?s={search_term_string}"},"query-input":{"@type":"PropertyValueSpecification","valueRequired":true,"valueName":"search_term_string"}}],"inLanguage":"en-US"},{"@type":"Organization","@id":"https:\/\/gijonbasket.com\/#organization","name":"gijonbasket","url":"https:\/\/gijonbasket.com\/","logo":{"@type":"ImageObject","inLanguage":"en-US","@id":"https:\/\/gijonbasket.com\/#\/schema\/logo\/image\/","url":"https:\/\/gijonbasket.com\/wp-content\/uploads\/2023\/03\/LogoGijonBasket2.jpg","contentUrl":"https:\/\/gijonbasket.com\/wp-content\/uploads\/2023\/03\/LogoGijonBasket2.jpg","width":2000,"height":550,"caption":"gijonbasket"},"image":{"@id":"https:\/\/gijonbasket.com\/#\/schema\/logo\/image\/"}},{"@type":"Person","@id":"https:\/\/gijonbasket.com\/#\/schema\/person\/91af9ff03e8eab582ccc344b715907c0","name":"Cesar Morales","image":{"@type":"ImageObject","inLanguage":"en-US","@id":"https:\/\/gijonbasket.com\/#\/schema\/person\/image\/","url":"https:\/\/secure.gravatar.com\/avatar\/ab9ddf1e87f7580cae3deefb05a58c5cf4f0c7f96f033fd7dacc23f0e8d149ca?s=96&d=mm&r=g","contentUrl":"https:\/\/secure.gravatar.com\/avatar\/ab9ddf1e87f7580cae3deefb05a58c5cf4f0c7f96f033fd7dacc23f0e8d149ca?s=96&d=mm&r=g","caption":"Cesar Morales"},"url":"https:\/\/gijonbasket.com\/en\/author\/cesar\/"}]}},"_links":{"self":[{"href":"https:\/\/gijonbasket.com\/en\/wp-json\/wp\/v2\/posts\/10922","targetHints":{"allow":["GET"]}}],"collection":[{"href":"https:\/\/gijonbasket.com\/en\/wp-json\/wp\/v2\/posts"}],"about":[{"href":"https:\/\/gijonbasket.com\/en\/wp-json\/wp\/v2\/types\/post"}],"author":[{"embeddable":true,"href":"https:\/\/gijonbasket.com\/en\/wp-json\/wp\/v2\/users\/2"}],"replies":[{"embeddable":true,"href":"https:\/\/gijonbasket.com\/en\/wp-json\/wp\/v2\/comments?post=10922"}],"version-history":[{"count":1,"href":"https:\/\/gijonbasket.com\/en\/wp-json\/wp\/v2\/posts\/10922\/revisions"}],"predecessor-version":[{"id":10923,"href":"https:\/\/gijonbasket.com\/en\/wp-json\/wp\/v2\/posts\/10922\/revisions\/10923"}],"wp:attachment":[{"href":"https:\/\/gijonbasket.com\/en\/wp-json\/wp\/v2\/media?parent=10922"}],"wp:term":[{"taxonomy":"category","embeddable":true,"href":"https:\/\/gijonbasket.com\/en\/wp-json\/wp\/v2\/categories?post=10922"},{"taxonomy":"post_tag","embeddable":true,"href":"https:\/\/gijonbasket.com\/en\/wp-json\/wp\/v2\/tags?post=10922"}],"curies":[{"name":"wp","href":"https:\/\/api.w.org\/{rel}","templated":true}]}}