{"id":1185,"date":"2023-06-22T12:56:08","date_gmt":"2023-06-22T10:56:08","guid":{"rendered":"https:\/\/gijonbasket.com\/?p=1185"},"modified":"2023-06-22T12:56:08","modified_gmt":"2023-06-22T10:56:08","slug":"hansel-atencia-movistar-estudiantes-al-caceres-patrimonio-de-la-humanidad","status":"publish","type":"post","link":"https:\/\/gijonbasket.com\/en\/2023\/06\/22\/hansel-atencia-movistar-estudiantes-al-caceres-patrimonio-de-la-humanidad\/","title":{"rendered":"Hansel Atencia (Movistar Estudiantes) al C\u00e1ceres Patrimonio de la Humanidad"},"content":{"rendered":"<p>C\u00e1ceres Patrimonio de la Humanidad : Fichaje de Hansel Atencia (Movistar Estudiantes). El base colombiano con nacionalidad espa\u00f1ola de 26 a\u00f1os y 1.79 m. milit\u00f3 en las filas del Unicaja Banco Oviedo (2021\/2022), siendo su primera experiencia en Espa\u00f1a,  para dar el salto la pasada campa\u00f1a al Movistar Estudiantes. En el conjunto colegial, una lesi\u00f3n en el tend\u00f3n del recto anterior del cu\u00e1driceps derdecho, cort\u00f3 su temporada.<\/p>","protected":false},"excerpt":{"rendered":"<p>C\u00e1ceres Patrimonio de la Humanidad : Fichaje de Hansel Atencia (Movistar Estudiantes). El base colombiano con nacionalidad espa\u00f1ola de 26 a\u00f1os y 1.79 m. milit\u00f3 en las filas del Unicaja Banco Oviedo (2021\/2022), siendo su primera experiencia en Espa\u00f1a, para dar el salto la pasada campa\u00f1a al Movistar Estudiantes. En el conjunto colegial, una lesi\u00f3n&hellip;&nbsp;<a href=\"https:\/\/gijonbasket.com\/en\/2023\/06\/22\/hansel-atencia-movistar-estudiantes-al-caceres-patrimonio-de-la-humanidad\/\" class=\"\" rel=\"bookmark\">Read More &raquo;<span class=\"screen-reader-text\">Hansel Atencia (Movistar Estudiantes) al C\u00e1ceres Patrimonio de la Humanidad<\/span><\/a><\/p>","protected":false},"author":2,"featured_media":0,"comment_status":"open","ping_status":"open","sticky":false,"template":"","format":"standard","meta":{"neve_meta_sidebar":"","neve_meta_container":"","neve_meta_enable_content_width":"","neve_meta_content_width":0,"neve_meta_title_alignment":"","neve_meta_author_avatar":"","neve_post_elements_order":"","neve_meta_disable_header":"","neve_meta_disable_footer":"","neve_meta_disable_title":"","footnotes":""},"categories":[4],"tags":[],"class_list":["post-1185","post","type-post","status-publish","format-standard","hentry","category-noticias"],"yoast_head":"<!-- This site is optimized with the Yoast SEO plugin v23.4 - https:\/\/yoast.com\/wordpress\/plugins\/seo\/ -->\n<title>Hansel Atencia (Movistar Estudiantes) al C\u00e1ceres Patrimonio de la Humanidad - gijonbasket<\/title>\n<meta name=\"robots\" content=\"index, follow, max-snippet:-1, max-image-preview:large, max-video-preview:-1\" \/>\n<link rel=\"canonical\" href=\"https:\/\/gijonbasket.com\/en\/2023\/06\/22\/hansel-atencia-movistar-estudiantes-al-caceres-patrimonio-de-la-humanidad\/\" \/>\n<meta property=\"og:locale\" content=\"en_US\" \/>\n<meta property=\"og:type\" content=\"article\" \/>\n<meta property=\"og:title\" content=\"Hansel Atencia (Movistar Estudiantes) al C\u00e1ceres Patrimonio de la Humanidad - gijonbasket\" \/>\n<meta property=\"og:description\" content=\"C\u00e1ceres Patrimonio de la Humanidad : Fichaje de Hansel Atencia (Movistar Estudiantes). El base colombiano con nacionalidad espa\u00f1ola de 26 a\u00f1os y 1.79 m. milit\u00f3 en las filas del Unicaja Banco Oviedo (2021\/2022), siendo su primera experiencia en Espa\u00f1a, para dar el salto la pasada campa\u00f1a al Movistar Estudiantes. En el conjunto colegial, una lesi\u00f3n&hellip;&nbsp;Read More &raquo;Hansel Atencia (Movistar Estudiantes) al C\u00e1ceres Patrimonio de la Humanidad\" \/>\n<meta property=\"og:url\" content=\"https:\/\/gijonbasket.com\/en\/2023\/06\/22\/hansel-atencia-movistar-estudiantes-al-caceres-patrimonio-de-la-humanidad\/\" \/>\n<meta property=\"og:site_name\" content=\"gijonbasket\" \/>\n<meta property=\"article:published_time\" content=\"2023-06-22T10:56:08+00:00\" \/>\n<meta name=\"author\" content=\"Cesar Morales\" \/>\n<meta name=\"twitter:card\" content=\"summary_large_image\" \/>\n<meta name=\"twitter:label1\" content=\"Written by\" \/>\n\t<meta name=\"twitter:data1\" content=\"Cesar Morales\" \/>\n<script type=\"application\/ld+json\" class=\"yoast-schema-graph\">{\"@context\":\"https:\/\/schema.org\",\"@graph\":[{\"@type\":\"Article\",\"@id\":\"https:\/\/gijonbasket.com\/2023\/06\/22\/hansel-atencia-movistar-estudiantes-al-caceres-patrimonio-de-la-humanidad\/#article\",\"isPartOf\":{\"@id\":\"https:\/\/gijonbasket.com\/2023\/06\/22\/hansel-atencia-movistar-estudiantes-al-caceres-patrimonio-de-la-humanidad\/\"},\"author\":{\"name\":\"Cesar Morales\",\"@id\":\"https:\/\/gijonbasket.com\/#\/schema\/person\/91af9ff03e8eab582ccc344b715907c0\"},\"headline\":\"Hansel Atencia (Movistar Estudiantes) al C\u00e1ceres Patrimonio de la Humanidad\",\"datePublished\":\"2023-06-22T10:56:08+00:00\",\"dateModified\":\"2023-06-22T10:56:08+00:00\",\"mainEntityOfPage\":{\"@id\":\"https:\/\/gijonbasket.com\/2023\/06\/22\/hansel-atencia-movistar-estudiantes-al-caceres-patrimonio-de-la-humanidad\/\"},\"wordCount\":82,\"commentCount\":0,\"publisher\":{\"@id\":\"https:\/\/gijonbasket.com\/#organization\"},\"articleSection\":[\"noticias\"],\"inLanguage\":\"en-US\",\"potentialAction\":[{\"@type\":\"CommentAction\",\"name\":\"Comment\",\"target\":[\"https:\/\/gijonbasket.com\/2023\/06\/22\/hansel-atencia-movistar-estudiantes-al-caceres-patrimonio-de-la-humanidad\/#respond\"]}]},{\"@type\":\"WebPage\",\"@id\":\"https:\/\/gijonbasket.com\/2023\/06\/22\/hansel-atencia-movistar-estudiantes-al-caceres-patrimonio-de-la-humanidad\/\",\"url\":\"https:\/\/gijonbasket.com\/2023\/06\/22\/hansel-atencia-movistar-estudiantes-al-caceres-patrimonio-de-la-humanidad\/\",\"name\":\"Hansel Atencia (Movistar Estudiantes) al C\u00e1ceres Patrimonio de la Humanidad - gijonbasket\",\"isPartOf\":{\"@id\":\"https:\/\/gijonbasket.com\/#website\"},\"datePublished\":\"2023-06-22T10:56:08+00:00\",\"dateModified\":\"2023-06-22T10:56:08+00:00\",\"breadcrumb\":{\"@id\":\"https:\/\/gijonbasket.com\/2023\/06\/22\/hansel-atencia-movistar-estudiantes-al-caceres-patrimonio-de-la-humanidad\/#breadcrumb\"},\"inLanguage\":\"en-US\",\"potentialAction\":[{\"@type\":\"ReadAction\",\"target\":[\"https:\/\/gijonbasket.com\/2023\/06\/22\/hansel-atencia-movistar-estudiantes-al-caceres-patrimonio-de-la-humanidad\/\"]}]},{\"@type\":\"BreadcrumbList\",\"@id\":\"https:\/\/gijonbasket.com\/2023\/06\/22\/hansel-atencia-movistar-estudiantes-al-caceres-patrimonio-de-la-humanidad\/#breadcrumb\",\"itemListElement\":[{\"@type\":\"ListItem\",\"position\":1,\"name\":\"Portada\",\"item\":\"https:\/\/gijonbasket.com\/\"},{\"@type\":\"ListItem\",\"position\":2,\"name\":\"Hansel Atencia (Movistar Estudiantes) al C\u00e1ceres Patrimonio de la Humanidad\"}]},{\"@type\":\"WebSite\",\"@id\":\"https:\/\/gijonbasket.com\/#website\",\"url\":\"https:\/\/gijonbasket.com\/\",\"name\":\"gijonbasket\",\"description\":\"\",\"publisher\":{\"@id\":\"https:\/\/gijonbasket.com\/#organization\"},\"potentialAction\":[{\"@type\":\"SearchAction\",\"target\":{\"@type\":\"EntryPoint\",\"urlTemplate\":\"https:\/\/gijonbasket.com\/?s={search_term_string}\"},\"query-input\":{\"@type\":\"PropertyValueSpecification\",\"valueRequired\":true,\"valueName\":\"search_term_string\"}}],\"inLanguage\":\"en-US\"},{\"@type\":\"Organization\",\"@id\":\"https:\/\/gijonbasket.com\/#organization\",\"name\":\"gijonbasket\",\"url\":\"https:\/\/gijonbasket.com\/\",\"logo\":{\"@type\":\"ImageObject\",\"inLanguage\":\"en-US\",\"@id\":\"https:\/\/gijonbasket.com\/#\/schema\/logo\/image\/\",\"url\":\"https:\/\/gijonbasket.com\/wp-content\/uploads\/2023\/03\/LogoGijonBasket2.jpg\",\"contentUrl\":\"https:\/\/gijonbasket.com\/wp-content\/uploads\/2023\/03\/LogoGijonBasket2.jpg\",\"width\":2000,\"height\":550,\"caption\":\"gijonbasket\"},\"image\":{\"@id\":\"https:\/\/gijonbasket.com\/#\/schema\/logo\/image\/\"}},{\"@type\":\"Person\",\"@id\":\"https:\/\/gijonbasket.com\/#\/schema\/person\/91af9ff03e8eab582ccc344b715907c0\",\"name\":\"Cesar Morales\",\"image\":{\"@type\":\"ImageObject\",\"inLanguage\":\"en-US\",\"@id\":\"https:\/\/gijonbasket.com\/#\/schema\/person\/image\/\",\"url\":\"https:\/\/secure.gravatar.com\/avatar\/ab9ddf1e87f7580cae3deefb05a58c5cf4f0c7f96f033fd7dacc23f0e8d149ca?s=96&d=mm&r=g\",\"contentUrl\":\"https:\/\/secure.gravatar.com\/avatar\/ab9ddf1e87f7580cae3deefb05a58c5cf4f0c7f96f033fd7dacc23f0e8d149ca?s=96&d=mm&r=g\",\"caption\":\"Cesar Morales\"},\"url\":\"https:\/\/gijonbasket.com\/en\/author\/cesar\/\"}]}<\/script>\n<!-- \/ Yoast SEO plugin. -->","yoast_head_json":{"title":"Hansel Atencia (Movistar Estudiantes) al C\u00e1ceres Patrimonio de la Humanidad - gijonbasket","robots":{"index":"index","follow":"follow","max-snippet":"max-snippet:-1","max-image-preview":"max-image-preview:large","max-video-preview":"max-video-preview:-1"},"canonical":"https:\/\/gijonbasket.com\/en\/2023\/06\/22\/hansel-atencia-movistar-estudiantes-al-caceres-patrimonio-de-la-humanidad\/","og_locale":"en_US","og_type":"article","og_title":"Hansel Atencia (Movistar Estudiantes) al C\u00e1ceres Patrimonio de la Humanidad - gijonbasket","og_description":"C\u00e1ceres Patrimonio de la Humanidad : Fichaje de Hansel Atencia (Movistar Estudiantes). El base colombiano con nacionalidad espa\u00f1ola de 26 a\u00f1os y 1.79 m. milit\u00f3 en las filas del Unicaja Banco Oviedo (2021\/2022), siendo su primera experiencia en Espa\u00f1a, para dar el salto la pasada campa\u00f1a al Movistar Estudiantes. En el conjunto colegial, una lesi\u00f3n&hellip;&nbsp;Read More &raquo;Hansel Atencia (Movistar Estudiantes) al C\u00e1ceres Patrimonio de la Humanidad","og_url":"https:\/\/gijonbasket.com\/en\/2023\/06\/22\/hansel-atencia-movistar-estudiantes-al-caceres-patrimonio-de-la-humanidad\/","og_site_name":"gijonbasket","article_published_time":"2023-06-22T10:56:08+00:00","author":"Cesar Morales","twitter_card":"summary_large_image","twitter_misc":{"Written by":"Cesar Morales"},"schema":{"@context":"https:\/\/schema.org","@graph":[{"@type":"Article","@id":"https:\/\/gijonbasket.com\/2023\/06\/22\/hansel-atencia-movistar-estudiantes-al-caceres-patrimonio-de-la-humanidad\/#article","isPartOf":{"@id":"https:\/\/gijonbasket.com\/2023\/06\/22\/hansel-atencia-movistar-estudiantes-al-caceres-patrimonio-de-la-humanidad\/"},"author":{"name":"Cesar Morales","@id":"https:\/\/gijonbasket.com\/#\/schema\/person\/91af9ff03e8eab582ccc344b715907c0"},"headline":"Hansel Atencia (Movistar Estudiantes) al C\u00e1ceres Patrimonio de la Humanidad","datePublished":"2023-06-22T10:56:08+00:00","dateModified":"2023-06-22T10:56:08+00:00","mainEntityOfPage":{"@id":"https:\/\/gijonbasket.com\/2023\/06\/22\/hansel-atencia-movistar-estudiantes-al-caceres-patrimonio-de-la-humanidad\/"},"wordCount":82,"commentCount":0,"publisher":{"@id":"https:\/\/gijonbasket.com\/#organization"},"articleSection":["noticias"],"inLanguage":"en-US","potentialAction":[{"@type":"CommentAction","name":"Comment","target":["https:\/\/gijonbasket.com\/2023\/06\/22\/hansel-atencia-movistar-estudiantes-al-caceres-patrimonio-de-la-humanidad\/#respond"]}]},{"@type":"WebPage","@id":"https:\/\/gijonbasket.com\/2023\/06\/22\/hansel-atencia-movistar-estudiantes-al-caceres-patrimonio-de-la-humanidad\/","url":"https:\/\/gijonbasket.com\/2023\/06\/22\/hansel-atencia-movistar-estudiantes-al-caceres-patrimonio-de-la-humanidad\/","name":"Hansel Atencia (Movistar Estudiantes) al C\u00e1ceres Patrimonio de la Humanidad - gijonbasket","isPartOf":{"@id":"https:\/\/gijonbasket.com\/#website"},"datePublished":"2023-06-22T10:56:08+00:00","dateModified":"2023-06-22T10:56:08+00:00","breadcrumb":{"@id":"https:\/\/gijonbasket.com\/2023\/06\/22\/hansel-atencia-movistar-estudiantes-al-caceres-patrimonio-de-la-humanidad\/#breadcrumb"},"inLanguage":"en-US","potentialAction":[{"@type":"ReadAction","target":["https:\/\/gijonbasket.com\/2023\/06\/22\/hansel-atencia-movistar-estudiantes-al-caceres-patrimonio-de-la-humanidad\/"]}]},{"@type":"BreadcrumbList","@id":"https:\/\/gijonbasket.com\/2023\/06\/22\/hansel-atencia-movistar-estudiantes-al-caceres-patrimonio-de-la-humanidad\/#breadcrumb","itemListElement":[{"@type":"ListItem","position":1,"name":"Portada","item":"https:\/\/gijonbasket.com\/"},{"@type":"ListItem","position":2,"name":"Hansel Atencia (Movistar Estudiantes) al C\u00e1ceres Patrimonio de la Humanidad"}]},{"@type":"WebSite","@id":"https:\/\/gijonbasket.com\/#website","url":"https:\/\/gijonbasket.com\/","name":"gijonbasket","description":"","publisher":{"@id":"https:\/\/gijonbasket.com\/#organization"},"potentialAction":[{"@type":"SearchAction","target":{"@type":"EntryPoint","urlTemplate":"https:\/\/gijonbasket.com\/?s={search_term_string}"},"query-input":{"@type":"PropertyValueSpecification","valueRequired":true,"valueName":"search_term_string"}}],"inLanguage":"en-US"},{"@type":"Organization","@id":"https:\/\/gijonbasket.com\/#organization","name":"gijonbasket","url":"https:\/\/gijonbasket.com\/","logo":{"@type":"ImageObject","inLanguage":"en-US","@id":"https:\/\/gijonbasket.com\/#\/schema\/logo\/image\/","url":"https:\/\/gijonbasket.com\/wp-content\/uploads\/2023\/03\/LogoGijonBasket2.jpg","contentUrl":"https:\/\/gijonbasket.com\/wp-content\/uploads\/2023\/03\/LogoGijonBasket2.jpg","width":2000,"height":550,"caption":"gijonbasket"},"image":{"@id":"https:\/\/gijonbasket.com\/#\/schema\/logo\/image\/"}},{"@type":"Person","@id":"https:\/\/gijonbasket.com\/#\/schema\/person\/91af9ff03e8eab582ccc344b715907c0","name":"Cesar Morales","image":{"@type":"ImageObject","inLanguage":"en-US","@id":"https:\/\/gijonbasket.com\/#\/schema\/person\/image\/","url":"https:\/\/secure.gravatar.com\/avatar\/ab9ddf1e87f7580cae3deefb05a58c5cf4f0c7f96f033fd7dacc23f0e8d149ca?s=96&d=mm&r=g","contentUrl":"https:\/\/secure.gravatar.com\/avatar\/ab9ddf1e87f7580cae3deefb05a58c5cf4f0c7f96f033fd7dacc23f0e8d149ca?s=96&d=mm&r=g","caption":"Cesar Morales"},"url":"https:\/\/gijonbasket.com\/en\/author\/cesar\/"}]}},"_links":{"self":[{"href":"https:\/\/gijonbasket.com\/en\/wp-json\/wp\/v2\/posts\/1185","targetHints":{"allow":["GET"]}}],"collection":[{"href":"https:\/\/gijonbasket.com\/en\/wp-json\/wp\/v2\/posts"}],"about":[{"href":"https:\/\/gijonbasket.com\/en\/wp-json\/wp\/v2\/types\/post"}],"author":[{"embeddable":true,"href":"https:\/\/gijonbasket.com\/en\/wp-json\/wp\/v2\/users\/2"}],"replies":[{"embeddable":true,"href":"https:\/\/gijonbasket.com\/en\/wp-json\/wp\/v2\/comments?post=1185"}],"version-history":[{"count":1,"href":"https:\/\/gijonbasket.com\/en\/wp-json\/wp\/v2\/posts\/1185\/revisions"}],"predecessor-version":[{"id":1186,"href":"https:\/\/gijonbasket.com\/en\/wp-json\/wp\/v2\/posts\/1185\/revisions\/1186"}],"wp:attachment":[{"href":"https:\/\/gijonbasket.com\/en\/wp-json\/wp\/v2\/media?parent=1185"}],"wp:term":[{"taxonomy":"category","embeddable":true,"href":"https:\/\/gijonbasket.com\/en\/wp-json\/wp\/v2\/categories?post=1185"},{"taxonomy":"post_tag","embeddable":true,"href":"https:\/\/gijonbasket.com\/en\/wp-json\/wp\/v2\/tags?post=1185"}],"curies":[{"name":"wp","href":"https:\/\/api.w.org\/{rel}","templated":true}]}}