{"id":12228,"date":"2026-07-21T19:43:02","date_gmt":"2026-07-21T17:43:02","guid":{"rendered":"https:\/\/gijonbasket.com\/?p=12228"},"modified":"2026-07-21T19:43:04","modified_gmt":"2026-07-21T17:43:04","slug":"vlatko-cancar-de-vuelta-al-recoletas-salud-san-pablo-burgos","status":"publish","type":"post","link":"https:\/\/gijonbasket.com\/en\/2026\/07\/21\/vlatko-cancar-de-vuelta-al-recoletas-salud-san-pablo-burgos\/","title":{"rendered":"Vlatko Cancar de vuelta al Recoletas Salud San Pablo Burgos"},"content":{"rendered":"<p>El Recoletas Salud San Pablo Burgos anunci\u00f3 el fichaje de Vlatko Cancar para las pr\u00f3ximas dos temporadas.<\/p>\n\n\n\n<p>Vlatko Cancar regresa al Recoletas Salud San Pablo Burgos, tras haber militado durante dos temporadas en el conjunto burgal\u00e9s (2017\/2018; 2018\/2019), previo a su salto a la NBA con los Denver Nuggets.<\/p>\n\n\n\n<p>Alero esloveno de 29 a\u00f1os y 2.01 m. que la pasada temporada tuvo un fugaz paso por el EA7 Emporio Armani Milan.<\/p>\n\n\n\n<p>La rotura del ligamento cruzado anterior de su rodilla izquierda defendiendo los colores de Eslovenia en agosto de 2023, provoc\u00f3 que Vlatko Cancar se perdiera por completo la temporada 2023\/2024 con los Denver Nuggets.<\/p>\n\n\n\n<p>6 temporadas NBA defendiendo los colores de los Denver Nuggets (2019\/2020; 2020\/2021; 2021\/2022; 2022\/2023; 2024\/2025) contando la temporada 2023\/2024 de baja por lesi\u00f3n.<\/p>\n\n\n\n<p>Campe\u00f3n NBA 2022\/2023 con los Denver Nuggets.<\/p>\n\n\n\n<p>Finalizada su etapa NBA, Vlatko Cancar regreso a Europa para recalar a Italia con el EA7 Emporio Armani Milan, disputando tan s\u00f3lo 2 encuentros de Euroliga y finalizar su vinculaci\u00f3n al sufrir una nueva lesi\u00f3n de rodilla.<\/p>\n\n\n\n<p>Internacional por Eslovenia.<\/p>\n\n\n\n<p>Campe\u00f3n del EuroBasket 2017.<\/p>\n\n\n\n<p><\/p>","protected":false},"excerpt":{"rendered":"<p>El Recoletas Salud San Pablo Burgos anunci\u00f3 el fichaje de Vlatko Cancar para las pr\u00f3ximas dos temporadas. Vlatko Cancar regresa al Recoletas Salud San Pablo Burgos, tras haber militado durante dos temporadas en el conjunto burgal\u00e9s (2017\/2018; 2018\/2019), previo a su salto a la NBA con los Denver Nuggets. Alero esloveno de 29 a\u00f1os y&hellip;&nbsp;<a href=\"https:\/\/gijonbasket.com\/en\/2026\/07\/21\/vlatko-cancar-de-vuelta-al-recoletas-salud-san-pablo-burgos\/\" class=\"\" rel=\"bookmark\">Read More &raquo;<span class=\"screen-reader-text\">Vlatko Cancar de vuelta al Recoletas Salud San Pablo Burgos<\/span><\/a><\/p>","protected":false},"author":2,"featured_media":0,"comment_status":"open","ping_status":"open","sticky":false,"template":"","format":"standard","meta":{"neve_meta_sidebar":"","neve_meta_container":"","neve_meta_enable_content_width":"","neve_meta_content_width":0,"neve_meta_title_alignment":"","neve_meta_author_avatar":"","neve_post_elements_order":"","neve_meta_disable_header":"","neve_meta_disable_footer":"","neve_meta_disable_title":"","footnotes":""},"categories":[4],"tags":[],"class_list":["post-12228","post","type-post","status-publish","format-standard","hentry","category-noticias"],"yoast_head":"<!-- This site is optimized with the Yoast SEO plugin v23.4 - https:\/\/yoast.com\/wordpress\/plugins\/seo\/ -->\n<title>Vlatko Cancar de vuelta al Recoletas Salud San Pablo Burgos - gijonbasket<\/title>\n<meta name=\"robots\" content=\"index, follow, max-snippet:-1, max-image-preview:large, max-video-preview:-1\" \/>\n<link rel=\"canonical\" href=\"https:\/\/gijonbasket.com\/en\/2026\/07\/21\/vlatko-cancar-de-vuelta-al-recoletas-salud-san-pablo-burgos\/\" \/>\n<meta property=\"og:locale\" content=\"en_US\" \/>\n<meta property=\"og:type\" content=\"article\" \/>\n<meta property=\"og:title\" content=\"Vlatko Cancar de vuelta al Recoletas Salud San Pablo Burgos - gijonbasket\" \/>\n<meta property=\"og:description\" content=\"El Recoletas Salud San Pablo Burgos anunci\u00f3 el fichaje de Vlatko Cancar para las pr\u00f3ximas dos temporadas. Vlatko Cancar regresa al Recoletas Salud San Pablo Burgos, tras haber militado durante dos temporadas en el conjunto burgal\u00e9s (2017\/2018; 2018\/2019), previo a su salto a la NBA con los Denver Nuggets. Alero esloveno de 29 a\u00f1os y&hellip;&nbsp;Read More &raquo;Vlatko Cancar de vuelta al Recoletas Salud San Pablo Burgos\" \/>\n<meta property=\"og:url\" content=\"https:\/\/gijonbasket.com\/en\/2026\/07\/21\/vlatko-cancar-de-vuelta-al-recoletas-salud-san-pablo-burgos\/\" \/>\n<meta property=\"og:site_name\" content=\"gijonbasket\" \/>\n<meta property=\"article:published_time\" content=\"2026-07-21T17:43:02+00:00\" \/>\n<meta property=\"article:modified_time\" content=\"2026-07-21T17:43:04+00:00\" \/>\n<meta name=\"author\" content=\"Cesar Morales\" \/>\n<meta name=\"twitter:card\" content=\"summary_large_image\" \/>\n<meta name=\"twitter:label1\" content=\"Written by\" \/>\n\t<meta name=\"twitter:data1\" content=\"Cesar Morales\" \/>\n\t<meta name=\"twitter:label2\" content=\"Est. reading time\" \/>\n\t<meta name=\"twitter:data2\" content=\"1 minute\" \/>\n<script type=\"application\/ld+json\" class=\"yoast-schema-graph\">{\"@context\":\"https:\/\/schema.org\",\"@graph\":[{\"@type\":\"Article\",\"@id\":\"https:\/\/gijonbasket.com\/2026\/07\/21\/vlatko-cancar-de-vuelta-al-recoletas-salud-san-pablo-burgos\/#article\",\"isPartOf\":{\"@id\":\"https:\/\/gijonbasket.com\/2026\/07\/21\/vlatko-cancar-de-vuelta-al-recoletas-salud-san-pablo-burgos\/\"},\"author\":{\"name\":\"Cesar Morales\",\"@id\":\"https:\/\/gijonbasket.com\/#\/schema\/person\/91af9ff03e8eab582ccc344b715907c0\"},\"headline\":\"Vlatko Cancar de vuelta al Recoletas Salud San Pablo Burgos\",\"datePublished\":\"2026-07-21T17:43:02+00:00\",\"dateModified\":\"2026-07-21T17:43:04+00:00\",\"mainEntityOfPage\":{\"@id\":\"https:\/\/gijonbasket.com\/2026\/07\/21\/vlatko-cancar-de-vuelta-al-recoletas-salud-san-pablo-burgos\/\"},\"wordCount\":182,\"commentCount\":0,\"publisher\":{\"@id\":\"https:\/\/gijonbasket.com\/#organization\"},\"articleSection\":[\"noticias\"],\"inLanguage\":\"en-US\",\"potentialAction\":[{\"@type\":\"CommentAction\",\"name\":\"Comment\",\"target\":[\"https:\/\/gijonbasket.com\/2026\/07\/21\/vlatko-cancar-de-vuelta-al-recoletas-salud-san-pablo-burgos\/#respond\"]}]},{\"@type\":\"WebPage\",\"@id\":\"https:\/\/gijonbasket.com\/2026\/07\/21\/vlatko-cancar-de-vuelta-al-recoletas-salud-san-pablo-burgos\/\",\"url\":\"https:\/\/gijonbasket.com\/2026\/07\/21\/vlatko-cancar-de-vuelta-al-recoletas-salud-san-pablo-burgos\/\",\"name\":\"Vlatko Cancar de vuelta al Recoletas Salud San Pablo Burgos - gijonbasket\",\"isPartOf\":{\"@id\":\"https:\/\/gijonbasket.com\/#website\"},\"datePublished\":\"2026-07-21T17:43:02+00:00\",\"dateModified\":\"2026-07-21T17:43:04+00:00\",\"breadcrumb\":{\"@id\":\"https:\/\/gijonbasket.com\/2026\/07\/21\/vlatko-cancar-de-vuelta-al-recoletas-salud-san-pablo-burgos\/#breadcrumb\"},\"inLanguage\":\"en-US\",\"potentialAction\":[{\"@type\":\"ReadAction\",\"target\":[\"https:\/\/gijonbasket.com\/2026\/07\/21\/vlatko-cancar-de-vuelta-al-recoletas-salud-san-pablo-burgos\/\"]}]},{\"@type\":\"BreadcrumbList\",\"@id\":\"https:\/\/gijonbasket.com\/2026\/07\/21\/vlatko-cancar-de-vuelta-al-recoletas-salud-san-pablo-burgos\/#breadcrumb\",\"itemListElement\":[{\"@type\":\"ListItem\",\"position\":1,\"name\":\"Portada\",\"item\":\"https:\/\/gijonbasket.com\/\"},{\"@type\":\"ListItem\",\"position\":2,\"name\":\"Vlatko Cancar de vuelta al Recoletas Salud San Pablo Burgos\"}]},{\"@type\":\"WebSite\",\"@id\":\"https:\/\/gijonbasket.com\/#website\",\"url\":\"https:\/\/gijonbasket.com\/\",\"name\":\"gijonbasket\",\"description\":\"\",\"publisher\":{\"@id\":\"https:\/\/gijonbasket.com\/#organization\"},\"potentialAction\":[{\"@type\":\"SearchAction\",\"target\":{\"@type\":\"EntryPoint\",\"urlTemplate\":\"https:\/\/gijonbasket.com\/?s={search_term_string}\"},\"query-input\":{\"@type\":\"PropertyValueSpecification\",\"valueRequired\":true,\"valueName\":\"search_term_string\"}}],\"inLanguage\":\"en-US\"},{\"@type\":\"Organization\",\"@id\":\"https:\/\/gijonbasket.com\/#organization\",\"name\":\"gijonbasket\",\"url\":\"https:\/\/gijonbasket.com\/\",\"logo\":{\"@type\":\"ImageObject\",\"inLanguage\":\"en-US\",\"@id\":\"https:\/\/gijonbasket.com\/#\/schema\/logo\/image\/\",\"url\":\"https:\/\/gijonbasket.com\/wp-content\/uploads\/2023\/03\/LogoGijonBasket2.jpg\",\"contentUrl\":\"https:\/\/gijonbasket.com\/wp-content\/uploads\/2023\/03\/LogoGijonBasket2.jpg\",\"width\":2000,\"height\":550,\"caption\":\"gijonbasket\"},\"image\":{\"@id\":\"https:\/\/gijonbasket.com\/#\/schema\/logo\/image\/\"}},{\"@type\":\"Person\",\"@id\":\"https:\/\/gijonbasket.com\/#\/schema\/person\/91af9ff03e8eab582ccc344b715907c0\",\"name\":\"Cesar Morales\",\"image\":{\"@type\":\"ImageObject\",\"inLanguage\":\"en-US\",\"@id\":\"https:\/\/gijonbasket.com\/#\/schema\/person\/image\/\",\"url\":\"https:\/\/secure.gravatar.com\/avatar\/ab9ddf1e87f7580cae3deefb05a58c5cf4f0c7f96f033fd7dacc23f0e8d149ca?s=96&d=mm&r=g\",\"contentUrl\":\"https:\/\/secure.gravatar.com\/avatar\/ab9ddf1e87f7580cae3deefb05a58c5cf4f0c7f96f033fd7dacc23f0e8d149ca?s=96&d=mm&r=g\",\"caption\":\"Cesar Morales\"},\"url\":\"https:\/\/gijonbasket.com\/en\/author\/cesar\/\"}]}<\/script>\n<!-- \/ Yoast SEO plugin. -->","yoast_head_json":{"title":"Vlatko Cancar de vuelta al Recoletas Salud San Pablo Burgos - gijonbasket","robots":{"index":"index","follow":"follow","max-snippet":"max-snippet:-1","max-image-preview":"max-image-preview:large","max-video-preview":"max-video-preview:-1"},"canonical":"https:\/\/gijonbasket.com\/en\/2026\/07\/21\/vlatko-cancar-de-vuelta-al-recoletas-salud-san-pablo-burgos\/","og_locale":"en_US","og_type":"article","og_title":"Vlatko Cancar de vuelta al Recoletas Salud San Pablo Burgos - gijonbasket","og_description":"El Recoletas Salud San Pablo Burgos anunci\u00f3 el fichaje de Vlatko Cancar para las pr\u00f3ximas dos temporadas. Vlatko Cancar regresa al Recoletas Salud San Pablo Burgos, tras haber militado durante dos temporadas en el conjunto burgal\u00e9s (2017\/2018; 2018\/2019), previo a su salto a la NBA con los Denver Nuggets. Alero esloveno de 29 a\u00f1os y&hellip;&nbsp;Read More &raquo;Vlatko Cancar de vuelta al Recoletas Salud San Pablo Burgos","og_url":"https:\/\/gijonbasket.com\/en\/2026\/07\/21\/vlatko-cancar-de-vuelta-al-recoletas-salud-san-pablo-burgos\/","og_site_name":"gijonbasket","article_published_time":"2026-07-21T17:43:02+00:00","article_modified_time":"2026-07-21T17:43:04+00:00","author":"Cesar Morales","twitter_card":"summary_large_image","twitter_misc":{"Written by":"Cesar Morales","Est. reading time":"1 minute"},"schema":{"@context":"https:\/\/schema.org","@graph":[{"@type":"Article","@id":"https:\/\/gijonbasket.com\/2026\/07\/21\/vlatko-cancar-de-vuelta-al-recoletas-salud-san-pablo-burgos\/#article","isPartOf":{"@id":"https:\/\/gijonbasket.com\/2026\/07\/21\/vlatko-cancar-de-vuelta-al-recoletas-salud-san-pablo-burgos\/"},"author":{"name":"Cesar Morales","@id":"https:\/\/gijonbasket.com\/#\/schema\/person\/91af9ff03e8eab582ccc344b715907c0"},"headline":"Vlatko Cancar de vuelta al Recoletas Salud San Pablo Burgos","datePublished":"2026-07-21T17:43:02+00:00","dateModified":"2026-07-21T17:43:04+00:00","mainEntityOfPage":{"@id":"https:\/\/gijonbasket.com\/2026\/07\/21\/vlatko-cancar-de-vuelta-al-recoletas-salud-san-pablo-burgos\/"},"wordCount":182,"commentCount":0,"publisher":{"@id":"https:\/\/gijonbasket.com\/#organization"},"articleSection":["noticias"],"inLanguage":"en-US","potentialAction":[{"@type":"CommentAction","name":"Comment","target":["https:\/\/gijonbasket.com\/2026\/07\/21\/vlatko-cancar-de-vuelta-al-recoletas-salud-san-pablo-burgos\/#respond"]}]},{"@type":"WebPage","@id":"https:\/\/gijonbasket.com\/2026\/07\/21\/vlatko-cancar-de-vuelta-al-recoletas-salud-san-pablo-burgos\/","url":"https:\/\/gijonbasket.com\/2026\/07\/21\/vlatko-cancar-de-vuelta-al-recoletas-salud-san-pablo-burgos\/","name":"Vlatko Cancar de vuelta al Recoletas Salud San Pablo Burgos - gijonbasket","isPartOf":{"@id":"https:\/\/gijonbasket.com\/#website"},"datePublished":"2026-07-21T17:43:02+00:00","dateModified":"2026-07-21T17:43:04+00:00","breadcrumb":{"@id":"https:\/\/gijonbasket.com\/2026\/07\/21\/vlatko-cancar-de-vuelta-al-recoletas-salud-san-pablo-burgos\/#breadcrumb"},"inLanguage":"en-US","potentialAction":[{"@type":"ReadAction","target":["https:\/\/gijonbasket.com\/2026\/07\/21\/vlatko-cancar-de-vuelta-al-recoletas-salud-san-pablo-burgos\/"]}]},{"@type":"BreadcrumbList","@id":"https:\/\/gijonbasket.com\/2026\/07\/21\/vlatko-cancar-de-vuelta-al-recoletas-salud-san-pablo-burgos\/#breadcrumb","itemListElement":[{"@type":"ListItem","position":1,"name":"Portada","item":"https:\/\/gijonbasket.com\/"},{"@type":"ListItem","position":2,"name":"Vlatko Cancar de vuelta al Recoletas Salud San Pablo Burgos"}]},{"@type":"WebSite","@id":"https:\/\/gijonbasket.com\/#website","url":"https:\/\/gijonbasket.com\/","name":"gijonbasket","description":"","publisher":{"@id":"https:\/\/gijonbasket.com\/#organization"},"potentialAction":[{"@type":"SearchAction","target":{"@type":"EntryPoint","urlTemplate":"https:\/\/gijonbasket.com\/?s={search_term_string}"},"query-input":{"@type":"PropertyValueSpecification","valueRequired":true,"valueName":"search_term_string"}}],"inLanguage":"en-US"},{"@type":"Organization","@id":"https:\/\/gijonbasket.com\/#organization","name":"gijonbasket","url":"https:\/\/gijonbasket.com\/","logo":{"@type":"ImageObject","inLanguage":"en-US","@id":"https:\/\/gijonbasket.com\/#\/schema\/logo\/image\/","url":"https:\/\/gijonbasket.com\/wp-content\/uploads\/2023\/03\/LogoGijonBasket2.jpg","contentUrl":"https:\/\/gijonbasket.com\/wp-content\/uploads\/2023\/03\/LogoGijonBasket2.jpg","width":2000,"height":550,"caption":"gijonbasket"},"image":{"@id":"https:\/\/gijonbasket.com\/#\/schema\/logo\/image\/"}},{"@type":"Person","@id":"https:\/\/gijonbasket.com\/#\/schema\/person\/91af9ff03e8eab582ccc344b715907c0","name":"Cesar Morales","image":{"@type":"ImageObject","inLanguage":"en-US","@id":"https:\/\/gijonbasket.com\/#\/schema\/person\/image\/","url":"https:\/\/secure.gravatar.com\/avatar\/ab9ddf1e87f7580cae3deefb05a58c5cf4f0c7f96f033fd7dacc23f0e8d149ca?s=96&d=mm&r=g","contentUrl":"https:\/\/secure.gravatar.com\/avatar\/ab9ddf1e87f7580cae3deefb05a58c5cf4f0c7f96f033fd7dacc23f0e8d149ca?s=96&d=mm&r=g","caption":"Cesar Morales"},"url":"https:\/\/gijonbasket.com\/en\/author\/cesar\/"}]}},"_links":{"self":[{"href":"https:\/\/gijonbasket.com\/en\/wp-json\/wp\/v2\/posts\/12228","targetHints":{"allow":["GET"]}}],"collection":[{"href":"https:\/\/gijonbasket.com\/en\/wp-json\/wp\/v2\/posts"}],"about":[{"href":"https:\/\/gijonbasket.com\/en\/wp-json\/wp\/v2\/types\/post"}],"author":[{"embeddable":true,"href":"https:\/\/gijonbasket.com\/en\/wp-json\/wp\/v2\/users\/2"}],"replies":[{"embeddable":true,"href":"https:\/\/gijonbasket.com\/en\/wp-json\/wp\/v2\/comments?post=12228"}],"version-history":[{"count":1,"href":"https:\/\/gijonbasket.com\/en\/wp-json\/wp\/v2\/posts\/12228\/revisions"}],"predecessor-version":[{"id":12229,"href":"https:\/\/gijonbasket.com\/en\/wp-json\/wp\/v2\/posts\/12228\/revisions\/12229"}],"wp:attachment":[{"href":"https:\/\/gijonbasket.com\/en\/wp-json\/wp\/v2\/media?parent=12228"}],"wp:term":[{"taxonomy":"category","embeddable":true,"href":"https:\/\/gijonbasket.com\/en\/wp-json\/wp\/v2\/categories?post=12228"},{"taxonomy":"post_tag","embeddable":true,"href":"https:\/\/gijonbasket.com\/en\/wp-json\/wp\/v2\/tags?post=12228"}],"curies":[{"name":"wp","href":"https:\/\/api.w.org\/{rel}","templated":true}]}}