{"id":12276,"date":"2026-07-23T19:00:10","date_gmt":"2026-07-23T17:00:10","guid":{"rendered":"https:\/\/gijonbasket.com\/?p=12276"},"modified":"2026-07-23T19:00:14","modified_gmt":"2026-07-23T17:00:14","slug":"alonso-faure-del-alimerka-oviedo-baloncesto-al-monbus-obradoiro","status":"publish","type":"post","link":"https:\/\/gijonbasket.com\/en\/2026\/07\/23\/alonso-faure-del-alimerka-oviedo-baloncesto-al-monbus-obradoiro\/","title":{"rendered":"Alonso Faure del Alimerka Oviedo Baloncesto al Monbus Obradoiro"},"content":{"rendered":"<p>El Monbus Obradoiro anunci\u00f3 el fichaje de Alonso Faure para la pr\u00f3xima temporada.<\/p>\n\n\n\n<p>Cr\u00f3nica de un desenlace esperado, cuando el martes se oficializ\u00f3 la rescisi\u00f3n de contrato de Alonso Faure con el Alimerka Oviedo Baloncesto con el pago de la cl\u00e1usula de rescisi\u00f3n, y su futuro se apuntaba rumbo al Monbus Obradoiro, como as\u00ed hoy se confirm\u00f3.<\/p>\n\n\n\n<p>Alonso Faure, p\u00edvot de 24 a\u00f1os y 2.08 m., recala en el Monbus Obradoiro procedente del Alimerka Oviedo Baloncesto donde se incorpor\u00f3 a mediados del mes de marzo de 2025.<\/p>\n\n\n\n<p>El gran rendimiento de Alonso Faure con el Alimerka Oviedo Baloncesto le supone dar el salto a la Liga Endesa de la mano del Monbus Obradoiro.<\/p>\n\n\n\n<p>Formado en la cantera del Valencia Basket.<\/p>\n\n\n\n<p>En 2020 dio el salto a U.S.A. para iniciar su carrera universitaria.<\/p>\n\n\n\n<p>4 temporadas militando en Loyola University (2020\/2021; 2021\/2022; 2022\/2023; 2023\/2024) y Pepperdine University (2024\/2025).<\/p>\n\n\n\n<p>Esta pasada temporada Alonso Faure con el Alimerka Oviedo Baloncesto promedi\u00f3 7.7 ppp; 5.5 rpp (Temporada Regular) y 7.6 ppp; 4.6 rpp (Play-Offs de Ascenso a Primera FEB).<\/p>","protected":false},"excerpt":{"rendered":"<p>El Monbus Obradoiro anunci\u00f3 el fichaje de Alonso Faure para la pr\u00f3xima temporada. Cr\u00f3nica de un desenlace esperado, cuando el martes se oficializ\u00f3 la rescisi\u00f3n de contrato de Alonso Faure con el Alimerka Oviedo Baloncesto con el pago de la cl\u00e1usula de rescisi\u00f3n, y su futuro se apuntaba rumbo al Monbus Obradoiro, como as\u00ed hoy&hellip;&nbsp;<a href=\"https:\/\/gijonbasket.com\/en\/2026\/07\/23\/alonso-faure-del-alimerka-oviedo-baloncesto-al-monbus-obradoiro\/\" class=\"\" rel=\"bookmark\">Read More &raquo;<span class=\"screen-reader-text\">Alonso Faure del Alimerka Oviedo Baloncesto al Monbus Obradoiro<\/span><\/a><\/p>","protected":false},"author":2,"featured_media":0,"comment_status":"open","ping_status":"open","sticky":false,"template":"","format":"standard","meta":{"neve_meta_sidebar":"","neve_meta_container":"","neve_meta_enable_content_width":"","neve_meta_content_width":0,"neve_meta_title_alignment":"","neve_meta_author_avatar":"","neve_post_elements_order":"","neve_meta_disable_header":"","neve_meta_disable_footer":"","neve_meta_disable_title":"","footnotes":""},"categories":[4],"tags":[],"class_list":["post-12276","post","type-post","status-publish","format-standard","hentry","category-noticias"],"yoast_head":"<!-- This site is optimized with the Yoast SEO plugin v23.4 - https:\/\/yoast.com\/wordpress\/plugins\/seo\/ -->\n<title>Alonso Faure del Alimerka Oviedo Baloncesto al Monbus Obradoiro - gijonbasket<\/title>\n<meta name=\"robots\" content=\"index, follow, max-snippet:-1, max-image-preview:large, max-video-preview:-1\" \/>\n<link rel=\"canonical\" href=\"https:\/\/gijonbasket.com\/en\/2026\/07\/23\/alonso-faure-del-alimerka-oviedo-baloncesto-al-monbus-obradoiro\/\" \/>\n<meta property=\"og:locale\" content=\"en_US\" \/>\n<meta property=\"og:type\" content=\"article\" \/>\n<meta property=\"og:title\" content=\"Alonso Faure del Alimerka Oviedo Baloncesto al Monbus Obradoiro - gijonbasket\" \/>\n<meta property=\"og:description\" content=\"El Monbus Obradoiro anunci\u00f3 el fichaje de Alonso Faure para la pr\u00f3xima temporada. Cr\u00f3nica de un desenlace esperado, cuando el martes se oficializ\u00f3 la rescisi\u00f3n de contrato de Alonso Faure con el Alimerka Oviedo Baloncesto con el pago de la cl\u00e1usula de rescisi\u00f3n, y su futuro se apuntaba rumbo al Monbus Obradoiro, como as\u00ed hoy&hellip;&nbsp;Read More &raquo;Alonso Faure del Alimerka Oviedo Baloncesto al Monbus Obradoiro\" \/>\n<meta property=\"og:url\" content=\"https:\/\/gijonbasket.com\/en\/2026\/07\/23\/alonso-faure-del-alimerka-oviedo-baloncesto-al-monbus-obradoiro\/\" \/>\n<meta property=\"og:site_name\" content=\"gijonbasket\" \/>\n<meta property=\"article:published_time\" content=\"2026-07-23T17:00:10+00:00\" \/>\n<meta property=\"article:modified_time\" content=\"2026-07-23T17:00:14+00:00\" \/>\n<meta name=\"author\" content=\"Cesar Morales\" \/>\n<meta name=\"twitter:card\" content=\"summary_large_image\" \/>\n<meta name=\"twitter:label1\" content=\"Written by\" \/>\n\t<meta name=\"twitter:data1\" content=\"Cesar Morales\" \/>\n\t<meta name=\"twitter:label2\" content=\"Est. reading time\" \/>\n\t<meta name=\"twitter:data2\" content=\"1 minute\" \/>\n<script type=\"application\/ld+json\" class=\"yoast-schema-graph\">{\"@context\":\"https:\/\/schema.org\",\"@graph\":[{\"@type\":\"Article\",\"@id\":\"https:\/\/gijonbasket.com\/2026\/07\/23\/alonso-faure-del-alimerka-oviedo-baloncesto-al-monbus-obradoiro\/#article\",\"isPartOf\":{\"@id\":\"https:\/\/gijonbasket.com\/2026\/07\/23\/alonso-faure-del-alimerka-oviedo-baloncesto-al-monbus-obradoiro\/\"},\"author\":{\"name\":\"Cesar Morales\",\"@id\":\"https:\/\/gijonbasket.com\/#\/schema\/person\/91af9ff03e8eab582ccc344b715907c0\"},\"headline\":\"Alonso Faure del Alimerka Oviedo Baloncesto al Monbus Obradoiro\",\"datePublished\":\"2026-07-23T17:00:10+00:00\",\"dateModified\":\"2026-07-23T17:00:14+00:00\",\"mainEntityOfPage\":{\"@id\":\"https:\/\/gijonbasket.com\/2026\/07\/23\/alonso-faure-del-alimerka-oviedo-baloncesto-al-monbus-obradoiro\/\"},\"wordCount\":178,\"commentCount\":0,\"publisher\":{\"@id\":\"https:\/\/gijonbasket.com\/#organization\"},\"articleSection\":[\"noticias\"],\"inLanguage\":\"en-US\",\"potentialAction\":[{\"@type\":\"CommentAction\",\"name\":\"Comment\",\"target\":[\"https:\/\/gijonbasket.com\/2026\/07\/23\/alonso-faure-del-alimerka-oviedo-baloncesto-al-monbus-obradoiro\/#respond\"]}]},{\"@type\":\"WebPage\",\"@id\":\"https:\/\/gijonbasket.com\/2026\/07\/23\/alonso-faure-del-alimerka-oviedo-baloncesto-al-monbus-obradoiro\/\",\"url\":\"https:\/\/gijonbasket.com\/2026\/07\/23\/alonso-faure-del-alimerka-oviedo-baloncesto-al-monbus-obradoiro\/\",\"name\":\"Alonso Faure del Alimerka Oviedo Baloncesto al Monbus Obradoiro - gijonbasket\",\"isPartOf\":{\"@id\":\"https:\/\/gijonbasket.com\/#website\"},\"datePublished\":\"2026-07-23T17:00:10+00:00\",\"dateModified\":\"2026-07-23T17:00:14+00:00\",\"breadcrumb\":{\"@id\":\"https:\/\/gijonbasket.com\/2026\/07\/23\/alonso-faure-del-alimerka-oviedo-baloncesto-al-monbus-obradoiro\/#breadcrumb\"},\"inLanguage\":\"en-US\",\"potentialAction\":[{\"@type\":\"ReadAction\",\"target\":[\"https:\/\/gijonbasket.com\/2026\/07\/23\/alonso-faure-del-alimerka-oviedo-baloncesto-al-monbus-obradoiro\/\"]}]},{\"@type\":\"BreadcrumbList\",\"@id\":\"https:\/\/gijonbasket.com\/2026\/07\/23\/alonso-faure-del-alimerka-oviedo-baloncesto-al-monbus-obradoiro\/#breadcrumb\",\"itemListElement\":[{\"@type\":\"ListItem\",\"position\":1,\"name\":\"Portada\",\"item\":\"https:\/\/gijonbasket.com\/\"},{\"@type\":\"ListItem\",\"position\":2,\"name\":\"Alonso Faure del Alimerka Oviedo Baloncesto al Monbus Obradoiro\"}]},{\"@type\":\"WebSite\",\"@id\":\"https:\/\/gijonbasket.com\/#website\",\"url\":\"https:\/\/gijonbasket.com\/\",\"name\":\"gijonbasket\",\"description\":\"\",\"publisher\":{\"@id\":\"https:\/\/gijonbasket.com\/#organization\"},\"potentialAction\":[{\"@type\":\"SearchAction\",\"target\":{\"@type\":\"EntryPoint\",\"urlTemplate\":\"https:\/\/gijonbasket.com\/?s={search_term_string}\"},\"query-input\":{\"@type\":\"PropertyValueSpecification\",\"valueRequired\":true,\"valueName\":\"search_term_string\"}}],\"inLanguage\":\"en-US\"},{\"@type\":\"Organization\",\"@id\":\"https:\/\/gijonbasket.com\/#organization\",\"name\":\"gijonbasket\",\"url\":\"https:\/\/gijonbasket.com\/\",\"logo\":{\"@type\":\"ImageObject\",\"inLanguage\":\"en-US\",\"@id\":\"https:\/\/gijonbasket.com\/#\/schema\/logo\/image\/\",\"url\":\"https:\/\/gijonbasket.com\/wp-content\/uploads\/2023\/03\/LogoGijonBasket2.jpg\",\"contentUrl\":\"https:\/\/gijonbasket.com\/wp-content\/uploads\/2023\/03\/LogoGijonBasket2.jpg\",\"width\":2000,\"height\":550,\"caption\":\"gijonbasket\"},\"image\":{\"@id\":\"https:\/\/gijonbasket.com\/#\/schema\/logo\/image\/\"}},{\"@type\":\"Person\",\"@id\":\"https:\/\/gijonbasket.com\/#\/schema\/person\/91af9ff03e8eab582ccc344b715907c0\",\"name\":\"Cesar Morales\",\"image\":{\"@type\":\"ImageObject\",\"inLanguage\":\"en-US\",\"@id\":\"https:\/\/gijonbasket.com\/#\/schema\/person\/image\/\",\"url\":\"https:\/\/secure.gravatar.com\/avatar\/ab9ddf1e87f7580cae3deefb05a58c5cf4f0c7f96f033fd7dacc23f0e8d149ca?s=96&d=mm&r=g\",\"contentUrl\":\"https:\/\/secure.gravatar.com\/avatar\/ab9ddf1e87f7580cae3deefb05a58c5cf4f0c7f96f033fd7dacc23f0e8d149ca?s=96&d=mm&r=g\",\"caption\":\"Cesar Morales\"},\"url\":\"https:\/\/gijonbasket.com\/en\/author\/cesar\/\"}]}<\/script>\n<!-- \/ Yoast SEO plugin. -->","yoast_head_json":{"title":"Alonso Faure del Alimerka Oviedo Baloncesto al Monbus Obradoiro - gijonbasket","robots":{"index":"index","follow":"follow","max-snippet":"max-snippet:-1","max-image-preview":"max-image-preview:large","max-video-preview":"max-video-preview:-1"},"canonical":"https:\/\/gijonbasket.com\/en\/2026\/07\/23\/alonso-faure-del-alimerka-oviedo-baloncesto-al-monbus-obradoiro\/","og_locale":"en_US","og_type":"article","og_title":"Alonso Faure del Alimerka Oviedo Baloncesto al Monbus Obradoiro - gijonbasket","og_description":"El Monbus Obradoiro anunci\u00f3 el fichaje de Alonso Faure para la pr\u00f3xima temporada. Cr\u00f3nica de un desenlace esperado, cuando el martes se oficializ\u00f3 la rescisi\u00f3n de contrato de Alonso Faure con el Alimerka Oviedo Baloncesto con el pago de la cl\u00e1usula de rescisi\u00f3n, y su futuro se apuntaba rumbo al Monbus Obradoiro, como as\u00ed hoy&hellip;&nbsp;Read More &raquo;Alonso Faure del Alimerka Oviedo Baloncesto al Monbus Obradoiro","og_url":"https:\/\/gijonbasket.com\/en\/2026\/07\/23\/alonso-faure-del-alimerka-oviedo-baloncesto-al-monbus-obradoiro\/","og_site_name":"gijonbasket","article_published_time":"2026-07-23T17:00:10+00:00","article_modified_time":"2026-07-23T17:00:14+00:00","author":"Cesar Morales","twitter_card":"summary_large_image","twitter_misc":{"Written by":"Cesar Morales","Est. reading time":"1 minute"},"schema":{"@context":"https:\/\/schema.org","@graph":[{"@type":"Article","@id":"https:\/\/gijonbasket.com\/2026\/07\/23\/alonso-faure-del-alimerka-oviedo-baloncesto-al-monbus-obradoiro\/#article","isPartOf":{"@id":"https:\/\/gijonbasket.com\/2026\/07\/23\/alonso-faure-del-alimerka-oviedo-baloncesto-al-monbus-obradoiro\/"},"author":{"name":"Cesar Morales","@id":"https:\/\/gijonbasket.com\/#\/schema\/person\/91af9ff03e8eab582ccc344b715907c0"},"headline":"Alonso Faure del Alimerka Oviedo Baloncesto al Monbus Obradoiro","datePublished":"2026-07-23T17:00:10+00:00","dateModified":"2026-07-23T17:00:14+00:00","mainEntityOfPage":{"@id":"https:\/\/gijonbasket.com\/2026\/07\/23\/alonso-faure-del-alimerka-oviedo-baloncesto-al-monbus-obradoiro\/"},"wordCount":178,"commentCount":0,"publisher":{"@id":"https:\/\/gijonbasket.com\/#organization"},"articleSection":["noticias"],"inLanguage":"en-US","potentialAction":[{"@type":"CommentAction","name":"Comment","target":["https:\/\/gijonbasket.com\/2026\/07\/23\/alonso-faure-del-alimerka-oviedo-baloncesto-al-monbus-obradoiro\/#respond"]}]},{"@type":"WebPage","@id":"https:\/\/gijonbasket.com\/2026\/07\/23\/alonso-faure-del-alimerka-oviedo-baloncesto-al-monbus-obradoiro\/","url":"https:\/\/gijonbasket.com\/2026\/07\/23\/alonso-faure-del-alimerka-oviedo-baloncesto-al-monbus-obradoiro\/","name":"Alonso Faure del Alimerka Oviedo Baloncesto al Monbus Obradoiro - gijonbasket","isPartOf":{"@id":"https:\/\/gijonbasket.com\/#website"},"datePublished":"2026-07-23T17:00:10+00:00","dateModified":"2026-07-23T17:00:14+00:00","breadcrumb":{"@id":"https:\/\/gijonbasket.com\/2026\/07\/23\/alonso-faure-del-alimerka-oviedo-baloncesto-al-monbus-obradoiro\/#breadcrumb"},"inLanguage":"en-US","potentialAction":[{"@type":"ReadAction","target":["https:\/\/gijonbasket.com\/2026\/07\/23\/alonso-faure-del-alimerka-oviedo-baloncesto-al-monbus-obradoiro\/"]}]},{"@type":"BreadcrumbList","@id":"https:\/\/gijonbasket.com\/2026\/07\/23\/alonso-faure-del-alimerka-oviedo-baloncesto-al-monbus-obradoiro\/#breadcrumb","itemListElement":[{"@type":"ListItem","position":1,"name":"Portada","item":"https:\/\/gijonbasket.com\/"},{"@type":"ListItem","position":2,"name":"Alonso Faure del Alimerka Oviedo Baloncesto al Monbus Obradoiro"}]},{"@type":"WebSite","@id":"https:\/\/gijonbasket.com\/#website","url":"https:\/\/gijonbasket.com\/","name":"gijonbasket","description":"","publisher":{"@id":"https:\/\/gijonbasket.com\/#organization"},"potentialAction":[{"@type":"SearchAction","target":{"@type":"EntryPoint","urlTemplate":"https:\/\/gijonbasket.com\/?s={search_term_string}"},"query-input":{"@type":"PropertyValueSpecification","valueRequired":true,"valueName":"search_term_string"}}],"inLanguage":"en-US"},{"@type":"Organization","@id":"https:\/\/gijonbasket.com\/#organization","name":"gijonbasket","url":"https:\/\/gijonbasket.com\/","logo":{"@type":"ImageObject","inLanguage":"en-US","@id":"https:\/\/gijonbasket.com\/#\/schema\/logo\/image\/","url":"https:\/\/gijonbasket.com\/wp-content\/uploads\/2023\/03\/LogoGijonBasket2.jpg","contentUrl":"https:\/\/gijonbasket.com\/wp-content\/uploads\/2023\/03\/LogoGijonBasket2.jpg","width":2000,"height":550,"caption":"gijonbasket"},"image":{"@id":"https:\/\/gijonbasket.com\/#\/schema\/logo\/image\/"}},{"@type":"Person","@id":"https:\/\/gijonbasket.com\/#\/schema\/person\/91af9ff03e8eab582ccc344b715907c0","name":"Cesar Morales","image":{"@type":"ImageObject","inLanguage":"en-US","@id":"https:\/\/gijonbasket.com\/#\/schema\/person\/image\/","url":"https:\/\/secure.gravatar.com\/avatar\/ab9ddf1e87f7580cae3deefb05a58c5cf4f0c7f96f033fd7dacc23f0e8d149ca?s=96&d=mm&r=g","contentUrl":"https:\/\/secure.gravatar.com\/avatar\/ab9ddf1e87f7580cae3deefb05a58c5cf4f0c7f96f033fd7dacc23f0e8d149ca?s=96&d=mm&r=g","caption":"Cesar Morales"},"url":"https:\/\/gijonbasket.com\/en\/author\/cesar\/"}]}},"_links":{"self":[{"href":"https:\/\/gijonbasket.com\/en\/wp-json\/wp\/v2\/posts\/12276","targetHints":{"allow":["GET"]}}],"collection":[{"href":"https:\/\/gijonbasket.com\/en\/wp-json\/wp\/v2\/posts"}],"about":[{"href":"https:\/\/gijonbasket.com\/en\/wp-json\/wp\/v2\/types\/post"}],"author":[{"embeddable":true,"href":"https:\/\/gijonbasket.com\/en\/wp-json\/wp\/v2\/users\/2"}],"replies":[{"embeddable":true,"href":"https:\/\/gijonbasket.com\/en\/wp-json\/wp\/v2\/comments?post=12276"}],"version-history":[{"count":1,"href":"https:\/\/gijonbasket.com\/en\/wp-json\/wp\/v2\/posts\/12276\/revisions"}],"predecessor-version":[{"id":12277,"href":"https:\/\/gijonbasket.com\/en\/wp-json\/wp\/v2\/posts\/12276\/revisions\/12277"}],"wp:attachment":[{"href":"https:\/\/gijonbasket.com\/en\/wp-json\/wp\/v2\/media?parent=12276"}],"wp:term":[{"taxonomy":"category","embeddable":true,"href":"https:\/\/gijonbasket.com\/en\/wp-json\/wp\/v2\/categories?post=12276"},{"taxonomy":"post_tag","embeddable":true,"href":"https:\/\/gijonbasket.com\/en\/wp-json\/wp\/v2\/tags?post=12276"}],"curies":[{"name":"wp","href":"https:\/\/api.w.org\/{rel}","templated":true}]}}