{"id":12288,"date":"2026-07-24T10:30:30","date_gmt":"2026-07-24T08:30:30","guid":{"rendered":"https:\/\/gijonbasket.com\/?p=12288"},"modified":"2026-07-24T10:30:57","modified_gmt":"2026-07-24T08:30:57","slug":"roberts-stumbris-al-dreamland-gran-canaria","status":"publish","type":"post","link":"https:\/\/gijonbasket.com\/en\/2026\/07\/24\/roberts-stumbris-al-dreamland-gran-canaria\/","title":{"rendered":"Roberts Stumbris al Dreamland Gran Canaria"},"content":{"rendered":"<p>El Dreamland Gran Canaria cerr\u00f3 el fichaje de Roberts Stumbris para la pr\u00f3xima temporada.<\/p>\n\n\n\n<p>Ala-p\u00edvot let\u00f3n de 33 a\u00f1os y 1.99 m., que la pasada temporada comenz\u00f3 militando en el Melilla Ciudad del Deporte, para terminar en el Movistar Estudiantes.<\/p>\n\n\n\n<p>El pasado mes de febrero fue cuando Roberts Stumbris recal\u00f3 en el Movistar Estudiantes.<\/p>\n\n\n\n<p>Roberts Stumbris se estren\u00f3 en Espa\u00f1a, en la temporada 2024\/2025, militando en el Silb\u00f6 San Pablo Burgos. Temporada hist\u00f3rica con el conjunto burgal\u00e9s al lograr el doblete conquistando el t\u00edtulo de Primera FEB m\u00e1s la Copa Espa\u00f1a.<\/p>\n\n\n\n<p>La pasada temporada Roberts Stumbris promedi\u00f3 7.6 ppp; 3 rpp con el Melilla Ciudad del Deporte y 6.9 ppp; 2.9 rpp (Temporada Regular) y 8 ppp; 4 rpp (Play-Offs Ascenso a Liga Endesa) con el Movistar Estudiantes.<\/p>\n\n\n\n<p>Con experiencia tras jugar en Letonia, Estonia, Lituania, Islandia, Polonia, Italia, B\u00e9lgica y Espa\u00f1a.<\/p>","protected":false},"excerpt":{"rendered":"<p>El Dreamland Gran Canaria cerr\u00f3 el fichaje de Roberts Stumbris para la pr\u00f3xima temporada. Ala-p\u00edvot let\u00f3n de 33 a\u00f1os y 1.99 m., que la pasada temporada comenz\u00f3 militando en el Melilla Ciudad del Deporte, para terminar en el Movistar Estudiantes. El pasado mes de febrero fue cuando Roberts Stumbris recal\u00f3 en el Movistar Estudiantes. Roberts&hellip;&nbsp;<a href=\"https:\/\/gijonbasket.com\/en\/2026\/07\/24\/roberts-stumbris-al-dreamland-gran-canaria\/\" class=\"\" rel=\"bookmark\">Read More &raquo;<span class=\"screen-reader-text\">Roberts Stumbris al Dreamland Gran Canaria<\/span><\/a><\/p>","protected":false},"author":2,"featured_media":0,"comment_status":"open","ping_status":"open","sticky":false,"template":"","format":"standard","meta":{"neve_meta_sidebar":"","neve_meta_container":"","neve_meta_enable_content_width":"","neve_meta_content_width":0,"neve_meta_title_alignment":"","neve_meta_author_avatar":"","neve_post_elements_order":"","neve_meta_disable_header":"","neve_meta_disable_footer":"","neve_meta_disable_title":"","footnotes":""},"categories":[4],"tags":[],"class_list":["post-12288","post","type-post","status-publish","format-standard","hentry","category-noticias"],"yoast_head":"<!-- This site is optimized with the Yoast SEO plugin v23.4 - https:\/\/yoast.com\/wordpress\/plugins\/seo\/ -->\n<title>Roberts Stumbris al Dreamland Gran Canaria - gijonbasket<\/title>\n<meta name=\"robots\" content=\"index, follow, max-snippet:-1, max-image-preview:large, max-video-preview:-1\" \/>\n<link rel=\"canonical\" href=\"https:\/\/gijonbasket.com\/en\/2026\/07\/24\/roberts-stumbris-al-dreamland-gran-canaria\/\" \/>\n<meta property=\"og:locale\" content=\"en_US\" \/>\n<meta property=\"og:type\" content=\"article\" \/>\n<meta property=\"og:title\" content=\"Roberts Stumbris al Dreamland Gran Canaria - gijonbasket\" \/>\n<meta property=\"og:description\" content=\"El Dreamland Gran Canaria cerr\u00f3 el fichaje de Roberts Stumbris para la pr\u00f3xima temporada. Ala-p\u00edvot let\u00f3n de 33 a\u00f1os y 1.99 m., que la pasada temporada comenz\u00f3 militando en el Melilla Ciudad del Deporte, para terminar en el Movistar Estudiantes. El pasado mes de febrero fue cuando Roberts Stumbris recal\u00f3 en el Movistar Estudiantes. Roberts&hellip;&nbsp;Read More &raquo;Roberts Stumbris al Dreamland Gran Canaria\" \/>\n<meta property=\"og:url\" content=\"https:\/\/gijonbasket.com\/en\/2026\/07\/24\/roberts-stumbris-al-dreamland-gran-canaria\/\" \/>\n<meta property=\"og:site_name\" content=\"gijonbasket\" \/>\n<meta property=\"article:published_time\" content=\"2026-07-24T08:30:30+00:00\" \/>\n<meta property=\"article:modified_time\" content=\"2026-07-24T08:30:57+00:00\" \/>\n<meta name=\"author\" content=\"Cesar Morales\" \/>\n<meta name=\"twitter:card\" content=\"summary_large_image\" \/>\n<meta name=\"twitter:label1\" content=\"Written by\" \/>\n\t<meta name=\"twitter:data1\" content=\"Cesar Morales\" \/>\n\t<meta name=\"twitter:label2\" content=\"Est. reading time\" \/>\n\t<meta name=\"twitter:data2\" content=\"1 minute\" \/>\n<script type=\"application\/ld+json\" class=\"yoast-schema-graph\">{\"@context\":\"https:\/\/schema.org\",\"@graph\":[{\"@type\":\"Article\",\"@id\":\"https:\/\/gijonbasket.com\/2026\/07\/24\/roberts-stumbris-al-dreamland-gran-canaria\/#article\",\"isPartOf\":{\"@id\":\"https:\/\/gijonbasket.com\/2026\/07\/24\/roberts-stumbris-al-dreamland-gran-canaria\/\"},\"author\":{\"name\":\"Cesar Morales\",\"@id\":\"https:\/\/gijonbasket.com\/#\/schema\/person\/91af9ff03e8eab582ccc344b715907c0\"},\"headline\":\"Roberts Stumbris al Dreamland Gran Canaria\",\"datePublished\":\"2026-07-24T08:30:30+00:00\",\"dateModified\":\"2026-07-24T08:30:57+00:00\",\"mainEntityOfPage\":{\"@id\":\"https:\/\/gijonbasket.com\/2026\/07\/24\/roberts-stumbris-al-dreamland-gran-canaria\/\"},\"wordCount\":151,\"commentCount\":0,\"publisher\":{\"@id\":\"https:\/\/gijonbasket.com\/#organization\"},\"articleSection\":[\"noticias\"],\"inLanguage\":\"en-US\",\"potentialAction\":[{\"@type\":\"CommentAction\",\"name\":\"Comment\",\"target\":[\"https:\/\/gijonbasket.com\/2026\/07\/24\/roberts-stumbris-al-dreamland-gran-canaria\/#respond\"]}]},{\"@type\":\"WebPage\",\"@id\":\"https:\/\/gijonbasket.com\/2026\/07\/24\/roberts-stumbris-al-dreamland-gran-canaria\/\",\"url\":\"https:\/\/gijonbasket.com\/2026\/07\/24\/roberts-stumbris-al-dreamland-gran-canaria\/\",\"name\":\"Roberts Stumbris al Dreamland Gran Canaria - gijonbasket\",\"isPartOf\":{\"@id\":\"https:\/\/gijonbasket.com\/#website\"},\"datePublished\":\"2026-07-24T08:30:30+00:00\",\"dateModified\":\"2026-07-24T08:30:57+00:00\",\"breadcrumb\":{\"@id\":\"https:\/\/gijonbasket.com\/2026\/07\/24\/roberts-stumbris-al-dreamland-gran-canaria\/#breadcrumb\"},\"inLanguage\":\"en-US\",\"potentialAction\":[{\"@type\":\"ReadAction\",\"target\":[\"https:\/\/gijonbasket.com\/2026\/07\/24\/roberts-stumbris-al-dreamland-gran-canaria\/\"]}]},{\"@type\":\"BreadcrumbList\",\"@id\":\"https:\/\/gijonbasket.com\/2026\/07\/24\/roberts-stumbris-al-dreamland-gran-canaria\/#breadcrumb\",\"itemListElement\":[{\"@type\":\"ListItem\",\"position\":1,\"name\":\"Portada\",\"item\":\"https:\/\/gijonbasket.com\/\"},{\"@type\":\"ListItem\",\"position\":2,\"name\":\"Roberts Stumbris al Dreamland Gran Canaria\"}]},{\"@type\":\"WebSite\",\"@id\":\"https:\/\/gijonbasket.com\/#website\",\"url\":\"https:\/\/gijonbasket.com\/\",\"name\":\"gijonbasket\",\"description\":\"\",\"publisher\":{\"@id\":\"https:\/\/gijonbasket.com\/#organization\"},\"potentialAction\":[{\"@type\":\"SearchAction\",\"target\":{\"@type\":\"EntryPoint\",\"urlTemplate\":\"https:\/\/gijonbasket.com\/?s={search_term_string}\"},\"query-input\":{\"@type\":\"PropertyValueSpecification\",\"valueRequired\":true,\"valueName\":\"search_term_string\"}}],\"inLanguage\":\"en-US\"},{\"@type\":\"Organization\",\"@id\":\"https:\/\/gijonbasket.com\/#organization\",\"name\":\"gijonbasket\",\"url\":\"https:\/\/gijonbasket.com\/\",\"logo\":{\"@type\":\"ImageObject\",\"inLanguage\":\"en-US\",\"@id\":\"https:\/\/gijonbasket.com\/#\/schema\/logo\/image\/\",\"url\":\"https:\/\/gijonbasket.com\/wp-content\/uploads\/2023\/03\/LogoGijonBasket2.jpg\",\"contentUrl\":\"https:\/\/gijonbasket.com\/wp-content\/uploads\/2023\/03\/LogoGijonBasket2.jpg\",\"width\":2000,\"height\":550,\"caption\":\"gijonbasket\"},\"image\":{\"@id\":\"https:\/\/gijonbasket.com\/#\/schema\/logo\/image\/\"}},{\"@type\":\"Person\",\"@id\":\"https:\/\/gijonbasket.com\/#\/schema\/person\/91af9ff03e8eab582ccc344b715907c0\",\"name\":\"Cesar Morales\",\"image\":{\"@type\":\"ImageObject\",\"inLanguage\":\"en-US\",\"@id\":\"https:\/\/gijonbasket.com\/#\/schema\/person\/image\/\",\"url\":\"https:\/\/secure.gravatar.com\/avatar\/ab9ddf1e87f7580cae3deefb05a58c5cf4f0c7f96f033fd7dacc23f0e8d149ca?s=96&d=mm&r=g\",\"contentUrl\":\"https:\/\/secure.gravatar.com\/avatar\/ab9ddf1e87f7580cae3deefb05a58c5cf4f0c7f96f033fd7dacc23f0e8d149ca?s=96&d=mm&r=g\",\"caption\":\"Cesar Morales\"},\"url\":\"https:\/\/gijonbasket.com\/en\/author\/cesar\/\"}]}<\/script>\n<!-- \/ Yoast SEO plugin. -->","yoast_head_json":{"title":"Roberts Stumbris al Dreamland Gran Canaria - gijonbasket","robots":{"index":"index","follow":"follow","max-snippet":"max-snippet:-1","max-image-preview":"max-image-preview:large","max-video-preview":"max-video-preview:-1"},"canonical":"https:\/\/gijonbasket.com\/en\/2026\/07\/24\/roberts-stumbris-al-dreamland-gran-canaria\/","og_locale":"en_US","og_type":"article","og_title":"Roberts Stumbris al Dreamland Gran Canaria - gijonbasket","og_description":"El Dreamland Gran Canaria cerr\u00f3 el fichaje de Roberts Stumbris para la pr\u00f3xima temporada. Ala-p\u00edvot let\u00f3n de 33 a\u00f1os y 1.99 m., que la pasada temporada comenz\u00f3 militando en el Melilla Ciudad del Deporte, para terminar en el Movistar Estudiantes. El pasado mes de febrero fue cuando Roberts Stumbris recal\u00f3 en el Movistar Estudiantes. Roberts&hellip;&nbsp;Read More &raquo;Roberts Stumbris al Dreamland Gran Canaria","og_url":"https:\/\/gijonbasket.com\/en\/2026\/07\/24\/roberts-stumbris-al-dreamland-gran-canaria\/","og_site_name":"gijonbasket","article_published_time":"2026-07-24T08:30:30+00:00","article_modified_time":"2026-07-24T08:30:57+00:00","author":"Cesar Morales","twitter_card":"summary_large_image","twitter_misc":{"Written by":"Cesar Morales","Est. reading time":"1 minute"},"schema":{"@context":"https:\/\/schema.org","@graph":[{"@type":"Article","@id":"https:\/\/gijonbasket.com\/2026\/07\/24\/roberts-stumbris-al-dreamland-gran-canaria\/#article","isPartOf":{"@id":"https:\/\/gijonbasket.com\/2026\/07\/24\/roberts-stumbris-al-dreamland-gran-canaria\/"},"author":{"name":"Cesar Morales","@id":"https:\/\/gijonbasket.com\/#\/schema\/person\/91af9ff03e8eab582ccc344b715907c0"},"headline":"Roberts Stumbris al Dreamland Gran Canaria","datePublished":"2026-07-24T08:30:30+00:00","dateModified":"2026-07-24T08:30:57+00:00","mainEntityOfPage":{"@id":"https:\/\/gijonbasket.com\/2026\/07\/24\/roberts-stumbris-al-dreamland-gran-canaria\/"},"wordCount":151,"commentCount":0,"publisher":{"@id":"https:\/\/gijonbasket.com\/#organization"},"articleSection":["noticias"],"inLanguage":"en-US","potentialAction":[{"@type":"CommentAction","name":"Comment","target":["https:\/\/gijonbasket.com\/2026\/07\/24\/roberts-stumbris-al-dreamland-gran-canaria\/#respond"]}]},{"@type":"WebPage","@id":"https:\/\/gijonbasket.com\/2026\/07\/24\/roberts-stumbris-al-dreamland-gran-canaria\/","url":"https:\/\/gijonbasket.com\/2026\/07\/24\/roberts-stumbris-al-dreamland-gran-canaria\/","name":"Roberts Stumbris al Dreamland Gran Canaria - gijonbasket","isPartOf":{"@id":"https:\/\/gijonbasket.com\/#website"},"datePublished":"2026-07-24T08:30:30+00:00","dateModified":"2026-07-24T08:30:57+00:00","breadcrumb":{"@id":"https:\/\/gijonbasket.com\/2026\/07\/24\/roberts-stumbris-al-dreamland-gran-canaria\/#breadcrumb"},"inLanguage":"en-US","potentialAction":[{"@type":"ReadAction","target":["https:\/\/gijonbasket.com\/2026\/07\/24\/roberts-stumbris-al-dreamland-gran-canaria\/"]}]},{"@type":"BreadcrumbList","@id":"https:\/\/gijonbasket.com\/2026\/07\/24\/roberts-stumbris-al-dreamland-gran-canaria\/#breadcrumb","itemListElement":[{"@type":"ListItem","position":1,"name":"Portada","item":"https:\/\/gijonbasket.com\/"},{"@type":"ListItem","position":2,"name":"Roberts Stumbris al Dreamland Gran Canaria"}]},{"@type":"WebSite","@id":"https:\/\/gijonbasket.com\/#website","url":"https:\/\/gijonbasket.com\/","name":"gijonbasket","description":"","publisher":{"@id":"https:\/\/gijonbasket.com\/#organization"},"potentialAction":[{"@type":"SearchAction","target":{"@type":"EntryPoint","urlTemplate":"https:\/\/gijonbasket.com\/?s={search_term_string}"},"query-input":{"@type":"PropertyValueSpecification","valueRequired":true,"valueName":"search_term_string"}}],"inLanguage":"en-US"},{"@type":"Organization","@id":"https:\/\/gijonbasket.com\/#organization","name":"gijonbasket","url":"https:\/\/gijonbasket.com\/","logo":{"@type":"ImageObject","inLanguage":"en-US","@id":"https:\/\/gijonbasket.com\/#\/schema\/logo\/image\/","url":"https:\/\/gijonbasket.com\/wp-content\/uploads\/2023\/03\/LogoGijonBasket2.jpg","contentUrl":"https:\/\/gijonbasket.com\/wp-content\/uploads\/2023\/03\/LogoGijonBasket2.jpg","width":2000,"height":550,"caption":"gijonbasket"},"image":{"@id":"https:\/\/gijonbasket.com\/#\/schema\/logo\/image\/"}},{"@type":"Person","@id":"https:\/\/gijonbasket.com\/#\/schema\/person\/91af9ff03e8eab582ccc344b715907c0","name":"Cesar Morales","image":{"@type":"ImageObject","inLanguage":"en-US","@id":"https:\/\/gijonbasket.com\/#\/schema\/person\/image\/","url":"https:\/\/secure.gravatar.com\/avatar\/ab9ddf1e87f7580cae3deefb05a58c5cf4f0c7f96f033fd7dacc23f0e8d149ca?s=96&d=mm&r=g","contentUrl":"https:\/\/secure.gravatar.com\/avatar\/ab9ddf1e87f7580cae3deefb05a58c5cf4f0c7f96f033fd7dacc23f0e8d149ca?s=96&d=mm&r=g","caption":"Cesar Morales"},"url":"https:\/\/gijonbasket.com\/en\/author\/cesar\/"}]}},"_links":{"self":[{"href":"https:\/\/gijonbasket.com\/en\/wp-json\/wp\/v2\/posts\/12288","targetHints":{"allow":["GET"]}}],"collection":[{"href":"https:\/\/gijonbasket.com\/en\/wp-json\/wp\/v2\/posts"}],"about":[{"href":"https:\/\/gijonbasket.com\/en\/wp-json\/wp\/v2\/types\/post"}],"author":[{"embeddable":true,"href":"https:\/\/gijonbasket.com\/en\/wp-json\/wp\/v2\/users\/2"}],"replies":[{"embeddable":true,"href":"https:\/\/gijonbasket.com\/en\/wp-json\/wp\/v2\/comments?post=12288"}],"version-history":[{"count":2,"href":"https:\/\/gijonbasket.com\/en\/wp-json\/wp\/v2\/posts\/12288\/revisions"}],"predecessor-version":[{"id":12291,"href":"https:\/\/gijonbasket.com\/en\/wp-json\/wp\/v2\/posts\/12288\/revisions\/12291"}],"wp:attachment":[{"href":"https:\/\/gijonbasket.com\/en\/wp-json\/wp\/v2\/media?parent=12288"}],"wp:term":[{"taxonomy":"category","embeddable":true,"href":"https:\/\/gijonbasket.com\/en\/wp-json\/wp\/v2\/categories?post=12288"},{"taxonomy":"post_tag","embeddable":true,"href":"https:\/\/gijonbasket.com\/en\/wp-json\/wp\/v2\/tags?post=12288"}],"curies":[{"name":"wp","href":"https:\/\/api.w.org\/{rel}","templated":true}]}}