{"id":12320,"date":"2026-07-25T01:55:05","date_gmt":"2026-07-24T23:55:05","guid":{"rendered":"https:\/\/gijonbasket.com\/?p=12320"},"modified":"2026-07-25T01:55:08","modified_gmt":"2026-07-24T23:55:08","slug":"jayson-granger-se-retira-a-los-36-anos","status":"publish","type":"post","link":"https:\/\/gijonbasket.com\/en\/2026\/07\/25\/jayson-granger-se-retira-a-los-36-anos\/","title":{"rendered":"Jayson Granger se retira a los 36 a\u00f1os"},"content":{"rendered":"<p>Jayson Granger anunci\u00f3 su retirada del baloncesto profesional a los 36 a\u00f1os para integrarse en la estructura deportiva del Movistar Estudiantes.<\/p>\n\n\n\n<p>Base uruguayo con nacionalidad italiana que milit\u00f3 las dos \u00faltimas temporadas en el Movistar Estudiantes.<\/p>\n\n\n\n<p>Jayson Granger, es uno de los jugadores hist\u00f3ricos del Movistar Estudiantes, desde su llegada en 2005 en edad Junior hasta debutar con el primer equipo en la temporada 2007\/2008.<\/p>\n\n\n\n<p>6 temporadas en Liga Endesa con el Movistar Estudiantes m\u00e1s las dos \u00faltimas en Primera FEB.<\/p>\n\n\n\n<p>12 temporadas en Liga Endesa militando en Movistar Estudiantes (6 temporadas), Unicaja (2 temporadas) y Kirolbet Baskonia (4 temporadas).<\/p>\n\n\n\n<p>Sus inicios en el mundo del baloncesto se produjeron en las categor\u00edas inferiores del Club Atl\u00e9tico Cord\u00f3n (Uruguay).<\/p>\n\n\n\n<p>Jayson Granger defendi\u00f3 los colores del Anadolu Efes (2015\/2016; 2016\/2017), ALBA Berl\u00edn (2020\/2021), Reyer Venezia (2022\/2023) y Club Atl\u00e9tico Pe\u00f1arol (2023\/2024).<\/p>\n\n\n\n<p>Internacional por Uruguay.<\/p>\n\n\n\n<p><\/p>\n\n\n\n<p><\/p>\n\n\n\n<p><\/p>","protected":false},"excerpt":{"rendered":"<p>Jayson Granger anunci\u00f3 su retirada del baloncesto profesional a los 36 a\u00f1os para integrarse en la estructura deportiva del Movistar Estudiantes. Base uruguayo con nacionalidad italiana que milit\u00f3 las dos \u00faltimas temporadas en el Movistar Estudiantes. Jayson Granger, es uno de los jugadores hist\u00f3ricos del Movistar Estudiantes, desde su llegada en 2005 en edad Junior&hellip;&nbsp;<a href=\"https:\/\/gijonbasket.com\/en\/2026\/07\/25\/jayson-granger-se-retira-a-los-36-anos\/\" class=\"\" rel=\"bookmark\">Read More &raquo;<span class=\"screen-reader-text\">Jayson Granger se retira a los 36 a\u00f1os<\/span><\/a><\/p>","protected":false},"author":2,"featured_media":0,"comment_status":"open","ping_status":"open","sticky":false,"template":"","format":"standard","meta":{"neve_meta_sidebar":"","neve_meta_container":"","neve_meta_enable_content_width":"","neve_meta_content_width":0,"neve_meta_title_alignment":"","neve_meta_author_avatar":"","neve_post_elements_order":"","neve_meta_disable_header":"","neve_meta_disable_footer":"","neve_meta_disable_title":"","footnotes":""},"categories":[4],"tags":[],"class_list":["post-12320","post","type-post","status-publish","format-standard","hentry","category-noticias"],"yoast_head":"<!-- This site is optimized with the Yoast SEO plugin v23.4 - https:\/\/yoast.com\/wordpress\/plugins\/seo\/ -->\n<title>Jayson Granger se retira a los 36 a\u00f1os - gijonbasket<\/title>\n<meta name=\"robots\" content=\"index, follow, max-snippet:-1, max-image-preview:large, max-video-preview:-1\" \/>\n<link rel=\"canonical\" href=\"https:\/\/gijonbasket.com\/en\/2026\/07\/25\/jayson-granger-se-retira-a-los-36-anos\/\" \/>\n<meta property=\"og:locale\" content=\"en_US\" \/>\n<meta property=\"og:type\" content=\"article\" \/>\n<meta property=\"og:title\" content=\"Jayson Granger se retira a los 36 a\u00f1os - gijonbasket\" \/>\n<meta property=\"og:description\" content=\"Jayson Granger anunci\u00f3 su retirada del baloncesto profesional a los 36 a\u00f1os para integrarse en la estructura deportiva del Movistar Estudiantes. Base uruguayo con nacionalidad italiana que milit\u00f3 las dos \u00faltimas temporadas en el Movistar Estudiantes. Jayson Granger, es uno de los jugadores hist\u00f3ricos del Movistar Estudiantes, desde su llegada en 2005 en edad Junior&hellip;&nbsp;Read More &raquo;Jayson Granger se retira a los 36 a\u00f1os\" \/>\n<meta property=\"og:url\" content=\"https:\/\/gijonbasket.com\/en\/2026\/07\/25\/jayson-granger-se-retira-a-los-36-anos\/\" \/>\n<meta property=\"og:site_name\" content=\"gijonbasket\" \/>\n<meta property=\"article:published_time\" content=\"2026-07-24T23:55:05+00:00\" \/>\n<meta property=\"article:modified_time\" content=\"2026-07-24T23:55:08+00:00\" \/>\n<meta name=\"author\" content=\"Cesar Morales\" \/>\n<meta name=\"twitter:card\" content=\"summary_large_image\" \/>\n<meta name=\"twitter:label1\" content=\"Written by\" \/>\n\t<meta name=\"twitter:data1\" content=\"Cesar Morales\" \/>\n\t<meta name=\"twitter:label2\" content=\"Est. reading time\" \/>\n\t<meta name=\"twitter:data2\" content=\"1 minute\" \/>\n<script type=\"application\/ld+json\" class=\"yoast-schema-graph\">{\"@context\":\"https:\/\/schema.org\",\"@graph\":[{\"@type\":\"Article\",\"@id\":\"https:\/\/gijonbasket.com\/2026\/07\/25\/jayson-granger-se-retira-a-los-36-anos\/#article\",\"isPartOf\":{\"@id\":\"https:\/\/gijonbasket.com\/2026\/07\/25\/jayson-granger-se-retira-a-los-36-anos\/\"},\"author\":{\"name\":\"Cesar Morales\",\"@id\":\"https:\/\/gijonbasket.com\/#\/schema\/person\/91af9ff03e8eab582ccc344b715907c0\"},\"headline\":\"Jayson Granger se retira a los 36 a\u00f1os\",\"datePublished\":\"2026-07-24T23:55:05+00:00\",\"dateModified\":\"2026-07-24T23:55:08+00:00\",\"mainEntityOfPage\":{\"@id\":\"https:\/\/gijonbasket.com\/2026\/07\/25\/jayson-granger-se-retira-a-los-36-anos\/\"},\"wordCount\":146,\"commentCount\":0,\"publisher\":{\"@id\":\"https:\/\/gijonbasket.com\/#organization\"},\"articleSection\":[\"noticias\"],\"inLanguage\":\"en-US\",\"potentialAction\":[{\"@type\":\"CommentAction\",\"name\":\"Comment\",\"target\":[\"https:\/\/gijonbasket.com\/2026\/07\/25\/jayson-granger-se-retira-a-los-36-anos\/#respond\"]}]},{\"@type\":\"WebPage\",\"@id\":\"https:\/\/gijonbasket.com\/2026\/07\/25\/jayson-granger-se-retira-a-los-36-anos\/\",\"url\":\"https:\/\/gijonbasket.com\/2026\/07\/25\/jayson-granger-se-retira-a-los-36-anos\/\",\"name\":\"Jayson Granger se retira a los 36 a\u00f1os - gijonbasket\",\"isPartOf\":{\"@id\":\"https:\/\/gijonbasket.com\/#website\"},\"datePublished\":\"2026-07-24T23:55:05+00:00\",\"dateModified\":\"2026-07-24T23:55:08+00:00\",\"breadcrumb\":{\"@id\":\"https:\/\/gijonbasket.com\/2026\/07\/25\/jayson-granger-se-retira-a-los-36-anos\/#breadcrumb\"},\"inLanguage\":\"en-US\",\"potentialAction\":[{\"@type\":\"ReadAction\",\"target\":[\"https:\/\/gijonbasket.com\/2026\/07\/25\/jayson-granger-se-retira-a-los-36-anos\/\"]}]},{\"@type\":\"BreadcrumbList\",\"@id\":\"https:\/\/gijonbasket.com\/2026\/07\/25\/jayson-granger-se-retira-a-los-36-anos\/#breadcrumb\",\"itemListElement\":[{\"@type\":\"ListItem\",\"position\":1,\"name\":\"Portada\",\"item\":\"https:\/\/gijonbasket.com\/\"},{\"@type\":\"ListItem\",\"position\":2,\"name\":\"Jayson Granger se retira a los 36 a\u00f1os\"}]},{\"@type\":\"WebSite\",\"@id\":\"https:\/\/gijonbasket.com\/#website\",\"url\":\"https:\/\/gijonbasket.com\/\",\"name\":\"gijonbasket\",\"description\":\"\",\"publisher\":{\"@id\":\"https:\/\/gijonbasket.com\/#organization\"},\"potentialAction\":[{\"@type\":\"SearchAction\",\"target\":{\"@type\":\"EntryPoint\",\"urlTemplate\":\"https:\/\/gijonbasket.com\/?s={search_term_string}\"},\"query-input\":{\"@type\":\"PropertyValueSpecification\",\"valueRequired\":true,\"valueName\":\"search_term_string\"}}],\"inLanguage\":\"en-US\"},{\"@type\":\"Organization\",\"@id\":\"https:\/\/gijonbasket.com\/#organization\",\"name\":\"gijonbasket\",\"url\":\"https:\/\/gijonbasket.com\/\",\"logo\":{\"@type\":\"ImageObject\",\"inLanguage\":\"en-US\",\"@id\":\"https:\/\/gijonbasket.com\/#\/schema\/logo\/image\/\",\"url\":\"https:\/\/gijonbasket.com\/wp-content\/uploads\/2023\/03\/LogoGijonBasket2.jpg\",\"contentUrl\":\"https:\/\/gijonbasket.com\/wp-content\/uploads\/2023\/03\/LogoGijonBasket2.jpg\",\"width\":2000,\"height\":550,\"caption\":\"gijonbasket\"},\"image\":{\"@id\":\"https:\/\/gijonbasket.com\/#\/schema\/logo\/image\/\"}},{\"@type\":\"Person\",\"@id\":\"https:\/\/gijonbasket.com\/#\/schema\/person\/91af9ff03e8eab582ccc344b715907c0\",\"name\":\"Cesar Morales\",\"image\":{\"@type\":\"ImageObject\",\"inLanguage\":\"en-US\",\"@id\":\"https:\/\/gijonbasket.com\/#\/schema\/person\/image\/\",\"url\":\"https:\/\/secure.gravatar.com\/avatar\/ab9ddf1e87f7580cae3deefb05a58c5cf4f0c7f96f033fd7dacc23f0e8d149ca?s=96&d=mm&r=g\",\"contentUrl\":\"https:\/\/secure.gravatar.com\/avatar\/ab9ddf1e87f7580cae3deefb05a58c5cf4f0c7f96f033fd7dacc23f0e8d149ca?s=96&d=mm&r=g\",\"caption\":\"Cesar Morales\"},\"url\":\"https:\/\/gijonbasket.com\/en\/author\/cesar\/\"}]}<\/script>\n<!-- \/ Yoast SEO plugin. -->","yoast_head_json":{"title":"Jayson Granger se retira a los 36 a\u00f1os - gijonbasket","robots":{"index":"index","follow":"follow","max-snippet":"max-snippet:-1","max-image-preview":"max-image-preview:large","max-video-preview":"max-video-preview:-1"},"canonical":"https:\/\/gijonbasket.com\/en\/2026\/07\/25\/jayson-granger-se-retira-a-los-36-anos\/","og_locale":"en_US","og_type":"article","og_title":"Jayson Granger se retira a los 36 a\u00f1os - gijonbasket","og_description":"Jayson Granger anunci\u00f3 su retirada del baloncesto profesional a los 36 a\u00f1os para integrarse en la estructura deportiva del Movistar Estudiantes. Base uruguayo con nacionalidad italiana que milit\u00f3 las dos \u00faltimas temporadas en el Movistar Estudiantes. Jayson Granger, es uno de los jugadores hist\u00f3ricos del Movistar Estudiantes, desde su llegada en 2005 en edad Junior&hellip;&nbsp;Read More &raquo;Jayson Granger se retira a los 36 a\u00f1os","og_url":"https:\/\/gijonbasket.com\/en\/2026\/07\/25\/jayson-granger-se-retira-a-los-36-anos\/","og_site_name":"gijonbasket","article_published_time":"2026-07-24T23:55:05+00:00","article_modified_time":"2026-07-24T23:55:08+00:00","author":"Cesar Morales","twitter_card":"summary_large_image","twitter_misc":{"Written by":"Cesar Morales","Est. reading time":"1 minute"},"schema":{"@context":"https:\/\/schema.org","@graph":[{"@type":"Article","@id":"https:\/\/gijonbasket.com\/2026\/07\/25\/jayson-granger-se-retira-a-los-36-anos\/#article","isPartOf":{"@id":"https:\/\/gijonbasket.com\/2026\/07\/25\/jayson-granger-se-retira-a-los-36-anos\/"},"author":{"name":"Cesar Morales","@id":"https:\/\/gijonbasket.com\/#\/schema\/person\/91af9ff03e8eab582ccc344b715907c0"},"headline":"Jayson Granger se retira a los 36 a\u00f1os","datePublished":"2026-07-24T23:55:05+00:00","dateModified":"2026-07-24T23:55:08+00:00","mainEntityOfPage":{"@id":"https:\/\/gijonbasket.com\/2026\/07\/25\/jayson-granger-se-retira-a-los-36-anos\/"},"wordCount":146,"commentCount":0,"publisher":{"@id":"https:\/\/gijonbasket.com\/#organization"},"articleSection":["noticias"],"inLanguage":"en-US","potentialAction":[{"@type":"CommentAction","name":"Comment","target":["https:\/\/gijonbasket.com\/2026\/07\/25\/jayson-granger-se-retira-a-los-36-anos\/#respond"]}]},{"@type":"WebPage","@id":"https:\/\/gijonbasket.com\/2026\/07\/25\/jayson-granger-se-retira-a-los-36-anos\/","url":"https:\/\/gijonbasket.com\/2026\/07\/25\/jayson-granger-se-retira-a-los-36-anos\/","name":"Jayson Granger se retira a los 36 a\u00f1os - gijonbasket","isPartOf":{"@id":"https:\/\/gijonbasket.com\/#website"},"datePublished":"2026-07-24T23:55:05+00:00","dateModified":"2026-07-24T23:55:08+00:00","breadcrumb":{"@id":"https:\/\/gijonbasket.com\/2026\/07\/25\/jayson-granger-se-retira-a-los-36-anos\/#breadcrumb"},"inLanguage":"en-US","potentialAction":[{"@type":"ReadAction","target":["https:\/\/gijonbasket.com\/2026\/07\/25\/jayson-granger-se-retira-a-los-36-anos\/"]}]},{"@type":"BreadcrumbList","@id":"https:\/\/gijonbasket.com\/2026\/07\/25\/jayson-granger-se-retira-a-los-36-anos\/#breadcrumb","itemListElement":[{"@type":"ListItem","position":1,"name":"Portada","item":"https:\/\/gijonbasket.com\/"},{"@type":"ListItem","position":2,"name":"Jayson Granger se retira a los 36 a\u00f1os"}]},{"@type":"WebSite","@id":"https:\/\/gijonbasket.com\/#website","url":"https:\/\/gijonbasket.com\/","name":"gijonbasket","description":"","publisher":{"@id":"https:\/\/gijonbasket.com\/#organization"},"potentialAction":[{"@type":"SearchAction","target":{"@type":"EntryPoint","urlTemplate":"https:\/\/gijonbasket.com\/?s={search_term_string}"},"query-input":{"@type":"PropertyValueSpecification","valueRequired":true,"valueName":"search_term_string"}}],"inLanguage":"en-US"},{"@type":"Organization","@id":"https:\/\/gijonbasket.com\/#organization","name":"gijonbasket","url":"https:\/\/gijonbasket.com\/","logo":{"@type":"ImageObject","inLanguage":"en-US","@id":"https:\/\/gijonbasket.com\/#\/schema\/logo\/image\/","url":"https:\/\/gijonbasket.com\/wp-content\/uploads\/2023\/03\/LogoGijonBasket2.jpg","contentUrl":"https:\/\/gijonbasket.com\/wp-content\/uploads\/2023\/03\/LogoGijonBasket2.jpg","width":2000,"height":550,"caption":"gijonbasket"},"image":{"@id":"https:\/\/gijonbasket.com\/#\/schema\/logo\/image\/"}},{"@type":"Person","@id":"https:\/\/gijonbasket.com\/#\/schema\/person\/91af9ff03e8eab582ccc344b715907c0","name":"Cesar Morales","image":{"@type":"ImageObject","inLanguage":"en-US","@id":"https:\/\/gijonbasket.com\/#\/schema\/person\/image\/","url":"https:\/\/secure.gravatar.com\/avatar\/ab9ddf1e87f7580cae3deefb05a58c5cf4f0c7f96f033fd7dacc23f0e8d149ca?s=96&d=mm&r=g","contentUrl":"https:\/\/secure.gravatar.com\/avatar\/ab9ddf1e87f7580cae3deefb05a58c5cf4f0c7f96f033fd7dacc23f0e8d149ca?s=96&d=mm&r=g","caption":"Cesar Morales"},"url":"https:\/\/gijonbasket.com\/en\/author\/cesar\/"}]}},"_links":{"self":[{"href":"https:\/\/gijonbasket.com\/en\/wp-json\/wp\/v2\/posts\/12320","targetHints":{"allow":["GET"]}}],"collection":[{"href":"https:\/\/gijonbasket.com\/en\/wp-json\/wp\/v2\/posts"}],"about":[{"href":"https:\/\/gijonbasket.com\/en\/wp-json\/wp\/v2\/types\/post"}],"author":[{"embeddable":true,"href":"https:\/\/gijonbasket.com\/en\/wp-json\/wp\/v2\/users\/2"}],"replies":[{"embeddable":true,"href":"https:\/\/gijonbasket.com\/en\/wp-json\/wp\/v2\/comments?post=12320"}],"version-history":[{"count":1,"href":"https:\/\/gijonbasket.com\/en\/wp-json\/wp\/v2\/posts\/12320\/revisions"}],"predecessor-version":[{"id":12321,"href":"https:\/\/gijonbasket.com\/en\/wp-json\/wp\/v2\/posts\/12320\/revisions\/12321"}],"wp:attachment":[{"href":"https:\/\/gijonbasket.com\/en\/wp-json\/wp\/v2\/media?parent=12320"}],"wp:term":[{"taxonomy":"category","embeddable":true,"href":"https:\/\/gijonbasket.com\/en\/wp-json\/wp\/v2\/categories?post=12320"},{"taxonomy":"post_tag","embeddable":true,"href":"https:\/\/gijonbasket.com\/en\/wp-json\/wp\/v2\/tags?post=12320"}],"curies":[{"name":"wp","href":"https:\/\/api.w.org\/{rel}","templated":true}]}}