{"id":12345,"date":"2026-07-26T21:55:11","date_gmt":"2026-07-26T19:55:11","guid":{"rendered":"https:\/\/gijonbasket.com\/?p=12345"},"modified":"2026-07-26T21:55:14","modified_gmt":"2026-07-26T19:55:14","slug":"mario-hezonja-a-los-cleveland-cavaliers","status":"publish","type":"post","link":"https:\/\/gijonbasket.com\/en\/2026\/07\/26\/mario-hezonja-a-los-cleveland-cavaliers\/","title":{"rendered":"Mario Hezonja a los Cleveland Cavaliers"},"content":{"rendered":"<p>Los Cleveland Cavaliers se refuerzan con el fichaje de Mario Hezonja para la pr\u00f3xima temporada y as\u00ed iniciar su segunda etapa NBA.<\/p>\n\n\n\n<p>El Real Madrid pierde a una de sus estrellas con el pago de su cl\u00e1usula de rescisi\u00f3n.<\/p>\n\n\n\n<p>Alero croata de 31 a\u00f1os y 2.02 m. que milit\u00f3 las cuatro temporadas en el Real Madrid.<\/p>\n\n\n\n<p>Sus inicios en el mundo del baloncesto fueron en KK Dubrovnik y KK Zagreb hasta su fichaje por el F.C. Barcelona.<\/p>\n\n\n\n<p>En julio de 2012 con 17 a\u00f1os, Mario Hezonja fue fichado por el F.C. Barcelona donde milit\u00f3 durante tres temporadas (2012\/2013; 2013\/2014; 2014\/2015). <\/p>\n\n\n\n<p>En su etapa blaugrana Mario hezonja conquist\u00f3 2 Liga Endesa (2011\/2012; 2013\/2014) y 1 Copa del Rey (2012\/2013).<\/p>\n\n\n\n<p>Seleccionado en NBA Draft 2015 por los Orlando Magic con n\u00ba 5.<\/p>\n\n\n\n<p>5 temporadas NBA militando en Orlando Magic (2015\/2016; 2016\/2017; 2017\/2018), New York Knicks (2018\/2019) y Portland Trail Blazers (2019\/2020). En su \u00faltima temporada NBA fue traspasado desde los Blazers a los Memphis Grizzlies sin llegar a debutar.<\/p>\n\n\n\n<p>En febrero de 2021 se produjo su regreso a Europa, finalizando su etapa NBA, para recalar en el Panathinaikos (2020\/2021) y UNICS Kazan (2021\/2022).<\/p>\n\n\n\n<p>Su gran rendimiento en el UNICS Kazan le abri\u00f3 las puertas del Real Madrid donde recal\u00f3 en la temporada 2022\/2023.<\/p>\n\n\n\n<p>4 temporadas en el Real Madrid (2022\/2023; 2023\/2024; 2024\/2025; 2025\/20206) para convertirse en una de las estrellas del conjunto merengue.<\/p>\n\n\n\n<p>Con el Real Madrid, Mario Hezonja conquist\u00f3 1 Euroliga (2023\/2024), 2 Liga Endesa (2023\/2024; 2024\/2025), 1 Copa del Rey (2023\/2024) y 2 SuperCopa Endesa (2021\/2022; 2022\/2023).<\/p>\n\n\n\n<p>Internacional por Croacia.<\/p>","protected":false},"excerpt":{"rendered":"<p>Los Cleveland Cavaliers se refuerzan con el fichaje de Mario Hezonja para la pr\u00f3xima temporada y as\u00ed iniciar su segunda etapa NBA. El Real Madrid pierde a una de sus estrellas con el pago de su cl\u00e1usula de rescisi\u00f3n. Alero croata de 31 a\u00f1os y 2.02 m. que milit\u00f3 las cuatro temporadas en el Real&hellip;&nbsp;<a href=\"https:\/\/gijonbasket.com\/en\/2026\/07\/26\/mario-hezonja-a-los-cleveland-cavaliers\/\" class=\"\" rel=\"bookmark\">Read More &raquo;<span class=\"screen-reader-text\">Mario Hezonja a los Cleveland Cavaliers<\/span><\/a><\/p>","protected":false},"author":2,"featured_media":0,"comment_status":"open","ping_status":"open","sticky":false,"template":"","format":"standard","meta":{"neve_meta_sidebar":"","neve_meta_container":"","neve_meta_enable_content_width":"","neve_meta_content_width":0,"neve_meta_title_alignment":"","neve_meta_author_avatar":"","neve_post_elements_order":"","neve_meta_disable_header":"","neve_meta_disable_footer":"","neve_meta_disable_title":"","footnotes":""},"categories":[4],"tags":[],"class_list":["post-12345","post","type-post","status-publish","format-standard","hentry","category-noticias"],"yoast_head":"<!-- This site is optimized with the Yoast SEO plugin v23.4 - https:\/\/yoast.com\/wordpress\/plugins\/seo\/ -->\n<title>Mario Hezonja a los Cleveland Cavaliers - gijonbasket<\/title>\n<meta name=\"robots\" content=\"index, follow, max-snippet:-1, max-image-preview:large, max-video-preview:-1\" \/>\n<link rel=\"canonical\" href=\"https:\/\/gijonbasket.com\/en\/2026\/07\/26\/mario-hezonja-a-los-cleveland-cavaliers\/\" \/>\n<meta property=\"og:locale\" content=\"en_US\" \/>\n<meta property=\"og:type\" content=\"article\" \/>\n<meta property=\"og:title\" content=\"Mario Hezonja a los Cleveland Cavaliers - gijonbasket\" \/>\n<meta property=\"og:description\" content=\"Los Cleveland Cavaliers se refuerzan con el fichaje de Mario Hezonja para la pr\u00f3xima temporada y as\u00ed iniciar su segunda etapa NBA. El Real Madrid pierde a una de sus estrellas con el pago de su cl\u00e1usula de rescisi\u00f3n. Alero croata de 31 a\u00f1os y 2.02 m. que milit\u00f3 las cuatro temporadas en el Real&hellip;&nbsp;Read More &raquo;Mario Hezonja a los Cleveland Cavaliers\" \/>\n<meta property=\"og:url\" content=\"https:\/\/gijonbasket.com\/en\/2026\/07\/26\/mario-hezonja-a-los-cleveland-cavaliers\/\" \/>\n<meta property=\"og:site_name\" content=\"gijonbasket\" \/>\n<meta property=\"article:published_time\" content=\"2026-07-26T19:55:11+00:00\" \/>\n<meta property=\"article:modified_time\" content=\"2026-07-26T19:55:14+00:00\" \/>\n<meta name=\"author\" content=\"Cesar Morales\" \/>\n<meta name=\"twitter:card\" content=\"summary_large_image\" \/>\n<meta name=\"twitter:label1\" content=\"Written by\" \/>\n\t<meta name=\"twitter:data1\" content=\"Cesar Morales\" \/>\n\t<meta name=\"twitter:label2\" content=\"Est. reading time\" \/>\n\t<meta name=\"twitter:data2\" content=\"2 minutes\" \/>\n<script type=\"application\/ld+json\" class=\"yoast-schema-graph\">{\"@context\":\"https:\/\/schema.org\",\"@graph\":[{\"@type\":\"Article\",\"@id\":\"https:\/\/gijonbasket.com\/2026\/07\/26\/mario-hezonja-a-los-cleveland-cavaliers\/#article\",\"isPartOf\":{\"@id\":\"https:\/\/gijonbasket.com\/2026\/07\/26\/mario-hezonja-a-los-cleveland-cavaliers\/\"},\"author\":{\"name\":\"Cesar Morales\",\"@id\":\"https:\/\/gijonbasket.com\/#\/schema\/person\/91af9ff03e8eab582ccc344b715907c0\"},\"headline\":\"Mario Hezonja a los Cleveland Cavaliers\",\"datePublished\":\"2026-07-26T19:55:11+00:00\",\"dateModified\":\"2026-07-26T19:55:14+00:00\",\"mainEntityOfPage\":{\"@id\":\"https:\/\/gijonbasket.com\/2026\/07\/26\/mario-hezonja-a-los-cleveland-cavaliers\/\"},\"wordCount\":234,\"commentCount\":0,\"publisher\":{\"@id\":\"https:\/\/gijonbasket.com\/#organization\"},\"articleSection\":[\"noticias\"],\"inLanguage\":\"en-US\",\"potentialAction\":[{\"@type\":\"CommentAction\",\"name\":\"Comment\",\"target\":[\"https:\/\/gijonbasket.com\/2026\/07\/26\/mario-hezonja-a-los-cleveland-cavaliers\/#respond\"]}]},{\"@type\":\"WebPage\",\"@id\":\"https:\/\/gijonbasket.com\/2026\/07\/26\/mario-hezonja-a-los-cleveland-cavaliers\/\",\"url\":\"https:\/\/gijonbasket.com\/2026\/07\/26\/mario-hezonja-a-los-cleveland-cavaliers\/\",\"name\":\"Mario Hezonja a los Cleveland Cavaliers - gijonbasket\",\"isPartOf\":{\"@id\":\"https:\/\/gijonbasket.com\/#website\"},\"datePublished\":\"2026-07-26T19:55:11+00:00\",\"dateModified\":\"2026-07-26T19:55:14+00:00\",\"breadcrumb\":{\"@id\":\"https:\/\/gijonbasket.com\/2026\/07\/26\/mario-hezonja-a-los-cleveland-cavaliers\/#breadcrumb\"},\"inLanguage\":\"en-US\",\"potentialAction\":[{\"@type\":\"ReadAction\",\"target\":[\"https:\/\/gijonbasket.com\/2026\/07\/26\/mario-hezonja-a-los-cleveland-cavaliers\/\"]}]},{\"@type\":\"BreadcrumbList\",\"@id\":\"https:\/\/gijonbasket.com\/2026\/07\/26\/mario-hezonja-a-los-cleveland-cavaliers\/#breadcrumb\",\"itemListElement\":[{\"@type\":\"ListItem\",\"position\":1,\"name\":\"Portada\",\"item\":\"https:\/\/gijonbasket.com\/\"},{\"@type\":\"ListItem\",\"position\":2,\"name\":\"Mario Hezonja a los Cleveland Cavaliers\"}]},{\"@type\":\"WebSite\",\"@id\":\"https:\/\/gijonbasket.com\/#website\",\"url\":\"https:\/\/gijonbasket.com\/\",\"name\":\"gijonbasket\",\"description\":\"\",\"publisher\":{\"@id\":\"https:\/\/gijonbasket.com\/#organization\"},\"potentialAction\":[{\"@type\":\"SearchAction\",\"target\":{\"@type\":\"EntryPoint\",\"urlTemplate\":\"https:\/\/gijonbasket.com\/?s={search_term_string}\"},\"query-input\":{\"@type\":\"PropertyValueSpecification\",\"valueRequired\":true,\"valueName\":\"search_term_string\"}}],\"inLanguage\":\"en-US\"},{\"@type\":\"Organization\",\"@id\":\"https:\/\/gijonbasket.com\/#organization\",\"name\":\"gijonbasket\",\"url\":\"https:\/\/gijonbasket.com\/\",\"logo\":{\"@type\":\"ImageObject\",\"inLanguage\":\"en-US\",\"@id\":\"https:\/\/gijonbasket.com\/#\/schema\/logo\/image\/\",\"url\":\"https:\/\/gijonbasket.com\/wp-content\/uploads\/2023\/03\/LogoGijonBasket2.jpg\",\"contentUrl\":\"https:\/\/gijonbasket.com\/wp-content\/uploads\/2023\/03\/LogoGijonBasket2.jpg\",\"width\":2000,\"height\":550,\"caption\":\"gijonbasket\"},\"image\":{\"@id\":\"https:\/\/gijonbasket.com\/#\/schema\/logo\/image\/\"}},{\"@type\":\"Person\",\"@id\":\"https:\/\/gijonbasket.com\/#\/schema\/person\/91af9ff03e8eab582ccc344b715907c0\",\"name\":\"Cesar Morales\",\"image\":{\"@type\":\"ImageObject\",\"inLanguage\":\"en-US\",\"@id\":\"https:\/\/gijonbasket.com\/#\/schema\/person\/image\/\",\"url\":\"https:\/\/secure.gravatar.com\/avatar\/ab9ddf1e87f7580cae3deefb05a58c5cf4f0c7f96f033fd7dacc23f0e8d149ca?s=96&d=mm&r=g\",\"contentUrl\":\"https:\/\/secure.gravatar.com\/avatar\/ab9ddf1e87f7580cae3deefb05a58c5cf4f0c7f96f033fd7dacc23f0e8d149ca?s=96&d=mm&r=g\",\"caption\":\"Cesar Morales\"},\"url\":\"https:\/\/gijonbasket.com\/en\/author\/cesar\/\"}]}<\/script>\n<!-- \/ Yoast SEO plugin. -->","yoast_head_json":{"title":"Mario Hezonja a los Cleveland Cavaliers - gijonbasket","robots":{"index":"index","follow":"follow","max-snippet":"max-snippet:-1","max-image-preview":"max-image-preview:large","max-video-preview":"max-video-preview:-1"},"canonical":"https:\/\/gijonbasket.com\/en\/2026\/07\/26\/mario-hezonja-a-los-cleveland-cavaliers\/","og_locale":"en_US","og_type":"article","og_title":"Mario Hezonja a los Cleveland Cavaliers - gijonbasket","og_description":"Los Cleveland Cavaliers se refuerzan con el fichaje de Mario Hezonja para la pr\u00f3xima temporada y as\u00ed iniciar su segunda etapa NBA. El Real Madrid pierde a una de sus estrellas con el pago de su cl\u00e1usula de rescisi\u00f3n. Alero croata de 31 a\u00f1os y 2.02 m. que milit\u00f3 las cuatro temporadas en el Real&hellip;&nbsp;Read More &raquo;Mario Hezonja a los Cleveland Cavaliers","og_url":"https:\/\/gijonbasket.com\/en\/2026\/07\/26\/mario-hezonja-a-los-cleveland-cavaliers\/","og_site_name":"gijonbasket","article_published_time":"2026-07-26T19:55:11+00:00","article_modified_time":"2026-07-26T19:55:14+00:00","author":"Cesar Morales","twitter_card":"summary_large_image","twitter_misc":{"Written by":"Cesar Morales","Est. reading time":"2 minutes"},"schema":{"@context":"https:\/\/schema.org","@graph":[{"@type":"Article","@id":"https:\/\/gijonbasket.com\/2026\/07\/26\/mario-hezonja-a-los-cleveland-cavaliers\/#article","isPartOf":{"@id":"https:\/\/gijonbasket.com\/2026\/07\/26\/mario-hezonja-a-los-cleveland-cavaliers\/"},"author":{"name":"Cesar Morales","@id":"https:\/\/gijonbasket.com\/#\/schema\/person\/91af9ff03e8eab582ccc344b715907c0"},"headline":"Mario Hezonja a los Cleveland Cavaliers","datePublished":"2026-07-26T19:55:11+00:00","dateModified":"2026-07-26T19:55:14+00:00","mainEntityOfPage":{"@id":"https:\/\/gijonbasket.com\/2026\/07\/26\/mario-hezonja-a-los-cleveland-cavaliers\/"},"wordCount":234,"commentCount":0,"publisher":{"@id":"https:\/\/gijonbasket.com\/#organization"},"articleSection":["noticias"],"inLanguage":"en-US","potentialAction":[{"@type":"CommentAction","name":"Comment","target":["https:\/\/gijonbasket.com\/2026\/07\/26\/mario-hezonja-a-los-cleveland-cavaliers\/#respond"]}]},{"@type":"WebPage","@id":"https:\/\/gijonbasket.com\/2026\/07\/26\/mario-hezonja-a-los-cleveland-cavaliers\/","url":"https:\/\/gijonbasket.com\/2026\/07\/26\/mario-hezonja-a-los-cleveland-cavaliers\/","name":"Mario Hezonja a los Cleveland Cavaliers - gijonbasket","isPartOf":{"@id":"https:\/\/gijonbasket.com\/#website"},"datePublished":"2026-07-26T19:55:11+00:00","dateModified":"2026-07-26T19:55:14+00:00","breadcrumb":{"@id":"https:\/\/gijonbasket.com\/2026\/07\/26\/mario-hezonja-a-los-cleveland-cavaliers\/#breadcrumb"},"inLanguage":"en-US","potentialAction":[{"@type":"ReadAction","target":["https:\/\/gijonbasket.com\/2026\/07\/26\/mario-hezonja-a-los-cleveland-cavaliers\/"]}]},{"@type":"BreadcrumbList","@id":"https:\/\/gijonbasket.com\/2026\/07\/26\/mario-hezonja-a-los-cleveland-cavaliers\/#breadcrumb","itemListElement":[{"@type":"ListItem","position":1,"name":"Portada","item":"https:\/\/gijonbasket.com\/"},{"@type":"ListItem","position":2,"name":"Mario Hezonja a los Cleveland Cavaliers"}]},{"@type":"WebSite","@id":"https:\/\/gijonbasket.com\/#website","url":"https:\/\/gijonbasket.com\/","name":"gijonbasket","description":"","publisher":{"@id":"https:\/\/gijonbasket.com\/#organization"},"potentialAction":[{"@type":"SearchAction","target":{"@type":"EntryPoint","urlTemplate":"https:\/\/gijonbasket.com\/?s={search_term_string}"},"query-input":{"@type":"PropertyValueSpecification","valueRequired":true,"valueName":"search_term_string"}}],"inLanguage":"en-US"},{"@type":"Organization","@id":"https:\/\/gijonbasket.com\/#organization","name":"gijonbasket","url":"https:\/\/gijonbasket.com\/","logo":{"@type":"ImageObject","inLanguage":"en-US","@id":"https:\/\/gijonbasket.com\/#\/schema\/logo\/image\/","url":"https:\/\/gijonbasket.com\/wp-content\/uploads\/2023\/03\/LogoGijonBasket2.jpg","contentUrl":"https:\/\/gijonbasket.com\/wp-content\/uploads\/2023\/03\/LogoGijonBasket2.jpg","width":2000,"height":550,"caption":"gijonbasket"},"image":{"@id":"https:\/\/gijonbasket.com\/#\/schema\/logo\/image\/"}},{"@type":"Person","@id":"https:\/\/gijonbasket.com\/#\/schema\/person\/91af9ff03e8eab582ccc344b715907c0","name":"Cesar Morales","image":{"@type":"ImageObject","inLanguage":"en-US","@id":"https:\/\/gijonbasket.com\/#\/schema\/person\/image\/","url":"https:\/\/secure.gravatar.com\/avatar\/ab9ddf1e87f7580cae3deefb05a58c5cf4f0c7f96f033fd7dacc23f0e8d149ca?s=96&d=mm&r=g","contentUrl":"https:\/\/secure.gravatar.com\/avatar\/ab9ddf1e87f7580cae3deefb05a58c5cf4f0c7f96f033fd7dacc23f0e8d149ca?s=96&d=mm&r=g","caption":"Cesar Morales"},"url":"https:\/\/gijonbasket.com\/en\/author\/cesar\/"}]}},"_links":{"self":[{"href":"https:\/\/gijonbasket.com\/en\/wp-json\/wp\/v2\/posts\/12345","targetHints":{"allow":["GET"]}}],"collection":[{"href":"https:\/\/gijonbasket.com\/en\/wp-json\/wp\/v2\/posts"}],"about":[{"href":"https:\/\/gijonbasket.com\/en\/wp-json\/wp\/v2\/types\/post"}],"author":[{"embeddable":true,"href":"https:\/\/gijonbasket.com\/en\/wp-json\/wp\/v2\/users\/2"}],"replies":[{"embeddable":true,"href":"https:\/\/gijonbasket.com\/en\/wp-json\/wp\/v2\/comments?post=12345"}],"version-history":[{"count":1,"href":"https:\/\/gijonbasket.com\/en\/wp-json\/wp\/v2\/posts\/12345\/revisions"}],"predecessor-version":[{"id":12346,"href":"https:\/\/gijonbasket.com\/en\/wp-json\/wp\/v2\/posts\/12345\/revisions\/12346"}],"wp:attachment":[{"href":"https:\/\/gijonbasket.com\/en\/wp-json\/wp\/v2\/media?parent=12345"}],"wp:term":[{"taxonomy":"category","embeddable":true,"href":"https:\/\/gijonbasket.com\/en\/wp-json\/wp\/v2\/categories?post=12345"},{"taxonomy":"post_tag","embeddable":true,"href":"https:\/\/gijonbasket.com\/en\/wp-json\/wp\/v2\/tags?post=12345"}],"curies":[{"name":"wp","href":"https:\/\/api.w.org\/{rel}","templated":true}]}}