{"id":12363,"date":"2026-07-27T20:12:47","date_gmt":"2026-07-27T18:12:47","guid":{"rendered":"https:\/\/gijonbasket.com\/?p=12363"},"modified":"2026-07-27T20:13:30","modified_gmt":"2026-07-27T18:13:30","slug":"miguel-gonzalez-una-temporada-mas-con-el-asturiana-de-reparaciones-bvm2012-uniovi","status":"publish","type":"post","link":"https:\/\/gijonbasket.com\/en\/2026\/07\/27\/miguel-gonzalez-una-temporada-mas-con-el-asturiana-de-reparaciones-bvm2012-uniovi\/","title":{"rendered":"Miguel Gonz\u00e1lez una temporada m\u00e1s con el Asturiana de Reparaciones BVM2012-Uniovi"},"content":{"rendered":"<p>El Asturiana de Reparaciones BVM2012-Uniovi anunci\u00f3 la renovaci\u00f3n de contrato a Miguel Gonz\u00e1lez \u00bb Michu \u00bb para la pr\u00f3xima temporada.<\/p>\n\n\n\n<p>Alero de 26 a\u00f1os y 1.95 m. que cumplir\u00e1 su tercera temporada en el Asturiana de Reparaciones BVM2012-Uniovi.<\/p>\n\n\n\n<p>Formado en la cantera del Alimerka Oviedo Baloncesto, desde infantil hasta junior, llegando a estar en din\u00e1mica con el primer equipo en LEB Oro en su \u00faltima temporada.<\/p>\n\n\n\n<p>Miguel Gonz\u00e1lez milit\u00f3 en la Canarias Basketball Academy (2017\/2018), hasta que una grave lesi\u00f3n de rodilla, cort\u00f3 su trayectoria que tambi\u00e9n le afectar\u00eda en Ranger College (2018\/2019).<\/p>\n\n\n\n<p>5 temporadas militando en Gij\u00f3n Basket en Liga EBA (2019\/2020; 2020\/2021; 2021\/2022; 2022\/2023; 2023\/2024).<\/p>\n\n\n\n<p>Las dos \u00faltimas temporadas Miguel Gonz\u00e1lez defendi\u00f3 los colores del Asturiana de Reparaciones BVM2012-Uniovi en 1\u00aa FBPA.<\/p>\n\n\n\n<p>La pasada temporada fue pieza clave para el conjunto negrillo que se proclam\u00f3 Campe\u00f3n de 1\u00aa FBPA.<\/p>\n\n\n\n<p>Miguel Gonz\u00e1lez la pasada temporada promedi\u00f3 15.3 ppp. <\/p>\n\n\n\n<p>Miguel Gonz\u00e1lez se suma a las renovaciones de Dani L\u00f3pez y Diego Gonz\u00e1lez.<\/p>\n\n\n<div class=\"wp-block-image\">\n<figure class=\"aligncenter size-large\"><img fetchpriority=\"high\" decoding=\"async\" width=\"1021\" height=\"1024\" src=\"https:\/\/gijonbasket.com\/wp-content\/uploads\/2026\/07\/image-32-1021x1024.png\" alt=\"\" class=\"wp-image-12366\" srcset=\"https:\/\/gijonbasket.com\/wp-content\/uploads\/2026\/07\/image-32-1021x1024.png 1021w, https:\/\/gijonbasket.com\/wp-content\/uploads\/2026\/07\/image-32-300x300.png 300w, https:\/\/gijonbasket.com\/wp-content\/uploads\/2026\/07\/image-32-150x150.png 150w, https:\/\/gijonbasket.com\/wp-content\/uploads\/2026\/07\/image-32-768x770.png 768w, https:\/\/gijonbasket.com\/wp-content\/uploads\/2026\/07\/image-32-12x12.png 12w, https:\/\/gijonbasket.com\/wp-content\/uploads\/2026\/07\/image-32.png 1080w\" sizes=\"(max-width: 1021px) 100vw, 1021px\" \/><\/figure>\n<\/div>\n\n\n<p><\/p>","protected":false},"excerpt":{"rendered":"<p>El Asturiana de Reparaciones BVM2012-Uniovi anunci\u00f3 la renovaci\u00f3n de contrato a Miguel Gonz\u00e1lez \u00bb Michu \u00bb para la pr\u00f3xima temporada. Alero de 26 a\u00f1os y 1.95 m. que cumplir\u00e1 su tercera temporada en el Asturiana de Reparaciones BVM2012-Uniovi. Formado en la cantera del Alimerka Oviedo Baloncesto, desde infantil hasta junior, llegando a estar en din\u00e1mica&hellip;&nbsp;<a href=\"https:\/\/gijonbasket.com\/en\/2026\/07\/27\/miguel-gonzalez-una-temporada-mas-con-el-asturiana-de-reparaciones-bvm2012-uniovi\/\" class=\"\" rel=\"bookmark\">Read More &raquo;<span class=\"screen-reader-text\">Miguel Gonz\u00e1lez una temporada m\u00e1s con el Asturiana de Reparaciones BVM2012-Uniovi<\/span><\/a><\/p>","protected":false},"author":2,"featured_media":0,"comment_status":"open","ping_status":"open","sticky":false,"template":"","format":"standard","meta":{"neve_meta_sidebar":"","neve_meta_container":"","neve_meta_enable_content_width":"","neve_meta_content_width":0,"neve_meta_title_alignment":"","neve_meta_author_avatar":"","neve_post_elements_order":"","neve_meta_disable_header":"","neve_meta_disable_footer":"","neve_meta_disable_title":"","footnotes":""},"categories":[4],"tags":[],"class_list":["post-12363","post","type-post","status-publish","format-standard","hentry","category-noticias"],"yoast_head":"<!-- This site is optimized with the Yoast SEO plugin v23.4 - https:\/\/yoast.com\/wordpress\/plugins\/seo\/ -->\n<title>Miguel Gonz\u00e1lez una temporada m\u00e1s con el Asturiana de Reparaciones BVM2012-Uniovi - gijonbasket<\/title>\n<meta name=\"robots\" content=\"index, follow, max-snippet:-1, max-image-preview:large, max-video-preview:-1\" \/>\n<link rel=\"canonical\" href=\"https:\/\/gijonbasket.com\/en\/2026\/07\/27\/miguel-gonzalez-una-temporada-mas-con-el-asturiana-de-reparaciones-bvm2012-uniovi\/\" \/>\n<meta property=\"og:locale\" content=\"en_US\" \/>\n<meta property=\"og:type\" content=\"article\" \/>\n<meta property=\"og:title\" content=\"Miguel Gonz\u00e1lez una temporada m\u00e1s con el Asturiana de Reparaciones BVM2012-Uniovi - gijonbasket\" \/>\n<meta property=\"og:description\" content=\"El Asturiana de Reparaciones BVM2012-Uniovi anunci\u00f3 la renovaci\u00f3n de contrato a Miguel Gonz\u00e1lez \u00bb Michu \u00bb para la pr\u00f3xima temporada. Alero de 26 a\u00f1os y 1.95 m. que cumplir\u00e1 su tercera temporada en el Asturiana de Reparaciones BVM2012-Uniovi. Formado en la cantera del Alimerka Oviedo Baloncesto, desde infantil hasta junior, llegando a estar en din\u00e1mica&hellip;&nbsp;Read More &raquo;Miguel Gonz\u00e1lez una temporada m\u00e1s con el Asturiana de Reparaciones BVM2012-Uniovi\" \/>\n<meta property=\"og:url\" content=\"https:\/\/gijonbasket.com\/en\/2026\/07\/27\/miguel-gonzalez-una-temporada-mas-con-el-asturiana-de-reparaciones-bvm2012-uniovi\/\" \/>\n<meta property=\"og:site_name\" content=\"gijonbasket\" \/>\n<meta property=\"article:published_time\" content=\"2026-07-27T18:12:47+00:00\" \/>\n<meta property=\"article:modified_time\" content=\"2026-07-27T18:13:30+00:00\" \/>\n<meta property=\"og:image\" content=\"https:\/\/gijonbasket.com\/wp-content\/uploads\/2026\/07\/image-32-1021x1024.png\" \/>\n<meta name=\"author\" content=\"Cesar Morales\" \/>\n<meta name=\"twitter:card\" content=\"summary_large_image\" \/>\n<meta name=\"twitter:label1\" content=\"Written by\" \/>\n\t<meta name=\"twitter:data1\" content=\"Cesar Morales\" \/>\n\t<meta name=\"twitter:label2\" content=\"Est. reading time\" \/>\n\t<meta name=\"twitter:data2\" content=\"1 minute\" \/>\n<script type=\"application\/ld+json\" class=\"yoast-schema-graph\">{\"@context\":\"https:\/\/schema.org\",\"@graph\":[{\"@type\":\"Article\",\"@id\":\"https:\/\/gijonbasket.com\/2026\/07\/27\/miguel-gonzalez-una-temporada-mas-con-el-asturiana-de-reparaciones-bvm2012-uniovi\/#article\",\"isPartOf\":{\"@id\":\"https:\/\/gijonbasket.com\/2026\/07\/27\/miguel-gonzalez-una-temporada-mas-con-el-asturiana-de-reparaciones-bvm2012-uniovi\/\"},\"author\":{\"name\":\"Cesar Morales\",\"@id\":\"https:\/\/gijonbasket.com\/#\/schema\/person\/91af9ff03e8eab582ccc344b715907c0\"},\"headline\":\"Miguel Gonz\u00e1lez una temporada m\u00e1s con el Asturiana de Reparaciones BVM2012-Uniovi\",\"datePublished\":\"2026-07-27T18:12:47+00:00\",\"dateModified\":\"2026-07-27T18:13:30+00:00\",\"mainEntityOfPage\":{\"@id\":\"https:\/\/gijonbasket.com\/2026\/07\/27\/miguel-gonzalez-una-temporada-mas-con-el-asturiana-de-reparaciones-bvm2012-uniovi\/\"},\"wordCount\":180,\"commentCount\":0,\"publisher\":{\"@id\":\"https:\/\/gijonbasket.com\/#organization\"},\"image\":{\"@id\":\"https:\/\/gijonbasket.com\/2026\/07\/27\/miguel-gonzalez-una-temporada-mas-con-el-asturiana-de-reparaciones-bvm2012-uniovi\/#primaryimage\"},\"thumbnailUrl\":\"https:\/\/gijonbasket.com\/wp-content\/uploads\/2026\/07\/image-32-1021x1024.png\",\"articleSection\":[\"noticias\"],\"inLanguage\":\"en-US\",\"potentialAction\":[{\"@type\":\"CommentAction\",\"name\":\"Comment\",\"target\":[\"https:\/\/gijonbasket.com\/2026\/07\/27\/miguel-gonzalez-una-temporada-mas-con-el-asturiana-de-reparaciones-bvm2012-uniovi\/#respond\"]}]},{\"@type\":\"WebPage\",\"@id\":\"https:\/\/gijonbasket.com\/2026\/07\/27\/miguel-gonzalez-una-temporada-mas-con-el-asturiana-de-reparaciones-bvm2012-uniovi\/\",\"url\":\"https:\/\/gijonbasket.com\/2026\/07\/27\/miguel-gonzalez-una-temporada-mas-con-el-asturiana-de-reparaciones-bvm2012-uniovi\/\",\"name\":\"Miguel Gonz\u00e1lez una temporada m\u00e1s con el Asturiana de Reparaciones BVM2012-Uniovi - gijonbasket\",\"isPartOf\":{\"@id\":\"https:\/\/gijonbasket.com\/#website\"},\"primaryImageOfPage\":{\"@id\":\"https:\/\/gijonbasket.com\/2026\/07\/27\/miguel-gonzalez-una-temporada-mas-con-el-asturiana-de-reparaciones-bvm2012-uniovi\/#primaryimage\"},\"image\":{\"@id\":\"https:\/\/gijonbasket.com\/2026\/07\/27\/miguel-gonzalez-una-temporada-mas-con-el-asturiana-de-reparaciones-bvm2012-uniovi\/#primaryimage\"},\"thumbnailUrl\":\"https:\/\/gijonbasket.com\/wp-content\/uploads\/2026\/07\/image-32-1021x1024.png\",\"datePublished\":\"2026-07-27T18:12:47+00:00\",\"dateModified\":\"2026-07-27T18:13:30+00:00\",\"breadcrumb\":{\"@id\":\"https:\/\/gijonbasket.com\/2026\/07\/27\/miguel-gonzalez-una-temporada-mas-con-el-asturiana-de-reparaciones-bvm2012-uniovi\/#breadcrumb\"},\"inLanguage\":\"en-US\",\"potentialAction\":[{\"@type\":\"ReadAction\",\"target\":[\"https:\/\/gijonbasket.com\/2026\/07\/27\/miguel-gonzalez-una-temporada-mas-con-el-asturiana-de-reparaciones-bvm2012-uniovi\/\"]}]},{\"@type\":\"ImageObject\",\"inLanguage\":\"en-US\",\"@id\":\"https:\/\/gijonbasket.com\/2026\/07\/27\/miguel-gonzalez-una-temporada-mas-con-el-asturiana-de-reparaciones-bvm2012-uniovi\/#primaryimage\",\"url\":\"https:\/\/gijonbasket.com\/wp-content\/uploads\/2026\/07\/image-32-1021x1024.png\",\"contentUrl\":\"https:\/\/gijonbasket.com\/wp-content\/uploads\/2026\/07\/image-32-1021x1024.png\"},{\"@type\":\"BreadcrumbList\",\"@id\":\"https:\/\/gijonbasket.com\/2026\/07\/27\/miguel-gonzalez-una-temporada-mas-con-el-asturiana-de-reparaciones-bvm2012-uniovi\/#breadcrumb\",\"itemListElement\":[{\"@type\":\"ListItem\",\"position\":1,\"name\":\"Portada\",\"item\":\"https:\/\/gijonbasket.com\/\"},{\"@type\":\"ListItem\",\"position\":2,\"name\":\"Miguel Gonz\u00e1lez una temporada m\u00e1s con el Asturiana de Reparaciones BVM2012-Uniovi\"}]},{\"@type\":\"WebSite\",\"@id\":\"https:\/\/gijonbasket.com\/#website\",\"url\":\"https:\/\/gijonbasket.com\/\",\"name\":\"gijonbasket\",\"description\":\"\",\"publisher\":{\"@id\":\"https:\/\/gijonbasket.com\/#organization\"},\"potentialAction\":[{\"@type\":\"SearchAction\",\"target\":{\"@type\":\"EntryPoint\",\"urlTemplate\":\"https:\/\/gijonbasket.com\/?s={search_term_string}\"},\"query-input\":{\"@type\":\"PropertyValueSpecification\",\"valueRequired\":true,\"valueName\":\"search_term_string\"}}],\"inLanguage\":\"en-US\"},{\"@type\":\"Organization\",\"@id\":\"https:\/\/gijonbasket.com\/#organization\",\"name\":\"gijonbasket\",\"url\":\"https:\/\/gijonbasket.com\/\",\"logo\":{\"@type\":\"ImageObject\",\"inLanguage\":\"en-US\",\"@id\":\"https:\/\/gijonbasket.com\/#\/schema\/logo\/image\/\",\"url\":\"https:\/\/gijonbasket.com\/wp-content\/uploads\/2023\/03\/LogoGijonBasket2.jpg\",\"contentUrl\":\"https:\/\/gijonbasket.com\/wp-content\/uploads\/2023\/03\/LogoGijonBasket2.jpg\",\"width\":2000,\"height\":550,\"caption\":\"gijonbasket\"},\"image\":{\"@id\":\"https:\/\/gijonbasket.com\/#\/schema\/logo\/image\/\"}},{\"@type\":\"Person\",\"@id\":\"https:\/\/gijonbasket.com\/#\/schema\/person\/91af9ff03e8eab582ccc344b715907c0\",\"name\":\"Cesar Morales\",\"image\":{\"@type\":\"ImageObject\",\"inLanguage\":\"en-US\",\"@id\":\"https:\/\/gijonbasket.com\/#\/schema\/person\/image\/\",\"url\":\"https:\/\/secure.gravatar.com\/avatar\/ab9ddf1e87f7580cae3deefb05a58c5cf4f0c7f96f033fd7dacc23f0e8d149ca?s=96&d=mm&r=g\",\"contentUrl\":\"https:\/\/secure.gravatar.com\/avatar\/ab9ddf1e87f7580cae3deefb05a58c5cf4f0c7f96f033fd7dacc23f0e8d149ca?s=96&d=mm&r=g\",\"caption\":\"Cesar Morales\"},\"url\":\"https:\/\/gijonbasket.com\/en\/author\/cesar\/\"}]}<\/script>\n<!-- \/ Yoast SEO plugin. -->","yoast_head_json":{"title":"Miguel Gonz\u00e1lez una temporada m\u00e1s con el Asturiana de Reparaciones BVM2012-Uniovi - gijonbasket","robots":{"index":"index","follow":"follow","max-snippet":"max-snippet:-1","max-image-preview":"max-image-preview:large","max-video-preview":"max-video-preview:-1"},"canonical":"https:\/\/gijonbasket.com\/en\/2026\/07\/27\/miguel-gonzalez-una-temporada-mas-con-el-asturiana-de-reparaciones-bvm2012-uniovi\/","og_locale":"en_US","og_type":"article","og_title":"Miguel Gonz\u00e1lez una temporada m\u00e1s con el Asturiana de Reparaciones BVM2012-Uniovi - gijonbasket","og_description":"El Asturiana de Reparaciones BVM2012-Uniovi anunci\u00f3 la renovaci\u00f3n de contrato a Miguel Gonz\u00e1lez \u00bb Michu \u00bb para la pr\u00f3xima temporada. Alero de 26 a\u00f1os y 1.95 m. que cumplir\u00e1 su tercera temporada en el Asturiana de Reparaciones BVM2012-Uniovi. Formado en la cantera del Alimerka Oviedo Baloncesto, desde infantil hasta junior, llegando a estar en din\u00e1mica&hellip;&nbsp;Read More &raquo;Miguel Gonz\u00e1lez una temporada m\u00e1s con el Asturiana de Reparaciones BVM2012-Uniovi","og_url":"https:\/\/gijonbasket.com\/en\/2026\/07\/27\/miguel-gonzalez-una-temporada-mas-con-el-asturiana-de-reparaciones-bvm2012-uniovi\/","og_site_name":"gijonbasket","article_published_time":"2026-07-27T18:12:47+00:00","article_modified_time":"2026-07-27T18:13:30+00:00","og_image":[{"url":"https:\/\/gijonbasket.com\/wp-content\/uploads\/2026\/07\/image-32-1021x1024.png"}],"author":"Cesar Morales","twitter_card":"summary_large_image","twitter_misc":{"Written by":"Cesar Morales","Est. reading time":"1 minute"},"schema":{"@context":"https:\/\/schema.org","@graph":[{"@type":"Article","@id":"https:\/\/gijonbasket.com\/2026\/07\/27\/miguel-gonzalez-una-temporada-mas-con-el-asturiana-de-reparaciones-bvm2012-uniovi\/#article","isPartOf":{"@id":"https:\/\/gijonbasket.com\/2026\/07\/27\/miguel-gonzalez-una-temporada-mas-con-el-asturiana-de-reparaciones-bvm2012-uniovi\/"},"author":{"name":"Cesar Morales","@id":"https:\/\/gijonbasket.com\/#\/schema\/person\/91af9ff03e8eab582ccc344b715907c0"},"headline":"Miguel Gonz\u00e1lez una temporada m\u00e1s con el Asturiana de Reparaciones BVM2012-Uniovi","datePublished":"2026-07-27T18:12:47+00:00","dateModified":"2026-07-27T18:13:30+00:00","mainEntityOfPage":{"@id":"https:\/\/gijonbasket.com\/2026\/07\/27\/miguel-gonzalez-una-temporada-mas-con-el-asturiana-de-reparaciones-bvm2012-uniovi\/"},"wordCount":180,"commentCount":0,"publisher":{"@id":"https:\/\/gijonbasket.com\/#organization"},"image":{"@id":"https:\/\/gijonbasket.com\/2026\/07\/27\/miguel-gonzalez-una-temporada-mas-con-el-asturiana-de-reparaciones-bvm2012-uniovi\/#primaryimage"},"thumbnailUrl":"https:\/\/gijonbasket.com\/wp-content\/uploads\/2026\/07\/image-32-1021x1024.png","articleSection":["noticias"],"inLanguage":"en-US","potentialAction":[{"@type":"CommentAction","name":"Comment","target":["https:\/\/gijonbasket.com\/2026\/07\/27\/miguel-gonzalez-una-temporada-mas-con-el-asturiana-de-reparaciones-bvm2012-uniovi\/#respond"]}]},{"@type":"WebPage","@id":"https:\/\/gijonbasket.com\/2026\/07\/27\/miguel-gonzalez-una-temporada-mas-con-el-asturiana-de-reparaciones-bvm2012-uniovi\/","url":"https:\/\/gijonbasket.com\/2026\/07\/27\/miguel-gonzalez-una-temporada-mas-con-el-asturiana-de-reparaciones-bvm2012-uniovi\/","name":"Miguel Gonz\u00e1lez una temporada m\u00e1s con el Asturiana de Reparaciones BVM2012-Uniovi - gijonbasket","isPartOf":{"@id":"https:\/\/gijonbasket.com\/#website"},"primaryImageOfPage":{"@id":"https:\/\/gijonbasket.com\/2026\/07\/27\/miguel-gonzalez-una-temporada-mas-con-el-asturiana-de-reparaciones-bvm2012-uniovi\/#primaryimage"},"image":{"@id":"https:\/\/gijonbasket.com\/2026\/07\/27\/miguel-gonzalez-una-temporada-mas-con-el-asturiana-de-reparaciones-bvm2012-uniovi\/#primaryimage"},"thumbnailUrl":"https:\/\/gijonbasket.com\/wp-content\/uploads\/2026\/07\/image-32-1021x1024.png","datePublished":"2026-07-27T18:12:47+00:00","dateModified":"2026-07-27T18:13:30+00:00","breadcrumb":{"@id":"https:\/\/gijonbasket.com\/2026\/07\/27\/miguel-gonzalez-una-temporada-mas-con-el-asturiana-de-reparaciones-bvm2012-uniovi\/#breadcrumb"},"inLanguage":"en-US","potentialAction":[{"@type":"ReadAction","target":["https:\/\/gijonbasket.com\/2026\/07\/27\/miguel-gonzalez-una-temporada-mas-con-el-asturiana-de-reparaciones-bvm2012-uniovi\/"]}]},{"@type":"ImageObject","inLanguage":"en-US","@id":"https:\/\/gijonbasket.com\/2026\/07\/27\/miguel-gonzalez-una-temporada-mas-con-el-asturiana-de-reparaciones-bvm2012-uniovi\/#primaryimage","url":"https:\/\/gijonbasket.com\/wp-content\/uploads\/2026\/07\/image-32-1021x1024.png","contentUrl":"https:\/\/gijonbasket.com\/wp-content\/uploads\/2026\/07\/image-32-1021x1024.png"},{"@type":"BreadcrumbList","@id":"https:\/\/gijonbasket.com\/2026\/07\/27\/miguel-gonzalez-una-temporada-mas-con-el-asturiana-de-reparaciones-bvm2012-uniovi\/#breadcrumb","itemListElement":[{"@type":"ListItem","position":1,"name":"Portada","item":"https:\/\/gijonbasket.com\/"},{"@type":"ListItem","position":2,"name":"Miguel Gonz\u00e1lez una temporada m\u00e1s con el Asturiana de Reparaciones BVM2012-Uniovi"}]},{"@type":"WebSite","@id":"https:\/\/gijonbasket.com\/#website","url":"https:\/\/gijonbasket.com\/","name":"gijonbasket","description":"","publisher":{"@id":"https:\/\/gijonbasket.com\/#organization"},"potentialAction":[{"@type":"SearchAction","target":{"@type":"EntryPoint","urlTemplate":"https:\/\/gijonbasket.com\/?s={search_term_string}"},"query-input":{"@type":"PropertyValueSpecification","valueRequired":true,"valueName":"search_term_string"}}],"inLanguage":"en-US"},{"@type":"Organization","@id":"https:\/\/gijonbasket.com\/#organization","name":"gijonbasket","url":"https:\/\/gijonbasket.com\/","logo":{"@type":"ImageObject","inLanguage":"en-US","@id":"https:\/\/gijonbasket.com\/#\/schema\/logo\/image\/","url":"https:\/\/gijonbasket.com\/wp-content\/uploads\/2023\/03\/LogoGijonBasket2.jpg","contentUrl":"https:\/\/gijonbasket.com\/wp-content\/uploads\/2023\/03\/LogoGijonBasket2.jpg","width":2000,"height":550,"caption":"gijonbasket"},"image":{"@id":"https:\/\/gijonbasket.com\/#\/schema\/logo\/image\/"}},{"@type":"Person","@id":"https:\/\/gijonbasket.com\/#\/schema\/person\/91af9ff03e8eab582ccc344b715907c0","name":"Cesar Morales","image":{"@type":"ImageObject","inLanguage":"en-US","@id":"https:\/\/gijonbasket.com\/#\/schema\/person\/image\/","url":"https:\/\/secure.gravatar.com\/avatar\/ab9ddf1e87f7580cae3deefb05a58c5cf4f0c7f96f033fd7dacc23f0e8d149ca?s=96&d=mm&r=g","contentUrl":"https:\/\/secure.gravatar.com\/avatar\/ab9ddf1e87f7580cae3deefb05a58c5cf4f0c7f96f033fd7dacc23f0e8d149ca?s=96&d=mm&r=g","caption":"Cesar Morales"},"url":"https:\/\/gijonbasket.com\/en\/author\/cesar\/"}]}},"_links":{"self":[{"href":"https:\/\/gijonbasket.com\/en\/wp-json\/wp\/v2\/posts\/12363","targetHints":{"allow":["GET"]}}],"collection":[{"href":"https:\/\/gijonbasket.com\/en\/wp-json\/wp\/v2\/posts"}],"about":[{"href":"https:\/\/gijonbasket.com\/en\/wp-json\/wp\/v2\/types\/post"}],"author":[{"embeddable":true,"href":"https:\/\/gijonbasket.com\/en\/wp-json\/wp\/v2\/users\/2"}],"replies":[{"embeddable":true,"href":"https:\/\/gijonbasket.com\/en\/wp-json\/wp\/v2\/comments?post=12363"}],"version-history":[{"count":3,"href":"https:\/\/gijonbasket.com\/en\/wp-json\/wp\/v2\/posts\/12363\/revisions"}],"predecessor-version":[{"id":12368,"href":"https:\/\/gijonbasket.com\/en\/wp-json\/wp\/v2\/posts\/12363\/revisions\/12368"}],"wp:attachment":[{"href":"https:\/\/gijonbasket.com\/en\/wp-json\/wp\/v2\/media?parent=12363"}],"wp:term":[{"taxonomy":"category","embeddable":true,"href":"https:\/\/gijonbasket.com\/en\/wp-json\/wp\/v2\/categories?post=12363"},{"taxonomy":"post_tag","embeddable":true,"href":"https:\/\/gijonbasket.com\/en\/wp-json\/wp\/v2\/tags?post=12363"}],"curies":[{"name":"wp","href":"https:\/\/api.w.org\/{rel}","templated":true}]}}