{"id":12373,"date":"2026-07-28T07:32:27","date_gmt":"2026-07-28T05:32:27","guid":{"rendered":"https:\/\/gijonbasket.com\/?p=12373"},"modified":"2026-07-28T07:32:58","modified_gmt":"2026-07-28T05:32:58","slug":"wildens-leveque-del-caceres-patrimonio-de-la-humanidad-al-valencia-basket-con-destino-hestia-menorca","status":"publish","type":"post","link":"https:\/\/gijonbasket.com\/en\/2026\/07\/28\/wildens-leveque-del-caceres-patrimonio-de-la-humanidad-al-valencia-basket-con-destino-hestia-menorca\/","title":{"rendered":"Wildens Leveque del C\u00e1ceres Patrimonio de la Humanidad al Valencia Basket con destino Hestia Menorca"},"content":{"rendered":"<p>El Valencia Basket anunci\u00f3 el fichaje de Wildens Leveque para las tres pr\u00f3ximas temporadas y su cesi\u00f3n al Hestia Menorca para la campa\u00f1a 2026\/2027.<\/p>\n\n\n\n<p>Espectacular salto de calidad para Wildens Leveque MVP de Segunda FEB la pasada temporada.<\/p>\n\n\n\n<p>Se demuestra el potencial de Wildens Leveque, que lleg\u00f3 a estar en la agenda del Alimerka Oviedo Baloncesto, como publicamos el pasado 18 de junio en www.gijonbasket.com.<\/p>\n\n\n\n<p>P\u00edvot estadounidense con nacionalidad haitiana de 26 a\u00f1os y 2.11 m., que esta pasada temporada milit\u00f3 en las filas del C\u00e1ceres Patrimonio de la Humanidad (Segunda FEB). Con la obtenci\u00f3n de la nacionalidad haitiana pasa a ser jugador Cotonou no ocupando plaza como jugador extracomunitario.<\/p>\n\n\n\n<p>Wildens Leveque se convirti\u00f3 en jugador franquicia del C\u00e1ceres Patrimonio de la Humanidad con unas medias de 16.6 ppp; 9.6 rpp (Temporada Regular) y 19 ppp; 13.3 rpp (Play-Offs Ascenso Primera FEB) para ser MVP de la categor\u00eda.<\/p>\n\n\n\n<p>Esta pasada temporada en la Jornada 13 bati\u00f3 el record de valoraci\u00f3n del C\u00e1ceres Patrimonio de la Humanidad con 49 cr\u00e9ditos en la derrota ante el Club Baloncesto Toledo Basket (95-96).<\/p>\n\n\n\n<p>Wildens Leveque cuenta con dos temporadas de experiencia en Espa\u00f1a.<\/p>\n\n\n\n<p>El Oposita Mar\u00edn Ence PeixeGalego fue su primer equipo en Espa\u00f1a en la temporada 2024\/2025 para jugar en Tercera FEB.<\/p>\n\n\n\n<p>En tan s\u00f3lo dos temporadas pas\u00f3 de Tercera a Segunda FEB.<\/p>\n\n\n\n<p>Formado en South Carolina University (2019\/2020; 2020\/2021; 2021\/2022), Massachusetts University (2022\/2023) y Texas A&amp;M University (2023\/2024).<\/p>\n\n\n\n<p>Su primera experiencia como profesional, finalizada su etapa universitaria, fue con el Oposita Mar\u00edn Ence PeixeGalego.<\/p>","protected":false},"excerpt":{"rendered":"<p>El Valencia Basket anunci\u00f3 el fichaje de Wildens Leveque para las tres pr\u00f3ximas temporadas y su cesi\u00f3n al Hestia Menorca para la campa\u00f1a 2026\/2027. Espectacular salto de calidad para Wildens Leveque MVP de Segunda FEB la pasada temporada. Se demuestra el potencial de Wildens Leveque, que lleg\u00f3 a estar en la agenda del Alimerka Oviedo&hellip;&nbsp;<a href=\"https:\/\/gijonbasket.com\/en\/2026\/07\/28\/wildens-leveque-del-caceres-patrimonio-de-la-humanidad-al-valencia-basket-con-destino-hestia-menorca\/\" class=\"\" rel=\"bookmark\">Read More &raquo;<span class=\"screen-reader-text\">Wildens Leveque del C\u00e1ceres Patrimonio de la Humanidad al Valencia Basket con destino Hestia Menorca<\/span><\/a><\/p>","protected":false},"author":2,"featured_media":0,"comment_status":"open","ping_status":"open","sticky":false,"template":"","format":"standard","meta":{"neve_meta_sidebar":"","neve_meta_container":"","neve_meta_enable_content_width":"","neve_meta_content_width":0,"neve_meta_title_alignment":"","neve_meta_author_avatar":"","neve_post_elements_order":"","neve_meta_disable_header":"","neve_meta_disable_footer":"","neve_meta_disable_title":"","footnotes":""},"categories":[4],"tags":[],"class_list":["post-12373","post","type-post","status-publish","format-standard","hentry","category-noticias"],"yoast_head":"<!-- This site is optimized with the Yoast SEO plugin v23.4 - https:\/\/yoast.com\/wordpress\/plugins\/seo\/ -->\n<title>Wildens Leveque del C\u00e1ceres Patrimonio de la Humanidad al Valencia Basket con destino Hestia Menorca - gijonbasket<\/title>\n<meta name=\"robots\" content=\"index, follow, max-snippet:-1, max-image-preview:large, max-video-preview:-1\" \/>\n<link rel=\"canonical\" href=\"https:\/\/gijonbasket.com\/en\/2026\/07\/28\/wildens-leveque-del-caceres-patrimonio-de-la-humanidad-al-valencia-basket-con-destino-hestia-menorca\/\" \/>\n<meta property=\"og:locale\" content=\"en_US\" \/>\n<meta property=\"og:type\" content=\"article\" \/>\n<meta property=\"og:title\" content=\"Wildens Leveque del C\u00e1ceres Patrimonio de la Humanidad al Valencia Basket con destino Hestia Menorca - gijonbasket\" \/>\n<meta property=\"og:description\" content=\"El Valencia Basket anunci\u00f3 el fichaje de Wildens Leveque para las tres pr\u00f3ximas temporadas y su cesi\u00f3n al Hestia Menorca para la campa\u00f1a 2026\/2027. Espectacular salto de calidad para Wildens Leveque MVP de Segunda FEB la pasada temporada. Se demuestra el potencial de Wildens Leveque, que lleg\u00f3 a estar en la agenda del Alimerka Oviedo&hellip;&nbsp;Read More &raquo;Wildens Leveque del C\u00e1ceres Patrimonio de la Humanidad al Valencia Basket con destino Hestia Menorca\" \/>\n<meta property=\"og:url\" content=\"https:\/\/gijonbasket.com\/en\/2026\/07\/28\/wildens-leveque-del-caceres-patrimonio-de-la-humanidad-al-valencia-basket-con-destino-hestia-menorca\/\" \/>\n<meta property=\"og:site_name\" content=\"gijonbasket\" \/>\n<meta property=\"article:published_time\" content=\"2026-07-28T05:32:27+00:00\" \/>\n<meta property=\"article:modified_time\" content=\"2026-07-28T05:32:58+00:00\" \/>\n<meta name=\"author\" content=\"Cesar Morales\" \/>\n<meta name=\"twitter:card\" content=\"summary_large_image\" \/>\n<meta name=\"twitter:label1\" content=\"Written by\" \/>\n\t<meta name=\"twitter:data1\" content=\"Cesar Morales\" \/>\n\t<meta name=\"twitter:label2\" content=\"Est. reading time\" \/>\n\t<meta name=\"twitter:data2\" content=\"2 minutes\" \/>\n<script type=\"application\/ld+json\" class=\"yoast-schema-graph\">{\"@context\":\"https:\/\/schema.org\",\"@graph\":[{\"@type\":\"Article\",\"@id\":\"https:\/\/gijonbasket.com\/2026\/07\/28\/wildens-leveque-del-caceres-patrimonio-de-la-humanidad-al-valencia-basket-con-destino-hestia-menorca\/#article\",\"isPartOf\":{\"@id\":\"https:\/\/gijonbasket.com\/2026\/07\/28\/wildens-leveque-del-caceres-patrimonio-de-la-humanidad-al-valencia-basket-con-destino-hestia-menorca\/\"},\"author\":{\"name\":\"Cesar Morales\",\"@id\":\"https:\/\/gijonbasket.com\/#\/schema\/person\/91af9ff03e8eab582ccc344b715907c0\"},\"headline\":\"Wildens Leveque del C\u00e1ceres Patrimonio de la Humanidad al Valencia Basket con destino Hestia Menorca\",\"datePublished\":\"2026-07-28T05:32:27+00:00\",\"dateModified\":\"2026-07-28T05:32:58+00:00\",\"mainEntityOfPage\":{\"@id\":\"https:\/\/gijonbasket.com\/2026\/07\/28\/wildens-leveque-del-caceres-patrimonio-de-la-humanidad-al-valencia-basket-con-destino-hestia-menorca\/\"},\"wordCount\":273,\"commentCount\":0,\"publisher\":{\"@id\":\"https:\/\/gijonbasket.com\/#organization\"},\"articleSection\":[\"noticias\"],\"inLanguage\":\"en-US\",\"potentialAction\":[{\"@type\":\"CommentAction\",\"name\":\"Comment\",\"target\":[\"https:\/\/gijonbasket.com\/2026\/07\/28\/wildens-leveque-del-caceres-patrimonio-de-la-humanidad-al-valencia-basket-con-destino-hestia-menorca\/#respond\"]}]},{\"@type\":\"WebPage\",\"@id\":\"https:\/\/gijonbasket.com\/2026\/07\/28\/wildens-leveque-del-caceres-patrimonio-de-la-humanidad-al-valencia-basket-con-destino-hestia-menorca\/\",\"url\":\"https:\/\/gijonbasket.com\/2026\/07\/28\/wildens-leveque-del-caceres-patrimonio-de-la-humanidad-al-valencia-basket-con-destino-hestia-menorca\/\",\"name\":\"Wildens Leveque del C\u00e1ceres Patrimonio de la Humanidad al Valencia Basket con destino Hestia Menorca - gijonbasket\",\"isPartOf\":{\"@id\":\"https:\/\/gijonbasket.com\/#website\"},\"datePublished\":\"2026-07-28T05:32:27+00:00\",\"dateModified\":\"2026-07-28T05:32:58+00:00\",\"breadcrumb\":{\"@id\":\"https:\/\/gijonbasket.com\/2026\/07\/28\/wildens-leveque-del-caceres-patrimonio-de-la-humanidad-al-valencia-basket-con-destino-hestia-menorca\/#breadcrumb\"},\"inLanguage\":\"en-US\",\"potentialAction\":[{\"@type\":\"ReadAction\",\"target\":[\"https:\/\/gijonbasket.com\/2026\/07\/28\/wildens-leveque-del-caceres-patrimonio-de-la-humanidad-al-valencia-basket-con-destino-hestia-menorca\/\"]}]},{\"@type\":\"BreadcrumbList\",\"@id\":\"https:\/\/gijonbasket.com\/2026\/07\/28\/wildens-leveque-del-caceres-patrimonio-de-la-humanidad-al-valencia-basket-con-destino-hestia-menorca\/#breadcrumb\",\"itemListElement\":[{\"@type\":\"ListItem\",\"position\":1,\"name\":\"Portada\",\"item\":\"https:\/\/gijonbasket.com\/\"},{\"@type\":\"ListItem\",\"position\":2,\"name\":\"Wildens Leveque del C\u00e1ceres Patrimonio de la Humanidad al Valencia Basket con destino Hestia Menorca\"}]},{\"@type\":\"WebSite\",\"@id\":\"https:\/\/gijonbasket.com\/#website\",\"url\":\"https:\/\/gijonbasket.com\/\",\"name\":\"gijonbasket\",\"description\":\"\",\"publisher\":{\"@id\":\"https:\/\/gijonbasket.com\/#organization\"},\"potentialAction\":[{\"@type\":\"SearchAction\",\"target\":{\"@type\":\"EntryPoint\",\"urlTemplate\":\"https:\/\/gijonbasket.com\/?s={search_term_string}\"},\"query-input\":{\"@type\":\"PropertyValueSpecification\",\"valueRequired\":true,\"valueName\":\"search_term_string\"}}],\"inLanguage\":\"en-US\"},{\"@type\":\"Organization\",\"@id\":\"https:\/\/gijonbasket.com\/#organization\",\"name\":\"gijonbasket\",\"url\":\"https:\/\/gijonbasket.com\/\",\"logo\":{\"@type\":\"ImageObject\",\"inLanguage\":\"en-US\",\"@id\":\"https:\/\/gijonbasket.com\/#\/schema\/logo\/image\/\",\"url\":\"https:\/\/gijonbasket.com\/wp-content\/uploads\/2023\/03\/LogoGijonBasket2.jpg\",\"contentUrl\":\"https:\/\/gijonbasket.com\/wp-content\/uploads\/2023\/03\/LogoGijonBasket2.jpg\",\"width\":2000,\"height\":550,\"caption\":\"gijonbasket\"},\"image\":{\"@id\":\"https:\/\/gijonbasket.com\/#\/schema\/logo\/image\/\"}},{\"@type\":\"Person\",\"@id\":\"https:\/\/gijonbasket.com\/#\/schema\/person\/91af9ff03e8eab582ccc344b715907c0\",\"name\":\"Cesar Morales\",\"image\":{\"@type\":\"ImageObject\",\"inLanguage\":\"en-US\",\"@id\":\"https:\/\/gijonbasket.com\/#\/schema\/person\/image\/\",\"url\":\"https:\/\/secure.gravatar.com\/avatar\/ab9ddf1e87f7580cae3deefb05a58c5cf4f0c7f96f033fd7dacc23f0e8d149ca?s=96&d=mm&r=g\",\"contentUrl\":\"https:\/\/secure.gravatar.com\/avatar\/ab9ddf1e87f7580cae3deefb05a58c5cf4f0c7f96f033fd7dacc23f0e8d149ca?s=96&d=mm&r=g\",\"caption\":\"Cesar Morales\"},\"url\":\"https:\/\/gijonbasket.com\/en\/author\/cesar\/\"}]}<\/script>\n<!-- \/ Yoast SEO plugin. -->","yoast_head_json":{"title":"Wildens Leveque del C\u00e1ceres Patrimonio de la Humanidad al Valencia Basket con destino Hestia Menorca - gijonbasket","robots":{"index":"index","follow":"follow","max-snippet":"max-snippet:-1","max-image-preview":"max-image-preview:large","max-video-preview":"max-video-preview:-1"},"canonical":"https:\/\/gijonbasket.com\/en\/2026\/07\/28\/wildens-leveque-del-caceres-patrimonio-de-la-humanidad-al-valencia-basket-con-destino-hestia-menorca\/","og_locale":"en_US","og_type":"article","og_title":"Wildens Leveque del C\u00e1ceres Patrimonio de la Humanidad al Valencia Basket con destino Hestia Menorca - gijonbasket","og_description":"El Valencia Basket anunci\u00f3 el fichaje de Wildens Leveque para las tres pr\u00f3ximas temporadas y su cesi\u00f3n al Hestia Menorca para la campa\u00f1a 2026\/2027. Espectacular salto de calidad para Wildens Leveque MVP de Segunda FEB la pasada temporada. Se demuestra el potencial de Wildens Leveque, que lleg\u00f3 a estar en la agenda del Alimerka Oviedo&hellip;&nbsp;Read More &raquo;Wildens Leveque del C\u00e1ceres Patrimonio de la Humanidad al Valencia Basket con destino Hestia Menorca","og_url":"https:\/\/gijonbasket.com\/en\/2026\/07\/28\/wildens-leveque-del-caceres-patrimonio-de-la-humanidad-al-valencia-basket-con-destino-hestia-menorca\/","og_site_name":"gijonbasket","article_published_time":"2026-07-28T05:32:27+00:00","article_modified_time":"2026-07-28T05:32:58+00:00","author":"Cesar Morales","twitter_card":"summary_large_image","twitter_misc":{"Written by":"Cesar Morales","Est. reading time":"2 minutes"},"schema":{"@context":"https:\/\/schema.org","@graph":[{"@type":"Article","@id":"https:\/\/gijonbasket.com\/2026\/07\/28\/wildens-leveque-del-caceres-patrimonio-de-la-humanidad-al-valencia-basket-con-destino-hestia-menorca\/#article","isPartOf":{"@id":"https:\/\/gijonbasket.com\/2026\/07\/28\/wildens-leveque-del-caceres-patrimonio-de-la-humanidad-al-valencia-basket-con-destino-hestia-menorca\/"},"author":{"name":"Cesar Morales","@id":"https:\/\/gijonbasket.com\/#\/schema\/person\/91af9ff03e8eab582ccc344b715907c0"},"headline":"Wildens Leveque del C\u00e1ceres Patrimonio de la Humanidad al Valencia Basket con destino Hestia Menorca","datePublished":"2026-07-28T05:32:27+00:00","dateModified":"2026-07-28T05:32:58+00:00","mainEntityOfPage":{"@id":"https:\/\/gijonbasket.com\/2026\/07\/28\/wildens-leveque-del-caceres-patrimonio-de-la-humanidad-al-valencia-basket-con-destino-hestia-menorca\/"},"wordCount":273,"commentCount":0,"publisher":{"@id":"https:\/\/gijonbasket.com\/#organization"},"articleSection":["noticias"],"inLanguage":"en-US","potentialAction":[{"@type":"CommentAction","name":"Comment","target":["https:\/\/gijonbasket.com\/2026\/07\/28\/wildens-leveque-del-caceres-patrimonio-de-la-humanidad-al-valencia-basket-con-destino-hestia-menorca\/#respond"]}]},{"@type":"WebPage","@id":"https:\/\/gijonbasket.com\/2026\/07\/28\/wildens-leveque-del-caceres-patrimonio-de-la-humanidad-al-valencia-basket-con-destino-hestia-menorca\/","url":"https:\/\/gijonbasket.com\/2026\/07\/28\/wildens-leveque-del-caceres-patrimonio-de-la-humanidad-al-valencia-basket-con-destino-hestia-menorca\/","name":"Wildens Leveque del C\u00e1ceres Patrimonio de la Humanidad al Valencia Basket con destino Hestia Menorca - gijonbasket","isPartOf":{"@id":"https:\/\/gijonbasket.com\/#website"},"datePublished":"2026-07-28T05:32:27+00:00","dateModified":"2026-07-28T05:32:58+00:00","breadcrumb":{"@id":"https:\/\/gijonbasket.com\/2026\/07\/28\/wildens-leveque-del-caceres-patrimonio-de-la-humanidad-al-valencia-basket-con-destino-hestia-menorca\/#breadcrumb"},"inLanguage":"en-US","potentialAction":[{"@type":"ReadAction","target":["https:\/\/gijonbasket.com\/2026\/07\/28\/wildens-leveque-del-caceres-patrimonio-de-la-humanidad-al-valencia-basket-con-destino-hestia-menorca\/"]}]},{"@type":"BreadcrumbList","@id":"https:\/\/gijonbasket.com\/2026\/07\/28\/wildens-leveque-del-caceres-patrimonio-de-la-humanidad-al-valencia-basket-con-destino-hestia-menorca\/#breadcrumb","itemListElement":[{"@type":"ListItem","position":1,"name":"Portada","item":"https:\/\/gijonbasket.com\/"},{"@type":"ListItem","position":2,"name":"Wildens Leveque del C\u00e1ceres Patrimonio de la Humanidad al Valencia Basket con destino Hestia Menorca"}]},{"@type":"WebSite","@id":"https:\/\/gijonbasket.com\/#website","url":"https:\/\/gijonbasket.com\/","name":"gijonbasket","description":"","publisher":{"@id":"https:\/\/gijonbasket.com\/#organization"},"potentialAction":[{"@type":"SearchAction","target":{"@type":"EntryPoint","urlTemplate":"https:\/\/gijonbasket.com\/?s={search_term_string}"},"query-input":{"@type":"PropertyValueSpecification","valueRequired":true,"valueName":"search_term_string"}}],"inLanguage":"en-US"},{"@type":"Organization","@id":"https:\/\/gijonbasket.com\/#organization","name":"gijonbasket","url":"https:\/\/gijonbasket.com\/","logo":{"@type":"ImageObject","inLanguage":"en-US","@id":"https:\/\/gijonbasket.com\/#\/schema\/logo\/image\/","url":"https:\/\/gijonbasket.com\/wp-content\/uploads\/2023\/03\/LogoGijonBasket2.jpg","contentUrl":"https:\/\/gijonbasket.com\/wp-content\/uploads\/2023\/03\/LogoGijonBasket2.jpg","width":2000,"height":550,"caption":"gijonbasket"},"image":{"@id":"https:\/\/gijonbasket.com\/#\/schema\/logo\/image\/"}},{"@type":"Person","@id":"https:\/\/gijonbasket.com\/#\/schema\/person\/91af9ff03e8eab582ccc344b715907c0","name":"Cesar Morales","image":{"@type":"ImageObject","inLanguage":"en-US","@id":"https:\/\/gijonbasket.com\/#\/schema\/person\/image\/","url":"https:\/\/secure.gravatar.com\/avatar\/ab9ddf1e87f7580cae3deefb05a58c5cf4f0c7f96f033fd7dacc23f0e8d149ca?s=96&d=mm&r=g","contentUrl":"https:\/\/secure.gravatar.com\/avatar\/ab9ddf1e87f7580cae3deefb05a58c5cf4f0c7f96f033fd7dacc23f0e8d149ca?s=96&d=mm&r=g","caption":"Cesar Morales"},"url":"https:\/\/gijonbasket.com\/en\/author\/cesar\/"}]}},"_links":{"self":[{"href":"https:\/\/gijonbasket.com\/en\/wp-json\/wp\/v2\/posts\/12373","targetHints":{"allow":["GET"]}}],"collection":[{"href":"https:\/\/gijonbasket.com\/en\/wp-json\/wp\/v2\/posts"}],"about":[{"href":"https:\/\/gijonbasket.com\/en\/wp-json\/wp\/v2\/types\/post"}],"author":[{"embeddable":true,"href":"https:\/\/gijonbasket.com\/en\/wp-json\/wp\/v2\/users\/2"}],"replies":[{"embeddable":true,"href":"https:\/\/gijonbasket.com\/en\/wp-json\/wp\/v2\/comments?post=12373"}],"version-history":[{"count":2,"href":"https:\/\/gijonbasket.com\/en\/wp-json\/wp\/v2\/posts\/12373\/revisions"}],"predecessor-version":[{"id":12375,"href":"https:\/\/gijonbasket.com\/en\/wp-json\/wp\/v2\/posts\/12373\/revisions\/12375"}],"wp:attachment":[{"href":"https:\/\/gijonbasket.com\/en\/wp-json\/wp\/v2\/media?parent=12373"}],"wp:term":[{"taxonomy":"category","embeddable":true,"href":"https:\/\/gijonbasket.com\/en\/wp-json\/wp\/v2\/categories?post=12373"},{"taxonomy":"post_tag","embeddable":true,"href":"https:\/\/gijonbasket.com\/en\/wp-json\/wp\/v2\/tags?post=12373"}],"curies":[{"name":"wp","href":"https:\/\/api.w.org\/{rel}","templated":true}]}}