{"id":12968,"date":"2026-08-30T09:15:58","date_gmt":"2026-08-30T07:15:58","guid":{"rendered":"https:\/\/gijonbasket.com\/?p=12968"},"modified":"2026-08-30T11:29:02","modified_gmt":"2026-08-30T09:29:02","slug":"asisa-joventut-monbus-obradoiro-77-96","status":"publish","type":"post","link":"https:\/\/gijonbasket.com\/en\/2026\/08\/30\/asisa-joventut-monbus-obradoiro-77-96\/","title":{"rendered":"Asisa Joventut &#8211; Monbus Obradoiro (77-96)"},"content":{"rendered":"<p>La Liga Endesa volvi\u00f3 a Gij\u00f3n con el encuentro de pretemporada Asisa Joventut &#8211; Monbus Obradoiro disputado en el Palacio de Deportes de Gij\u00f3n con la organizaci\u00f3n de la Rookie Basket Academy, la Federaci\u00f3n de Baloncesto del Principado de Asturias y el Ayuntamiento de Gij\u00f3n.<\/p>\n\n\n\n<p>Lleno absoluto en el anillo inferior del Palacio de Deportes de Gij\u00f3n con unos 2.500 espectadores que disfrutaron del espect\u00e1culo de los dos equipos.<\/p>\n\n\n\n<p>El Monbus Obradoiro, que regresa esta temporada a la Liga Endesa, se llev\u00f3 la victoria (77-96), gracias al parcial de la segunda mitad (37-53) cuando al intermedio la ventaja gallega era de tres puntos (40-43).<\/p>\n\n\n\n<p>El Asisa Joventut despleg\u00f3 su mejor nivel de juego en el primer cuarto para llevarse el parcial 30-24 destacando el acierto anotador de Boogie Ellis con 11 puntos liderando a la Penya. Ricky Rubio empez\u00f3 a destapar el tarro de las esencias con sus pases unido a cuatro puntos anotados.<\/p>\n\n\n\n<p>El Asisa Joventut cont9inu\u00f3 mandando en el electr\u00f3nico durante lo ocho primeros minutos del segundo cuarto. Con 39-38 tiempo muerto del conjunto verdinegro. Una jugada de Felipe dos Anjos coloc\u00f3 con ventaja al Monbus Obradoiro (39-40) para llegar al intermedio con 40-43.<\/p>\n\n\n\n<p>El acierto anotador del Monbus Obradoiro en el tercer cuarto, permiti\u00f3 al conjunto de Diego Epifanio, alcanzar rentas de hasta 13 puntos (50-63). Cuatro puntos consecutivos de Ricky Rubio, anotando dos tiros libres (52-63) m\u00e1s una penetraci\u00f3n marca de la casa a aro pasado, situ\u00f3 el luminoso en 54-63. Tiempo muerto del Monbus Obradoiro a falta de 02:55. En la recta final del cuarto destac\u00f3 Sergi Quintela con cinco puntos para dejar el tanteador en 58-70.<\/p>\n\n\n\n<p>El dominio del Monbus Obradoiro se acentu\u00f3 en el \u00faltimo cuarto, donde el conjunto compostelano lleg\u00f3 a alcanzar su m\u00e1xima ventaja del encuentro (24 puntos; 68-92), tras un triple de Sergi Quintela. Parcial de 0-15 pasando del 68-77 al 68-92. El Monbus Obradoiro termin\u00f3 logrando la victoria por el definitivo 77-96.<\/p>\n\n\n\n<p>Alex Barcelo con 22 puntos, m\u00e1ximo anotador del encuentro, liderando al Monbus Obradoiro seguido de Alonso Faure (14 puntos; 7 rebotes), Louis Riga (13 puntos), Sergi Quintela (11 puntos; 4 rebotes) y Brandon Childress (10 puntos). Cinco componentes del Monbus Obradoiro lograron doble d\u00edgito de anotaci\u00f3n.<\/p>\n\n\n\n<p>Boogie Ellis con 21 puntos lider\u00f3 al Asisa Joventut seguido de \u00c1lex Reyes (12 puntos) y Ricky Rubio (11 puntos; 2 rebotes; 4 asistencias).<\/p>\n\n\n\n<p>H\u00e9ctor Gal\u00e1n, Director Deportivo del Monbus Obradoiro, fue galardonado por la Federaci\u00f3n de Baloncesto del Principado de Asturias con una placa en reconocimiento a su brillante trayectoria deportiva y de gesti\u00f3n en el baloncesto asturiano.<\/p>","protected":false},"excerpt":{"rendered":"<p>La Liga Endesa volvi\u00f3 a Gij\u00f3n con el encuentro de pretemporada Asisa Joventut &#8211; Monbus Obradoiro disputado en el Palacio de Deportes de Gij\u00f3n con la organizaci\u00f3n de la Rookie Basket Academy, la Federaci\u00f3n de Baloncesto del Principado de Asturias y el Ayuntamiento de Gij\u00f3n. Lleno absoluto en el anillo inferior del Palacio de Deportes&hellip;&nbsp;<a href=\"https:\/\/gijonbasket.com\/en\/2026\/08\/30\/asisa-joventut-monbus-obradoiro-77-96\/\" class=\"\" rel=\"bookmark\">Read More &raquo;<span class=\"screen-reader-text\">Asisa Joventut &#8211; Monbus Obradoiro (77-96)<\/span><\/a><\/p>","protected":false},"author":2,"featured_media":0,"comment_status":"open","ping_status":"open","sticky":false,"template":"","format":"standard","meta":{"neve_meta_sidebar":"","neve_meta_container":"","neve_meta_enable_content_width":"","neve_meta_content_width":0,"neve_meta_title_alignment":"","neve_meta_author_avatar":"","neve_post_elements_order":"","neve_meta_disable_header":"","neve_meta_disable_footer":"","neve_meta_disable_title":"","footnotes":""},"categories":[4],"tags":[],"class_list":["post-12968","post","type-post","status-publish","format-standard","hentry","category-noticias"],"yoast_head":"<!-- This site is optimized with the Yoast SEO plugin v23.4 - https:\/\/yoast.com\/wordpress\/plugins\/seo\/ -->\n<title>Asisa Joventut - Monbus Obradoiro (77-96) - gijonbasket<\/title>\n<meta name=\"robots\" content=\"index, follow, max-snippet:-1, max-image-preview:large, max-video-preview:-1\" \/>\n<link rel=\"canonical\" href=\"https:\/\/gijonbasket.com\/en\/2026\/08\/30\/asisa-joventut-monbus-obradoiro-77-96\/\" \/>\n<meta property=\"og:locale\" content=\"en_US\" \/>\n<meta property=\"og:type\" content=\"article\" \/>\n<meta property=\"og:title\" content=\"Asisa Joventut - Monbus Obradoiro (77-96) - gijonbasket\" \/>\n<meta property=\"og:description\" content=\"La Liga Endesa volvi\u00f3 a Gij\u00f3n con el encuentro de pretemporada Asisa Joventut &#8211; Monbus Obradoiro disputado en el Palacio de Deportes de Gij\u00f3n con la organizaci\u00f3n de la Rookie Basket Academy, la Federaci\u00f3n de Baloncesto del Principado de Asturias y el Ayuntamiento de Gij\u00f3n. Lleno absoluto en el anillo inferior del Palacio de Deportes&hellip;&nbsp;Read More &raquo;Asisa Joventut &#8211; Monbus Obradoiro (77-96)\" \/>\n<meta property=\"og:url\" content=\"https:\/\/gijonbasket.com\/en\/2026\/08\/30\/asisa-joventut-monbus-obradoiro-77-96\/\" \/>\n<meta property=\"og:site_name\" content=\"gijonbasket\" \/>\n<meta property=\"article:published_time\" content=\"2026-08-30T07:15:58+00:00\" \/>\n<meta property=\"article:modified_time\" content=\"2026-08-30T09:29:02+00:00\" \/>\n<meta name=\"author\" content=\"Cesar Morales\" \/>\n<meta name=\"twitter:card\" content=\"summary_large_image\" \/>\n<meta name=\"twitter:label1\" content=\"Written by\" \/>\n\t<meta name=\"twitter:data1\" content=\"Cesar Morales\" \/>\n\t<meta name=\"twitter:label2\" content=\"Est. reading time\" \/>\n\t<meta name=\"twitter:data2\" content=\"2 minutes\" \/>\n<script type=\"application\/ld+json\" class=\"yoast-schema-graph\">{\"@context\":\"https:\/\/schema.org\",\"@graph\":[{\"@type\":\"Article\",\"@id\":\"https:\/\/gijonbasket.com\/2026\/08\/30\/asisa-joventut-monbus-obradoiro-77-96\/#article\",\"isPartOf\":{\"@id\":\"https:\/\/gijonbasket.com\/2026\/08\/30\/asisa-joventut-monbus-obradoiro-77-96\/\"},\"author\":{\"name\":\"Cesar Morales\",\"@id\":\"https:\/\/gijonbasket.com\/#\/schema\/person\/91af9ff03e8eab582ccc344b715907c0\"},\"headline\":\"Asisa Joventut &#8211; Monbus Obradoiro (77-96)\",\"datePublished\":\"2026-08-30T07:15:58+00:00\",\"dateModified\":\"2026-08-30T09:29:02+00:00\",\"mainEntityOfPage\":{\"@id\":\"https:\/\/gijonbasket.com\/2026\/08\/30\/asisa-joventut-monbus-obradoiro-77-96\/\"},\"wordCount\":436,\"commentCount\":0,\"publisher\":{\"@id\":\"https:\/\/gijonbasket.com\/#organization\"},\"articleSection\":[\"noticias\"],\"inLanguage\":\"en-US\",\"potentialAction\":[{\"@type\":\"CommentAction\",\"name\":\"Comment\",\"target\":[\"https:\/\/gijonbasket.com\/2026\/08\/30\/asisa-joventut-monbus-obradoiro-77-96\/#respond\"]}]},{\"@type\":\"WebPage\",\"@id\":\"https:\/\/gijonbasket.com\/2026\/08\/30\/asisa-joventut-monbus-obradoiro-77-96\/\",\"url\":\"https:\/\/gijonbasket.com\/2026\/08\/30\/asisa-joventut-monbus-obradoiro-77-96\/\",\"name\":\"Asisa Joventut - Monbus Obradoiro (77-96) - gijonbasket\",\"isPartOf\":{\"@id\":\"https:\/\/gijonbasket.com\/#website\"},\"datePublished\":\"2026-08-30T07:15:58+00:00\",\"dateModified\":\"2026-08-30T09:29:02+00:00\",\"breadcrumb\":{\"@id\":\"https:\/\/gijonbasket.com\/2026\/08\/30\/asisa-joventut-monbus-obradoiro-77-96\/#breadcrumb\"},\"inLanguage\":\"en-US\",\"potentialAction\":[{\"@type\":\"ReadAction\",\"target\":[\"https:\/\/gijonbasket.com\/2026\/08\/30\/asisa-joventut-monbus-obradoiro-77-96\/\"]}]},{\"@type\":\"BreadcrumbList\",\"@id\":\"https:\/\/gijonbasket.com\/2026\/08\/30\/asisa-joventut-monbus-obradoiro-77-96\/#breadcrumb\",\"itemListElement\":[{\"@type\":\"ListItem\",\"position\":1,\"name\":\"Portada\",\"item\":\"https:\/\/gijonbasket.com\/\"},{\"@type\":\"ListItem\",\"position\":2,\"name\":\"Asisa Joventut &#8211; Monbus Obradoiro (77-96)\"}]},{\"@type\":\"WebSite\",\"@id\":\"https:\/\/gijonbasket.com\/#website\",\"url\":\"https:\/\/gijonbasket.com\/\",\"name\":\"gijonbasket\",\"description\":\"\",\"publisher\":{\"@id\":\"https:\/\/gijonbasket.com\/#organization\"},\"potentialAction\":[{\"@type\":\"SearchAction\",\"target\":{\"@type\":\"EntryPoint\",\"urlTemplate\":\"https:\/\/gijonbasket.com\/?s={search_term_string}\"},\"query-input\":{\"@type\":\"PropertyValueSpecification\",\"valueRequired\":true,\"valueName\":\"search_term_string\"}}],\"inLanguage\":\"en-US\"},{\"@type\":\"Organization\",\"@id\":\"https:\/\/gijonbasket.com\/#organization\",\"name\":\"gijonbasket\",\"url\":\"https:\/\/gijonbasket.com\/\",\"logo\":{\"@type\":\"ImageObject\",\"inLanguage\":\"en-US\",\"@id\":\"https:\/\/gijonbasket.com\/#\/schema\/logo\/image\/\",\"url\":\"https:\/\/gijonbasket.com\/wp-content\/uploads\/2023\/03\/LogoGijonBasket2.jpg\",\"contentUrl\":\"https:\/\/gijonbasket.com\/wp-content\/uploads\/2023\/03\/LogoGijonBasket2.jpg\",\"width\":2000,\"height\":550,\"caption\":\"gijonbasket\"},\"image\":{\"@id\":\"https:\/\/gijonbasket.com\/#\/schema\/logo\/image\/\"}},{\"@type\":\"Person\",\"@id\":\"https:\/\/gijonbasket.com\/#\/schema\/person\/91af9ff03e8eab582ccc344b715907c0\",\"name\":\"Cesar Morales\",\"image\":{\"@type\":\"ImageObject\",\"inLanguage\":\"en-US\",\"@id\":\"https:\/\/gijonbasket.com\/#\/schema\/person\/image\/\",\"url\":\"https:\/\/secure.gravatar.com\/avatar\/ab9ddf1e87f7580cae3deefb05a58c5cf4f0c7f96f033fd7dacc23f0e8d149ca?s=96&d=mm&r=g\",\"contentUrl\":\"https:\/\/secure.gravatar.com\/avatar\/ab9ddf1e87f7580cae3deefb05a58c5cf4f0c7f96f033fd7dacc23f0e8d149ca?s=96&d=mm&r=g\",\"caption\":\"Cesar Morales\"},\"url\":\"https:\/\/gijonbasket.com\/en\/author\/cesar\/\"}]}<\/script>\n<!-- \/ Yoast SEO plugin. -->","yoast_head_json":{"title":"Asisa Joventut - Monbus Obradoiro (77-96) - gijonbasket","robots":{"index":"index","follow":"follow","max-snippet":"max-snippet:-1","max-image-preview":"max-image-preview:large","max-video-preview":"max-video-preview:-1"},"canonical":"https:\/\/gijonbasket.com\/en\/2026\/08\/30\/asisa-joventut-monbus-obradoiro-77-96\/","og_locale":"en_US","og_type":"article","og_title":"Asisa Joventut - Monbus Obradoiro (77-96) - gijonbasket","og_description":"La Liga Endesa volvi\u00f3 a Gij\u00f3n con el encuentro de pretemporada Asisa Joventut &#8211; Monbus Obradoiro disputado en el Palacio de Deportes de Gij\u00f3n con la organizaci\u00f3n de la Rookie Basket Academy, la Federaci\u00f3n de Baloncesto del Principado de Asturias y el Ayuntamiento de Gij\u00f3n. Lleno absoluto en el anillo inferior del Palacio de Deportes&hellip;&nbsp;Read More &raquo;Asisa Joventut &#8211; Monbus Obradoiro (77-96)","og_url":"https:\/\/gijonbasket.com\/en\/2026\/08\/30\/asisa-joventut-monbus-obradoiro-77-96\/","og_site_name":"gijonbasket","article_published_time":"2026-08-30T07:15:58+00:00","article_modified_time":"2026-08-30T09:29:02+00:00","author":"Cesar Morales","twitter_card":"summary_large_image","twitter_misc":{"Written by":"Cesar Morales","Est. reading time":"2 minutes"},"schema":{"@context":"https:\/\/schema.org","@graph":[{"@type":"Article","@id":"https:\/\/gijonbasket.com\/2026\/08\/30\/asisa-joventut-monbus-obradoiro-77-96\/#article","isPartOf":{"@id":"https:\/\/gijonbasket.com\/2026\/08\/30\/asisa-joventut-monbus-obradoiro-77-96\/"},"author":{"name":"Cesar Morales","@id":"https:\/\/gijonbasket.com\/#\/schema\/person\/91af9ff03e8eab582ccc344b715907c0"},"headline":"Asisa Joventut &#8211; Monbus Obradoiro (77-96)","datePublished":"2026-08-30T07:15:58+00:00","dateModified":"2026-08-30T09:29:02+00:00","mainEntityOfPage":{"@id":"https:\/\/gijonbasket.com\/2026\/08\/30\/asisa-joventut-monbus-obradoiro-77-96\/"},"wordCount":436,"commentCount":0,"publisher":{"@id":"https:\/\/gijonbasket.com\/#organization"},"articleSection":["noticias"],"inLanguage":"en-US","potentialAction":[{"@type":"CommentAction","name":"Comment","target":["https:\/\/gijonbasket.com\/2026\/08\/30\/asisa-joventut-monbus-obradoiro-77-96\/#respond"]}]},{"@type":"WebPage","@id":"https:\/\/gijonbasket.com\/2026\/08\/30\/asisa-joventut-monbus-obradoiro-77-96\/","url":"https:\/\/gijonbasket.com\/2026\/08\/30\/asisa-joventut-monbus-obradoiro-77-96\/","name":"Asisa Joventut - Monbus Obradoiro (77-96) - gijonbasket","isPartOf":{"@id":"https:\/\/gijonbasket.com\/#website"},"datePublished":"2026-08-30T07:15:58+00:00","dateModified":"2026-08-30T09:29:02+00:00","breadcrumb":{"@id":"https:\/\/gijonbasket.com\/2026\/08\/30\/asisa-joventut-monbus-obradoiro-77-96\/#breadcrumb"},"inLanguage":"en-US","potentialAction":[{"@type":"ReadAction","target":["https:\/\/gijonbasket.com\/2026\/08\/30\/asisa-joventut-monbus-obradoiro-77-96\/"]}]},{"@type":"BreadcrumbList","@id":"https:\/\/gijonbasket.com\/2026\/08\/30\/asisa-joventut-monbus-obradoiro-77-96\/#breadcrumb","itemListElement":[{"@type":"ListItem","position":1,"name":"Portada","item":"https:\/\/gijonbasket.com\/"},{"@type":"ListItem","position":2,"name":"Asisa Joventut &#8211; Monbus Obradoiro (77-96)"}]},{"@type":"WebSite","@id":"https:\/\/gijonbasket.com\/#website","url":"https:\/\/gijonbasket.com\/","name":"gijonbasket","description":"","publisher":{"@id":"https:\/\/gijonbasket.com\/#organization"},"potentialAction":[{"@type":"SearchAction","target":{"@type":"EntryPoint","urlTemplate":"https:\/\/gijonbasket.com\/?s={search_term_string}"},"query-input":{"@type":"PropertyValueSpecification","valueRequired":true,"valueName":"search_term_string"}}],"inLanguage":"en-US"},{"@type":"Organization","@id":"https:\/\/gijonbasket.com\/#organization","name":"gijonbasket","url":"https:\/\/gijonbasket.com\/","logo":{"@type":"ImageObject","inLanguage":"en-US","@id":"https:\/\/gijonbasket.com\/#\/schema\/logo\/image\/","url":"https:\/\/gijonbasket.com\/wp-content\/uploads\/2023\/03\/LogoGijonBasket2.jpg","contentUrl":"https:\/\/gijonbasket.com\/wp-content\/uploads\/2023\/03\/LogoGijonBasket2.jpg","width":2000,"height":550,"caption":"gijonbasket"},"image":{"@id":"https:\/\/gijonbasket.com\/#\/schema\/logo\/image\/"}},{"@type":"Person","@id":"https:\/\/gijonbasket.com\/#\/schema\/person\/91af9ff03e8eab582ccc344b715907c0","name":"Cesar Morales","image":{"@type":"ImageObject","inLanguage":"en-US","@id":"https:\/\/gijonbasket.com\/#\/schema\/person\/image\/","url":"https:\/\/secure.gravatar.com\/avatar\/ab9ddf1e87f7580cae3deefb05a58c5cf4f0c7f96f033fd7dacc23f0e8d149ca?s=96&d=mm&r=g","contentUrl":"https:\/\/secure.gravatar.com\/avatar\/ab9ddf1e87f7580cae3deefb05a58c5cf4f0c7f96f033fd7dacc23f0e8d149ca?s=96&d=mm&r=g","caption":"Cesar Morales"},"url":"https:\/\/gijonbasket.com\/en\/author\/cesar\/"}]}},"_links":{"self":[{"href":"https:\/\/gijonbasket.com\/en\/wp-json\/wp\/v2\/posts\/12968","targetHints":{"allow":["GET"]}}],"collection":[{"href":"https:\/\/gijonbasket.com\/en\/wp-json\/wp\/v2\/posts"}],"about":[{"href":"https:\/\/gijonbasket.com\/en\/wp-json\/wp\/v2\/types\/post"}],"author":[{"embeddable":true,"href":"https:\/\/gijonbasket.com\/en\/wp-json\/wp\/v2\/users\/2"}],"replies":[{"embeddable":true,"href":"https:\/\/gijonbasket.com\/en\/wp-json\/wp\/v2\/comments?post=12968"}],"version-history":[{"count":2,"href":"https:\/\/gijonbasket.com\/en\/wp-json\/wp\/v2\/posts\/12968\/revisions"}],"predecessor-version":[{"id":12970,"href":"https:\/\/gijonbasket.com\/en\/wp-json\/wp\/v2\/posts\/12968\/revisions\/12970"}],"wp:attachment":[{"href":"https:\/\/gijonbasket.com\/en\/wp-json\/wp\/v2\/media?parent=12968"}],"wp:term":[{"taxonomy":"category","embeddable":true,"href":"https:\/\/gijonbasket.com\/en\/wp-json\/wp\/v2\/categories?post=12968"},{"taxonomy":"post_tag","embeddable":true,"href":"https:\/\/gijonbasket.com\/en\/wp-json\/wp\/v2\/tags?post=12968"}],"curies":[{"name":"wp","href":"https:\/\/api.w.org\/{rel}","templated":true}]}}