{"id":12987,"date":"2026-09-01T12:15:26","date_gmt":"2026-09-01T10:15:26","guid":{"rendered":"https:\/\/gijonbasket.com\/?p=12987"},"modified":"2026-09-01T12:22:56","modified_gmt":"2026-09-01T10:22:56","slug":"yannick-nzosa-3-meses-de-baja-con-unicaja","status":"publish","type":"post","link":"https:\/\/gijonbasket.com\/en\/2026\/09\/01\/yannick-nzosa-3-meses-de-baja-con-unicaja\/","title":{"rendered":"Yannick Nzosa 3 meses de baja con Unicaja"},"content":{"rendered":"<p>El Unicaja pierde por lesi\u00f3n a Yannick Nzosa para los pr\u00f3ximos tres meses al sufrir la rotura del quinto metatarsiano de su pie izquierdo.<\/p>\n\n\n\n<p>Yannick Nzosa estar\u00e1 de baja por espacio de tres meses.<\/p>\n\n\n\n<p>P\u00edvot congole\u00f1o de 22 a\u00f1os y 2.08 m. que la pasada temporada milit\u00f3 en el Recoletas Salud San Pablo Burgos en calidad de cedido por Unicaja.<\/p>\n\n\n\n<p>Formado en la cantera del Unicaja desde su llegada en el verano de 2019.<\/p>\n\n\n\n<p>Con 16 a\u00f1os Yannick Nzosa debut\u00f3 en Liga Endesa con el Unicaja.<\/p>\n\n\n\n<p>Seleccionado en NBA Draft 2022 por los Washington Wizards con n\u00ba 54.<\/p>\n\n\n\n<p>4 cesiones por parte del Unicaja con el Real Betis Baloncesto (2022\/2023), Movistar Estudiantes (2023\/2024), Flexicar Fuenlabrada (2024\/2025) y Recoletas Salud San Pablo Burgos (2025\/2026).<\/p>\n\n\n\n<p>En la temporada 2020\/2021, Yannick Nzosa debut\u00f3 en Liga Endesa defendiendo los colores del Unicaja, permenciendo una campa\u00f1a m\u00e1s con el conjunto malacitano.<\/p>\n\n\n\n<p>La pasada temporada Yannick Nzosa con el Recoletas Salud San Pablo Burgos promedi\u00f3 2.6 ppp; 1.3 rpp.<\/p>","protected":false},"excerpt":{"rendered":"<p>El Unicaja pierde por lesi\u00f3n a Yannick Nzosa para los pr\u00f3ximos tres meses al sufrir la rotura del quinto metatarsiano de su pie izquierdo. Yannick Nzosa estar\u00e1 de baja por espacio de tres meses. P\u00edvot congole\u00f1o de 22 a\u00f1os y 2.08 m. que la pasada temporada milit\u00f3 en el Recoletas Salud San Pablo Burgos en&hellip;&nbsp;<a href=\"https:\/\/gijonbasket.com\/en\/2026\/09\/01\/yannick-nzosa-3-meses-de-baja-con-unicaja\/\" class=\"\" rel=\"bookmark\">Read More &raquo;<span class=\"screen-reader-text\">Yannick Nzosa 3 meses de baja con Unicaja<\/span><\/a><\/p>","protected":false},"author":2,"featured_media":0,"comment_status":"open","ping_status":"open","sticky":false,"template":"","format":"standard","meta":{"neve_meta_sidebar":"","neve_meta_container":"","neve_meta_enable_content_width":"","neve_meta_content_width":0,"neve_meta_title_alignment":"","neve_meta_author_avatar":"","neve_post_elements_order":"","neve_meta_disable_header":"","neve_meta_disable_footer":"","neve_meta_disable_title":"","footnotes":""},"categories":[4],"tags":[],"class_list":["post-12987","post","type-post","status-publish","format-standard","hentry","category-noticias"],"yoast_head":"<!-- This site is optimized with the Yoast SEO plugin v23.4 - https:\/\/yoast.com\/wordpress\/plugins\/seo\/ -->\n<title>Yannick Nzosa 3 meses de baja con Unicaja - gijonbasket<\/title>\n<meta name=\"robots\" content=\"index, follow, max-snippet:-1, max-image-preview:large, max-video-preview:-1\" \/>\n<link rel=\"canonical\" href=\"https:\/\/gijonbasket.com\/en\/2026\/09\/01\/yannick-nzosa-3-meses-de-baja-con-unicaja\/\" \/>\n<meta property=\"og:locale\" content=\"en_US\" \/>\n<meta property=\"og:type\" content=\"article\" \/>\n<meta property=\"og:title\" content=\"Yannick Nzosa 3 meses de baja con Unicaja - gijonbasket\" \/>\n<meta property=\"og:description\" content=\"El Unicaja pierde por lesi\u00f3n a Yannick Nzosa para los pr\u00f3ximos tres meses al sufrir la rotura del quinto metatarsiano de su pie izquierdo. Yannick Nzosa estar\u00e1 de baja por espacio de tres meses. P\u00edvot congole\u00f1o de 22 a\u00f1os y 2.08 m. que la pasada temporada milit\u00f3 en el Recoletas Salud San Pablo Burgos en&hellip;&nbsp;Read More &raquo;Yannick Nzosa 3 meses de baja con Unicaja\" \/>\n<meta property=\"og:url\" content=\"https:\/\/gijonbasket.com\/en\/2026\/09\/01\/yannick-nzosa-3-meses-de-baja-con-unicaja\/\" \/>\n<meta property=\"og:site_name\" content=\"gijonbasket\" \/>\n<meta property=\"article:published_time\" content=\"2026-09-01T10:15:26+00:00\" \/>\n<meta property=\"article:modified_time\" content=\"2026-09-01T10:22:56+00:00\" \/>\n<meta name=\"author\" content=\"Cesar Morales\" \/>\n<meta name=\"twitter:card\" content=\"summary_large_image\" \/>\n<meta name=\"twitter:label1\" content=\"Written by\" \/>\n\t<meta name=\"twitter:data1\" content=\"Cesar Morales\" \/>\n\t<meta name=\"twitter:label2\" content=\"Est. reading time\" \/>\n\t<meta name=\"twitter:data2\" content=\"1 minute\" \/>\n<script type=\"application\/ld+json\" class=\"yoast-schema-graph\">{\"@context\":\"https:\/\/schema.org\",\"@graph\":[{\"@type\":\"Article\",\"@id\":\"https:\/\/gijonbasket.com\/2026\/09\/01\/yannick-nzosa-3-meses-de-baja-con-unicaja\/#article\",\"isPartOf\":{\"@id\":\"https:\/\/gijonbasket.com\/2026\/09\/01\/yannick-nzosa-3-meses-de-baja-con-unicaja\/\"},\"author\":{\"name\":\"Cesar Morales\",\"@id\":\"https:\/\/gijonbasket.com\/#\/schema\/person\/91af9ff03e8eab582ccc344b715907c0\"},\"headline\":\"Yannick Nzosa 3 meses de baja con Unicaja\",\"datePublished\":\"2026-09-01T10:15:26+00:00\",\"dateModified\":\"2026-09-01T10:22:56+00:00\",\"mainEntityOfPage\":{\"@id\":\"https:\/\/gijonbasket.com\/2026\/09\/01\/yannick-nzosa-3-meses-de-baja-con-unicaja\/\"},\"wordCount\":164,\"commentCount\":0,\"publisher\":{\"@id\":\"https:\/\/gijonbasket.com\/#organization\"},\"articleSection\":[\"noticias\"],\"inLanguage\":\"en-US\",\"potentialAction\":[{\"@type\":\"CommentAction\",\"name\":\"Comment\",\"target\":[\"https:\/\/gijonbasket.com\/2026\/09\/01\/yannick-nzosa-3-meses-de-baja-con-unicaja\/#respond\"]}]},{\"@type\":\"WebPage\",\"@id\":\"https:\/\/gijonbasket.com\/2026\/09\/01\/yannick-nzosa-3-meses-de-baja-con-unicaja\/\",\"url\":\"https:\/\/gijonbasket.com\/2026\/09\/01\/yannick-nzosa-3-meses-de-baja-con-unicaja\/\",\"name\":\"Yannick Nzosa 3 meses de baja con Unicaja - gijonbasket\",\"isPartOf\":{\"@id\":\"https:\/\/gijonbasket.com\/#website\"},\"datePublished\":\"2026-09-01T10:15:26+00:00\",\"dateModified\":\"2026-09-01T10:22:56+00:00\",\"breadcrumb\":{\"@id\":\"https:\/\/gijonbasket.com\/2026\/09\/01\/yannick-nzosa-3-meses-de-baja-con-unicaja\/#breadcrumb\"},\"inLanguage\":\"en-US\",\"potentialAction\":[{\"@type\":\"ReadAction\",\"target\":[\"https:\/\/gijonbasket.com\/2026\/09\/01\/yannick-nzosa-3-meses-de-baja-con-unicaja\/\"]}]},{\"@type\":\"BreadcrumbList\",\"@id\":\"https:\/\/gijonbasket.com\/2026\/09\/01\/yannick-nzosa-3-meses-de-baja-con-unicaja\/#breadcrumb\",\"itemListElement\":[{\"@type\":\"ListItem\",\"position\":1,\"name\":\"Portada\",\"item\":\"https:\/\/gijonbasket.com\/\"},{\"@type\":\"ListItem\",\"position\":2,\"name\":\"Yannick Nzosa 3 meses de baja con Unicaja\"}]},{\"@type\":\"WebSite\",\"@id\":\"https:\/\/gijonbasket.com\/#website\",\"url\":\"https:\/\/gijonbasket.com\/\",\"name\":\"gijonbasket\",\"description\":\"\",\"publisher\":{\"@id\":\"https:\/\/gijonbasket.com\/#organization\"},\"potentialAction\":[{\"@type\":\"SearchAction\",\"target\":{\"@type\":\"EntryPoint\",\"urlTemplate\":\"https:\/\/gijonbasket.com\/?s={search_term_string}\"},\"query-input\":{\"@type\":\"PropertyValueSpecification\",\"valueRequired\":true,\"valueName\":\"search_term_string\"}}],\"inLanguage\":\"en-US\"},{\"@type\":\"Organization\",\"@id\":\"https:\/\/gijonbasket.com\/#organization\",\"name\":\"gijonbasket\",\"url\":\"https:\/\/gijonbasket.com\/\",\"logo\":{\"@type\":\"ImageObject\",\"inLanguage\":\"en-US\",\"@id\":\"https:\/\/gijonbasket.com\/#\/schema\/logo\/image\/\",\"url\":\"https:\/\/gijonbasket.com\/wp-content\/uploads\/2023\/03\/LogoGijonBasket2.jpg\",\"contentUrl\":\"https:\/\/gijonbasket.com\/wp-content\/uploads\/2023\/03\/LogoGijonBasket2.jpg\",\"width\":2000,\"height\":550,\"caption\":\"gijonbasket\"},\"image\":{\"@id\":\"https:\/\/gijonbasket.com\/#\/schema\/logo\/image\/\"}},{\"@type\":\"Person\",\"@id\":\"https:\/\/gijonbasket.com\/#\/schema\/person\/91af9ff03e8eab582ccc344b715907c0\",\"name\":\"Cesar Morales\",\"image\":{\"@type\":\"ImageObject\",\"inLanguage\":\"en-US\",\"@id\":\"https:\/\/gijonbasket.com\/#\/schema\/person\/image\/\",\"url\":\"https:\/\/secure.gravatar.com\/avatar\/ab9ddf1e87f7580cae3deefb05a58c5cf4f0c7f96f033fd7dacc23f0e8d149ca?s=96&d=mm&r=g\",\"contentUrl\":\"https:\/\/secure.gravatar.com\/avatar\/ab9ddf1e87f7580cae3deefb05a58c5cf4f0c7f96f033fd7dacc23f0e8d149ca?s=96&d=mm&r=g\",\"caption\":\"Cesar Morales\"},\"url\":\"https:\/\/gijonbasket.com\/en\/author\/cesar\/\"}]}<\/script>\n<!-- \/ Yoast SEO plugin. -->","yoast_head_json":{"title":"Yannick Nzosa 3 meses de baja con Unicaja - gijonbasket","robots":{"index":"index","follow":"follow","max-snippet":"max-snippet:-1","max-image-preview":"max-image-preview:large","max-video-preview":"max-video-preview:-1"},"canonical":"https:\/\/gijonbasket.com\/en\/2026\/09\/01\/yannick-nzosa-3-meses-de-baja-con-unicaja\/","og_locale":"en_US","og_type":"article","og_title":"Yannick Nzosa 3 meses de baja con Unicaja - gijonbasket","og_description":"El Unicaja pierde por lesi\u00f3n a Yannick Nzosa para los pr\u00f3ximos tres meses al sufrir la rotura del quinto metatarsiano de su pie izquierdo. Yannick Nzosa estar\u00e1 de baja por espacio de tres meses. P\u00edvot congole\u00f1o de 22 a\u00f1os y 2.08 m. que la pasada temporada milit\u00f3 en el Recoletas Salud San Pablo Burgos en&hellip;&nbsp;Read More &raquo;Yannick Nzosa 3 meses de baja con Unicaja","og_url":"https:\/\/gijonbasket.com\/en\/2026\/09\/01\/yannick-nzosa-3-meses-de-baja-con-unicaja\/","og_site_name":"gijonbasket","article_published_time":"2026-09-01T10:15:26+00:00","article_modified_time":"2026-09-01T10:22:56+00:00","author":"Cesar Morales","twitter_card":"summary_large_image","twitter_misc":{"Written by":"Cesar Morales","Est. reading time":"1 minute"},"schema":{"@context":"https:\/\/schema.org","@graph":[{"@type":"Article","@id":"https:\/\/gijonbasket.com\/2026\/09\/01\/yannick-nzosa-3-meses-de-baja-con-unicaja\/#article","isPartOf":{"@id":"https:\/\/gijonbasket.com\/2026\/09\/01\/yannick-nzosa-3-meses-de-baja-con-unicaja\/"},"author":{"name":"Cesar Morales","@id":"https:\/\/gijonbasket.com\/#\/schema\/person\/91af9ff03e8eab582ccc344b715907c0"},"headline":"Yannick Nzosa 3 meses de baja con Unicaja","datePublished":"2026-09-01T10:15:26+00:00","dateModified":"2026-09-01T10:22:56+00:00","mainEntityOfPage":{"@id":"https:\/\/gijonbasket.com\/2026\/09\/01\/yannick-nzosa-3-meses-de-baja-con-unicaja\/"},"wordCount":164,"commentCount":0,"publisher":{"@id":"https:\/\/gijonbasket.com\/#organization"},"articleSection":["noticias"],"inLanguage":"en-US","potentialAction":[{"@type":"CommentAction","name":"Comment","target":["https:\/\/gijonbasket.com\/2026\/09\/01\/yannick-nzosa-3-meses-de-baja-con-unicaja\/#respond"]}]},{"@type":"WebPage","@id":"https:\/\/gijonbasket.com\/2026\/09\/01\/yannick-nzosa-3-meses-de-baja-con-unicaja\/","url":"https:\/\/gijonbasket.com\/2026\/09\/01\/yannick-nzosa-3-meses-de-baja-con-unicaja\/","name":"Yannick Nzosa 3 meses de baja con Unicaja - gijonbasket","isPartOf":{"@id":"https:\/\/gijonbasket.com\/#website"},"datePublished":"2026-09-01T10:15:26+00:00","dateModified":"2026-09-01T10:22:56+00:00","breadcrumb":{"@id":"https:\/\/gijonbasket.com\/2026\/09\/01\/yannick-nzosa-3-meses-de-baja-con-unicaja\/#breadcrumb"},"inLanguage":"en-US","potentialAction":[{"@type":"ReadAction","target":["https:\/\/gijonbasket.com\/2026\/09\/01\/yannick-nzosa-3-meses-de-baja-con-unicaja\/"]}]},{"@type":"BreadcrumbList","@id":"https:\/\/gijonbasket.com\/2026\/09\/01\/yannick-nzosa-3-meses-de-baja-con-unicaja\/#breadcrumb","itemListElement":[{"@type":"ListItem","position":1,"name":"Portada","item":"https:\/\/gijonbasket.com\/"},{"@type":"ListItem","position":2,"name":"Yannick Nzosa 3 meses de baja con Unicaja"}]},{"@type":"WebSite","@id":"https:\/\/gijonbasket.com\/#website","url":"https:\/\/gijonbasket.com\/","name":"gijonbasket","description":"","publisher":{"@id":"https:\/\/gijonbasket.com\/#organization"},"potentialAction":[{"@type":"SearchAction","target":{"@type":"EntryPoint","urlTemplate":"https:\/\/gijonbasket.com\/?s={search_term_string}"},"query-input":{"@type":"PropertyValueSpecification","valueRequired":true,"valueName":"search_term_string"}}],"inLanguage":"en-US"},{"@type":"Organization","@id":"https:\/\/gijonbasket.com\/#organization","name":"gijonbasket","url":"https:\/\/gijonbasket.com\/","logo":{"@type":"ImageObject","inLanguage":"en-US","@id":"https:\/\/gijonbasket.com\/#\/schema\/logo\/image\/","url":"https:\/\/gijonbasket.com\/wp-content\/uploads\/2023\/03\/LogoGijonBasket2.jpg","contentUrl":"https:\/\/gijonbasket.com\/wp-content\/uploads\/2023\/03\/LogoGijonBasket2.jpg","width":2000,"height":550,"caption":"gijonbasket"},"image":{"@id":"https:\/\/gijonbasket.com\/#\/schema\/logo\/image\/"}},{"@type":"Person","@id":"https:\/\/gijonbasket.com\/#\/schema\/person\/91af9ff03e8eab582ccc344b715907c0","name":"Cesar Morales","image":{"@type":"ImageObject","inLanguage":"en-US","@id":"https:\/\/gijonbasket.com\/#\/schema\/person\/image\/","url":"https:\/\/secure.gravatar.com\/avatar\/ab9ddf1e87f7580cae3deefb05a58c5cf4f0c7f96f033fd7dacc23f0e8d149ca?s=96&d=mm&r=g","contentUrl":"https:\/\/secure.gravatar.com\/avatar\/ab9ddf1e87f7580cae3deefb05a58c5cf4f0c7f96f033fd7dacc23f0e8d149ca?s=96&d=mm&r=g","caption":"Cesar Morales"},"url":"https:\/\/gijonbasket.com\/en\/author\/cesar\/"}]}},"_links":{"self":[{"href":"https:\/\/gijonbasket.com\/en\/wp-json\/wp\/v2\/posts\/12987","targetHints":{"allow":["GET"]}}],"collection":[{"href":"https:\/\/gijonbasket.com\/en\/wp-json\/wp\/v2\/posts"}],"about":[{"href":"https:\/\/gijonbasket.com\/en\/wp-json\/wp\/v2\/types\/post"}],"author":[{"embeddable":true,"href":"https:\/\/gijonbasket.com\/en\/wp-json\/wp\/v2\/users\/2"}],"replies":[{"embeddable":true,"href":"https:\/\/gijonbasket.com\/en\/wp-json\/wp\/v2\/comments?post=12987"}],"version-history":[{"count":2,"href":"https:\/\/gijonbasket.com\/en\/wp-json\/wp\/v2\/posts\/12987\/revisions"}],"predecessor-version":[{"id":12990,"href":"https:\/\/gijonbasket.com\/en\/wp-json\/wp\/v2\/posts\/12987\/revisions\/12990"}],"wp:attachment":[{"href":"https:\/\/gijonbasket.com\/en\/wp-json\/wp\/v2\/media?parent=12987"}],"wp:term":[{"taxonomy":"category","embeddable":true,"href":"https:\/\/gijonbasket.com\/en\/wp-json\/wp\/v2\/categories?post=12987"},{"taxonomy":"post_tag","embeddable":true,"href":"https:\/\/gijonbasket.com\/en\/wp-json\/wp\/v2\/tags?post=12987"}],"curies":[{"name":"wp","href":"https:\/\/api.w.org\/{rel}","templated":true}]}}