{"id":13011,"date":"2026-09-01T20:55:47","date_gmt":"2026-09-01T18:55:47","guid":{"rendered":"https:\/\/gijonbasket.com\/?p=13011"},"modified":"2026-09-01T20:55:50","modified_gmt":"2026-09-01T18:55:50","slug":"jilson-bango-de-vuelta-al-casademont-zaragoza","status":"publish","type":"post","link":"https:\/\/gijonbasket.com\/en\/2026\/09\/01\/jilson-bango-de-vuelta-al-casademont-zaragoza\/","title":{"rendered":"Jilson Bango de vuelta al Casademont Zaragoza"},"content":{"rendered":"<p>El Casademont Zaragoza anunci\u00f3 el fichaje de Jilson Bango para la pr\u00f3xima temporada.<\/p>\n\n\n\n<p>Actualmente en proceso de recuperaci\u00f3n de la rotura del ligamento cruzado anterior de su rodilla izquierda. Jilson Bango se lesion\u00f3 con Angola en los Cuartos de Final del AfroBasket 2025.<\/p>\n\n\n\n<p>P\u00edvot angole\u00f1o de 27 a\u00f1os y 2.08 m. procedente del Fenerbahce Beko.<\/p>\n\n\n\n<p>Jilson Bango recal\u00f3, en febrero de 2025, en el Fenerbahce Beko desde el Casademont Zaragoza.<\/p>\n\n\n\n<p>Desportivo 1 de Agosto y Clube Desportivo da Marinha de Guerra fueron sus equipos en Angola.<\/p>\n\n\n\n<p>Su primera experiencia fuera de Angola, fue en Alemania, defendiendo los colores del Basketball L\u00f6wen Braunschweig durante dos temporadas (2022\/2023; 2023\/2024) previo a su llegada al Casademont Zaragoza en la campa\u00f1a 2024\/2025.<\/p>\n\n\n\n<p>En su etapa en el Casademont Zaragoza, Jilson Bango promedi\u00f3 13.4 ppp; 5.5 rpp.<\/p>\n\n\n\n<p>La pasada temporada con el Fenerbahce Beko, Jilson Bango se la pas\u00f3 en blanco.<\/p>\n\n\n\n<p>Internacional por Angola.<\/p>\n\n\n\n<p><\/p>","protected":false},"excerpt":{"rendered":"<p>El Casademont Zaragoza anunci\u00f3 el fichaje de Jilson Bango para la pr\u00f3xima temporada. Actualmente en proceso de recuperaci\u00f3n de la rotura del ligamento cruzado anterior de su rodilla izquierda. Jilson Bango se lesion\u00f3 con Angola en los Cuartos de Final del AfroBasket 2025. P\u00edvot angole\u00f1o de 27 a\u00f1os y 2.08 m. procedente del Fenerbahce Beko.&hellip;&nbsp;<a href=\"https:\/\/gijonbasket.com\/en\/2026\/09\/01\/jilson-bango-de-vuelta-al-casademont-zaragoza\/\" class=\"\" rel=\"bookmark\">Read More &raquo;<span class=\"screen-reader-text\">Jilson Bango de vuelta al Casademont Zaragoza<\/span><\/a><\/p>","protected":false},"author":2,"featured_media":0,"comment_status":"open","ping_status":"open","sticky":false,"template":"","format":"standard","meta":{"neve_meta_sidebar":"","neve_meta_container":"","neve_meta_enable_content_width":"","neve_meta_content_width":0,"neve_meta_title_alignment":"","neve_meta_author_avatar":"","neve_post_elements_order":"","neve_meta_disable_header":"","neve_meta_disable_footer":"","neve_meta_disable_title":"","footnotes":""},"categories":[4],"tags":[],"class_list":["post-13011","post","type-post","status-publish","format-standard","hentry","category-noticias"],"yoast_head":"<!-- This site is optimized with the Yoast SEO plugin v23.4 - https:\/\/yoast.com\/wordpress\/plugins\/seo\/ -->\n<title>Jilson Bango de vuelta al Casademont Zaragoza - gijonbasket<\/title>\n<meta name=\"robots\" content=\"index, follow, max-snippet:-1, max-image-preview:large, max-video-preview:-1\" \/>\n<link rel=\"canonical\" href=\"https:\/\/gijonbasket.com\/en\/2026\/09\/01\/jilson-bango-de-vuelta-al-casademont-zaragoza\/\" \/>\n<meta property=\"og:locale\" content=\"en_US\" \/>\n<meta property=\"og:type\" content=\"article\" \/>\n<meta property=\"og:title\" content=\"Jilson Bango de vuelta al Casademont Zaragoza - gijonbasket\" \/>\n<meta property=\"og:description\" content=\"El Casademont Zaragoza anunci\u00f3 el fichaje de Jilson Bango para la pr\u00f3xima temporada. Actualmente en proceso de recuperaci\u00f3n de la rotura del ligamento cruzado anterior de su rodilla izquierda. Jilson Bango se lesion\u00f3 con Angola en los Cuartos de Final del AfroBasket 2025. P\u00edvot angole\u00f1o de 27 a\u00f1os y 2.08 m. procedente del Fenerbahce Beko.&hellip;&nbsp;Read More &raquo;Jilson Bango de vuelta al Casademont Zaragoza\" \/>\n<meta property=\"og:url\" content=\"https:\/\/gijonbasket.com\/en\/2026\/09\/01\/jilson-bango-de-vuelta-al-casademont-zaragoza\/\" \/>\n<meta property=\"og:site_name\" content=\"gijonbasket\" \/>\n<meta property=\"article:published_time\" content=\"2026-09-01T18:55:47+00:00\" \/>\n<meta property=\"article:modified_time\" content=\"2026-09-01T18:55:50+00:00\" \/>\n<meta name=\"author\" content=\"Cesar Morales\" \/>\n<meta name=\"twitter:card\" content=\"summary_large_image\" \/>\n<meta name=\"twitter:label1\" content=\"Written by\" \/>\n\t<meta name=\"twitter:data1\" content=\"Cesar Morales\" \/>\n\t<meta name=\"twitter:label2\" content=\"Est. reading time\" \/>\n\t<meta name=\"twitter:data2\" content=\"1 minute\" \/>\n<script type=\"application\/ld+json\" class=\"yoast-schema-graph\">{\"@context\":\"https:\/\/schema.org\",\"@graph\":[{\"@type\":\"Article\",\"@id\":\"https:\/\/gijonbasket.com\/2026\/09\/01\/jilson-bango-de-vuelta-al-casademont-zaragoza\/#article\",\"isPartOf\":{\"@id\":\"https:\/\/gijonbasket.com\/2026\/09\/01\/jilson-bango-de-vuelta-al-casademont-zaragoza\/\"},\"author\":{\"name\":\"Cesar Morales\",\"@id\":\"https:\/\/gijonbasket.com\/#\/schema\/person\/91af9ff03e8eab582ccc344b715907c0\"},\"headline\":\"Jilson Bango de vuelta al Casademont Zaragoza\",\"datePublished\":\"2026-09-01T18:55:47+00:00\",\"dateModified\":\"2026-09-01T18:55:50+00:00\",\"mainEntityOfPage\":{\"@id\":\"https:\/\/gijonbasket.com\/2026\/09\/01\/jilson-bango-de-vuelta-al-casademont-zaragoza\/\"},\"wordCount\":153,\"commentCount\":0,\"publisher\":{\"@id\":\"https:\/\/gijonbasket.com\/#organization\"},\"articleSection\":[\"noticias\"],\"inLanguage\":\"en-US\",\"potentialAction\":[{\"@type\":\"CommentAction\",\"name\":\"Comment\",\"target\":[\"https:\/\/gijonbasket.com\/2026\/09\/01\/jilson-bango-de-vuelta-al-casademont-zaragoza\/#respond\"]}]},{\"@type\":\"WebPage\",\"@id\":\"https:\/\/gijonbasket.com\/2026\/09\/01\/jilson-bango-de-vuelta-al-casademont-zaragoza\/\",\"url\":\"https:\/\/gijonbasket.com\/2026\/09\/01\/jilson-bango-de-vuelta-al-casademont-zaragoza\/\",\"name\":\"Jilson Bango de vuelta al Casademont Zaragoza - gijonbasket\",\"isPartOf\":{\"@id\":\"https:\/\/gijonbasket.com\/#website\"},\"datePublished\":\"2026-09-01T18:55:47+00:00\",\"dateModified\":\"2026-09-01T18:55:50+00:00\",\"breadcrumb\":{\"@id\":\"https:\/\/gijonbasket.com\/2026\/09\/01\/jilson-bango-de-vuelta-al-casademont-zaragoza\/#breadcrumb\"},\"inLanguage\":\"en-US\",\"potentialAction\":[{\"@type\":\"ReadAction\",\"target\":[\"https:\/\/gijonbasket.com\/2026\/09\/01\/jilson-bango-de-vuelta-al-casademont-zaragoza\/\"]}]},{\"@type\":\"BreadcrumbList\",\"@id\":\"https:\/\/gijonbasket.com\/2026\/09\/01\/jilson-bango-de-vuelta-al-casademont-zaragoza\/#breadcrumb\",\"itemListElement\":[{\"@type\":\"ListItem\",\"position\":1,\"name\":\"Portada\",\"item\":\"https:\/\/gijonbasket.com\/\"},{\"@type\":\"ListItem\",\"position\":2,\"name\":\"Jilson Bango de vuelta al Casademont Zaragoza\"}]},{\"@type\":\"WebSite\",\"@id\":\"https:\/\/gijonbasket.com\/#website\",\"url\":\"https:\/\/gijonbasket.com\/\",\"name\":\"gijonbasket\",\"description\":\"\",\"publisher\":{\"@id\":\"https:\/\/gijonbasket.com\/#organization\"},\"potentialAction\":[{\"@type\":\"SearchAction\",\"target\":{\"@type\":\"EntryPoint\",\"urlTemplate\":\"https:\/\/gijonbasket.com\/?s={search_term_string}\"},\"query-input\":{\"@type\":\"PropertyValueSpecification\",\"valueRequired\":true,\"valueName\":\"search_term_string\"}}],\"inLanguage\":\"en-US\"},{\"@type\":\"Organization\",\"@id\":\"https:\/\/gijonbasket.com\/#organization\",\"name\":\"gijonbasket\",\"url\":\"https:\/\/gijonbasket.com\/\",\"logo\":{\"@type\":\"ImageObject\",\"inLanguage\":\"en-US\",\"@id\":\"https:\/\/gijonbasket.com\/#\/schema\/logo\/image\/\",\"url\":\"https:\/\/gijonbasket.com\/wp-content\/uploads\/2023\/03\/LogoGijonBasket2.jpg\",\"contentUrl\":\"https:\/\/gijonbasket.com\/wp-content\/uploads\/2023\/03\/LogoGijonBasket2.jpg\",\"width\":2000,\"height\":550,\"caption\":\"gijonbasket\"},\"image\":{\"@id\":\"https:\/\/gijonbasket.com\/#\/schema\/logo\/image\/\"}},{\"@type\":\"Person\",\"@id\":\"https:\/\/gijonbasket.com\/#\/schema\/person\/91af9ff03e8eab582ccc344b715907c0\",\"name\":\"Cesar Morales\",\"image\":{\"@type\":\"ImageObject\",\"inLanguage\":\"en-US\",\"@id\":\"https:\/\/gijonbasket.com\/#\/schema\/person\/image\/\",\"url\":\"https:\/\/secure.gravatar.com\/avatar\/ab9ddf1e87f7580cae3deefb05a58c5cf4f0c7f96f033fd7dacc23f0e8d149ca?s=96&d=mm&r=g\",\"contentUrl\":\"https:\/\/secure.gravatar.com\/avatar\/ab9ddf1e87f7580cae3deefb05a58c5cf4f0c7f96f033fd7dacc23f0e8d149ca?s=96&d=mm&r=g\",\"caption\":\"Cesar Morales\"},\"url\":\"https:\/\/gijonbasket.com\/en\/author\/cesar\/\"}]}<\/script>\n<!-- \/ Yoast SEO plugin. -->","yoast_head_json":{"title":"Jilson Bango de vuelta al Casademont Zaragoza - gijonbasket","robots":{"index":"index","follow":"follow","max-snippet":"max-snippet:-1","max-image-preview":"max-image-preview:large","max-video-preview":"max-video-preview:-1"},"canonical":"https:\/\/gijonbasket.com\/en\/2026\/09\/01\/jilson-bango-de-vuelta-al-casademont-zaragoza\/","og_locale":"en_US","og_type":"article","og_title":"Jilson Bango de vuelta al Casademont Zaragoza - gijonbasket","og_description":"El Casademont Zaragoza anunci\u00f3 el fichaje de Jilson Bango para la pr\u00f3xima temporada. Actualmente en proceso de recuperaci\u00f3n de la rotura del ligamento cruzado anterior de su rodilla izquierda. Jilson Bango se lesion\u00f3 con Angola en los Cuartos de Final del AfroBasket 2025. P\u00edvot angole\u00f1o de 27 a\u00f1os y 2.08 m. procedente del Fenerbahce Beko.&hellip;&nbsp;Read More &raquo;Jilson Bango de vuelta al Casademont Zaragoza","og_url":"https:\/\/gijonbasket.com\/en\/2026\/09\/01\/jilson-bango-de-vuelta-al-casademont-zaragoza\/","og_site_name":"gijonbasket","article_published_time":"2026-09-01T18:55:47+00:00","article_modified_time":"2026-09-01T18:55:50+00:00","author":"Cesar Morales","twitter_card":"summary_large_image","twitter_misc":{"Written by":"Cesar Morales","Est. reading time":"1 minute"},"schema":{"@context":"https:\/\/schema.org","@graph":[{"@type":"Article","@id":"https:\/\/gijonbasket.com\/2026\/09\/01\/jilson-bango-de-vuelta-al-casademont-zaragoza\/#article","isPartOf":{"@id":"https:\/\/gijonbasket.com\/2026\/09\/01\/jilson-bango-de-vuelta-al-casademont-zaragoza\/"},"author":{"name":"Cesar Morales","@id":"https:\/\/gijonbasket.com\/#\/schema\/person\/91af9ff03e8eab582ccc344b715907c0"},"headline":"Jilson Bango de vuelta al Casademont Zaragoza","datePublished":"2026-09-01T18:55:47+00:00","dateModified":"2026-09-01T18:55:50+00:00","mainEntityOfPage":{"@id":"https:\/\/gijonbasket.com\/2026\/09\/01\/jilson-bango-de-vuelta-al-casademont-zaragoza\/"},"wordCount":153,"commentCount":0,"publisher":{"@id":"https:\/\/gijonbasket.com\/#organization"},"articleSection":["noticias"],"inLanguage":"en-US","potentialAction":[{"@type":"CommentAction","name":"Comment","target":["https:\/\/gijonbasket.com\/2026\/09\/01\/jilson-bango-de-vuelta-al-casademont-zaragoza\/#respond"]}]},{"@type":"WebPage","@id":"https:\/\/gijonbasket.com\/2026\/09\/01\/jilson-bango-de-vuelta-al-casademont-zaragoza\/","url":"https:\/\/gijonbasket.com\/2026\/09\/01\/jilson-bango-de-vuelta-al-casademont-zaragoza\/","name":"Jilson Bango de vuelta al Casademont Zaragoza - gijonbasket","isPartOf":{"@id":"https:\/\/gijonbasket.com\/#website"},"datePublished":"2026-09-01T18:55:47+00:00","dateModified":"2026-09-01T18:55:50+00:00","breadcrumb":{"@id":"https:\/\/gijonbasket.com\/2026\/09\/01\/jilson-bango-de-vuelta-al-casademont-zaragoza\/#breadcrumb"},"inLanguage":"en-US","potentialAction":[{"@type":"ReadAction","target":["https:\/\/gijonbasket.com\/2026\/09\/01\/jilson-bango-de-vuelta-al-casademont-zaragoza\/"]}]},{"@type":"BreadcrumbList","@id":"https:\/\/gijonbasket.com\/2026\/09\/01\/jilson-bango-de-vuelta-al-casademont-zaragoza\/#breadcrumb","itemListElement":[{"@type":"ListItem","position":1,"name":"Portada","item":"https:\/\/gijonbasket.com\/"},{"@type":"ListItem","position":2,"name":"Jilson Bango de vuelta al Casademont Zaragoza"}]},{"@type":"WebSite","@id":"https:\/\/gijonbasket.com\/#website","url":"https:\/\/gijonbasket.com\/","name":"gijonbasket","description":"","publisher":{"@id":"https:\/\/gijonbasket.com\/#organization"},"potentialAction":[{"@type":"SearchAction","target":{"@type":"EntryPoint","urlTemplate":"https:\/\/gijonbasket.com\/?s={search_term_string}"},"query-input":{"@type":"PropertyValueSpecification","valueRequired":true,"valueName":"search_term_string"}}],"inLanguage":"en-US"},{"@type":"Organization","@id":"https:\/\/gijonbasket.com\/#organization","name":"gijonbasket","url":"https:\/\/gijonbasket.com\/","logo":{"@type":"ImageObject","inLanguage":"en-US","@id":"https:\/\/gijonbasket.com\/#\/schema\/logo\/image\/","url":"https:\/\/gijonbasket.com\/wp-content\/uploads\/2023\/03\/LogoGijonBasket2.jpg","contentUrl":"https:\/\/gijonbasket.com\/wp-content\/uploads\/2023\/03\/LogoGijonBasket2.jpg","width":2000,"height":550,"caption":"gijonbasket"},"image":{"@id":"https:\/\/gijonbasket.com\/#\/schema\/logo\/image\/"}},{"@type":"Person","@id":"https:\/\/gijonbasket.com\/#\/schema\/person\/91af9ff03e8eab582ccc344b715907c0","name":"Cesar Morales","image":{"@type":"ImageObject","inLanguage":"en-US","@id":"https:\/\/gijonbasket.com\/#\/schema\/person\/image\/","url":"https:\/\/secure.gravatar.com\/avatar\/ab9ddf1e87f7580cae3deefb05a58c5cf4f0c7f96f033fd7dacc23f0e8d149ca?s=96&d=mm&r=g","contentUrl":"https:\/\/secure.gravatar.com\/avatar\/ab9ddf1e87f7580cae3deefb05a58c5cf4f0c7f96f033fd7dacc23f0e8d149ca?s=96&d=mm&r=g","caption":"Cesar Morales"},"url":"https:\/\/gijonbasket.com\/en\/author\/cesar\/"}]}},"_links":{"self":[{"href":"https:\/\/gijonbasket.com\/en\/wp-json\/wp\/v2\/posts\/13011","targetHints":{"allow":["GET"]}}],"collection":[{"href":"https:\/\/gijonbasket.com\/en\/wp-json\/wp\/v2\/posts"}],"about":[{"href":"https:\/\/gijonbasket.com\/en\/wp-json\/wp\/v2\/types\/post"}],"author":[{"embeddable":true,"href":"https:\/\/gijonbasket.com\/en\/wp-json\/wp\/v2\/users\/2"}],"replies":[{"embeddable":true,"href":"https:\/\/gijonbasket.com\/en\/wp-json\/wp\/v2\/comments?post=13011"}],"version-history":[{"count":1,"href":"https:\/\/gijonbasket.com\/en\/wp-json\/wp\/v2\/posts\/13011\/revisions"}],"predecessor-version":[{"id":13012,"href":"https:\/\/gijonbasket.com\/en\/wp-json\/wp\/v2\/posts\/13011\/revisions\/13012"}],"wp:attachment":[{"href":"https:\/\/gijonbasket.com\/en\/wp-json\/wp\/v2\/media?parent=13011"}],"wp:term":[{"taxonomy":"category","embeddable":true,"href":"https:\/\/gijonbasket.com\/en\/wp-json\/wp\/v2\/categories?post=13011"},{"taxonomy":"post_tag","embeddable":true,"href":"https:\/\/gijonbasket.com\/en\/wp-json\/wp\/v2\/tags?post=13011"}],"curies":[{"name":"wp","href":"https:\/\/api.w.org\/{rel}","templated":true}]}}