{"id":13052,"date":"2026-09-04T20:12:47","date_gmt":"2026-09-04T18:12:47","guid":{"rendered":"https:\/\/gijonbasket.com\/?p=13052"},"modified":"2026-09-04T20:13:20","modified_gmt":"2026-09-04T18:13:20","slug":"copa-del-mundo-2026-fase-de-grupos-espana-alemania-83-53","status":"publish","type":"post","link":"https:\/\/gijonbasket.com\/en\/2026\/09\/04\/copa-del-mundo-2026-fase-de-grupos-espana-alemania-83-53\/","title":{"rendered":"Copa del Mundo Femenina 2026. Fase de Grupos. Espa\u00f1a &#8211; Alemania (83-53)."},"content":{"rendered":"<p>Espectacular debut de Espa\u00f1a en la Copa del Mundo 2026 arrollando a la anfitriona  Alemania (83-53).<\/p>\n\n\n\n<p>Dominio de principio a fin de Espa\u00f1a.<\/p>\n\n\n\n<p>El encuentro estaba visto para sentencia con el resultado al intermedio (50-24).<\/p>\n\n\n\n<p>Espa\u00f1a despleg\u00f3 su mejor nivel de juego en la primera mitad gracias a su acierto exterior 9\/18-T3-50% m\u00e1s 10\/16-t2-63%. Alemania en una primera mitad para olvidar se hundi\u00f3 en los porcentajes de tiro con 2\/13-T3-15% y 5\/17-T2-29%.<\/p>\n\n\n\n<p>Espa\u00f1a lleg\u00f3 a alcanzar una m\u00e1xima renta de 32 puntos (79-47) para terminar imponi\u00e9ndose por el definitivo 83-53.<\/p>\n\n\n\n<p>Awa Fam con 17 puntos, m\u00e1xima anotadora del encuentro, liderando a Espa\u00f1a junto a Mar\u00eda Conde (13 puntos), Iyana Mart\u00edn (12 puntos) y el doble-doble de Raquel Carrera (10 puntos; 10 rebotes).<\/p>\n\n\n\n<p>Leonie Fiebich (13 puntos; 6 rebotes) y Nyara Sabally (10 puntos).<\/p>\n\n\n\n<p>Espa\u00f1a disputar\u00e1 en menos de 24 horas, su segundo encuentro ante Mali, ma\u00f1ana s\u00e1bado a partir de las 11:30.<\/p>\n\n\n\n<p><\/p>","protected":false},"excerpt":{"rendered":"<p>Espectacular debut de Espa\u00f1a en la Copa del Mundo 2026 arrollando a la anfitriona Alemania (83-53). Dominio de principio a fin de Espa\u00f1a. El encuentro estaba visto para sentencia con el resultado al intermedio (50-24). Espa\u00f1a despleg\u00f3 su mejor nivel de juego en la primera mitad gracias a su acierto exterior 9\/18-T3-50% m\u00e1s 10\/16-t2-63%. Alemania&hellip;&nbsp;<a href=\"https:\/\/gijonbasket.com\/en\/2026\/09\/04\/copa-del-mundo-2026-fase-de-grupos-espana-alemania-83-53\/\" class=\"\" rel=\"bookmark\">Read More &raquo;<span class=\"screen-reader-text\">Copa del Mundo Femenina 2026. Fase de Grupos. Espa\u00f1a &#8211; Alemania (83-53).<\/span><\/a><\/p>","protected":false},"author":2,"featured_media":0,"comment_status":"open","ping_status":"open","sticky":false,"template":"","format":"standard","meta":{"neve_meta_sidebar":"","neve_meta_container":"","neve_meta_enable_content_width":"","neve_meta_content_width":0,"neve_meta_title_alignment":"","neve_meta_author_avatar":"","neve_post_elements_order":"","neve_meta_disable_header":"","neve_meta_disable_footer":"","neve_meta_disable_title":"","footnotes":""},"categories":[4],"tags":[],"class_list":["post-13052","post","type-post","status-publish","format-standard","hentry","category-noticias"],"yoast_head":"<!-- This site is optimized with the Yoast SEO plugin v23.4 - https:\/\/yoast.com\/wordpress\/plugins\/seo\/ -->\n<title>Copa del Mundo Femenina 2026. Fase de Grupos. Espa\u00f1a - Alemania (83-53). - gijonbasket<\/title>\n<meta name=\"robots\" content=\"index, follow, max-snippet:-1, max-image-preview:large, max-video-preview:-1\" \/>\n<link rel=\"canonical\" href=\"https:\/\/gijonbasket.com\/en\/2026\/09\/04\/copa-del-mundo-2026-fase-de-grupos-espana-alemania-83-53\/\" \/>\n<meta property=\"og:locale\" content=\"en_US\" \/>\n<meta property=\"og:type\" content=\"article\" \/>\n<meta property=\"og:title\" content=\"Copa del Mundo Femenina 2026. Fase de Grupos. Espa\u00f1a - Alemania (83-53). - gijonbasket\" \/>\n<meta property=\"og:description\" content=\"Espectacular debut de Espa\u00f1a en la Copa del Mundo 2026 arrollando a la anfitriona Alemania (83-53). Dominio de principio a fin de Espa\u00f1a. El encuentro estaba visto para sentencia con el resultado al intermedio (50-24). Espa\u00f1a despleg\u00f3 su mejor nivel de juego en la primera mitad gracias a su acierto exterior 9\/18-T3-50% m\u00e1s 10\/16-t2-63%. Alemania&hellip;&nbsp;Read More &raquo;Copa del Mundo Femenina 2026. Fase de Grupos. Espa\u00f1a &#8211; Alemania (83-53).\" \/>\n<meta property=\"og:url\" content=\"https:\/\/gijonbasket.com\/en\/2026\/09\/04\/copa-del-mundo-2026-fase-de-grupos-espana-alemania-83-53\/\" \/>\n<meta property=\"og:site_name\" content=\"gijonbasket\" \/>\n<meta property=\"article:published_time\" content=\"2026-09-04T18:12:47+00:00\" \/>\n<meta property=\"article:modified_time\" content=\"2026-09-04T18:13:20+00:00\" \/>\n<meta name=\"author\" content=\"Cesar Morales\" \/>\n<meta name=\"twitter:card\" content=\"summary_large_image\" \/>\n<meta name=\"twitter:label1\" content=\"Written by\" \/>\n\t<meta name=\"twitter:data1\" content=\"Cesar Morales\" \/>\n\t<meta name=\"twitter:label2\" content=\"Est. reading time\" \/>\n\t<meta name=\"twitter:data2\" content=\"1 minute\" \/>\n<script type=\"application\/ld+json\" class=\"yoast-schema-graph\">{\"@context\":\"https:\/\/schema.org\",\"@graph\":[{\"@type\":\"Article\",\"@id\":\"https:\/\/gijonbasket.com\/2026\/09\/04\/copa-del-mundo-2026-fase-de-grupos-espana-alemania-83-53\/#article\",\"isPartOf\":{\"@id\":\"https:\/\/gijonbasket.com\/2026\/09\/04\/copa-del-mundo-2026-fase-de-grupos-espana-alemania-83-53\/\"},\"author\":{\"name\":\"Cesar Morales\",\"@id\":\"https:\/\/gijonbasket.com\/#\/schema\/person\/91af9ff03e8eab582ccc344b715907c0\"},\"headline\":\"Copa del Mundo Femenina 2026. Fase de Grupos. Espa\u00f1a &#8211; Alemania (83-53).\",\"datePublished\":\"2026-09-04T18:12:47+00:00\",\"dateModified\":\"2026-09-04T18:13:20+00:00\",\"mainEntityOfPage\":{\"@id\":\"https:\/\/gijonbasket.com\/2026\/09\/04\/copa-del-mundo-2026-fase-de-grupos-espana-alemania-83-53\/\"},\"wordCount\":170,\"commentCount\":0,\"publisher\":{\"@id\":\"https:\/\/gijonbasket.com\/#organization\"},\"articleSection\":[\"noticias\"],\"inLanguage\":\"en-US\",\"potentialAction\":[{\"@type\":\"CommentAction\",\"name\":\"Comment\",\"target\":[\"https:\/\/gijonbasket.com\/2026\/09\/04\/copa-del-mundo-2026-fase-de-grupos-espana-alemania-83-53\/#respond\"]}]},{\"@type\":\"WebPage\",\"@id\":\"https:\/\/gijonbasket.com\/2026\/09\/04\/copa-del-mundo-2026-fase-de-grupos-espana-alemania-83-53\/\",\"url\":\"https:\/\/gijonbasket.com\/2026\/09\/04\/copa-del-mundo-2026-fase-de-grupos-espana-alemania-83-53\/\",\"name\":\"Copa del Mundo Femenina 2026. Fase de Grupos. Espa\u00f1a - Alemania (83-53). - gijonbasket\",\"isPartOf\":{\"@id\":\"https:\/\/gijonbasket.com\/#website\"},\"datePublished\":\"2026-09-04T18:12:47+00:00\",\"dateModified\":\"2026-09-04T18:13:20+00:00\",\"breadcrumb\":{\"@id\":\"https:\/\/gijonbasket.com\/2026\/09\/04\/copa-del-mundo-2026-fase-de-grupos-espana-alemania-83-53\/#breadcrumb\"},\"inLanguage\":\"en-US\",\"potentialAction\":[{\"@type\":\"ReadAction\",\"target\":[\"https:\/\/gijonbasket.com\/2026\/09\/04\/copa-del-mundo-2026-fase-de-grupos-espana-alemania-83-53\/\"]}]},{\"@type\":\"BreadcrumbList\",\"@id\":\"https:\/\/gijonbasket.com\/2026\/09\/04\/copa-del-mundo-2026-fase-de-grupos-espana-alemania-83-53\/#breadcrumb\",\"itemListElement\":[{\"@type\":\"ListItem\",\"position\":1,\"name\":\"Portada\",\"item\":\"https:\/\/gijonbasket.com\/\"},{\"@type\":\"ListItem\",\"position\":2,\"name\":\"Copa del Mundo Femenina 2026. Fase de Grupos. Espa\u00f1a &#8211; Alemania (83-53).\"}]},{\"@type\":\"WebSite\",\"@id\":\"https:\/\/gijonbasket.com\/#website\",\"url\":\"https:\/\/gijonbasket.com\/\",\"name\":\"gijonbasket\",\"description\":\"\",\"publisher\":{\"@id\":\"https:\/\/gijonbasket.com\/#organization\"},\"potentialAction\":[{\"@type\":\"SearchAction\",\"target\":{\"@type\":\"EntryPoint\",\"urlTemplate\":\"https:\/\/gijonbasket.com\/?s={search_term_string}\"},\"query-input\":{\"@type\":\"PropertyValueSpecification\",\"valueRequired\":true,\"valueName\":\"search_term_string\"}}],\"inLanguage\":\"en-US\"},{\"@type\":\"Organization\",\"@id\":\"https:\/\/gijonbasket.com\/#organization\",\"name\":\"gijonbasket\",\"url\":\"https:\/\/gijonbasket.com\/\",\"logo\":{\"@type\":\"ImageObject\",\"inLanguage\":\"en-US\",\"@id\":\"https:\/\/gijonbasket.com\/#\/schema\/logo\/image\/\",\"url\":\"https:\/\/gijonbasket.com\/wp-content\/uploads\/2023\/03\/LogoGijonBasket2.jpg\",\"contentUrl\":\"https:\/\/gijonbasket.com\/wp-content\/uploads\/2023\/03\/LogoGijonBasket2.jpg\",\"width\":2000,\"height\":550,\"caption\":\"gijonbasket\"},\"image\":{\"@id\":\"https:\/\/gijonbasket.com\/#\/schema\/logo\/image\/\"}},{\"@type\":\"Person\",\"@id\":\"https:\/\/gijonbasket.com\/#\/schema\/person\/91af9ff03e8eab582ccc344b715907c0\",\"name\":\"Cesar Morales\",\"image\":{\"@type\":\"ImageObject\",\"inLanguage\":\"en-US\",\"@id\":\"https:\/\/gijonbasket.com\/#\/schema\/person\/image\/\",\"url\":\"https:\/\/secure.gravatar.com\/avatar\/ab9ddf1e87f7580cae3deefb05a58c5cf4f0c7f96f033fd7dacc23f0e8d149ca?s=96&d=mm&r=g\",\"contentUrl\":\"https:\/\/secure.gravatar.com\/avatar\/ab9ddf1e87f7580cae3deefb05a58c5cf4f0c7f96f033fd7dacc23f0e8d149ca?s=96&d=mm&r=g\",\"caption\":\"Cesar Morales\"},\"url\":\"https:\/\/gijonbasket.com\/en\/author\/cesar\/\"}]}<\/script>\n<!-- \/ Yoast SEO plugin. -->","yoast_head_json":{"title":"Copa del Mundo Femenina 2026. Fase de Grupos. Espa\u00f1a - Alemania (83-53). - gijonbasket","robots":{"index":"index","follow":"follow","max-snippet":"max-snippet:-1","max-image-preview":"max-image-preview:large","max-video-preview":"max-video-preview:-1"},"canonical":"https:\/\/gijonbasket.com\/en\/2026\/09\/04\/copa-del-mundo-2026-fase-de-grupos-espana-alemania-83-53\/","og_locale":"en_US","og_type":"article","og_title":"Copa del Mundo Femenina 2026. Fase de Grupos. Espa\u00f1a - Alemania (83-53). - gijonbasket","og_description":"Espectacular debut de Espa\u00f1a en la Copa del Mundo 2026 arrollando a la anfitriona Alemania (83-53). Dominio de principio a fin de Espa\u00f1a. El encuentro estaba visto para sentencia con el resultado al intermedio (50-24). Espa\u00f1a despleg\u00f3 su mejor nivel de juego en la primera mitad gracias a su acierto exterior 9\/18-T3-50% m\u00e1s 10\/16-t2-63%. Alemania&hellip;&nbsp;Read More &raquo;Copa del Mundo Femenina 2026. Fase de Grupos. Espa\u00f1a &#8211; Alemania (83-53).","og_url":"https:\/\/gijonbasket.com\/en\/2026\/09\/04\/copa-del-mundo-2026-fase-de-grupos-espana-alemania-83-53\/","og_site_name":"gijonbasket","article_published_time":"2026-09-04T18:12:47+00:00","article_modified_time":"2026-09-04T18:13:20+00:00","author":"Cesar Morales","twitter_card":"summary_large_image","twitter_misc":{"Written by":"Cesar Morales","Est. reading time":"1 minute"},"schema":{"@context":"https:\/\/schema.org","@graph":[{"@type":"Article","@id":"https:\/\/gijonbasket.com\/2026\/09\/04\/copa-del-mundo-2026-fase-de-grupos-espana-alemania-83-53\/#article","isPartOf":{"@id":"https:\/\/gijonbasket.com\/2026\/09\/04\/copa-del-mundo-2026-fase-de-grupos-espana-alemania-83-53\/"},"author":{"name":"Cesar Morales","@id":"https:\/\/gijonbasket.com\/#\/schema\/person\/91af9ff03e8eab582ccc344b715907c0"},"headline":"Copa del Mundo Femenina 2026. Fase de Grupos. Espa\u00f1a &#8211; Alemania (83-53).","datePublished":"2026-09-04T18:12:47+00:00","dateModified":"2026-09-04T18:13:20+00:00","mainEntityOfPage":{"@id":"https:\/\/gijonbasket.com\/2026\/09\/04\/copa-del-mundo-2026-fase-de-grupos-espana-alemania-83-53\/"},"wordCount":170,"commentCount":0,"publisher":{"@id":"https:\/\/gijonbasket.com\/#organization"},"articleSection":["noticias"],"inLanguage":"en-US","potentialAction":[{"@type":"CommentAction","name":"Comment","target":["https:\/\/gijonbasket.com\/2026\/09\/04\/copa-del-mundo-2026-fase-de-grupos-espana-alemania-83-53\/#respond"]}]},{"@type":"WebPage","@id":"https:\/\/gijonbasket.com\/2026\/09\/04\/copa-del-mundo-2026-fase-de-grupos-espana-alemania-83-53\/","url":"https:\/\/gijonbasket.com\/2026\/09\/04\/copa-del-mundo-2026-fase-de-grupos-espana-alemania-83-53\/","name":"Copa del Mundo Femenina 2026. Fase de Grupos. Espa\u00f1a - Alemania (83-53). - gijonbasket","isPartOf":{"@id":"https:\/\/gijonbasket.com\/#website"},"datePublished":"2026-09-04T18:12:47+00:00","dateModified":"2026-09-04T18:13:20+00:00","breadcrumb":{"@id":"https:\/\/gijonbasket.com\/2026\/09\/04\/copa-del-mundo-2026-fase-de-grupos-espana-alemania-83-53\/#breadcrumb"},"inLanguage":"en-US","potentialAction":[{"@type":"ReadAction","target":["https:\/\/gijonbasket.com\/2026\/09\/04\/copa-del-mundo-2026-fase-de-grupos-espana-alemania-83-53\/"]}]},{"@type":"BreadcrumbList","@id":"https:\/\/gijonbasket.com\/2026\/09\/04\/copa-del-mundo-2026-fase-de-grupos-espana-alemania-83-53\/#breadcrumb","itemListElement":[{"@type":"ListItem","position":1,"name":"Portada","item":"https:\/\/gijonbasket.com\/"},{"@type":"ListItem","position":2,"name":"Copa del Mundo Femenina 2026. Fase de Grupos. Espa\u00f1a &#8211; Alemania (83-53)."}]},{"@type":"WebSite","@id":"https:\/\/gijonbasket.com\/#website","url":"https:\/\/gijonbasket.com\/","name":"gijonbasket","description":"","publisher":{"@id":"https:\/\/gijonbasket.com\/#organization"},"potentialAction":[{"@type":"SearchAction","target":{"@type":"EntryPoint","urlTemplate":"https:\/\/gijonbasket.com\/?s={search_term_string}"},"query-input":{"@type":"PropertyValueSpecification","valueRequired":true,"valueName":"search_term_string"}}],"inLanguage":"en-US"},{"@type":"Organization","@id":"https:\/\/gijonbasket.com\/#organization","name":"gijonbasket","url":"https:\/\/gijonbasket.com\/","logo":{"@type":"ImageObject","inLanguage":"en-US","@id":"https:\/\/gijonbasket.com\/#\/schema\/logo\/image\/","url":"https:\/\/gijonbasket.com\/wp-content\/uploads\/2023\/03\/LogoGijonBasket2.jpg","contentUrl":"https:\/\/gijonbasket.com\/wp-content\/uploads\/2023\/03\/LogoGijonBasket2.jpg","width":2000,"height":550,"caption":"gijonbasket"},"image":{"@id":"https:\/\/gijonbasket.com\/#\/schema\/logo\/image\/"}},{"@type":"Person","@id":"https:\/\/gijonbasket.com\/#\/schema\/person\/91af9ff03e8eab582ccc344b715907c0","name":"Cesar Morales","image":{"@type":"ImageObject","inLanguage":"en-US","@id":"https:\/\/gijonbasket.com\/#\/schema\/person\/image\/","url":"https:\/\/secure.gravatar.com\/avatar\/ab9ddf1e87f7580cae3deefb05a58c5cf4f0c7f96f033fd7dacc23f0e8d149ca?s=96&d=mm&r=g","contentUrl":"https:\/\/secure.gravatar.com\/avatar\/ab9ddf1e87f7580cae3deefb05a58c5cf4f0c7f96f033fd7dacc23f0e8d149ca?s=96&d=mm&r=g","caption":"Cesar Morales"},"url":"https:\/\/gijonbasket.com\/en\/author\/cesar\/"}]}},"_links":{"self":[{"href":"https:\/\/gijonbasket.com\/en\/wp-json\/wp\/v2\/posts\/13052","targetHints":{"allow":["GET"]}}],"collection":[{"href":"https:\/\/gijonbasket.com\/en\/wp-json\/wp\/v2\/posts"}],"about":[{"href":"https:\/\/gijonbasket.com\/en\/wp-json\/wp\/v2\/types\/post"}],"author":[{"embeddable":true,"href":"https:\/\/gijonbasket.com\/en\/wp-json\/wp\/v2\/users\/2"}],"replies":[{"embeddable":true,"href":"https:\/\/gijonbasket.com\/en\/wp-json\/wp\/v2\/comments?post=13052"}],"version-history":[{"count":3,"href":"https:\/\/gijonbasket.com\/en\/wp-json\/wp\/v2\/posts\/13052\/revisions"}],"predecessor-version":[{"id":13055,"href":"https:\/\/gijonbasket.com\/en\/wp-json\/wp\/v2\/posts\/13052\/revisions\/13055"}],"wp:attachment":[{"href":"https:\/\/gijonbasket.com\/en\/wp-json\/wp\/v2\/media?parent=13052"}],"wp:term":[{"taxonomy":"category","embeddable":true,"href":"https:\/\/gijonbasket.com\/en\/wp-json\/wp\/v2\/categories?post=13052"},{"taxonomy":"post_tag","embeddable":true,"href":"https:\/\/gijonbasket.com\/en\/wp-json\/wp\/v2\/tags?post=13052"}],"curies":[{"name":"wp","href":"https:\/\/api.w.org\/{rel}","templated":true}]}}