{"id":13072,"date":"2026-09-05T13:48:42","date_gmt":"2026-09-05T11:48:42","guid":{"rendered":"https:\/\/gijonbasket.com\/?p=13072"},"modified":"2026-09-05T13:48:48","modified_gmt":"2026-09-05T11:48:48","slug":"copa-del-mundo-femenina-2026-fase-de-grupos-mali-espana-82-73","status":"publish","type":"post","link":"https:\/\/gijonbasket.com\/en\/2026\/09\/05\/copa-del-mundo-femenina-2026-fase-de-grupos-mali-espana-82-73\/","title":{"rendered":"Copa del Mundo Femenina 2026. Fase de Grupos. Mali &#8211; Espa\u00f1a (82-73)."},"content":{"rendered":"<p>Maliazo hist\u00f3rico de Mali con su victoria ante Espa\u00f1a. Encuentro para olvidar de Espa\u00f1a para protagonizar la primera gran sorpresa de la Copa del Mundo. Espa\u00f1a pas\u00f3 del infinito con su victoria ante Alemania al cero por la derrota ante Mali.<\/p>\n\n\n\n<p>Mali roz\u00f3 la perfecci\u00f3n desde el primer cuarto.<\/p>\n\n\n\n<p>Espa\u00f1a arranc\u00f3 con un parcial de 0-3 por medio de Mar\u00eda Conde. Mali tom\u00f3 el control del cuarto con un parcial de 8-0 para psar del 0-3 al 8-3. Miguel M\u00e9ndez, t\u00e9cnico de Espa\u00f1a, se vi\u00f3 obligado a solicitar tiempo muerto a falta de 06:18. Mali alcanzo su m\u00e1xima ventaja con 8 puntos (17-9). Reacci\u00f3n de Espa\u00f1a de la mano de Megan Gustafson para un parcial de 0-8 pasando del 17-9 al 17-15. El primer cuarto concluy\u00f3 con ventaja para Mali 19-17. <\/p>\n\n\n\n<p>Espa\u00f1a dio la vuelta al electr\u00f3nico en el inicio del segundo cuarto gracias a un parcial de salida de 0-5. Del 19-17 se pas\u00f3 al 19-22. Espa\u00f1a tom\u00f3 el mando y control de juego hasta alcanzar una renta de siete. Al intermedio se lleg\u00f3 con ventaja para Espa\u00f1a 32-34.<\/p>\n\n\n\n<p>Hundimiento de Espa\u00f1a en la segunda mitad.<\/p>\n\n\n\n<p>Tercer cuarto decisivo para el despegue de Mali con un parcial de 31-19. Espa\u00f1a fue incapaz de frenar el juego de Mali destacando por su acierto exterior. El tercer cuarto concluy\u00f3 con ventaja para Mali 63-53.<\/p>\n\n\n\n<p>Con Espa\u00f1a contra las cuerdas se entr\u00f3 en el \u00faltimo cuarto.<\/p>\n\n\n\n<p>Las malas sensaciones de Espa\u00f1a se mantuvieron en los compases iniciales del \u00faltimo cuarto. Parcial de 5-0 para Mali para alcanzar una renta de quince puntos (68-53). Mali alcanz\u00f3 su m\u00e1xima ventaja del encuentro (16 puntos; 71-55; 73-57) en el \u00faltimo cuarto. Iyana Mart\u00edn, a la desesperada y saliendo desde el banquillo faltando 5 minutos para el final, se ech\u00f3 el equipo a sus espaldas para anotar 14 de los \u00faltimos 16 puntos de Espa\u00f1a. Con 73-57 Iyana Mart\u00edn anot\u00f3 14 puntos para Espa\u00f1a m\u00e1s otros dos de Megan Gustafson que completaron la anotaci\u00f3n final de Espa\u00f1a. Mali supo muy bien gestionar los \u00faltimos cinco minutos de partido para terminar logrando una hist\u00f3rica victoria por el definitivo 82-73. Importante paso atr\u00e1s en las aspiraciones de Espa\u00f1a de cara a la finalizaci\u00f3n de la Fase de Grupos y ahora con una aut\u00e9ntica final el lunes ante Jap\u00f3n.<\/p>\n\n\n\n<p>Iyana Mart\u00edn con 20 puntos, m\u00e1xima anotadora del encuentro, pero insuficiente para evitar la derrota de Espa\u00f1a. Iyana Mart\u00edn anot\u00f3 16 puntos en el \u00faltimo cuarto para Espa\u00f1a. En el combinado espa\u00f1ol destacar a Megan Gustafson con 16 puntos; 4 rebotes.<\/p>\n\n\n\n<p>Sika Kone con un doble-doble (19 puntos; 10 rebotes) lider\u00f3 a la hist\u00f3rica victoria de Mali junto a Djeneba N&#8217;Diaye (19 puntos), Alima Dembele (11 puntos).<\/p>\n\n\n\n<p>El juego exterior de Mali (9\/22-T3-41%9 fue absolutamente determinate en comparaci\u00f3n con Espa\u00f1a (4\/22-T3-18%). De nada le vali\u00f3 a Espa\u00f1a ganar el apartado reboteador (34-42).<\/p>","protected":false},"excerpt":{"rendered":"<p>Maliazo hist\u00f3rico de Mali con su victoria ante Espa\u00f1a. Encuentro para olvidar de Espa\u00f1a para protagonizar la primera gran sorpresa de la Copa del Mundo. Espa\u00f1a pas\u00f3 del infinito con su victoria ante Alemania al cero por la derrota ante Mali. Mali roz\u00f3 la perfecci\u00f3n desde el primer cuarto. Espa\u00f1a arranc\u00f3 con un parcial de&hellip;&nbsp;<a href=\"https:\/\/gijonbasket.com\/en\/2026\/09\/05\/copa-del-mundo-femenina-2026-fase-de-grupos-mali-espana-82-73\/\" class=\"\" rel=\"bookmark\">Read More &raquo;<span class=\"screen-reader-text\">Copa del Mundo Femenina 2026. Fase de Grupos. Mali &#8211; Espa\u00f1a (82-73).<\/span><\/a><\/p>","protected":false},"author":2,"featured_media":0,"comment_status":"open","ping_status":"open","sticky":false,"template":"","format":"standard","meta":{"neve_meta_sidebar":"","neve_meta_container":"","neve_meta_enable_content_width":"","neve_meta_content_width":0,"neve_meta_title_alignment":"","neve_meta_author_avatar":"","neve_post_elements_order":"","neve_meta_disable_header":"","neve_meta_disable_footer":"","neve_meta_disable_title":"","footnotes":""},"categories":[4],"tags":[],"class_list":["post-13072","post","type-post","status-publish","format-standard","hentry","category-noticias"],"yoast_head":"<!-- This site is optimized with the Yoast SEO plugin v23.4 - https:\/\/yoast.com\/wordpress\/plugins\/seo\/ -->\n<title>Copa del Mundo Femenina 2026. Fase de Grupos. Mali - Espa\u00f1a (82-73). - gijonbasket<\/title>\n<meta name=\"robots\" content=\"index, follow, max-snippet:-1, max-image-preview:large, max-video-preview:-1\" \/>\n<link rel=\"canonical\" href=\"https:\/\/gijonbasket.com\/en\/2026\/09\/05\/copa-del-mundo-femenina-2026-fase-de-grupos-mali-espana-82-73\/\" \/>\n<meta property=\"og:locale\" content=\"en_US\" \/>\n<meta property=\"og:type\" content=\"article\" \/>\n<meta property=\"og:title\" content=\"Copa del Mundo Femenina 2026. Fase de Grupos. Mali - Espa\u00f1a (82-73). - gijonbasket\" \/>\n<meta property=\"og:description\" content=\"Maliazo hist\u00f3rico de Mali con su victoria ante Espa\u00f1a. Encuentro para olvidar de Espa\u00f1a para protagonizar la primera gran sorpresa de la Copa del Mundo. Espa\u00f1a pas\u00f3 del infinito con su victoria ante Alemania al cero por la derrota ante Mali. Mali roz\u00f3 la perfecci\u00f3n desde el primer cuarto. Espa\u00f1a arranc\u00f3 con un parcial de&hellip;&nbsp;Read More &raquo;Copa del Mundo Femenina 2026. Fase de Grupos. Mali &#8211; Espa\u00f1a (82-73).\" \/>\n<meta property=\"og:url\" content=\"https:\/\/gijonbasket.com\/en\/2026\/09\/05\/copa-del-mundo-femenina-2026-fase-de-grupos-mali-espana-82-73\/\" \/>\n<meta property=\"og:site_name\" content=\"gijonbasket\" \/>\n<meta property=\"article:published_time\" content=\"2026-09-05T11:48:42+00:00\" \/>\n<meta property=\"article:modified_time\" content=\"2026-09-05T11:48:48+00:00\" \/>\n<meta name=\"author\" content=\"Cesar Morales\" \/>\n<meta name=\"twitter:card\" content=\"summary_large_image\" \/>\n<meta name=\"twitter:label1\" content=\"Written by\" \/>\n\t<meta name=\"twitter:data1\" content=\"Cesar Morales\" \/>\n\t<meta name=\"twitter:label2\" content=\"Est. reading time\" \/>\n\t<meta name=\"twitter:data2\" content=\"3 minutes\" \/>\n<script type=\"application\/ld+json\" class=\"yoast-schema-graph\">{\"@context\":\"https:\/\/schema.org\",\"@graph\":[{\"@type\":\"Article\",\"@id\":\"https:\/\/gijonbasket.com\/2026\/09\/05\/copa-del-mundo-femenina-2026-fase-de-grupos-mali-espana-82-73\/#article\",\"isPartOf\":{\"@id\":\"https:\/\/gijonbasket.com\/2026\/09\/05\/copa-del-mundo-femenina-2026-fase-de-grupos-mali-espana-82-73\/\"},\"author\":{\"name\":\"Cesar Morales\",\"@id\":\"https:\/\/gijonbasket.com\/#\/schema\/person\/91af9ff03e8eab582ccc344b715907c0\"},\"headline\":\"Copa del Mundo Femenina 2026. Fase de Grupos. Mali &#8211; Espa\u00f1a (82-73).\",\"datePublished\":\"2026-09-05T11:48:42+00:00\",\"dateModified\":\"2026-09-05T11:48:48+00:00\",\"mainEntityOfPage\":{\"@id\":\"https:\/\/gijonbasket.com\/2026\/09\/05\/copa-del-mundo-femenina-2026-fase-de-grupos-mali-espana-82-73\/\"},\"wordCount\":517,\"commentCount\":0,\"publisher\":{\"@id\":\"https:\/\/gijonbasket.com\/#organization\"},\"articleSection\":[\"noticias\"],\"inLanguage\":\"en-US\",\"potentialAction\":[{\"@type\":\"CommentAction\",\"name\":\"Comment\",\"target\":[\"https:\/\/gijonbasket.com\/2026\/09\/05\/copa-del-mundo-femenina-2026-fase-de-grupos-mali-espana-82-73\/#respond\"]}]},{\"@type\":\"WebPage\",\"@id\":\"https:\/\/gijonbasket.com\/2026\/09\/05\/copa-del-mundo-femenina-2026-fase-de-grupos-mali-espana-82-73\/\",\"url\":\"https:\/\/gijonbasket.com\/2026\/09\/05\/copa-del-mundo-femenina-2026-fase-de-grupos-mali-espana-82-73\/\",\"name\":\"Copa del Mundo Femenina 2026. Fase de Grupos. Mali - Espa\u00f1a (82-73). - gijonbasket\",\"isPartOf\":{\"@id\":\"https:\/\/gijonbasket.com\/#website\"},\"datePublished\":\"2026-09-05T11:48:42+00:00\",\"dateModified\":\"2026-09-05T11:48:48+00:00\",\"breadcrumb\":{\"@id\":\"https:\/\/gijonbasket.com\/2026\/09\/05\/copa-del-mundo-femenina-2026-fase-de-grupos-mali-espana-82-73\/#breadcrumb\"},\"inLanguage\":\"en-US\",\"potentialAction\":[{\"@type\":\"ReadAction\",\"target\":[\"https:\/\/gijonbasket.com\/2026\/09\/05\/copa-del-mundo-femenina-2026-fase-de-grupos-mali-espana-82-73\/\"]}]},{\"@type\":\"BreadcrumbList\",\"@id\":\"https:\/\/gijonbasket.com\/2026\/09\/05\/copa-del-mundo-femenina-2026-fase-de-grupos-mali-espana-82-73\/#breadcrumb\",\"itemListElement\":[{\"@type\":\"ListItem\",\"position\":1,\"name\":\"Portada\",\"item\":\"https:\/\/gijonbasket.com\/\"},{\"@type\":\"ListItem\",\"position\":2,\"name\":\"Copa del Mundo Femenina 2026. Fase de Grupos. Mali &#8211; Espa\u00f1a (82-73).\"}]},{\"@type\":\"WebSite\",\"@id\":\"https:\/\/gijonbasket.com\/#website\",\"url\":\"https:\/\/gijonbasket.com\/\",\"name\":\"gijonbasket\",\"description\":\"\",\"publisher\":{\"@id\":\"https:\/\/gijonbasket.com\/#organization\"},\"potentialAction\":[{\"@type\":\"SearchAction\",\"target\":{\"@type\":\"EntryPoint\",\"urlTemplate\":\"https:\/\/gijonbasket.com\/?s={search_term_string}\"},\"query-input\":{\"@type\":\"PropertyValueSpecification\",\"valueRequired\":true,\"valueName\":\"search_term_string\"}}],\"inLanguage\":\"en-US\"},{\"@type\":\"Organization\",\"@id\":\"https:\/\/gijonbasket.com\/#organization\",\"name\":\"gijonbasket\",\"url\":\"https:\/\/gijonbasket.com\/\",\"logo\":{\"@type\":\"ImageObject\",\"inLanguage\":\"en-US\",\"@id\":\"https:\/\/gijonbasket.com\/#\/schema\/logo\/image\/\",\"url\":\"https:\/\/gijonbasket.com\/wp-content\/uploads\/2023\/03\/LogoGijonBasket2.jpg\",\"contentUrl\":\"https:\/\/gijonbasket.com\/wp-content\/uploads\/2023\/03\/LogoGijonBasket2.jpg\",\"width\":2000,\"height\":550,\"caption\":\"gijonbasket\"},\"image\":{\"@id\":\"https:\/\/gijonbasket.com\/#\/schema\/logo\/image\/\"}},{\"@type\":\"Person\",\"@id\":\"https:\/\/gijonbasket.com\/#\/schema\/person\/91af9ff03e8eab582ccc344b715907c0\",\"name\":\"Cesar Morales\",\"image\":{\"@type\":\"ImageObject\",\"inLanguage\":\"en-US\",\"@id\":\"https:\/\/gijonbasket.com\/#\/schema\/person\/image\/\",\"url\":\"https:\/\/secure.gravatar.com\/avatar\/ab9ddf1e87f7580cae3deefb05a58c5cf4f0c7f96f033fd7dacc23f0e8d149ca?s=96&d=mm&r=g\",\"contentUrl\":\"https:\/\/secure.gravatar.com\/avatar\/ab9ddf1e87f7580cae3deefb05a58c5cf4f0c7f96f033fd7dacc23f0e8d149ca?s=96&d=mm&r=g\",\"caption\":\"Cesar Morales\"},\"url\":\"https:\/\/gijonbasket.com\/en\/author\/cesar\/\"}]}<\/script>\n<!-- \/ Yoast SEO plugin. -->","yoast_head_json":{"title":"Copa del Mundo Femenina 2026. Fase de Grupos. Mali - Espa\u00f1a (82-73). - gijonbasket","robots":{"index":"index","follow":"follow","max-snippet":"max-snippet:-1","max-image-preview":"max-image-preview:large","max-video-preview":"max-video-preview:-1"},"canonical":"https:\/\/gijonbasket.com\/en\/2026\/09\/05\/copa-del-mundo-femenina-2026-fase-de-grupos-mali-espana-82-73\/","og_locale":"en_US","og_type":"article","og_title":"Copa del Mundo Femenina 2026. Fase de Grupos. Mali - Espa\u00f1a (82-73). - gijonbasket","og_description":"Maliazo hist\u00f3rico de Mali con su victoria ante Espa\u00f1a. Encuentro para olvidar de Espa\u00f1a para protagonizar la primera gran sorpresa de la Copa del Mundo. Espa\u00f1a pas\u00f3 del infinito con su victoria ante Alemania al cero por la derrota ante Mali. Mali roz\u00f3 la perfecci\u00f3n desde el primer cuarto. Espa\u00f1a arranc\u00f3 con un parcial de&hellip;&nbsp;Read More &raquo;Copa del Mundo Femenina 2026. Fase de Grupos. Mali &#8211; Espa\u00f1a (82-73).","og_url":"https:\/\/gijonbasket.com\/en\/2026\/09\/05\/copa-del-mundo-femenina-2026-fase-de-grupos-mali-espana-82-73\/","og_site_name":"gijonbasket","article_published_time":"2026-09-05T11:48:42+00:00","article_modified_time":"2026-09-05T11:48:48+00:00","author":"Cesar Morales","twitter_card":"summary_large_image","twitter_misc":{"Written by":"Cesar Morales","Est. reading time":"3 minutes"},"schema":{"@context":"https:\/\/schema.org","@graph":[{"@type":"Article","@id":"https:\/\/gijonbasket.com\/2026\/09\/05\/copa-del-mundo-femenina-2026-fase-de-grupos-mali-espana-82-73\/#article","isPartOf":{"@id":"https:\/\/gijonbasket.com\/2026\/09\/05\/copa-del-mundo-femenina-2026-fase-de-grupos-mali-espana-82-73\/"},"author":{"name":"Cesar Morales","@id":"https:\/\/gijonbasket.com\/#\/schema\/person\/91af9ff03e8eab582ccc344b715907c0"},"headline":"Copa del Mundo Femenina 2026. Fase de Grupos. Mali &#8211; Espa\u00f1a (82-73).","datePublished":"2026-09-05T11:48:42+00:00","dateModified":"2026-09-05T11:48:48+00:00","mainEntityOfPage":{"@id":"https:\/\/gijonbasket.com\/2026\/09\/05\/copa-del-mundo-femenina-2026-fase-de-grupos-mali-espana-82-73\/"},"wordCount":517,"commentCount":0,"publisher":{"@id":"https:\/\/gijonbasket.com\/#organization"},"articleSection":["noticias"],"inLanguage":"en-US","potentialAction":[{"@type":"CommentAction","name":"Comment","target":["https:\/\/gijonbasket.com\/2026\/09\/05\/copa-del-mundo-femenina-2026-fase-de-grupos-mali-espana-82-73\/#respond"]}]},{"@type":"WebPage","@id":"https:\/\/gijonbasket.com\/2026\/09\/05\/copa-del-mundo-femenina-2026-fase-de-grupos-mali-espana-82-73\/","url":"https:\/\/gijonbasket.com\/2026\/09\/05\/copa-del-mundo-femenina-2026-fase-de-grupos-mali-espana-82-73\/","name":"Copa del Mundo Femenina 2026. Fase de Grupos. Mali - Espa\u00f1a (82-73). - gijonbasket","isPartOf":{"@id":"https:\/\/gijonbasket.com\/#website"},"datePublished":"2026-09-05T11:48:42+00:00","dateModified":"2026-09-05T11:48:48+00:00","breadcrumb":{"@id":"https:\/\/gijonbasket.com\/2026\/09\/05\/copa-del-mundo-femenina-2026-fase-de-grupos-mali-espana-82-73\/#breadcrumb"},"inLanguage":"en-US","potentialAction":[{"@type":"ReadAction","target":["https:\/\/gijonbasket.com\/2026\/09\/05\/copa-del-mundo-femenina-2026-fase-de-grupos-mali-espana-82-73\/"]}]},{"@type":"BreadcrumbList","@id":"https:\/\/gijonbasket.com\/2026\/09\/05\/copa-del-mundo-femenina-2026-fase-de-grupos-mali-espana-82-73\/#breadcrumb","itemListElement":[{"@type":"ListItem","position":1,"name":"Portada","item":"https:\/\/gijonbasket.com\/"},{"@type":"ListItem","position":2,"name":"Copa del Mundo Femenina 2026. Fase de Grupos. Mali &#8211; Espa\u00f1a (82-73)."}]},{"@type":"WebSite","@id":"https:\/\/gijonbasket.com\/#website","url":"https:\/\/gijonbasket.com\/","name":"gijonbasket","description":"","publisher":{"@id":"https:\/\/gijonbasket.com\/#organization"},"potentialAction":[{"@type":"SearchAction","target":{"@type":"EntryPoint","urlTemplate":"https:\/\/gijonbasket.com\/?s={search_term_string}"},"query-input":{"@type":"PropertyValueSpecification","valueRequired":true,"valueName":"search_term_string"}}],"inLanguage":"en-US"},{"@type":"Organization","@id":"https:\/\/gijonbasket.com\/#organization","name":"gijonbasket","url":"https:\/\/gijonbasket.com\/","logo":{"@type":"ImageObject","inLanguage":"en-US","@id":"https:\/\/gijonbasket.com\/#\/schema\/logo\/image\/","url":"https:\/\/gijonbasket.com\/wp-content\/uploads\/2023\/03\/LogoGijonBasket2.jpg","contentUrl":"https:\/\/gijonbasket.com\/wp-content\/uploads\/2023\/03\/LogoGijonBasket2.jpg","width":2000,"height":550,"caption":"gijonbasket"},"image":{"@id":"https:\/\/gijonbasket.com\/#\/schema\/logo\/image\/"}},{"@type":"Person","@id":"https:\/\/gijonbasket.com\/#\/schema\/person\/91af9ff03e8eab582ccc344b715907c0","name":"Cesar Morales","image":{"@type":"ImageObject","inLanguage":"en-US","@id":"https:\/\/gijonbasket.com\/#\/schema\/person\/image\/","url":"https:\/\/secure.gravatar.com\/avatar\/ab9ddf1e87f7580cae3deefb05a58c5cf4f0c7f96f033fd7dacc23f0e8d149ca?s=96&d=mm&r=g","contentUrl":"https:\/\/secure.gravatar.com\/avatar\/ab9ddf1e87f7580cae3deefb05a58c5cf4f0c7f96f033fd7dacc23f0e8d149ca?s=96&d=mm&r=g","caption":"Cesar Morales"},"url":"https:\/\/gijonbasket.com\/en\/author\/cesar\/"}]}},"_links":{"self":[{"href":"https:\/\/gijonbasket.com\/en\/wp-json\/wp\/v2\/posts\/13072","targetHints":{"allow":["GET"]}}],"collection":[{"href":"https:\/\/gijonbasket.com\/en\/wp-json\/wp\/v2\/posts"}],"about":[{"href":"https:\/\/gijonbasket.com\/en\/wp-json\/wp\/v2\/types\/post"}],"author":[{"embeddable":true,"href":"https:\/\/gijonbasket.com\/en\/wp-json\/wp\/v2\/users\/2"}],"replies":[{"embeddable":true,"href":"https:\/\/gijonbasket.com\/en\/wp-json\/wp\/v2\/comments?post=13072"}],"version-history":[{"count":3,"href":"https:\/\/gijonbasket.com\/en\/wp-json\/wp\/v2\/posts\/13072\/revisions"}],"predecessor-version":[{"id":13075,"href":"https:\/\/gijonbasket.com\/en\/wp-json\/wp\/v2\/posts\/13072\/revisions\/13075"}],"wp:attachment":[{"href":"https:\/\/gijonbasket.com\/en\/wp-json\/wp\/v2\/media?parent=13072"}],"wp:term":[{"taxonomy":"category","embeddable":true,"href":"https:\/\/gijonbasket.com\/en\/wp-json\/wp\/v2\/categories?post=13072"},{"taxonomy":"post_tag","embeddable":true,"href":"https:\/\/gijonbasket.com\/en\/wp-json\/wp\/v2\/tags?post=13072"}],"curies":[{"name":"wp","href":"https:\/\/api.w.org\/{rel}","templated":true}]}}