{"id":1588,"date":"2023-08-12T09:13:50","date_gmt":"2023-08-12T07:13:50","guid":{"rendered":"https:\/\/gijonbasket.com\/?p=1588"},"modified":"2023-08-12T09:15:02","modified_gmt":"2023-08-12T07:15:02","slug":"alejandro-lopez-rumbo-al-universidad-de-oviedo","status":"publish","type":"post","link":"https:\/\/gijonbasket.com\/en\/2023\/08\/12\/alejandro-lopez-rumbo-al-universidad-de-oviedo\/","title":{"rendered":"Alejandro L\u00f3pez rumbo al Universidad de Oviedo"},"content":{"rendered":"<p>Desde www.gijonbasket.com, adelantamos en exclusiva, el futuro de Alejandro L\u00f3pez (Corinto Gij\u00f3n Basket) que est\u00e1 directamente vinculado con el Universidad de Oviedo de cara a la pr\u00f3xima temporada. De esta forma se resolver\u00e1 la inc\u00f3gnita sobre su futuro.<\/p>\n\n\n\n<p>Alejandro L\u00f3pez, base mierense de 19 a\u00f1os y 1.87 m. que  ma\u00f1ana celebrar\u00e1 su cumplea\u00f1os, tras una temporada 2022\/2023 muy intensa que la empez\u00f3 en Cazoo Baskonia B (LEB Plata) para pasar por Huelva Comercio Viridis y Corinto Gij\u00f3n Basket con el que finaliz\u00f3 la temporada.<\/p>\n\n\n\n<p>Su futuro estar\u00e1 vinculado al Universidad de Oviedo (Liga EBA). <\/p>\n\n\n\n<p>La pasada campa\u00f1a con Corinto Gij\u00f3n Basket promedi\u00f3 7.1 ppp; 5.1 rpp; 2.4 app en 7 encuentros tras incorporarse al conjunto rojiblanco a finales del pasado mes de febrero.<\/p>\n\n\n\n<p>Formado en el Basket Villa de Mieres 2012, su rampa del lanzamiento se produjo con el Oviedo Club Baloncesto, siendo febrero de 2017 el momento clave en su trayectoria cuando fue reclutado por Fundaci\u00f3n 5+11 para disputar la MiniCopa  2017. Esto supuso su incorporaci\u00f3n a la cantera del Baskonia a partir de la temporada 2017\/2018.<\/p>\n\n\n\n<p>En el Universidad de Oviedo podr\u00e1 coincidir con dos compa\u00f1eros como Fernando Su\u00e1rez y Mario M\u00e9ndez que la pasada campa\u00f1a militaron en calidad de cedidos en Corinto Gij\u00f3n Basket.<\/p>","protected":false},"excerpt":{"rendered":"<p>Desde www.gijonbasket.com, adelantamos en exclusiva, el futuro de Alejandro L\u00f3pez (Corinto Gij\u00f3n Basket) que est\u00e1 directamente vinculado con el Universidad de Oviedo de cara a la pr\u00f3xima temporada. De esta forma se resolver\u00e1 la inc\u00f3gnita sobre su futuro. Alejandro L\u00f3pez, base mierense de 19 a\u00f1os y 1.87 m. que ma\u00f1ana celebrar\u00e1 su cumplea\u00f1os, tras una&hellip;&nbsp;<a href=\"https:\/\/gijonbasket.com\/en\/2023\/08\/12\/alejandro-lopez-rumbo-al-universidad-de-oviedo\/\" class=\"\" rel=\"bookmark\">Read More &raquo;<span class=\"screen-reader-text\">Alejandro L\u00f3pez rumbo al Universidad de Oviedo<\/span><\/a><\/p>","protected":false},"author":2,"featured_media":0,"comment_status":"open","ping_status":"open","sticky":false,"template":"","format":"standard","meta":{"neve_meta_sidebar":"","neve_meta_container":"","neve_meta_enable_content_width":"","neve_meta_content_width":0,"neve_meta_title_alignment":"","neve_meta_author_avatar":"","neve_post_elements_order":"","neve_meta_disable_header":"","neve_meta_disable_footer":"","neve_meta_disable_title":"","footnotes":""},"categories":[3,4],"tags":[],"class_list":["post-1588","post","type-post","status-publish","format-standard","hentry","category-exclusivas","category-noticias"],"yoast_head":"<!-- This site is optimized with the Yoast SEO plugin v23.4 - https:\/\/yoast.com\/wordpress\/plugins\/seo\/ -->\n<title>Alejandro L\u00f3pez rumbo al Universidad de Oviedo - gijonbasket<\/title>\n<meta name=\"robots\" content=\"index, follow, max-snippet:-1, max-image-preview:large, max-video-preview:-1\" \/>\n<link rel=\"canonical\" href=\"https:\/\/gijonbasket.com\/en\/2023\/08\/12\/alejandro-lopez-rumbo-al-universidad-de-oviedo\/\" \/>\n<meta property=\"og:locale\" content=\"en_US\" \/>\n<meta property=\"og:type\" content=\"article\" \/>\n<meta property=\"og:title\" content=\"Alejandro L\u00f3pez rumbo al Universidad de Oviedo - gijonbasket\" \/>\n<meta property=\"og:description\" content=\"Desde www.gijonbasket.com, adelantamos en exclusiva, el futuro de Alejandro L\u00f3pez (Corinto Gij\u00f3n Basket) que est\u00e1 directamente vinculado con el Universidad de Oviedo de cara a la pr\u00f3xima temporada. De esta forma se resolver\u00e1 la inc\u00f3gnita sobre su futuro. Alejandro L\u00f3pez, base mierense de 19 a\u00f1os y 1.87 m. que ma\u00f1ana celebrar\u00e1 su cumplea\u00f1os, tras una&hellip;&nbsp;Read More &raquo;Alejandro L\u00f3pez rumbo al Universidad de Oviedo\" \/>\n<meta property=\"og:url\" content=\"https:\/\/gijonbasket.com\/en\/2023\/08\/12\/alejandro-lopez-rumbo-al-universidad-de-oviedo\/\" \/>\n<meta property=\"og:site_name\" content=\"gijonbasket\" \/>\n<meta property=\"article:published_time\" content=\"2023-08-12T07:13:50+00:00\" \/>\n<meta property=\"article:modified_time\" content=\"2023-08-12T07:15:02+00:00\" \/>\n<meta name=\"author\" content=\"Cesar Morales\" \/>\n<meta name=\"twitter:card\" content=\"summary_large_image\" \/>\n<meta name=\"twitter:label1\" content=\"Written by\" \/>\n\t<meta name=\"twitter:data1\" content=\"Cesar Morales\" \/>\n\t<meta name=\"twitter:label2\" content=\"Est. reading time\" \/>\n\t<meta name=\"twitter:data2\" content=\"1 minute\" \/>\n<script type=\"application\/ld+json\" class=\"yoast-schema-graph\">{\"@context\":\"https:\/\/schema.org\",\"@graph\":[{\"@type\":\"Article\",\"@id\":\"https:\/\/gijonbasket.com\/2023\/08\/12\/alejandro-lopez-rumbo-al-universidad-de-oviedo\/#article\",\"isPartOf\":{\"@id\":\"https:\/\/gijonbasket.com\/2023\/08\/12\/alejandro-lopez-rumbo-al-universidad-de-oviedo\/\"},\"author\":{\"name\":\"Cesar Morales\",\"@id\":\"https:\/\/gijonbasket.com\/#\/schema\/person\/91af9ff03e8eab582ccc344b715907c0\"},\"headline\":\"Alejandro L\u00f3pez rumbo al Universidad de Oviedo\",\"datePublished\":\"2023-08-12T07:13:50+00:00\",\"dateModified\":\"2023-08-12T07:15:02+00:00\",\"mainEntityOfPage\":{\"@id\":\"https:\/\/gijonbasket.com\/2023\/08\/12\/alejandro-lopez-rumbo-al-universidad-de-oviedo\/\"},\"wordCount\":223,\"commentCount\":0,\"publisher\":{\"@id\":\"https:\/\/gijonbasket.com\/#organization\"},\"articleSection\":[\"exclusivas\",\"noticias\"],\"inLanguage\":\"en-US\",\"potentialAction\":[{\"@type\":\"CommentAction\",\"name\":\"Comment\",\"target\":[\"https:\/\/gijonbasket.com\/2023\/08\/12\/alejandro-lopez-rumbo-al-universidad-de-oviedo\/#respond\"]}]},{\"@type\":\"WebPage\",\"@id\":\"https:\/\/gijonbasket.com\/2023\/08\/12\/alejandro-lopez-rumbo-al-universidad-de-oviedo\/\",\"url\":\"https:\/\/gijonbasket.com\/2023\/08\/12\/alejandro-lopez-rumbo-al-universidad-de-oviedo\/\",\"name\":\"Alejandro L\u00f3pez rumbo al Universidad de Oviedo - gijonbasket\",\"isPartOf\":{\"@id\":\"https:\/\/gijonbasket.com\/#website\"},\"datePublished\":\"2023-08-12T07:13:50+00:00\",\"dateModified\":\"2023-08-12T07:15:02+00:00\",\"breadcrumb\":{\"@id\":\"https:\/\/gijonbasket.com\/2023\/08\/12\/alejandro-lopez-rumbo-al-universidad-de-oviedo\/#breadcrumb\"},\"inLanguage\":\"en-US\",\"potentialAction\":[{\"@type\":\"ReadAction\",\"target\":[\"https:\/\/gijonbasket.com\/2023\/08\/12\/alejandro-lopez-rumbo-al-universidad-de-oviedo\/\"]}]},{\"@type\":\"BreadcrumbList\",\"@id\":\"https:\/\/gijonbasket.com\/2023\/08\/12\/alejandro-lopez-rumbo-al-universidad-de-oviedo\/#breadcrumb\",\"itemListElement\":[{\"@type\":\"ListItem\",\"position\":1,\"name\":\"Portada\",\"item\":\"https:\/\/gijonbasket.com\/\"},{\"@type\":\"ListItem\",\"position\":2,\"name\":\"Alejandro L\u00f3pez rumbo al Universidad de Oviedo\"}]},{\"@type\":\"WebSite\",\"@id\":\"https:\/\/gijonbasket.com\/#website\",\"url\":\"https:\/\/gijonbasket.com\/\",\"name\":\"gijonbasket\",\"description\":\"\",\"publisher\":{\"@id\":\"https:\/\/gijonbasket.com\/#organization\"},\"potentialAction\":[{\"@type\":\"SearchAction\",\"target\":{\"@type\":\"EntryPoint\",\"urlTemplate\":\"https:\/\/gijonbasket.com\/?s={search_term_string}\"},\"query-input\":{\"@type\":\"PropertyValueSpecification\",\"valueRequired\":true,\"valueName\":\"search_term_string\"}}],\"inLanguage\":\"en-US\"},{\"@type\":\"Organization\",\"@id\":\"https:\/\/gijonbasket.com\/#organization\",\"name\":\"gijonbasket\",\"url\":\"https:\/\/gijonbasket.com\/\",\"logo\":{\"@type\":\"ImageObject\",\"inLanguage\":\"en-US\",\"@id\":\"https:\/\/gijonbasket.com\/#\/schema\/logo\/image\/\",\"url\":\"https:\/\/gijonbasket.com\/wp-content\/uploads\/2023\/03\/LogoGijonBasket2.jpg\",\"contentUrl\":\"https:\/\/gijonbasket.com\/wp-content\/uploads\/2023\/03\/LogoGijonBasket2.jpg\",\"width\":2000,\"height\":550,\"caption\":\"gijonbasket\"},\"image\":{\"@id\":\"https:\/\/gijonbasket.com\/#\/schema\/logo\/image\/\"}},{\"@type\":\"Person\",\"@id\":\"https:\/\/gijonbasket.com\/#\/schema\/person\/91af9ff03e8eab582ccc344b715907c0\",\"name\":\"Cesar Morales\",\"image\":{\"@type\":\"ImageObject\",\"inLanguage\":\"en-US\",\"@id\":\"https:\/\/gijonbasket.com\/#\/schema\/person\/image\/\",\"url\":\"https:\/\/secure.gravatar.com\/avatar\/ab9ddf1e87f7580cae3deefb05a58c5cf4f0c7f96f033fd7dacc23f0e8d149ca?s=96&d=mm&r=g\",\"contentUrl\":\"https:\/\/secure.gravatar.com\/avatar\/ab9ddf1e87f7580cae3deefb05a58c5cf4f0c7f96f033fd7dacc23f0e8d149ca?s=96&d=mm&r=g\",\"caption\":\"Cesar Morales\"},\"url\":\"https:\/\/gijonbasket.com\/en\/author\/cesar\/\"}]}<\/script>\n<!-- \/ Yoast SEO plugin. -->","yoast_head_json":{"title":"Alejandro L\u00f3pez rumbo al Universidad de Oviedo - gijonbasket","robots":{"index":"index","follow":"follow","max-snippet":"max-snippet:-1","max-image-preview":"max-image-preview:large","max-video-preview":"max-video-preview:-1"},"canonical":"https:\/\/gijonbasket.com\/en\/2023\/08\/12\/alejandro-lopez-rumbo-al-universidad-de-oviedo\/","og_locale":"en_US","og_type":"article","og_title":"Alejandro L\u00f3pez rumbo al Universidad de Oviedo - gijonbasket","og_description":"Desde www.gijonbasket.com, adelantamos en exclusiva, el futuro de Alejandro L\u00f3pez (Corinto Gij\u00f3n Basket) que est\u00e1 directamente vinculado con el Universidad de Oviedo de cara a la pr\u00f3xima temporada. De esta forma se resolver\u00e1 la inc\u00f3gnita sobre su futuro. Alejandro L\u00f3pez, base mierense de 19 a\u00f1os y 1.87 m. que ma\u00f1ana celebrar\u00e1 su cumplea\u00f1os, tras una&hellip;&nbsp;Read More &raquo;Alejandro L\u00f3pez rumbo al Universidad de Oviedo","og_url":"https:\/\/gijonbasket.com\/en\/2023\/08\/12\/alejandro-lopez-rumbo-al-universidad-de-oviedo\/","og_site_name":"gijonbasket","article_published_time":"2023-08-12T07:13:50+00:00","article_modified_time":"2023-08-12T07:15:02+00:00","author":"Cesar Morales","twitter_card":"summary_large_image","twitter_misc":{"Written by":"Cesar Morales","Est. reading time":"1 minute"},"schema":{"@context":"https:\/\/schema.org","@graph":[{"@type":"Article","@id":"https:\/\/gijonbasket.com\/2023\/08\/12\/alejandro-lopez-rumbo-al-universidad-de-oviedo\/#article","isPartOf":{"@id":"https:\/\/gijonbasket.com\/2023\/08\/12\/alejandro-lopez-rumbo-al-universidad-de-oviedo\/"},"author":{"name":"Cesar Morales","@id":"https:\/\/gijonbasket.com\/#\/schema\/person\/91af9ff03e8eab582ccc344b715907c0"},"headline":"Alejandro L\u00f3pez rumbo al Universidad de Oviedo","datePublished":"2023-08-12T07:13:50+00:00","dateModified":"2023-08-12T07:15:02+00:00","mainEntityOfPage":{"@id":"https:\/\/gijonbasket.com\/2023\/08\/12\/alejandro-lopez-rumbo-al-universidad-de-oviedo\/"},"wordCount":223,"commentCount":0,"publisher":{"@id":"https:\/\/gijonbasket.com\/#organization"},"articleSection":["exclusivas","noticias"],"inLanguage":"en-US","potentialAction":[{"@type":"CommentAction","name":"Comment","target":["https:\/\/gijonbasket.com\/2023\/08\/12\/alejandro-lopez-rumbo-al-universidad-de-oviedo\/#respond"]}]},{"@type":"WebPage","@id":"https:\/\/gijonbasket.com\/2023\/08\/12\/alejandro-lopez-rumbo-al-universidad-de-oviedo\/","url":"https:\/\/gijonbasket.com\/2023\/08\/12\/alejandro-lopez-rumbo-al-universidad-de-oviedo\/","name":"Alejandro L\u00f3pez rumbo al Universidad de Oviedo - gijonbasket","isPartOf":{"@id":"https:\/\/gijonbasket.com\/#website"},"datePublished":"2023-08-12T07:13:50+00:00","dateModified":"2023-08-12T07:15:02+00:00","breadcrumb":{"@id":"https:\/\/gijonbasket.com\/2023\/08\/12\/alejandro-lopez-rumbo-al-universidad-de-oviedo\/#breadcrumb"},"inLanguage":"en-US","potentialAction":[{"@type":"ReadAction","target":["https:\/\/gijonbasket.com\/2023\/08\/12\/alejandro-lopez-rumbo-al-universidad-de-oviedo\/"]}]},{"@type":"BreadcrumbList","@id":"https:\/\/gijonbasket.com\/2023\/08\/12\/alejandro-lopez-rumbo-al-universidad-de-oviedo\/#breadcrumb","itemListElement":[{"@type":"ListItem","position":1,"name":"Portada","item":"https:\/\/gijonbasket.com\/"},{"@type":"ListItem","position":2,"name":"Alejandro L\u00f3pez rumbo al Universidad de Oviedo"}]},{"@type":"WebSite","@id":"https:\/\/gijonbasket.com\/#website","url":"https:\/\/gijonbasket.com\/","name":"gijonbasket","description":"","publisher":{"@id":"https:\/\/gijonbasket.com\/#organization"},"potentialAction":[{"@type":"SearchAction","target":{"@type":"EntryPoint","urlTemplate":"https:\/\/gijonbasket.com\/?s={search_term_string}"},"query-input":{"@type":"PropertyValueSpecification","valueRequired":true,"valueName":"search_term_string"}}],"inLanguage":"en-US"},{"@type":"Organization","@id":"https:\/\/gijonbasket.com\/#organization","name":"gijonbasket","url":"https:\/\/gijonbasket.com\/","logo":{"@type":"ImageObject","inLanguage":"en-US","@id":"https:\/\/gijonbasket.com\/#\/schema\/logo\/image\/","url":"https:\/\/gijonbasket.com\/wp-content\/uploads\/2023\/03\/LogoGijonBasket2.jpg","contentUrl":"https:\/\/gijonbasket.com\/wp-content\/uploads\/2023\/03\/LogoGijonBasket2.jpg","width":2000,"height":550,"caption":"gijonbasket"},"image":{"@id":"https:\/\/gijonbasket.com\/#\/schema\/logo\/image\/"}},{"@type":"Person","@id":"https:\/\/gijonbasket.com\/#\/schema\/person\/91af9ff03e8eab582ccc344b715907c0","name":"Cesar Morales","image":{"@type":"ImageObject","inLanguage":"en-US","@id":"https:\/\/gijonbasket.com\/#\/schema\/person\/image\/","url":"https:\/\/secure.gravatar.com\/avatar\/ab9ddf1e87f7580cae3deefb05a58c5cf4f0c7f96f033fd7dacc23f0e8d149ca?s=96&d=mm&r=g","contentUrl":"https:\/\/secure.gravatar.com\/avatar\/ab9ddf1e87f7580cae3deefb05a58c5cf4f0c7f96f033fd7dacc23f0e8d149ca?s=96&d=mm&r=g","caption":"Cesar Morales"},"url":"https:\/\/gijonbasket.com\/en\/author\/cesar\/"}]}},"_links":{"self":[{"href":"https:\/\/gijonbasket.com\/en\/wp-json\/wp\/v2\/posts\/1588","targetHints":{"allow":["GET"]}}],"collection":[{"href":"https:\/\/gijonbasket.com\/en\/wp-json\/wp\/v2\/posts"}],"about":[{"href":"https:\/\/gijonbasket.com\/en\/wp-json\/wp\/v2\/types\/post"}],"author":[{"embeddable":true,"href":"https:\/\/gijonbasket.com\/en\/wp-json\/wp\/v2\/users\/2"}],"replies":[{"embeddable":true,"href":"https:\/\/gijonbasket.com\/en\/wp-json\/wp\/v2\/comments?post=1588"}],"version-history":[{"count":2,"href":"https:\/\/gijonbasket.com\/en\/wp-json\/wp\/v2\/posts\/1588\/revisions"}],"predecessor-version":[{"id":1591,"href":"https:\/\/gijonbasket.com\/en\/wp-json\/wp\/v2\/posts\/1588\/revisions\/1591"}],"wp:attachment":[{"href":"https:\/\/gijonbasket.com\/en\/wp-json\/wp\/v2\/media?parent=1588"}],"wp:term":[{"taxonomy":"category","embeddable":true,"href":"https:\/\/gijonbasket.com\/en\/wp-json\/wp\/v2\/categories?post=1588"},{"taxonomy":"post_tag","embeddable":true,"href":"https:\/\/gijonbasket.com\/en\/wp-json\/wp\/v2\/tags?post=1588"}],"curies":[{"name":"wp","href":"https:\/\/api.w.org\/{rel}","templated":true}]}}