{"id":1946,"date":"2023-09-24T10:46:36","date_gmt":"2023-09-24T08:46:36","guid":{"rendered":"https:\/\/gijonbasket.com\/?p=1946"},"modified":"2023-09-24T10:46:37","modified_gmt":"2023-09-24T08:46:37","slug":"tartiere-auto-gijon-basket-cambio-de-fecha-para-su-debut-ante-el-universidad-de-oviedo","status":"publish","type":"post","link":"https:\/\/gijonbasket.com\/en\/2023\/09\/24\/tartiere-auto-gijon-basket-cambio-de-fecha-para-su-debut-ante-el-universidad-de-oviedo\/","title":{"rendered":"Tartiere Auto Gij\u00f3n Basket cambio de fecha para su debut ante el Universidad de Oviedo"},"content":{"rendered":"<p>Desde www.gijonbasket.com, adelantamos en exclusiva, que el debut de Tartiere Auto Gij\u00f3n Basket ante el Universidad de Oviedo cambiar\u00e1 de fecha.<\/p>\n\n\n\n<p>El primer derbi asturiano de la temporada, previsto para el s\u00e1bado 30 de septiembre a las 20:00, se disputar\u00e1 el domingo 1 de octubre a partir de las 19:00 en el Palacio de Deportes de Gij\u00f3n.<\/p>\n\n\n\n<p>Acuerdo total entre los equipos y a la espera de ser oficializado por FEB.<\/p>","protected":false},"excerpt":{"rendered":"<p>Desde www.gijonbasket.com, adelantamos en exclusiva, que el debut de Tartiere Auto Gij\u00f3n Basket ante el Universidad de Oviedo cambiar\u00e1 de fecha. El primer derbi asturiano de la temporada, previsto para el s\u00e1bado 30 de septiembre a las 20:00, se disputar\u00e1 el domingo 1 de octubre a partir de las 19:00 en el Palacio de Deportes&hellip;&nbsp;<a href=\"https:\/\/gijonbasket.com\/en\/2023\/09\/24\/tartiere-auto-gijon-basket-cambio-de-fecha-para-su-debut-ante-el-universidad-de-oviedo\/\" class=\"\" rel=\"bookmark\">Read More &raquo;<span class=\"screen-reader-text\">Tartiere Auto Gij\u00f3n Basket cambio de fecha para su debut ante el Universidad de Oviedo<\/span><\/a><\/p>","protected":false},"author":2,"featured_media":0,"comment_status":"open","ping_status":"open","sticky":false,"template":"","format":"standard","meta":{"neve_meta_sidebar":"","neve_meta_container":"","neve_meta_enable_content_width":"","neve_meta_content_width":0,"neve_meta_title_alignment":"","neve_meta_author_avatar":"","neve_post_elements_order":"","neve_meta_disable_header":"","neve_meta_disable_footer":"","neve_meta_disable_title":"","footnotes":""},"categories":[3,4],"tags":[],"class_list":["post-1946","post","type-post","status-publish","format-standard","hentry","category-exclusivas","category-noticias"],"yoast_head":"<!-- This site is optimized with the Yoast SEO plugin v23.4 - https:\/\/yoast.com\/wordpress\/plugins\/seo\/ -->\n<title>Tartiere Auto Gij\u00f3n Basket cambio de fecha para su debut ante el Universidad de Oviedo - gijonbasket<\/title>\n<meta name=\"robots\" content=\"index, follow, max-snippet:-1, max-image-preview:large, max-video-preview:-1\" \/>\n<link rel=\"canonical\" href=\"https:\/\/gijonbasket.com\/en\/2023\/09\/24\/tartiere-auto-gijon-basket-cambio-de-fecha-para-su-debut-ante-el-universidad-de-oviedo\/\" \/>\n<meta property=\"og:locale\" content=\"en_US\" \/>\n<meta property=\"og:type\" content=\"article\" \/>\n<meta property=\"og:title\" content=\"Tartiere Auto Gij\u00f3n Basket cambio de fecha para su debut ante el Universidad de Oviedo - gijonbasket\" \/>\n<meta property=\"og:description\" content=\"Desde www.gijonbasket.com, adelantamos en exclusiva, que el debut de Tartiere Auto Gij\u00f3n Basket ante el Universidad de Oviedo cambiar\u00e1 de fecha. El primer derbi asturiano de la temporada, previsto para el s\u00e1bado 30 de septiembre a las 20:00, se disputar\u00e1 el domingo 1 de octubre a partir de las 19:00 en el Palacio de Deportes&hellip;&nbsp;Read More &raquo;Tartiere Auto Gij\u00f3n Basket cambio de fecha para su debut ante el Universidad de Oviedo\" \/>\n<meta property=\"og:url\" content=\"https:\/\/gijonbasket.com\/en\/2023\/09\/24\/tartiere-auto-gijon-basket-cambio-de-fecha-para-su-debut-ante-el-universidad-de-oviedo\/\" \/>\n<meta property=\"og:site_name\" content=\"gijonbasket\" \/>\n<meta property=\"article:published_time\" content=\"2023-09-24T08:46:36+00:00\" \/>\n<meta property=\"article:modified_time\" content=\"2023-09-24T08:46:37+00:00\" \/>\n<meta name=\"author\" content=\"Cesar Morales\" \/>\n<meta name=\"twitter:card\" content=\"summary_large_image\" \/>\n<meta name=\"twitter:label1\" content=\"Written by\" \/>\n\t<meta name=\"twitter:data1\" content=\"Cesar Morales\" \/>\n<script type=\"application\/ld+json\" class=\"yoast-schema-graph\">{\"@context\":\"https:\/\/schema.org\",\"@graph\":[{\"@type\":\"Article\",\"@id\":\"https:\/\/gijonbasket.com\/2023\/09\/24\/tartiere-auto-gijon-basket-cambio-de-fecha-para-su-debut-ante-el-universidad-de-oviedo\/#article\",\"isPartOf\":{\"@id\":\"https:\/\/gijonbasket.com\/2023\/09\/24\/tartiere-auto-gijon-basket-cambio-de-fecha-para-su-debut-ante-el-universidad-de-oviedo\/\"},\"author\":{\"name\":\"Cesar Morales\",\"@id\":\"https:\/\/gijonbasket.com\/#\/schema\/person\/91af9ff03e8eab582ccc344b715907c0\"},\"headline\":\"Tartiere Auto Gij\u00f3n Basket cambio de fecha para su debut ante el Universidad de Oviedo\",\"datePublished\":\"2023-09-24T08:46:36+00:00\",\"dateModified\":\"2023-09-24T08:46:37+00:00\",\"mainEntityOfPage\":{\"@id\":\"https:\/\/gijonbasket.com\/2023\/09\/24\/tartiere-auto-gijon-basket-cambio-de-fecha-para-su-debut-ante-el-universidad-de-oviedo\/\"},\"wordCount\":88,\"commentCount\":0,\"publisher\":{\"@id\":\"https:\/\/gijonbasket.com\/#organization\"},\"articleSection\":[\"exclusivas\",\"noticias\"],\"inLanguage\":\"en-US\",\"potentialAction\":[{\"@type\":\"CommentAction\",\"name\":\"Comment\",\"target\":[\"https:\/\/gijonbasket.com\/2023\/09\/24\/tartiere-auto-gijon-basket-cambio-de-fecha-para-su-debut-ante-el-universidad-de-oviedo\/#respond\"]}]},{\"@type\":\"WebPage\",\"@id\":\"https:\/\/gijonbasket.com\/2023\/09\/24\/tartiere-auto-gijon-basket-cambio-de-fecha-para-su-debut-ante-el-universidad-de-oviedo\/\",\"url\":\"https:\/\/gijonbasket.com\/2023\/09\/24\/tartiere-auto-gijon-basket-cambio-de-fecha-para-su-debut-ante-el-universidad-de-oviedo\/\",\"name\":\"Tartiere Auto Gij\u00f3n Basket cambio de fecha para su debut ante el Universidad de Oviedo - gijonbasket\",\"isPartOf\":{\"@id\":\"https:\/\/gijonbasket.com\/#website\"},\"datePublished\":\"2023-09-24T08:46:36+00:00\",\"dateModified\":\"2023-09-24T08:46:37+00:00\",\"breadcrumb\":{\"@id\":\"https:\/\/gijonbasket.com\/2023\/09\/24\/tartiere-auto-gijon-basket-cambio-de-fecha-para-su-debut-ante-el-universidad-de-oviedo\/#breadcrumb\"},\"inLanguage\":\"en-US\",\"potentialAction\":[{\"@type\":\"ReadAction\",\"target\":[\"https:\/\/gijonbasket.com\/2023\/09\/24\/tartiere-auto-gijon-basket-cambio-de-fecha-para-su-debut-ante-el-universidad-de-oviedo\/\"]}]},{\"@type\":\"BreadcrumbList\",\"@id\":\"https:\/\/gijonbasket.com\/2023\/09\/24\/tartiere-auto-gijon-basket-cambio-de-fecha-para-su-debut-ante-el-universidad-de-oviedo\/#breadcrumb\",\"itemListElement\":[{\"@type\":\"ListItem\",\"position\":1,\"name\":\"Portada\",\"item\":\"https:\/\/gijonbasket.com\/\"},{\"@type\":\"ListItem\",\"position\":2,\"name\":\"Tartiere Auto Gij\u00f3n Basket cambio de fecha para su debut ante el Universidad de Oviedo\"}]},{\"@type\":\"WebSite\",\"@id\":\"https:\/\/gijonbasket.com\/#website\",\"url\":\"https:\/\/gijonbasket.com\/\",\"name\":\"gijonbasket\",\"description\":\"\",\"publisher\":{\"@id\":\"https:\/\/gijonbasket.com\/#organization\"},\"potentialAction\":[{\"@type\":\"SearchAction\",\"target\":{\"@type\":\"EntryPoint\",\"urlTemplate\":\"https:\/\/gijonbasket.com\/?s={search_term_string}\"},\"query-input\":{\"@type\":\"PropertyValueSpecification\",\"valueRequired\":true,\"valueName\":\"search_term_string\"}}],\"inLanguage\":\"en-US\"},{\"@type\":\"Organization\",\"@id\":\"https:\/\/gijonbasket.com\/#organization\",\"name\":\"gijonbasket\",\"url\":\"https:\/\/gijonbasket.com\/\",\"logo\":{\"@type\":\"ImageObject\",\"inLanguage\":\"en-US\",\"@id\":\"https:\/\/gijonbasket.com\/#\/schema\/logo\/image\/\",\"url\":\"https:\/\/gijonbasket.com\/wp-content\/uploads\/2023\/03\/LogoGijonBasket2.jpg\",\"contentUrl\":\"https:\/\/gijonbasket.com\/wp-content\/uploads\/2023\/03\/LogoGijonBasket2.jpg\",\"width\":2000,\"height\":550,\"caption\":\"gijonbasket\"},\"image\":{\"@id\":\"https:\/\/gijonbasket.com\/#\/schema\/logo\/image\/\"}},{\"@type\":\"Person\",\"@id\":\"https:\/\/gijonbasket.com\/#\/schema\/person\/91af9ff03e8eab582ccc344b715907c0\",\"name\":\"Cesar Morales\",\"image\":{\"@type\":\"ImageObject\",\"inLanguage\":\"en-US\",\"@id\":\"https:\/\/gijonbasket.com\/#\/schema\/person\/image\/\",\"url\":\"https:\/\/secure.gravatar.com\/avatar\/ab9ddf1e87f7580cae3deefb05a58c5cf4f0c7f96f033fd7dacc23f0e8d149ca?s=96&d=mm&r=g\",\"contentUrl\":\"https:\/\/secure.gravatar.com\/avatar\/ab9ddf1e87f7580cae3deefb05a58c5cf4f0c7f96f033fd7dacc23f0e8d149ca?s=96&d=mm&r=g\",\"caption\":\"Cesar Morales\"},\"url\":\"https:\/\/gijonbasket.com\/en\/author\/cesar\/\"}]}<\/script>\n<!-- \/ Yoast SEO plugin. -->","yoast_head_json":{"title":"Tartiere Auto Gij\u00f3n Basket cambio de fecha para su debut ante el Universidad de Oviedo - gijonbasket","robots":{"index":"index","follow":"follow","max-snippet":"max-snippet:-1","max-image-preview":"max-image-preview:large","max-video-preview":"max-video-preview:-1"},"canonical":"https:\/\/gijonbasket.com\/en\/2023\/09\/24\/tartiere-auto-gijon-basket-cambio-de-fecha-para-su-debut-ante-el-universidad-de-oviedo\/","og_locale":"en_US","og_type":"article","og_title":"Tartiere Auto Gij\u00f3n Basket cambio de fecha para su debut ante el Universidad de Oviedo - gijonbasket","og_description":"Desde www.gijonbasket.com, adelantamos en exclusiva, que el debut de Tartiere Auto Gij\u00f3n Basket ante el Universidad de Oviedo cambiar\u00e1 de fecha. El primer derbi asturiano de la temporada, previsto para el s\u00e1bado 30 de septiembre a las 20:00, se disputar\u00e1 el domingo 1 de octubre a partir de las 19:00 en el Palacio de Deportes&hellip;&nbsp;Read More &raquo;Tartiere Auto Gij\u00f3n Basket cambio de fecha para su debut ante el Universidad de Oviedo","og_url":"https:\/\/gijonbasket.com\/en\/2023\/09\/24\/tartiere-auto-gijon-basket-cambio-de-fecha-para-su-debut-ante-el-universidad-de-oviedo\/","og_site_name":"gijonbasket","article_published_time":"2023-09-24T08:46:36+00:00","article_modified_time":"2023-09-24T08:46:37+00:00","author":"Cesar Morales","twitter_card":"summary_large_image","twitter_misc":{"Written by":"Cesar Morales"},"schema":{"@context":"https:\/\/schema.org","@graph":[{"@type":"Article","@id":"https:\/\/gijonbasket.com\/2023\/09\/24\/tartiere-auto-gijon-basket-cambio-de-fecha-para-su-debut-ante-el-universidad-de-oviedo\/#article","isPartOf":{"@id":"https:\/\/gijonbasket.com\/2023\/09\/24\/tartiere-auto-gijon-basket-cambio-de-fecha-para-su-debut-ante-el-universidad-de-oviedo\/"},"author":{"name":"Cesar Morales","@id":"https:\/\/gijonbasket.com\/#\/schema\/person\/91af9ff03e8eab582ccc344b715907c0"},"headline":"Tartiere Auto Gij\u00f3n Basket cambio de fecha para su debut ante el Universidad de Oviedo","datePublished":"2023-09-24T08:46:36+00:00","dateModified":"2023-09-24T08:46:37+00:00","mainEntityOfPage":{"@id":"https:\/\/gijonbasket.com\/2023\/09\/24\/tartiere-auto-gijon-basket-cambio-de-fecha-para-su-debut-ante-el-universidad-de-oviedo\/"},"wordCount":88,"commentCount":0,"publisher":{"@id":"https:\/\/gijonbasket.com\/#organization"},"articleSection":["exclusivas","noticias"],"inLanguage":"en-US","potentialAction":[{"@type":"CommentAction","name":"Comment","target":["https:\/\/gijonbasket.com\/2023\/09\/24\/tartiere-auto-gijon-basket-cambio-de-fecha-para-su-debut-ante-el-universidad-de-oviedo\/#respond"]}]},{"@type":"WebPage","@id":"https:\/\/gijonbasket.com\/2023\/09\/24\/tartiere-auto-gijon-basket-cambio-de-fecha-para-su-debut-ante-el-universidad-de-oviedo\/","url":"https:\/\/gijonbasket.com\/2023\/09\/24\/tartiere-auto-gijon-basket-cambio-de-fecha-para-su-debut-ante-el-universidad-de-oviedo\/","name":"Tartiere Auto Gij\u00f3n Basket cambio de fecha para su debut ante el Universidad de Oviedo - gijonbasket","isPartOf":{"@id":"https:\/\/gijonbasket.com\/#website"},"datePublished":"2023-09-24T08:46:36+00:00","dateModified":"2023-09-24T08:46:37+00:00","breadcrumb":{"@id":"https:\/\/gijonbasket.com\/2023\/09\/24\/tartiere-auto-gijon-basket-cambio-de-fecha-para-su-debut-ante-el-universidad-de-oviedo\/#breadcrumb"},"inLanguage":"en-US","potentialAction":[{"@type":"ReadAction","target":["https:\/\/gijonbasket.com\/2023\/09\/24\/tartiere-auto-gijon-basket-cambio-de-fecha-para-su-debut-ante-el-universidad-de-oviedo\/"]}]},{"@type":"BreadcrumbList","@id":"https:\/\/gijonbasket.com\/2023\/09\/24\/tartiere-auto-gijon-basket-cambio-de-fecha-para-su-debut-ante-el-universidad-de-oviedo\/#breadcrumb","itemListElement":[{"@type":"ListItem","position":1,"name":"Portada","item":"https:\/\/gijonbasket.com\/"},{"@type":"ListItem","position":2,"name":"Tartiere Auto Gij\u00f3n Basket cambio de fecha para su debut ante el Universidad de Oviedo"}]},{"@type":"WebSite","@id":"https:\/\/gijonbasket.com\/#website","url":"https:\/\/gijonbasket.com\/","name":"gijonbasket","description":"","publisher":{"@id":"https:\/\/gijonbasket.com\/#organization"},"potentialAction":[{"@type":"SearchAction","target":{"@type":"EntryPoint","urlTemplate":"https:\/\/gijonbasket.com\/?s={search_term_string}"},"query-input":{"@type":"PropertyValueSpecification","valueRequired":true,"valueName":"search_term_string"}}],"inLanguage":"en-US"},{"@type":"Organization","@id":"https:\/\/gijonbasket.com\/#organization","name":"gijonbasket","url":"https:\/\/gijonbasket.com\/","logo":{"@type":"ImageObject","inLanguage":"en-US","@id":"https:\/\/gijonbasket.com\/#\/schema\/logo\/image\/","url":"https:\/\/gijonbasket.com\/wp-content\/uploads\/2023\/03\/LogoGijonBasket2.jpg","contentUrl":"https:\/\/gijonbasket.com\/wp-content\/uploads\/2023\/03\/LogoGijonBasket2.jpg","width":2000,"height":550,"caption":"gijonbasket"},"image":{"@id":"https:\/\/gijonbasket.com\/#\/schema\/logo\/image\/"}},{"@type":"Person","@id":"https:\/\/gijonbasket.com\/#\/schema\/person\/91af9ff03e8eab582ccc344b715907c0","name":"Cesar Morales","image":{"@type":"ImageObject","inLanguage":"en-US","@id":"https:\/\/gijonbasket.com\/#\/schema\/person\/image\/","url":"https:\/\/secure.gravatar.com\/avatar\/ab9ddf1e87f7580cae3deefb05a58c5cf4f0c7f96f033fd7dacc23f0e8d149ca?s=96&d=mm&r=g","contentUrl":"https:\/\/secure.gravatar.com\/avatar\/ab9ddf1e87f7580cae3deefb05a58c5cf4f0c7f96f033fd7dacc23f0e8d149ca?s=96&d=mm&r=g","caption":"Cesar Morales"},"url":"https:\/\/gijonbasket.com\/en\/author\/cesar\/"}]}},"_links":{"self":[{"href":"https:\/\/gijonbasket.com\/en\/wp-json\/wp\/v2\/posts\/1946","targetHints":{"allow":["GET"]}}],"collection":[{"href":"https:\/\/gijonbasket.com\/en\/wp-json\/wp\/v2\/posts"}],"about":[{"href":"https:\/\/gijonbasket.com\/en\/wp-json\/wp\/v2\/types\/post"}],"author":[{"embeddable":true,"href":"https:\/\/gijonbasket.com\/en\/wp-json\/wp\/v2\/users\/2"}],"replies":[{"embeddable":true,"href":"https:\/\/gijonbasket.com\/en\/wp-json\/wp\/v2\/comments?post=1946"}],"version-history":[{"count":1,"href":"https:\/\/gijonbasket.com\/en\/wp-json\/wp\/v2\/posts\/1946\/revisions"}],"predecessor-version":[{"id":1947,"href":"https:\/\/gijonbasket.com\/en\/wp-json\/wp\/v2\/posts\/1946\/revisions\/1947"}],"wp:attachment":[{"href":"https:\/\/gijonbasket.com\/en\/wp-json\/wp\/v2\/media?parent=1946"}],"wp:term":[{"taxonomy":"category","embeddable":true,"href":"https:\/\/gijonbasket.com\/en\/wp-json\/wp\/v2\/categories?post=1946"},{"taxonomy":"post_tag","embeddable":true,"href":"https:\/\/gijonbasket.com\/en\/wp-json\/wp\/v2\/tags?post=1946"}],"curies":[{"name":"wp","href":"https:\/\/api.w.org\/{rel}","templated":true}]}}