{"id":2002,"date":"2023-10-08T02:26:51","date_gmt":"2023-10-08T00:26:51","guid":{"rendered":"https:\/\/gijonbasket.com\/?p=2002"},"modified":"2023-10-08T02:27:48","modified_gmt":"2023-10-08T00:27:48","slug":"adba-sanfer-segle-xxi-53-78","status":"publish","type":"post","link":"https:\/\/gijonbasket.com\/en\/2023\/10\/08\/adba-sanfer-segle-xxi-53-78\/","title":{"rendered":"ADBA-Sanfer &#8211; Segle XXI (53-78)"},"content":{"rendered":"<p>Derrota de ADBA-Sanfer en su vuelta a la Liga Femenina 2 cayendo ante el Segle XXI (53-78) que domin\u00f3 de principio a fin.<\/p>\n\n\n\n<p>El Segle XXI  se present\u00f3 liderado por la ovetense Iyana Mart\u00edn, estrella emergente del baloncesto femenino y que recibi\u00f3 en el intermedio un reconocimiento por ADBA-Sanfer, junto a Gina Garc\u00eda, Mireia Jurado y Nicole Dom\u00ednguez que conquistaron la Medalla de Plata en el EuroBasket U16.  Iyana Mart\u00edn conquist\u00f3 el \u00faltimo verano la Medalla de Plata en el Mundial U19 m\u00e1s la Medalla de Bronce en el EuroBasket U18.<\/p>\n\n\n\n<p>Un triple de Gina Garc\u00eda estren\u00f3 el electr\u00f3nico (0-3). Los primeros puntos de ADBA-Sanfer corrieron a cargo de Marta G\u00f3mez (2-3). Parcial de 0-7 para el Segle XXI para abrir brecha en el tanteador (2-10). Iyana Mart\u00edn entr\u00f3 a pista a falta de 04:29 para la conclusi\u00f3n del periodo. El primer cuarto concluy\u00f3 con ventaja visitante (11-23).<\/p>\n\n\n\n<p>El Segle XXI hizo valer su dominio f\u00edsico y su acierto exterior para alcanzar una renta de 26 puntos (19-45) en la recta final del segundo cuarto, llegando al intermedio con ventaja 21-45.<\/p>\n\n\n\n<p>Misma tendencia en el tercer cuarto. El Segle XXI alcanz\u00f3 los 34 puntos (29-63) para finalizar el periodo con 33-63. Los 34 puntos fue la m\u00e1xima ventaja del encuentro que se vilver\u00edan a repetir en el \u00faltimo periodo.<\/p>\n\n\n\n<p>En los compases iniciales del \u00faltimo cuarto, el Segle XXI volvi\u00f3 a alcanzar su m\u00e1xima ventaja del encuentro (34 puntos; 36-70).<\/p>\n\n\n\n<p>ADBA-Sanfer despleg\u00f3 su mejor nivel de juego en el \u00faltimo cuarto. Un parcial de 17-8 dej\u00f3 el tanteador final en 53-78.<\/p>\n\n\n\n<p>Mar\u00eda Anais con 18 puntos, m\u00e1xima anotadora del encuentro, liderando al Segle XXI junto a Iyana Mart\u00edn (9 puntos; 4 rebotes; 5 asitencias) e In\u00e9s Garc\u00eda (8 puntos; 7 rebotes).<\/p>\n\n\n\n<p>Claudia Alonso (17 puntos; 7 rebotes) lider\u00f3 a ADBA-Sanfer junto a Luc\u00eda Mart\u00ednez (9 puntos; 2 rebotes) y Sara Fraile (8 puntos).<\/p>\n\n\n\n<p>Absoluta superioridad reboteadora del Segle XXI (27-65).<\/p>\n\n\n\n<p>Encuentro de guante blanco, en vistas a la clara superioridad del Segle XXI, pero donde se se\u00f1alizaron hasta cuatro faltas antideportivas. Tres al Segle XXI (Noelia Mouri\u00f1o, Marina Colom, Nicole Dom\u00ednguez) por una al ADBA-Sanfer (Claudia Alonso). Para volver a poner de manifiesto el nivel arbitral (Alejandro Velasco y Marina Fern\u00e1ndez) cuando tan s\u00f3lo acabamos de subir el tel\u00f3n a la temporada.<\/p>\n\n\n\n<p>Muy buen ambiente en las gradas del Complejo Deportivo Avil\u00e9s para presenciar el retorno de ADBA-Sanfer a Liga Femenina 2.<\/p>","protected":false},"excerpt":{"rendered":"<p>Derrota de ADBA-Sanfer en su vuelta a la Liga Femenina 2 cayendo ante el Segle XXI (53-78) que domin\u00f3 de principio a fin. El Segle XXI se present\u00f3 liderado por la ovetense Iyana Mart\u00edn, estrella emergente del baloncesto femenino y que recibi\u00f3 en el intermedio un reconocimiento por ADBA-Sanfer, junto a Gina Garc\u00eda, Mireia Jurado&hellip;&nbsp;<a href=\"https:\/\/gijonbasket.com\/en\/2023\/10\/08\/adba-sanfer-segle-xxi-53-78\/\" class=\"\" rel=\"bookmark\">Read More &raquo;<span class=\"screen-reader-text\">ADBA-Sanfer &#8211; Segle XXI (53-78)<\/span><\/a><\/p>","protected":false},"author":2,"featured_media":0,"comment_status":"open","ping_status":"open","sticky":false,"template":"","format":"standard","meta":{"neve_meta_sidebar":"","neve_meta_container":"","neve_meta_enable_content_width":"","neve_meta_content_width":0,"neve_meta_title_alignment":"","neve_meta_author_avatar":"","neve_post_elements_order":"","neve_meta_disable_header":"","neve_meta_disable_footer":"","neve_meta_disable_title":"","footnotes":""},"categories":[4],"tags":[],"class_list":["post-2002","post","type-post","status-publish","format-standard","hentry","category-noticias"],"yoast_head":"<!-- This site is optimized with the Yoast SEO plugin v23.4 - https:\/\/yoast.com\/wordpress\/plugins\/seo\/ -->\n<title>ADBA-Sanfer - Segle XXI (53-78) - gijonbasket<\/title>\n<meta name=\"robots\" content=\"index, follow, max-snippet:-1, max-image-preview:large, max-video-preview:-1\" \/>\n<link rel=\"canonical\" href=\"https:\/\/gijonbasket.com\/en\/2023\/10\/08\/adba-sanfer-segle-xxi-53-78\/\" \/>\n<meta property=\"og:locale\" content=\"en_US\" \/>\n<meta property=\"og:type\" content=\"article\" \/>\n<meta property=\"og:title\" content=\"ADBA-Sanfer - Segle XXI (53-78) - gijonbasket\" \/>\n<meta property=\"og:description\" content=\"Derrota de ADBA-Sanfer en su vuelta a la Liga Femenina 2 cayendo ante el Segle XXI (53-78) que domin\u00f3 de principio a fin. El Segle XXI se present\u00f3 liderado por la ovetense Iyana Mart\u00edn, estrella emergente del baloncesto femenino y que recibi\u00f3 en el intermedio un reconocimiento por ADBA-Sanfer, junto a Gina Garc\u00eda, Mireia Jurado&hellip;&nbsp;Read More &raquo;ADBA-Sanfer &#8211; Segle XXI (53-78)\" \/>\n<meta property=\"og:url\" content=\"https:\/\/gijonbasket.com\/en\/2023\/10\/08\/adba-sanfer-segle-xxi-53-78\/\" \/>\n<meta property=\"og:site_name\" content=\"gijonbasket\" \/>\n<meta property=\"article:published_time\" content=\"2023-10-08T00:26:51+00:00\" \/>\n<meta property=\"article:modified_time\" content=\"2023-10-08T00:27:48+00:00\" \/>\n<meta name=\"author\" content=\"Cesar Morales\" \/>\n<meta name=\"twitter:card\" content=\"summary_large_image\" \/>\n<meta name=\"twitter:label1\" content=\"Written by\" \/>\n\t<meta name=\"twitter:data1\" content=\"Cesar Morales\" \/>\n\t<meta name=\"twitter:label2\" content=\"Est. reading time\" \/>\n\t<meta name=\"twitter:data2\" content=\"2 minutes\" \/>\n<script type=\"application\/ld+json\" class=\"yoast-schema-graph\">{\"@context\":\"https:\/\/schema.org\",\"@graph\":[{\"@type\":\"Article\",\"@id\":\"https:\/\/gijonbasket.com\/2023\/10\/08\/adba-sanfer-segle-xxi-53-78\/#article\",\"isPartOf\":{\"@id\":\"https:\/\/gijonbasket.com\/2023\/10\/08\/adba-sanfer-segle-xxi-53-78\/\"},\"author\":{\"name\":\"Cesar Morales\",\"@id\":\"https:\/\/gijonbasket.com\/#\/schema\/person\/91af9ff03e8eab582ccc344b715907c0\"},\"headline\":\"ADBA-Sanfer &#8211; Segle XXI (53-78)\",\"datePublished\":\"2023-10-08T00:26:51+00:00\",\"dateModified\":\"2023-10-08T00:27:48+00:00\",\"mainEntityOfPage\":{\"@id\":\"https:\/\/gijonbasket.com\/2023\/10\/08\/adba-sanfer-segle-xxi-53-78\/\"},\"wordCount\":417,\"commentCount\":0,\"publisher\":{\"@id\":\"https:\/\/gijonbasket.com\/#organization\"},\"articleSection\":[\"noticias\"],\"inLanguage\":\"en-US\",\"potentialAction\":[{\"@type\":\"CommentAction\",\"name\":\"Comment\",\"target\":[\"https:\/\/gijonbasket.com\/2023\/10\/08\/adba-sanfer-segle-xxi-53-78\/#respond\"]}]},{\"@type\":\"WebPage\",\"@id\":\"https:\/\/gijonbasket.com\/2023\/10\/08\/adba-sanfer-segle-xxi-53-78\/\",\"url\":\"https:\/\/gijonbasket.com\/2023\/10\/08\/adba-sanfer-segle-xxi-53-78\/\",\"name\":\"ADBA-Sanfer - Segle XXI (53-78) - gijonbasket\",\"isPartOf\":{\"@id\":\"https:\/\/gijonbasket.com\/#website\"},\"datePublished\":\"2023-10-08T00:26:51+00:00\",\"dateModified\":\"2023-10-08T00:27:48+00:00\",\"breadcrumb\":{\"@id\":\"https:\/\/gijonbasket.com\/2023\/10\/08\/adba-sanfer-segle-xxi-53-78\/#breadcrumb\"},\"inLanguage\":\"en-US\",\"potentialAction\":[{\"@type\":\"ReadAction\",\"target\":[\"https:\/\/gijonbasket.com\/2023\/10\/08\/adba-sanfer-segle-xxi-53-78\/\"]}]},{\"@type\":\"BreadcrumbList\",\"@id\":\"https:\/\/gijonbasket.com\/2023\/10\/08\/adba-sanfer-segle-xxi-53-78\/#breadcrumb\",\"itemListElement\":[{\"@type\":\"ListItem\",\"position\":1,\"name\":\"Portada\",\"item\":\"https:\/\/gijonbasket.com\/\"},{\"@type\":\"ListItem\",\"position\":2,\"name\":\"ADBA-Sanfer &#8211; Segle XXI (53-78)\"}]},{\"@type\":\"WebSite\",\"@id\":\"https:\/\/gijonbasket.com\/#website\",\"url\":\"https:\/\/gijonbasket.com\/\",\"name\":\"gijonbasket\",\"description\":\"\",\"publisher\":{\"@id\":\"https:\/\/gijonbasket.com\/#organization\"},\"potentialAction\":[{\"@type\":\"SearchAction\",\"target\":{\"@type\":\"EntryPoint\",\"urlTemplate\":\"https:\/\/gijonbasket.com\/?s={search_term_string}\"},\"query-input\":{\"@type\":\"PropertyValueSpecification\",\"valueRequired\":true,\"valueName\":\"search_term_string\"}}],\"inLanguage\":\"en-US\"},{\"@type\":\"Organization\",\"@id\":\"https:\/\/gijonbasket.com\/#organization\",\"name\":\"gijonbasket\",\"url\":\"https:\/\/gijonbasket.com\/\",\"logo\":{\"@type\":\"ImageObject\",\"inLanguage\":\"en-US\",\"@id\":\"https:\/\/gijonbasket.com\/#\/schema\/logo\/image\/\",\"url\":\"https:\/\/gijonbasket.com\/wp-content\/uploads\/2023\/03\/LogoGijonBasket2.jpg\",\"contentUrl\":\"https:\/\/gijonbasket.com\/wp-content\/uploads\/2023\/03\/LogoGijonBasket2.jpg\",\"width\":2000,\"height\":550,\"caption\":\"gijonbasket\"},\"image\":{\"@id\":\"https:\/\/gijonbasket.com\/#\/schema\/logo\/image\/\"}},{\"@type\":\"Person\",\"@id\":\"https:\/\/gijonbasket.com\/#\/schema\/person\/91af9ff03e8eab582ccc344b715907c0\",\"name\":\"Cesar Morales\",\"image\":{\"@type\":\"ImageObject\",\"inLanguage\":\"en-US\",\"@id\":\"https:\/\/gijonbasket.com\/#\/schema\/person\/image\/\",\"url\":\"https:\/\/secure.gravatar.com\/avatar\/ab9ddf1e87f7580cae3deefb05a58c5cf4f0c7f96f033fd7dacc23f0e8d149ca?s=96&d=mm&r=g\",\"contentUrl\":\"https:\/\/secure.gravatar.com\/avatar\/ab9ddf1e87f7580cae3deefb05a58c5cf4f0c7f96f033fd7dacc23f0e8d149ca?s=96&d=mm&r=g\",\"caption\":\"Cesar Morales\"},\"url\":\"https:\/\/gijonbasket.com\/en\/author\/cesar\/\"}]}<\/script>\n<!-- \/ Yoast SEO plugin. -->","yoast_head_json":{"title":"ADBA-Sanfer - Segle XXI (53-78) - gijonbasket","robots":{"index":"index","follow":"follow","max-snippet":"max-snippet:-1","max-image-preview":"max-image-preview:large","max-video-preview":"max-video-preview:-1"},"canonical":"https:\/\/gijonbasket.com\/en\/2023\/10\/08\/adba-sanfer-segle-xxi-53-78\/","og_locale":"en_US","og_type":"article","og_title":"ADBA-Sanfer - Segle XXI (53-78) - gijonbasket","og_description":"Derrota de ADBA-Sanfer en su vuelta a la Liga Femenina 2 cayendo ante el Segle XXI (53-78) que domin\u00f3 de principio a fin. El Segle XXI se present\u00f3 liderado por la ovetense Iyana Mart\u00edn, estrella emergente del baloncesto femenino y que recibi\u00f3 en el intermedio un reconocimiento por ADBA-Sanfer, junto a Gina Garc\u00eda, Mireia Jurado&hellip;&nbsp;Read More &raquo;ADBA-Sanfer &#8211; Segle XXI (53-78)","og_url":"https:\/\/gijonbasket.com\/en\/2023\/10\/08\/adba-sanfer-segle-xxi-53-78\/","og_site_name":"gijonbasket","article_published_time":"2023-10-08T00:26:51+00:00","article_modified_time":"2023-10-08T00:27:48+00:00","author":"Cesar Morales","twitter_card":"summary_large_image","twitter_misc":{"Written by":"Cesar Morales","Est. reading time":"2 minutes"},"schema":{"@context":"https:\/\/schema.org","@graph":[{"@type":"Article","@id":"https:\/\/gijonbasket.com\/2023\/10\/08\/adba-sanfer-segle-xxi-53-78\/#article","isPartOf":{"@id":"https:\/\/gijonbasket.com\/2023\/10\/08\/adba-sanfer-segle-xxi-53-78\/"},"author":{"name":"Cesar Morales","@id":"https:\/\/gijonbasket.com\/#\/schema\/person\/91af9ff03e8eab582ccc344b715907c0"},"headline":"ADBA-Sanfer &#8211; Segle XXI (53-78)","datePublished":"2023-10-08T00:26:51+00:00","dateModified":"2023-10-08T00:27:48+00:00","mainEntityOfPage":{"@id":"https:\/\/gijonbasket.com\/2023\/10\/08\/adba-sanfer-segle-xxi-53-78\/"},"wordCount":417,"commentCount":0,"publisher":{"@id":"https:\/\/gijonbasket.com\/#organization"},"articleSection":["noticias"],"inLanguage":"en-US","potentialAction":[{"@type":"CommentAction","name":"Comment","target":["https:\/\/gijonbasket.com\/2023\/10\/08\/adba-sanfer-segle-xxi-53-78\/#respond"]}]},{"@type":"WebPage","@id":"https:\/\/gijonbasket.com\/2023\/10\/08\/adba-sanfer-segle-xxi-53-78\/","url":"https:\/\/gijonbasket.com\/2023\/10\/08\/adba-sanfer-segle-xxi-53-78\/","name":"ADBA-Sanfer - Segle XXI (53-78) - gijonbasket","isPartOf":{"@id":"https:\/\/gijonbasket.com\/#website"},"datePublished":"2023-10-08T00:26:51+00:00","dateModified":"2023-10-08T00:27:48+00:00","breadcrumb":{"@id":"https:\/\/gijonbasket.com\/2023\/10\/08\/adba-sanfer-segle-xxi-53-78\/#breadcrumb"},"inLanguage":"en-US","potentialAction":[{"@type":"ReadAction","target":["https:\/\/gijonbasket.com\/2023\/10\/08\/adba-sanfer-segle-xxi-53-78\/"]}]},{"@type":"BreadcrumbList","@id":"https:\/\/gijonbasket.com\/2023\/10\/08\/adba-sanfer-segle-xxi-53-78\/#breadcrumb","itemListElement":[{"@type":"ListItem","position":1,"name":"Portada","item":"https:\/\/gijonbasket.com\/"},{"@type":"ListItem","position":2,"name":"ADBA-Sanfer &#8211; Segle XXI (53-78)"}]},{"@type":"WebSite","@id":"https:\/\/gijonbasket.com\/#website","url":"https:\/\/gijonbasket.com\/","name":"gijonbasket","description":"","publisher":{"@id":"https:\/\/gijonbasket.com\/#organization"},"potentialAction":[{"@type":"SearchAction","target":{"@type":"EntryPoint","urlTemplate":"https:\/\/gijonbasket.com\/?s={search_term_string}"},"query-input":{"@type":"PropertyValueSpecification","valueRequired":true,"valueName":"search_term_string"}}],"inLanguage":"en-US"},{"@type":"Organization","@id":"https:\/\/gijonbasket.com\/#organization","name":"gijonbasket","url":"https:\/\/gijonbasket.com\/","logo":{"@type":"ImageObject","inLanguage":"en-US","@id":"https:\/\/gijonbasket.com\/#\/schema\/logo\/image\/","url":"https:\/\/gijonbasket.com\/wp-content\/uploads\/2023\/03\/LogoGijonBasket2.jpg","contentUrl":"https:\/\/gijonbasket.com\/wp-content\/uploads\/2023\/03\/LogoGijonBasket2.jpg","width":2000,"height":550,"caption":"gijonbasket"},"image":{"@id":"https:\/\/gijonbasket.com\/#\/schema\/logo\/image\/"}},{"@type":"Person","@id":"https:\/\/gijonbasket.com\/#\/schema\/person\/91af9ff03e8eab582ccc344b715907c0","name":"Cesar Morales","image":{"@type":"ImageObject","inLanguage":"en-US","@id":"https:\/\/gijonbasket.com\/#\/schema\/person\/image\/","url":"https:\/\/secure.gravatar.com\/avatar\/ab9ddf1e87f7580cae3deefb05a58c5cf4f0c7f96f033fd7dacc23f0e8d149ca?s=96&d=mm&r=g","contentUrl":"https:\/\/secure.gravatar.com\/avatar\/ab9ddf1e87f7580cae3deefb05a58c5cf4f0c7f96f033fd7dacc23f0e8d149ca?s=96&d=mm&r=g","caption":"Cesar Morales"},"url":"https:\/\/gijonbasket.com\/en\/author\/cesar\/"}]}},"_links":{"self":[{"href":"https:\/\/gijonbasket.com\/en\/wp-json\/wp\/v2\/posts\/2002","targetHints":{"allow":["GET"]}}],"collection":[{"href":"https:\/\/gijonbasket.com\/en\/wp-json\/wp\/v2\/posts"}],"about":[{"href":"https:\/\/gijonbasket.com\/en\/wp-json\/wp\/v2\/types\/post"}],"author":[{"embeddable":true,"href":"https:\/\/gijonbasket.com\/en\/wp-json\/wp\/v2\/users\/2"}],"replies":[{"embeddable":true,"href":"https:\/\/gijonbasket.com\/en\/wp-json\/wp\/v2\/comments?post=2002"}],"version-history":[{"count":4,"href":"https:\/\/gijonbasket.com\/en\/wp-json\/wp\/v2\/posts\/2002\/revisions"}],"predecessor-version":[{"id":2007,"href":"https:\/\/gijonbasket.com\/en\/wp-json\/wp\/v2\/posts\/2002\/revisions\/2007"}],"wp:attachment":[{"href":"https:\/\/gijonbasket.com\/en\/wp-json\/wp\/v2\/media?parent=2002"}],"wp:term":[{"taxonomy":"category","embeddable":true,"href":"https:\/\/gijonbasket.com\/en\/wp-json\/wp\/v2\/categories?post=2002"},{"taxonomy":"post_tag","embeddable":true,"href":"https:\/\/gijonbasket.com\/en\/wp-json\/wp\/v2\/tags?post=2002"}],"curies":[{"name":"wp","href":"https:\/\/api.w.org\/{rel}","templated":true}]}}