{"id":2140,"date":"2023-11-02T12:32:08","date_gmt":"2023-11-02T11:32:08","guid":{"rendered":"https:\/\/gijonbasket.com\/?p=2140"},"modified":"2023-11-02T12:32:08","modified_gmt":"2023-11-02T11:32:08","slug":"krasimir-marinchevski-y-tartiere-auto-gijon-basket-a-punto-de-separar-sus-caminos","status":"publish","type":"post","link":"https:\/\/gijonbasket.com\/en\/2023\/11\/02\/krasimir-marinchevski-y-tartiere-auto-gijon-basket-a-punto-de-separar-sus-caminos\/","title":{"rendered":"Krasimir Marinchevski y Tartiere Auto Gij\u00f3n Basket a punto de separar sus caminos"},"content":{"rendered":"<p>Tartiere Auto Gij\u00f3n Basket est\u00e1 en proceso de desvinculaci\u00f3n con Krasimir Marinchevski, que causar\u00e1 baja para el encuentro ante Xoborg La Antigua C.B. Tormes.<\/p>\n\n\n\n<p>El ala-p\u00edvot b\u00falgaro abandonar\u00e1 la disciplina del conjunto rojiblanco tras disputar 5 encuentros con unos promedios de 9.8 ppp; 5.8 rpp pero lastrado por su desacierto en el tiro (14\/32-T2; 2\/20-T3). Esos promedios se corresponden con los encuentros disputados ante Caja Rural de Zamora (5 puntos; 5 rebotes), Estudiantes Lugo R\u00edo de Galicia (7 puntos; 7 rebotes), C\u00edrculo Gij\u00f3n Baloncesto (16 puntos; 8 rebotes), Cultural y Deportiva Leonesa (11 puntos; 3 rebotes). Sin estad\u00edsticas oficiales correspondientes al primer encuentro de competici\u00f3n ante Universidad de Oviedo. <\/p>\n\n\n\n<p>Desde www.gijonbasket.com apuntamos que ante el Universidad de Oviedo Krasimir Marinchevski anot\u00f3 cuatro puntos.<\/p>\n\n\n\n<p>De cara al encuentro ante Xoborg La Antigua C.B. Tormes, Tartiere Auto Gij\u00f3n Basket contar\u00e1 con las bajas de David Jim\u00e9nez, Jos\u00e9 Ram\u00f3n Torr\u00e9s y Baba Fall. Reaparecer\u00e1 Diego Cuetos. Ra\u00fal Fern\u00e1ndez que caus\u00f3 baja ante la Cultural y Deportiva Leonesa, podr\u00e1 estar en la convocatoria, aunque a la vista del partido ser\u00eda m\u00e1s recomendable su no actuaci\u00f3n. Todo pendiente de la \u00faltimas sesiones de entrenamiento.<\/p>\n\n\n\n<p>Baba Fall ser\u00e1 sometido ma\u00f1ana a una ecograf\u00eda para determinar el alcance exacto de su lesi\u00f3n de rodilla.<\/p>\n\n\n\n<p>Tartiere Auto Gij\u00f3n Basket, sin opciones de victoria para el encuentro ante Xoborg La Antigua C.B. Tormes, si podr\u00e1 presentar una im\u00e1gen muy diferente de cara al siguiente encuentro ante el Ucoga Seguros C.B. Chantada.<\/p>\n\n\n\n<p><\/p>\n\n\n\n<p><\/p>","protected":false},"excerpt":{"rendered":"<p>Tartiere Auto Gij\u00f3n Basket est\u00e1 en proceso de desvinculaci\u00f3n con Krasimir Marinchevski, que causar\u00e1 baja para el encuentro ante Xoborg La Antigua C.B. Tormes. El ala-p\u00edvot b\u00falgaro abandonar\u00e1 la disciplina del conjunto rojiblanco tras disputar 5 encuentros con unos promedios de 9.8 ppp; 5.8 rpp pero lastrado por su desacierto en el tiro (14\/32-T2; 2\/20-T3).&hellip;&nbsp;<a href=\"https:\/\/gijonbasket.com\/en\/2023\/11\/02\/krasimir-marinchevski-y-tartiere-auto-gijon-basket-a-punto-de-separar-sus-caminos\/\" class=\"\" rel=\"bookmark\">Read More &raquo;<span class=\"screen-reader-text\">Krasimir Marinchevski y Tartiere Auto Gij\u00f3n Basket a punto de separar sus caminos<\/span><\/a><\/p>","protected":false},"author":2,"featured_media":0,"comment_status":"open","ping_status":"open","sticky":false,"template":"","format":"standard","meta":{"neve_meta_sidebar":"","neve_meta_container":"","neve_meta_enable_content_width":"","neve_meta_content_width":0,"neve_meta_title_alignment":"","neve_meta_author_avatar":"","neve_post_elements_order":"","neve_meta_disable_header":"","neve_meta_disable_footer":"","neve_meta_disable_title":"","footnotes":""},"categories":[4],"tags":[],"class_list":["post-2140","post","type-post","status-publish","format-standard","hentry","category-noticias"],"yoast_head":"<!-- This site is optimized with the Yoast SEO plugin v23.4 - https:\/\/yoast.com\/wordpress\/plugins\/seo\/ -->\n<title>Krasimir Marinchevski y Tartiere Auto Gij\u00f3n Basket a punto de separar sus caminos - gijonbasket<\/title>\n<meta name=\"robots\" content=\"index, follow, max-snippet:-1, max-image-preview:large, max-video-preview:-1\" \/>\n<link rel=\"canonical\" href=\"https:\/\/gijonbasket.com\/en\/2023\/11\/02\/krasimir-marinchevski-y-tartiere-auto-gijon-basket-a-punto-de-separar-sus-caminos\/\" \/>\n<meta property=\"og:locale\" content=\"en_US\" \/>\n<meta property=\"og:type\" content=\"article\" \/>\n<meta property=\"og:title\" content=\"Krasimir Marinchevski y Tartiere Auto Gij\u00f3n Basket a punto de separar sus caminos - gijonbasket\" \/>\n<meta property=\"og:description\" content=\"Tartiere Auto Gij\u00f3n Basket est\u00e1 en proceso de desvinculaci\u00f3n con Krasimir Marinchevski, que causar\u00e1 baja para el encuentro ante Xoborg La Antigua C.B. Tormes. El ala-p\u00edvot b\u00falgaro abandonar\u00e1 la disciplina del conjunto rojiblanco tras disputar 5 encuentros con unos promedios de 9.8 ppp; 5.8 rpp pero lastrado por su desacierto en el tiro (14\/32-T2; 2\/20-T3).&hellip;&nbsp;Read More &raquo;Krasimir Marinchevski y Tartiere Auto Gij\u00f3n Basket a punto de separar sus caminos\" \/>\n<meta property=\"og:url\" content=\"https:\/\/gijonbasket.com\/en\/2023\/11\/02\/krasimir-marinchevski-y-tartiere-auto-gijon-basket-a-punto-de-separar-sus-caminos\/\" \/>\n<meta property=\"og:site_name\" content=\"gijonbasket\" \/>\n<meta property=\"article:published_time\" content=\"2023-11-02T11:32:08+00:00\" \/>\n<meta name=\"author\" content=\"Cesar Morales\" \/>\n<meta name=\"twitter:card\" content=\"summary_large_image\" \/>\n<meta name=\"twitter:label1\" content=\"Written by\" \/>\n\t<meta name=\"twitter:data1\" content=\"Cesar Morales\" \/>\n\t<meta name=\"twitter:label2\" content=\"Est. reading time\" \/>\n\t<meta name=\"twitter:data2\" content=\"1 minute\" \/>\n<script type=\"application\/ld+json\" class=\"yoast-schema-graph\">{\"@context\":\"https:\/\/schema.org\",\"@graph\":[{\"@type\":\"Article\",\"@id\":\"https:\/\/gijonbasket.com\/2023\/11\/02\/krasimir-marinchevski-y-tartiere-auto-gijon-basket-a-punto-de-separar-sus-caminos\/#article\",\"isPartOf\":{\"@id\":\"https:\/\/gijonbasket.com\/2023\/11\/02\/krasimir-marinchevski-y-tartiere-auto-gijon-basket-a-punto-de-separar-sus-caminos\/\"},\"author\":{\"name\":\"Cesar Morales\",\"@id\":\"https:\/\/gijonbasket.com\/#\/schema\/person\/91af9ff03e8eab582ccc344b715907c0\"},\"headline\":\"Krasimir Marinchevski y Tartiere Auto Gij\u00f3n Basket a punto de separar sus caminos\",\"datePublished\":\"2023-11-02T11:32:08+00:00\",\"dateModified\":\"2023-11-02T11:32:08+00:00\",\"mainEntityOfPage\":{\"@id\":\"https:\/\/gijonbasket.com\/2023\/11\/02\/krasimir-marinchevski-y-tartiere-auto-gijon-basket-a-punto-de-separar-sus-caminos\/\"},\"wordCount\":274,\"commentCount\":0,\"publisher\":{\"@id\":\"https:\/\/gijonbasket.com\/#organization\"},\"articleSection\":[\"noticias\"],\"inLanguage\":\"en-US\",\"potentialAction\":[{\"@type\":\"CommentAction\",\"name\":\"Comment\",\"target\":[\"https:\/\/gijonbasket.com\/2023\/11\/02\/krasimir-marinchevski-y-tartiere-auto-gijon-basket-a-punto-de-separar-sus-caminos\/#respond\"]}]},{\"@type\":\"WebPage\",\"@id\":\"https:\/\/gijonbasket.com\/2023\/11\/02\/krasimir-marinchevski-y-tartiere-auto-gijon-basket-a-punto-de-separar-sus-caminos\/\",\"url\":\"https:\/\/gijonbasket.com\/2023\/11\/02\/krasimir-marinchevski-y-tartiere-auto-gijon-basket-a-punto-de-separar-sus-caminos\/\",\"name\":\"Krasimir Marinchevski y Tartiere Auto Gij\u00f3n Basket a punto de separar sus caminos - gijonbasket\",\"isPartOf\":{\"@id\":\"https:\/\/gijonbasket.com\/#website\"},\"datePublished\":\"2023-11-02T11:32:08+00:00\",\"dateModified\":\"2023-11-02T11:32:08+00:00\",\"breadcrumb\":{\"@id\":\"https:\/\/gijonbasket.com\/2023\/11\/02\/krasimir-marinchevski-y-tartiere-auto-gijon-basket-a-punto-de-separar-sus-caminos\/#breadcrumb\"},\"inLanguage\":\"en-US\",\"potentialAction\":[{\"@type\":\"ReadAction\",\"target\":[\"https:\/\/gijonbasket.com\/2023\/11\/02\/krasimir-marinchevski-y-tartiere-auto-gijon-basket-a-punto-de-separar-sus-caminos\/\"]}]},{\"@type\":\"BreadcrumbList\",\"@id\":\"https:\/\/gijonbasket.com\/2023\/11\/02\/krasimir-marinchevski-y-tartiere-auto-gijon-basket-a-punto-de-separar-sus-caminos\/#breadcrumb\",\"itemListElement\":[{\"@type\":\"ListItem\",\"position\":1,\"name\":\"Portada\",\"item\":\"https:\/\/gijonbasket.com\/\"},{\"@type\":\"ListItem\",\"position\":2,\"name\":\"Krasimir Marinchevski y Tartiere Auto Gij\u00f3n Basket a punto de separar sus caminos\"}]},{\"@type\":\"WebSite\",\"@id\":\"https:\/\/gijonbasket.com\/#website\",\"url\":\"https:\/\/gijonbasket.com\/\",\"name\":\"gijonbasket\",\"description\":\"\",\"publisher\":{\"@id\":\"https:\/\/gijonbasket.com\/#organization\"},\"potentialAction\":[{\"@type\":\"SearchAction\",\"target\":{\"@type\":\"EntryPoint\",\"urlTemplate\":\"https:\/\/gijonbasket.com\/?s={search_term_string}\"},\"query-input\":{\"@type\":\"PropertyValueSpecification\",\"valueRequired\":true,\"valueName\":\"search_term_string\"}}],\"inLanguage\":\"en-US\"},{\"@type\":\"Organization\",\"@id\":\"https:\/\/gijonbasket.com\/#organization\",\"name\":\"gijonbasket\",\"url\":\"https:\/\/gijonbasket.com\/\",\"logo\":{\"@type\":\"ImageObject\",\"inLanguage\":\"en-US\",\"@id\":\"https:\/\/gijonbasket.com\/#\/schema\/logo\/image\/\",\"url\":\"https:\/\/gijonbasket.com\/wp-content\/uploads\/2023\/03\/LogoGijonBasket2.jpg\",\"contentUrl\":\"https:\/\/gijonbasket.com\/wp-content\/uploads\/2023\/03\/LogoGijonBasket2.jpg\",\"width\":2000,\"height\":550,\"caption\":\"gijonbasket\"},\"image\":{\"@id\":\"https:\/\/gijonbasket.com\/#\/schema\/logo\/image\/\"}},{\"@type\":\"Person\",\"@id\":\"https:\/\/gijonbasket.com\/#\/schema\/person\/91af9ff03e8eab582ccc344b715907c0\",\"name\":\"Cesar Morales\",\"image\":{\"@type\":\"ImageObject\",\"inLanguage\":\"en-US\",\"@id\":\"https:\/\/gijonbasket.com\/#\/schema\/person\/image\/\",\"url\":\"https:\/\/secure.gravatar.com\/avatar\/ab9ddf1e87f7580cae3deefb05a58c5cf4f0c7f96f033fd7dacc23f0e8d149ca?s=96&d=mm&r=g\",\"contentUrl\":\"https:\/\/secure.gravatar.com\/avatar\/ab9ddf1e87f7580cae3deefb05a58c5cf4f0c7f96f033fd7dacc23f0e8d149ca?s=96&d=mm&r=g\",\"caption\":\"Cesar Morales\"},\"url\":\"https:\/\/gijonbasket.com\/en\/author\/cesar\/\"}]}<\/script>\n<!-- \/ Yoast SEO plugin. -->","yoast_head_json":{"title":"Krasimir Marinchevski y Tartiere Auto Gij\u00f3n Basket a punto de separar sus caminos - gijonbasket","robots":{"index":"index","follow":"follow","max-snippet":"max-snippet:-1","max-image-preview":"max-image-preview:large","max-video-preview":"max-video-preview:-1"},"canonical":"https:\/\/gijonbasket.com\/en\/2023\/11\/02\/krasimir-marinchevski-y-tartiere-auto-gijon-basket-a-punto-de-separar-sus-caminos\/","og_locale":"en_US","og_type":"article","og_title":"Krasimir Marinchevski y Tartiere Auto Gij\u00f3n Basket a punto de separar sus caminos - gijonbasket","og_description":"Tartiere Auto Gij\u00f3n Basket est\u00e1 en proceso de desvinculaci\u00f3n con Krasimir Marinchevski, que causar\u00e1 baja para el encuentro ante Xoborg La Antigua C.B. Tormes. El ala-p\u00edvot b\u00falgaro abandonar\u00e1 la disciplina del conjunto rojiblanco tras disputar 5 encuentros con unos promedios de 9.8 ppp; 5.8 rpp pero lastrado por su desacierto en el tiro (14\/32-T2; 2\/20-T3).&hellip;&nbsp;Read More &raquo;Krasimir Marinchevski y Tartiere Auto Gij\u00f3n Basket a punto de separar sus caminos","og_url":"https:\/\/gijonbasket.com\/en\/2023\/11\/02\/krasimir-marinchevski-y-tartiere-auto-gijon-basket-a-punto-de-separar-sus-caminos\/","og_site_name":"gijonbasket","article_published_time":"2023-11-02T11:32:08+00:00","author":"Cesar Morales","twitter_card":"summary_large_image","twitter_misc":{"Written by":"Cesar Morales","Est. reading time":"1 minute"},"schema":{"@context":"https:\/\/schema.org","@graph":[{"@type":"Article","@id":"https:\/\/gijonbasket.com\/2023\/11\/02\/krasimir-marinchevski-y-tartiere-auto-gijon-basket-a-punto-de-separar-sus-caminos\/#article","isPartOf":{"@id":"https:\/\/gijonbasket.com\/2023\/11\/02\/krasimir-marinchevski-y-tartiere-auto-gijon-basket-a-punto-de-separar-sus-caminos\/"},"author":{"name":"Cesar Morales","@id":"https:\/\/gijonbasket.com\/#\/schema\/person\/91af9ff03e8eab582ccc344b715907c0"},"headline":"Krasimir Marinchevski y Tartiere Auto Gij\u00f3n Basket a punto de separar sus caminos","datePublished":"2023-11-02T11:32:08+00:00","dateModified":"2023-11-02T11:32:08+00:00","mainEntityOfPage":{"@id":"https:\/\/gijonbasket.com\/2023\/11\/02\/krasimir-marinchevski-y-tartiere-auto-gijon-basket-a-punto-de-separar-sus-caminos\/"},"wordCount":274,"commentCount":0,"publisher":{"@id":"https:\/\/gijonbasket.com\/#organization"},"articleSection":["noticias"],"inLanguage":"en-US","potentialAction":[{"@type":"CommentAction","name":"Comment","target":["https:\/\/gijonbasket.com\/2023\/11\/02\/krasimir-marinchevski-y-tartiere-auto-gijon-basket-a-punto-de-separar-sus-caminos\/#respond"]}]},{"@type":"WebPage","@id":"https:\/\/gijonbasket.com\/2023\/11\/02\/krasimir-marinchevski-y-tartiere-auto-gijon-basket-a-punto-de-separar-sus-caminos\/","url":"https:\/\/gijonbasket.com\/2023\/11\/02\/krasimir-marinchevski-y-tartiere-auto-gijon-basket-a-punto-de-separar-sus-caminos\/","name":"Krasimir Marinchevski y Tartiere Auto Gij\u00f3n Basket a punto de separar sus caminos - gijonbasket","isPartOf":{"@id":"https:\/\/gijonbasket.com\/#website"},"datePublished":"2023-11-02T11:32:08+00:00","dateModified":"2023-11-02T11:32:08+00:00","breadcrumb":{"@id":"https:\/\/gijonbasket.com\/2023\/11\/02\/krasimir-marinchevski-y-tartiere-auto-gijon-basket-a-punto-de-separar-sus-caminos\/#breadcrumb"},"inLanguage":"en-US","potentialAction":[{"@type":"ReadAction","target":["https:\/\/gijonbasket.com\/2023\/11\/02\/krasimir-marinchevski-y-tartiere-auto-gijon-basket-a-punto-de-separar-sus-caminos\/"]}]},{"@type":"BreadcrumbList","@id":"https:\/\/gijonbasket.com\/2023\/11\/02\/krasimir-marinchevski-y-tartiere-auto-gijon-basket-a-punto-de-separar-sus-caminos\/#breadcrumb","itemListElement":[{"@type":"ListItem","position":1,"name":"Portada","item":"https:\/\/gijonbasket.com\/"},{"@type":"ListItem","position":2,"name":"Krasimir Marinchevski y Tartiere Auto Gij\u00f3n Basket a punto de separar sus caminos"}]},{"@type":"WebSite","@id":"https:\/\/gijonbasket.com\/#website","url":"https:\/\/gijonbasket.com\/","name":"gijonbasket","description":"","publisher":{"@id":"https:\/\/gijonbasket.com\/#organization"},"potentialAction":[{"@type":"SearchAction","target":{"@type":"EntryPoint","urlTemplate":"https:\/\/gijonbasket.com\/?s={search_term_string}"},"query-input":{"@type":"PropertyValueSpecification","valueRequired":true,"valueName":"search_term_string"}}],"inLanguage":"en-US"},{"@type":"Organization","@id":"https:\/\/gijonbasket.com\/#organization","name":"gijonbasket","url":"https:\/\/gijonbasket.com\/","logo":{"@type":"ImageObject","inLanguage":"en-US","@id":"https:\/\/gijonbasket.com\/#\/schema\/logo\/image\/","url":"https:\/\/gijonbasket.com\/wp-content\/uploads\/2023\/03\/LogoGijonBasket2.jpg","contentUrl":"https:\/\/gijonbasket.com\/wp-content\/uploads\/2023\/03\/LogoGijonBasket2.jpg","width":2000,"height":550,"caption":"gijonbasket"},"image":{"@id":"https:\/\/gijonbasket.com\/#\/schema\/logo\/image\/"}},{"@type":"Person","@id":"https:\/\/gijonbasket.com\/#\/schema\/person\/91af9ff03e8eab582ccc344b715907c0","name":"Cesar Morales","image":{"@type":"ImageObject","inLanguage":"en-US","@id":"https:\/\/gijonbasket.com\/#\/schema\/person\/image\/","url":"https:\/\/secure.gravatar.com\/avatar\/ab9ddf1e87f7580cae3deefb05a58c5cf4f0c7f96f033fd7dacc23f0e8d149ca?s=96&d=mm&r=g","contentUrl":"https:\/\/secure.gravatar.com\/avatar\/ab9ddf1e87f7580cae3deefb05a58c5cf4f0c7f96f033fd7dacc23f0e8d149ca?s=96&d=mm&r=g","caption":"Cesar Morales"},"url":"https:\/\/gijonbasket.com\/en\/author\/cesar\/"}]}},"_links":{"self":[{"href":"https:\/\/gijonbasket.com\/en\/wp-json\/wp\/v2\/posts\/2140","targetHints":{"allow":["GET"]}}],"collection":[{"href":"https:\/\/gijonbasket.com\/en\/wp-json\/wp\/v2\/posts"}],"about":[{"href":"https:\/\/gijonbasket.com\/en\/wp-json\/wp\/v2\/types\/post"}],"author":[{"embeddable":true,"href":"https:\/\/gijonbasket.com\/en\/wp-json\/wp\/v2\/users\/2"}],"replies":[{"embeddable":true,"href":"https:\/\/gijonbasket.com\/en\/wp-json\/wp\/v2\/comments?post=2140"}],"version-history":[{"count":1,"href":"https:\/\/gijonbasket.com\/en\/wp-json\/wp\/v2\/posts\/2140\/revisions"}],"predecessor-version":[{"id":2141,"href":"https:\/\/gijonbasket.com\/en\/wp-json\/wp\/v2\/posts\/2140\/revisions\/2141"}],"wp:attachment":[{"href":"https:\/\/gijonbasket.com\/en\/wp-json\/wp\/v2\/media?parent=2140"}],"wp:term":[{"taxonomy":"category","embeddable":true,"href":"https:\/\/gijonbasket.com\/en\/wp-json\/wp\/v2\/categories?post=2140"},{"taxonomy":"post_tag","embeddable":true,"href":"https:\/\/gijonbasket.com\/en\/wp-json\/wp\/v2\/tags?post=2140"}],"curies":[{"name":"wp","href":"https:\/\/api.w.org\/{rel}","templated":true}]}}