{"id":2191,"date":"2023-11-13T18:15:16","date_gmt":"2023-11-13T17:15:16","guid":{"rendered":"https:\/\/gijonbasket.com\/?p=2191"},"modified":"2023-11-13T18:15:16","modified_gmt":"2023-11-13T17:15:16","slug":"tartiere-auto-gijon-basket-traumacor-culleredo-cambio-de-hora-confirmacion-exclusiva-www-gijonbasket-com","status":"publish","type":"post","link":"https:\/\/gijonbasket.com\/en\/2023\/11\/13\/tartiere-auto-gijon-basket-traumacor-culleredo-cambio-de-hora-confirmacion-exclusiva-www-gijonbasket-com\/","title":{"rendered":"Tartiere Auto Gij\u00f3n Basket \u2013 Traumacor Culleredo cambio de hora. Confirmaci\u00f3n exclusiva www.gijonbasket.com."},"content":{"rendered":"<p>El pasado s\u00e1bado 11 de noviembre, adelantamos en exclusiva en www.gijonbasket.com, que el encuentro Tartiere Auto Gij\u00f3n Basket &#8211; Traumacor Culleredo estaba en el aire, por la celebraci\u00f3n de X SuperCopa de Espa\u00f1a Junior de Judo (domingo 26 noviembre &#8211; 09:30).<\/p>\n\n\n\n<p>El encuentro Tartiere Auto Gij\u00f3n Basket &#8211; Traumacor Culleredo, se adelantar\u00e1 3 horas con inicio a las 17:00, en el Palacio de Deportes de Gij\u00f3n. <\/p>\n\n\n\n<p>De esta forma se confirma una de las opciones que planteamos desde www.gijonbasket.com.<\/p>\n\n\n\n<p>A continuaci\u00f3n incluimos el enlace de la noticia del s\u00e1bado, donde ya adelantabamos lo que pudiera ocurrir con el partido y que al final ya se ha confirmado a trav\u00e9s de FEB.<\/p>\n\n\n\n<figure class=\"wp-block-embed is-type-wp-embed is-provider-gijonbasket wp-block-embed-gijonbasket\"><div class=\"wp-block-embed__wrapper\">\n<blockquote class=\"wp-embedded-content\" data-secret=\"DmgzBZ4jDZ\"><a href=\"https:\/\/gijonbasket.com\/en\/2023\/11\/11\/tartiere-auto-gijon-basket-traumacor-culleredo-en-el-aire\/\">Tartiere Auto Gij\u00f3n Basket &#8211; Traumacor Culleredo en el aire<\/a><\/blockquote><iframe class=\"wp-embedded-content\" sandbox=\"allow-scripts\" security=\"restricted\" style=\"position: absolute; visibility: hidden;\" title=\"\u00abTartiere Auto Gij\u00f3n Basket &#8211; Traumacor Culleredo en el aire\u00bb \u2014 gijonbasket\" src=\"https:\/\/gijonbasket.com\/2023\/11\/11\/tartiere-auto-gijon-basket-traumacor-culleredo-en-el-aire\/embed\/#?secret=9CXjYvQgjo#?secret=DmgzBZ4jDZ\" data-secret=\"DmgzBZ4jDZ\" width=\"600\" height=\"338\" frameborder=\"0\" marginwidth=\"0\" marginheight=\"0\" scrolling=\"no\"><\/iframe>\n<\/div><\/figure>","protected":false},"excerpt":{"rendered":"<p>El pasado s\u00e1bado 11 de noviembre, adelantamos en exclusiva en www.gijonbasket.com, que el encuentro Tartiere Auto Gij\u00f3n Basket &#8211; Traumacor Culleredo estaba en el aire, por la celebraci\u00f3n de X SuperCopa de Espa\u00f1a Junior de Judo (domingo 26 noviembre &#8211; 09:30). El encuentro Tartiere Auto Gij\u00f3n Basket &#8211; Traumacor Culleredo, se adelantar\u00e1 3 horas con&hellip;&nbsp;<a href=\"https:\/\/gijonbasket.com\/en\/2023\/11\/13\/tartiere-auto-gijon-basket-traumacor-culleredo-cambio-de-hora-confirmacion-exclusiva-www-gijonbasket-com\/\" class=\"\" rel=\"bookmark\">Read More &raquo;<span class=\"screen-reader-text\">Tartiere Auto Gij\u00f3n Basket \u2013 Traumacor Culleredo cambio de hora. Confirmaci\u00f3n exclusiva www.gijonbasket.com.<\/span><\/a><\/p>","protected":false},"author":2,"featured_media":0,"comment_status":"open","ping_status":"open","sticky":false,"template":"","format":"standard","meta":{"neve_meta_sidebar":"","neve_meta_container":"","neve_meta_enable_content_width":"","neve_meta_content_width":0,"neve_meta_title_alignment":"","neve_meta_author_avatar":"","neve_post_elements_order":"","neve_meta_disable_header":"","neve_meta_disable_footer":"","neve_meta_disable_title":"","footnotes":""},"categories":[3,4],"tags":[],"class_list":["post-2191","post","type-post","status-publish","format-standard","hentry","category-exclusivas","category-noticias"],"yoast_head":"<!-- This site is optimized with the Yoast SEO plugin v23.4 - https:\/\/yoast.com\/wordpress\/plugins\/seo\/ -->\n<title>Tartiere Auto Gij\u00f3n Basket \u2013 Traumacor Culleredo cambio de hora. Confirmaci\u00f3n exclusiva www.gijonbasket.com. - gijonbasket<\/title>\n<meta name=\"robots\" content=\"index, follow, max-snippet:-1, max-image-preview:large, max-video-preview:-1\" \/>\n<link rel=\"canonical\" href=\"https:\/\/gijonbasket.com\/en\/2023\/11\/13\/tartiere-auto-gijon-basket-traumacor-culleredo-cambio-de-hora-confirmacion-exclusiva-www-gijonbasket-com\/\" \/>\n<meta property=\"og:locale\" content=\"en_US\" \/>\n<meta property=\"og:type\" content=\"article\" \/>\n<meta property=\"og:title\" content=\"Tartiere Auto Gij\u00f3n Basket \u2013 Traumacor Culleredo cambio de hora. Confirmaci\u00f3n exclusiva www.gijonbasket.com. - gijonbasket\" \/>\n<meta property=\"og:description\" content=\"El pasado s\u00e1bado 11 de noviembre, adelantamos en exclusiva en www.gijonbasket.com, que el encuentro Tartiere Auto Gij\u00f3n Basket &#8211; Traumacor Culleredo estaba en el aire, por la celebraci\u00f3n de X SuperCopa de Espa\u00f1a Junior de Judo (domingo 26 noviembre &#8211; 09:30). El encuentro Tartiere Auto Gij\u00f3n Basket &#8211; Traumacor Culleredo, se adelantar\u00e1 3 horas con&hellip;&nbsp;Read More &raquo;Tartiere Auto Gij\u00f3n Basket \u2013 Traumacor Culleredo cambio de hora. Confirmaci\u00f3n exclusiva www.gijonbasket.com.\" \/>\n<meta property=\"og:url\" content=\"https:\/\/gijonbasket.com\/en\/2023\/11\/13\/tartiere-auto-gijon-basket-traumacor-culleredo-cambio-de-hora-confirmacion-exclusiva-www-gijonbasket-com\/\" \/>\n<meta property=\"og:site_name\" content=\"gijonbasket\" \/>\n<meta property=\"article:published_time\" content=\"2023-11-13T17:15:16+00:00\" \/>\n<meta name=\"author\" content=\"Cesar Morales\" \/>\n<meta name=\"twitter:card\" content=\"summary_large_image\" \/>\n<meta name=\"twitter:label1\" content=\"Written by\" \/>\n\t<meta name=\"twitter:data1\" content=\"Cesar Morales\" \/>\n\t<meta name=\"twitter:label2\" content=\"Est. reading time\" \/>\n\t<meta name=\"twitter:data2\" content=\"1 minute\" \/>\n<script type=\"application\/ld+json\" class=\"yoast-schema-graph\">{\"@context\":\"https:\/\/schema.org\",\"@graph\":[{\"@type\":\"Article\",\"@id\":\"https:\/\/gijonbasket.com\/2023\/11\/13\/tartiere-auto-gijon-basket-traumacor-culleredo-cambio-de-hora-confirmacion-exclusiva-www-gijonbasket-com\/#article\",\"isPartOf\":{\"@id\":\"https:\/\/gijonbasket.com\/2023\/11\/13\/tartiere-auto-gijon-basket-traumacor-culleredo-cambio-de-hora-confirmacion-exclusiva-www-gijonbasket-com\/\"},\"author\":{\"name\":\"Cesar Morales\",\"@id\":\"https:\/\/gijonbasket.com\/#\/schema\/person\/91af9ff03e8eab582ccc344b715907c0\"},\"headline\":\"Tartiere Auto Gij\u00f3n Basket \u2013 Traumacor Culleredo cambio de hora. Confirmaci\u00f3n exclusiva www.gijonbasket.com.\",\"datePublished\":\"2023-11-13T17:15:16+00:00\",\"dateModified\":\"2023-11-13T17:15:16+00:00\",\"mainEntityOfPage\":{\"@id\":\"https:\/\/gijonbasket.com\/2023\/11\/13\/tartiere-auto-gijon-basket-traumacor-culleredo-cambio-de-hora-confirmacion-exclusiva-www-gijonbasket-com\/\"},\"wordCount\":139,\"commentCount\":0,\"publisher\":{\"@id\":\"https:\/\/gijonbasket.com\/#organization\"},\"articleSection\":[\"exclusivas\",\"noticias\"],\"inLanguage\":\"en-US\",\"potentialAction\":[{\"@type\":\"CommentAction\",\"name\":\"Comment\",\"target\":[\"https:\/\/gijonbasket.com\/2023\/11\/13\/tartiere-auto-gijon-basket-traumacor-culleredo-cambio-de-hora-confirmacion-exclusiva-www-gijonbasket-com\/#respond\"]}]},{\"@type\":\"WebPage\",\"@id\":\"https:\/\/gijonbasket.com\/2023\/11\/13\/tartiere-auto-gijon-basket-traumacor-culleredo-cambio-de-hora-confirmacion-exclusiva-www-gijonbasket-com\/\",\"url\":\"https:\/\/gijonbasket.com\/2023\/11\/13\/tartiere-auto-gijon-basket-traumacor-culleredo-cambio-de-hora-confirmacion-exclusiva-www-gijonbasket-com\/\",\"name\":\"Tartiere Auto Gij\u00f3n Basket \u2013 Traumacor Culleredo cambio de hora. Confirmaci\u00f3n exclusiva www.gijonbasket.com. - gijonbasket\",\"isPartOf\":{\"@id\":\"https:\/\/gijonbasket.com\/#website\"},\"datePublished\":\"2023-11-13T17:15:16+00:00\",\"dateModified\":\"2023-11-13T17:15:16+00:00\",\"breadcrumb\":{\"@id\":\"https:\/\/gijonbasket.com\/2023\/11\/13\/tartiere-auto-gijon-basket-traumacor-culleredo-cambio-de-hora-confirmacion-exclusiva-www-gijonbasket-com\/#breadcrumb\"},\"inLanguage\":\"en-US\",\"potentialAction\":[{\"@type\":\"ReadAction\",\"target\":[\"https:\/\/gijonbasket.com\/2023\/11\/13\/tartiere-auto-gijon-basket-traumacor-culleredo-cambio-de-hora-confirmacion-exclusiva-www-gijonbasket-com\/\"]}]},{\"@type\":\"BreadcrumbList\",\"@id\":\"https:\/\/gijonbasket.com\/2023\/11\/13\/tartiere-auto-gijon-basket-traumacor-culleredo-cambio-de-hora-confirmacion-exclusiva-www-gijonbasket-com\/#breadcrumb\",\"itemListElement\":[{\"@type\":\"ListItem\",\"position\":1,\"name\":\"Portada\",\"item\":\"https:\/\/gijonbasket.com\/\"},{\"@type\":\"ListItem\",\"position\":2,\"name\":\"Tartiere Auto Gij\u00f3n Basket \u2013 Traumacor Culleredo cambio de hora. Confirmaci\u00f3n exclusiva www.gijonbasket.com.\"}]},{\"@type\":\"WebSite\",\"@id\":\"https:\/\/gijonbasket.com\/#website\",\"url\":\"https:\/\/gijonbasket.com\/\",\"name\":\"gijonbasket\",\"description\":\"\",\"publisher\":{\"@id\":\"https:\/\/gijonbasket.com\/#organization\"},\"potentialAction\":[{\"@type\":\"SearchAction\",\"target\":{\"@type\":\"EntryPoint\",\"urlTemplate\":\"https:\/\/gijonbasket.com\/?s={search_term_string}\"},\"query-input\":{\"@type\":\"PropertyValueSpecification\",\"valueRequired\":true,\"valueName\":\"search_term_string\"}}],\"inLanguage\":\"en-US\"},{\"@type\":\"Organization\",\"@id\":\"https:\/\/gijonbasket.com\/#organization\",\"name\":\"gijonbasket\",\"url\":\"https:\/\/gijonbasket.com\/\",\"logo\":{\"@type\":\"ImageObject\",\"inLanguage\":\"en-US\",\"@id\":\"https:\/\/gijonbasket.com\/#\/schema\/logo\/image\/\",\"url\":\"https:\/\/gijonbasket.com\/wp-content\/uploads\/2023\/03\/LogoGijonBasket2.jpg\",\"contentUrl\":\"https:\/\/gijonbasket.com\/wp-content\/uploads\/2023\/03\/LogoGijonBasket2.jpg\",\"width\":2000,\"height\":550,\"caption\":\"gijonbasket\"},\"image\":{\"@id\":\"https:\/\/gijonbasket.com\/#\/schema\/logo\/image\/\"}},{\"@type\":\"Person\",\"@id\":\"https:\/\/gijonbasket.com\/#\/schema\/person\/91af9ff03e8eab582ccc344b715907c0\",\"name\":\"Cesar Morales\",\"image\":{\"@type\":\"ImageObject\",\"inLanguage\":\"en-US\",\"@id\":\"https:\/\/gijonbasket.com\/#\/schema\/person\/image\/\",\"url\":\"https:\/\/secure.gravatar.com\/avatar\/ab9ddf1e87f7580cae3deefb05a58c5cf4f0c7f96f033fd7dacc23f0e8d149ca?s=96&d=mm&r=g\",\"contentUrl\":\"https:\/\/secure.gravatar.com\/avatar\/ab9ddf1e87f7580cae3deefb05a58c5cf4f0c7f96f033fd7dacc23f0e8d149ca?s=96&d=mm&r=g\",\"caption\":\"Cesar Morales\"},\"url\":\"https:\/\/gijonbasket.com\/en\/author\/cesar\/\"}]}<\/script>\n<!-- \/ Yoast SEO plugin. -->","yoast_head_json":{"title":"Tartiere Auto Gij\u00f3n Basket \u2013 Traumacor Culleredo cambio de hora. Confirmaci\u00f3n exclusiva www.gijonbasket.com. - gijonbasket","robots":{"index":"index","follow":"follow","max-snippet":"max-snippet:-1","max-image-preview":"max-image-preview:large","max-video-preview":"max-video-preview:-1"},"canonical":"https:\/\/gijonbasket.com\/en\/2023\/11\/13\/tartiere-auto-gijon-basket-traumacor-culleredo-cambio-de-hora-confirmacion-exclusiva-www-gijonbasket-com\/","og_locale":"en_US","og_type":"article","og_title":"Tartiere Auto Gij\u00f3n Basket \u2013 Traumacor Culleredo cambio de hora. Confirmaci\u00f3n exclusiva www.gijonbasket.com. - gijonbasket","og_description":"El pasado s\u00e1bado 11 de noviembre, adelantamos en exclusiva en www.gijonbasket.com, que el encuentro Tartiere Auto Gij\u00f3n Basket &#8211; Traumacor Culleredo estaba en el aire, por la celebraci\u00f3n de X SuperCopa de Espa\u00f1a Junior de Judo (domingo 26 noviembre &#8211; 09:30). El encuentro Tartiere Auto Gij\u00f3n Basket &#8211; Traumacor Culleredo, se adelantar\u00e1 3 horas con&hellip;&nbsp;Read More &raquo;Tartiere Auto Gij\u00f3n Basket \u2013 Traumacor Culleredo cambio de hora. Confirmaci\u00f3n exclusiva www.gijonbasket.com.","og_url":"https:\/\/gijonbasket.com\/en\/2023\/11\/13\/tartiere-auto-gijon-basket-traumacor-culleredo-cambio-de-hora-confirmacion-exclusiva-www-gijonbasket-com\/","og_site_name":"gijonbasket","article_published_time":"2023-11-13T17:15:16+00:00","author":"Cesar Morales","twitter_card":"summary_large_image","twitter_misc":{"Written by":"Cesar Morales","Est. reading time":"1 minute"},"schema":{"@context":"https:\/\/schema.org","@graph":[{"@type":"Article","@id":"https:\/\/gijonbasket.com\/2023\/11\/13\/tartiere-auto-gijon-basket-traumacor-culleredo-cambio-de-hora-confirmacion-exclusiva-www-gijonbasket-com\/#article","isPartOf":{"@id":"https:\/\/gijonbasket.com\/2023\/11\/13\/tartiere-auto-gijon-basket-traumacor-culleredo-cambio-de-hora-confirmacion-exclusiva-www-gijonbasket-com\/"},"author":{"name":"Cesar Morales","@id":"https:\/\/gijonbasket.com\/#\/schema\/person\/91af9ff03e8eab582ccc344b715907c0"},"headline":"Tartiere Auto Gij\u00f3n Basket \u2013 Traumacor Culleredo cambio de hora. Confirmaci\u00f3n exclusiva www.gijonbasket.com.","datePublished":"2023-11-13T17:15:16+00:00","dateModified":"2023-11-13T17:15:16+00:00","mainEntityOfPage":{"@id":"https:\/\/gijonbasket.com\/2023\/11\/13\/tartiere-auto-gijon-basket-traumacor-culleredo-cambio-de-hora-confirmacion-exclusiva-www-gijonbasket-com\/"},"wordCount":139,"commentCount":0,"publisher":{"@id":"https:\/\/gijonbasket.com\/#organization"},"articleSection":["exclusivas","noticias"],"inLanguage":"en-US","potentialAction":[{"@type":"CommentAction","name":"Comment","target":["https:\/\/gijonbasket.com\/2023\/11\/13\/tartiere-auto-gijon-basket-traumacor-culleredo-cambio-de-hora-confirmacion-exclusiva-www-gijonbasket-com\/#respond"]}]},{"@type":"WebPage","@id":"https:\/\/gijonbasket.com\/2023\/11\/13\/tartiere-auto-gijon-basket-traumacor-culleredo-cambio-de-hora-confirmacion-exclusiva-www-gijonbasket-com\/","url":"https:\/\/gijonbasket.com\/2023\/11\/13\/tartiere-auto-gijon-basket-traumacor-culleredo-cambio-de-hora-confirmacion-exclusiva-www-gijonbasket-com\/","name":"Tartiere Auto Gij\u00f3n Basket \u2013 Traumacor Culleredo cambio de hora. Confirmaci\u00f3n exclusiva www.gijonbasket.com. - gijonbasket","isPartOf":{"@id":"https:\/\/gijonbasket.com\/#website"},"datePublished":"2023-11-13T17:15:16+00:00","dateModified":"2023-11-13T17:15:16+00:00","breadcrumb":{"@id":"https:\/\/gijonbasket.com\/2023\/11\/13\/tartiere-auto-gijon-basket-traumacor-culleredo-cambio-de-hora-confirmacion-exclusiva-www-gijonbasket-com\/#breadcrumb"},"inLanguage":"en-US","potentialAction":[{"@type":"ReadAction","target":["https:\/\/gijonbasket.com\/2023\/11\/13\/tartiere-auto-gijon-basket-traumacor-culleredo-cambio-de-hora-confirmacion-exclusiva-www-gijonbasket-com\/"]}]},{"@type":"BreadcrumbList","@id":"https:\/\/gijonbasket.com\/2023\/11\/13\/tartiere-auto-gijon-basket-traumacor-culleredo-cambio-de-hora-confirmacion-exclusiva-www-gijonbasket-com\/#breadcrumb","itemListElement":[{"@type":"ListItem","position":1,"name":"Portada","item":"https:\/\/gijonbasket.com\/"},{"@type":"ListItem","position":2,"name":"Tartiere Auto Gij\u00f3n Basket \u2013 Traumacor Culleredo cambio de hora. Confirmaci\u00f3n exclusiva www.gijonbasket.com."}]},{"@type":"WebSite","@id":"https:\/\/gijonbasket.com\/#website","url":"https:\/\/gijonbasket.com\/","name":"gijonbasket","description":"","publisher":{"@id":"https:\/\/gijonbasket.com\/#organization"},"potentialAction":[{"@type":"SearchAction","target":{"@type":"EntryPoint","urlTemplate":"https:\/\/gijonbasket.com\/?s={search_term_string}"},"query-input":{"@type":"PropertyValueSpecification","valueRequired":true,"valueName":"search_term_string"}}],"inLanguage":"en-US"},{"@type":"Organization","@id":"https:\/\/gijonbasket.com\/#organization","name":"gijonbasket","url":"https:\/\/gijonbasket.com\/","logo":{"@type":"ImageObject","inLanguage":"en-US","@id":"https:\/\/gijonbasket.com\/#\/schema\/logo\/image\/","url":"https:\/\/gijonbasket.com\/wp-content\/uploads\/2023\/03\/LogoGijonBasket2.jpg","contentUrl":"https:\/\/gijonbasket.com\/wp-content\/uploads\/2023\/03\/LogoGijonBasket2.jpg","width":2000,"height":550,"caption":"gijonbasket"},"image":{"@id":"https:\/\/gijonbasket.com\/#\/schema\/logo\/image\/"}},{"@type":"Person","@id":"https:\/\/gijonbasket.com\/#\/schema\/person\/91af9ff03e8eab582ccc344b715907c0","name":"Cesar Morales","image":{"@type":"ImageObject","inLanguage":"en-US","@id":"https:\/\/gijonbasket.com\/#\/schema\/person\/image\/","url":"https:\/\/secure.gravatar.com\/avatar\/ab9ddf1e87f7580cae3deefb05a58c5cf4f0c7f96f033fd7dacc23f0e8d149ca?s=96&d=mm&r=g","contentUrl":"https:\/\/secure.gravatar.com\/avatar\/ab9ddf1e87f7580cae3deefb05a58c5cf4f0c7f96f033fd7dacc23f0e8d149ca?s=96&d=mm&r=g","caption":"Cesar Morales"},"url":"https:\/\/gijonbasket.com\/en\/author\/cesar\/"}]}},"_links":{"self":[{"href":"https:\/\/gijonbasket.com\/en\/wp-json\/wp\/v2\/posts\/2191","targetHints":{"allow":["GET"]}}],"collection":[{"href":"https:\/\/gijonbasket.com\/en\/wp-json\/wp\/v2\/posts"}],"about":[{"href":"https:\/\/gijonbasket.com\/en\/wp-json\/wp\/v2\/types\/post"}],"author":[{"embeddable":true,"href":"https:\/\/gijonbasket.com\/en\/wp-json\/wp\/v2\/users\/2"}],"replies":[{"embeddable":true,"href":"https:\/\/gijonbasket.com\/en\/wp-json\/wp\/v2\/comments?post=2191"}],"version-history":[{"count":1,"href":"https:\/\/gijonbasket.com\/en\/wp-json\/wp\/v2\/posts\/2191\/revisions"}],"predecessor-version":[{"id":2192,"href":"https:\/\/gijonbasket.com\/en\/wp-json\/wp\/v2\/posts\/2191\/revisions\/2192"}],"wp:attachment":[{"href":"https:\/\/gijonbasket.com\/en\/wp-json\/wp\/v2\/media?parent=2191"}],"wp:term":[{"taxonomy":"category","embeddable":true,"href":"https:\/\/gijonbasket.com\/en\/wp-json\/wp\/v2\/categories?post=2191"},{"taxonomy":"post_tag","embeddable":true,"href":"https:\/\/gijonbasket.com\/en\/wp-json\/wp\/v2\/tags?post=2191"}],"curies":[{"name":"wp","href":"https:\/\/api.w.org\/{rel}","templated":true}]}}