{"id":2243,"date":"2023-11-23T11:11:18","date_gmt":"2023-11-23T10:11:18","guid":{"rendered":"https:\/\/gijonbasket.com\/?p=2243"},"modified":"2023-11-23T11:16:16","modified_gmt":"2023-11-23T10:16:16","slug":"baba-fall-en-lista-de-espera","status":"publish","type":"post","link":"https:\/\/gijonbasket.com\/en\/2023\/11\/23\/baba-fall-en-lista-de-espera\/","title":{"rendered":"Baba Fall en lista de espera"},"content":{"rendered":"<p>Ampliando la exclusiva publicada ayer en www.gijonbasket.com sobre Baba Fall, se encuentra en lista de espera para ser intervenido quir\u00fargicamente, de la lesi\u00f3n en su rodilla derecha.<\/p>\n\n\n\n<p>La lesi\u00f3n se produjo en el encuentro ante el Estudiantes Lugo R\u00edo de Galicia el pasado 14 de octubre.<\/p>\n\n\n\n<p>Baba Fall una vez pase por quir\u00f3fano seguir\u00e1 dentro de la estructura de Tartiere Auto Gij\u00f3n Basket. Se descarta su posible vuelta al equipo, en funci\u00f3n de la evoluci\u00f3n de su lesi\u00f3n.<\/p>\n\n\n\n<p>La presunta afectaci\u00f3n del ligamento cruzado de su rodilla derecha, en funci\u00f3n de su estado, determinar\u00e1 el plazo de recuperaci\u00f3n.<\/p>","protected":false},"excerpt":{"rendered":"<p>Ampliando la exclusiva publicada ayer en www.gijonbasket.com sobre Baba Fall, se encuentra en lista de espera para ser intervenido quir\u00fargicamente, de la lesi\u00f3n en su rodilla derecha. La lesi\u00f3n se produjo en el encuentro ante el Estudiantes Lugo R\u00edo de Galicia el pasado 14 de octubre. Baba Fall una vez pase por quir\u00f3fano seguir\u00e1 dentro&hellip;&nbsp;<a href=\"https:\/\/gijonbasket.com\/en\/2023\/11\/23\/baba-fall-en-lista-de-espera\/\" class=\"\" rel=\"bookmark\">Read More &raquo;<span class=\"screen-reader-text\">Baba Fall en lista de espera<\/span><\/a><\/p>","protected":false},"author":2,"featured_media":0,"comment_status":"open","ping_status":"open","sticky":false,"template":"","format":"standard","meta":{"neve_meta_sidebar":"","neve_meta_container":"","neve_meta_enable_content_width":"","neve_meta_content_width":0,"neve_meta_title_alignment":"","neve_meta_author_avatar":"","neve_post_elements_order":"","neve_meta_disable_header":"","neve_meta_disable_footer":"","neve_meta_disable_title":"","footnotes":""},"categories":[3,4],"tags":[],"class_list":["post-2243","post","type-post","status-publish","format-standard","hentry","category-exclusivas","category-noticias"],"yoast_head":"<!-- This site is optimized with the Yoast SEO plugin v23.4 - https:\/\/yoast.com\/wordpress\/plugins\/seo\/ -->\n<title>Baba Fall en lista de espera - gijonbasket<\/title>\n<meta name=\"robots\" content=\"index, follow, max-snippet:-1, max-image-preview:large, max-video-preview:-1\" \/>\n<link rel=\"canonical\" href=\"https:\/\/gijonbasket.com\/en\/2023\/11\/23\/baba-fall-en-lista-de-espera\/\" \/>\n<meta property=\"og:locale\" content=\"en_US\" \/>\n<meta property=\"og:type\" content=\"article\" \/>\n<meta property=\"og:title\" content=\"Baba Fall en lista de espera - gijonbasket\" \/>\n<meta property=\"og:description\" content=\"Ampliando la exclusiva publicada ayer en www.gijonbasket.com sobre Baba Fall, se encuentra en lista de espera para ser intervenido quir\u00fargicamente, de la lesi\u00f3n en su rodilla derecha. La lesi\u00f3n se produjo en el encuentro ante el Estudiantes Lugo R\u00edo de Galicia el pasado 14 de octubre. Baba Fall una vez pase por quir\u00f3fano seguir\u00e1 dentro&hellip;&nbsp;Read More &raquo;Baba Fall en lista de espera\" \/>\n<meta property=\"og:url\" content=\"https:\/\/gijonbasket.com\/en\/2023\/11\/23\/baba-fall-en-lista-de-espera\/\" \/>\n<meta property=\"og:site_name\" content=\"gijonbasket\" \/>\n<meta property=\"article:published_time\" content=\"2023-11-23T10:11:18+00:00\" \/>\n<meta property=\"article:modified_time\" content=\"2023-11-23T10:16:16+00:00\" \/>\n<meta name=\"author\" content=\"Cesar Morales\" \/>\n<meta name=\"twitter:card\" content=\"summary_large_image\" \/>\n<meta name=\"twitter:label1\" content=\"Written by\" \/>\n\t<meta name=\"twitter:data1\" content=\"Cesar Morales\" \/>\n\t<meta name=\"twitter:label2\" content=\"Est. reading time\" \/>\n\t<meta name=\"twitter:data2\" content=\"1 minute\" \/>\n<script type=\"application\/ld+json\" class=\"yoast-schema-graph\">{\"@context\":\"https:\/\/schema.org\",\"@graph\":[{\"@type\":\"Article\",\"@id\":\"https:\/\/gijonbasket.com\/2023\/11\/23\/baba-fall-en-lista-de-espera\/#article\",\"isPartOf\":{\"@id\":\"https:\/\/gijonbasket.com\/2023\/11\/23\/baba-fall-en-lista-de-espera\/\"},\"author\":{\"name\":\"Cesar Morales\",\"@id\":\"https:\/\/gijonbasket.com\/#\/schema\/person\/91af9ff03e8eab582ccc344b715907c0\"},\"headline\":\"Baba Fall en lista de espera\",\"datePublished\":\"2023-11-23T10:11:18+00:00\",\"dateModified\":\"2023-11-23T10:16:16+00:00\",\"mainEntityOfPage\":{\"@id\":\"https:\/\/gijonbasket.com\/2023\/11\/23\/baba-fall-en-lista-de-espera\/\"},\"wordCount\":117,\"commentCount\":0,\"publisher\":{\"@id\":\"https:\/\/gijonbasket.com\/#organization\"},\"articleSection\":[\"exclusivas\",\"noticias\"],\"inLanguage\":\"en-US\",\"potentialAction\":[{\"@type\":\"CommentAction\",\"name\":\"Comment\",\"target\":[\"https:\/\/gijonbasket.com\/2023\/11\/23\/baba-fall-en-lista-de-espera\/#respond\"]}]},{\"@type\":\"WebPage\",\"@id\":\"https:\/\/gijonbasket.com\/2023\/11\/23\/baba-fall-en-lista-de-espera\/\",\"url\":\"https:\/\/gijonbasket.com\/2023\/11\/23\/baba-fall-en-lista-de-espera\/\",\"name\":\"Baba Fall en lista de espera - gijonbasket\",\"isPartOf\":{\"@id\":\"https:\/\/gijonbasket.com\/#website\"},\"datePublished\":\"2023-11-23T10:11:18+00:00\",\"dateModified\":\"2023-11-23T10:16:16+00:00\",\"breadcrumb\":{\"@id\":\"https:\/\/gijonbasket.com\/2023\/11\/23\/baba-fall-en-lista-de-espera\/#breadcrumb\"},\"inLanguage\":\"en-US\",\"potentialAction\":[{\"@type\":\"ReadAction\",\"target\":[\"https:\/\/gijonbasket.com\/2023\/11\/23\/baba-fall-en-lista-de-espera\/\"]}]},{\"@type\":\"BreadcrumbList\",\"@id\":\"https:\/\/gijonbasket.com\/2023\/11\/23\/baba-fall-en-lista-de-espera\/#breadcrumb\",\"itemListElement\":[{\"@type\":\"ListItem\",\"position\":1,\"name\":\"Portada\",\"item\":\"https:\/\/gijonbasket.com\/\"},{\"@type\":\"ListItem\",\"position\":2,\"name\":\"Baba Fall en lista de espera\"}]},{\"@type\":\"WebSite\",\"@id\":\"https:\/\/gijonbasket.com\/#website\",\"url\":\"https:\/\/gijonbasket.com\/\",\"name\":\"gijonbasket\",\"description\":\"\",\"publisher\":{\"@id\":\"https:\/\/gijonbasket.com\/#organization\"},\"potentialAction\":[{\"@type\":\"SearchAction\",\"target\":{\"@type\":\"EntryPoint\",\"urlTemplate\":\"https:\/\/gijonbasket.com\/?s={search_term_string}\"},\"query-input\":{\"@type\":\"PropertyValueSpecification\",\"valueRequired\":true,\"valueName\":\"search_term_string\"}}],\"inLanguage\":\"en-US\"},{\"@type\":\"Organization\",\"@id\":\"https:\/\/gijonbasket.com\/#organization\",\"name\":\"gijonbasket\",\"url\":\"https:\/\/gijonbasket.com\/\",\"logo\":{\"@type\":\"ImageObject\",\"inLanguage\":\"en-US\",\"@id\":\"https:\/\/gijonbasket.com\/#\/schema\/logo\/image\/\",\"url\":\"https:\/\/gijonbasket.com\/wp-content\/uploads\/2023\/03\/LogoGijonBasket2.jpg\",\"contentUrl\":\"https:\/\/gijonbasket.com\/wp-content\/uploads\/2023\/03\/LogoGijonBasket2.jpg\",\"width\":2000,\"height\":550,\"caption\":\"gijonbasket\"},\"image\":{\"@id\":\"https:\/\/gijonbasket.com\/#\/schema\/logo\/image\/\"}},{\"@type\":\"Person\",\"@id\":\"https:\/\/gijonbasket.com\/#\/schema\/person\/91af9ff03e8eab582ccc344b715907c0\",\"name\":\"Cesar Morales\",\"image\":{\"@type\":\"ImageObject\",\"inLanguage\":\"en-US\",\"@id\":\"https:\/\/gijonbasket.com\/#\/schema\/person\/image\/\",\"url\":\"https:\/\/secure.gravatar.com\/avatar\/ab9ddf1e87f7580cae3deefb05a58c5cf4f0c7f96f033fd7dacc23f0e8d149ca?s=96&d=mm&r=g\",\"contentUrl\":\"https:\/\/secure.gravatar.com\/avatar\/ab9ddf1e87f7580cae3deefb05a58c5cf4f0c7f96f033fd7dacc23f0e8d149ca?s=96&d=mm&r=g\",\"caption\":\"Cesar Morales\"},\"url\":\"https:\/\/gijonbasket.com\/en\/author\/cesar\/\"}]}<\/script>\n<!-- \/ Yoast SEO plugin. -->","yoast_head_json":{"title":"Baba Fall en lista de espera - gijonbasket","robots":{"index":"index","follow":"follow","max-snippet":"max-snippet:-1","max-image-preview":"max-image-preview:large","max-video-preview":"max-video-preview:-1"},"canonical":"https:\/\/gijonbasket.com\/en\/2023\/11\/23\/baba-fall-en-lista-de-espera\/","og_locale":"en_US","og_type":"article","og_title":"Baba Fall en lista de espera - gijonbasket","og_description":"Ampliando la exclusiva publicada ayer en www.gijonbasket.com sobre Baba Fall, se encuentra en lista de espera para ser intervenido quir\u00fargicamente, de la lesi\u00f3n en su rodilla derecha. La lesi\u00f3n se produjo en el encuentro ante el Estudiantes Lugo R\u00edo de Galicia el pasado 14 de octubre. Baba Fall una vez pase por quir\u00f3fano seguir\u00e1 dentro&hellip;&nbsp;Read More &raquo;Baba Fall en lista de espera","og_url":"https:\/\/gijonbasket.com\/en\/2023\/11\/23\/baba-fall-en-lista-de-espera\/","og_site_name":"gijonbasket","article_published_time":"2023-11-23T10:11:18+00:00","article_modified_time":"2023-11-23T10:16:16+00:00","author":"Cesar Morales","twitter_card":"summary_large_image","twitter_misc":{"Written by":"Cesar Morales","Est. reading time":"1 minute"},"schema":{"@context":"https:\/\/schema.org","@graph":[{"@type":"Article","@id":"https:\/\/gijonbasket.com\/2023\/11\/23\/baba-fall-en-lista-de-espera\/#article","isPartOf":{"@id":"https:\/\/gijonbasket.com\/2023\/11\/23\/baba-fall-en-lista-de-espera\/"},"author":{"name":"Cesar Morales","@id":"https:\/\/gijonbasket.com\/#\/schema\/person\/91af9ff03e8eab582ccc344b715907c0"},"headline":"Baba Fall en lista de espera","datePublished":"2023-11-23T10:11:18+00:00","dateModified":"2023-11-23T10:16:16+00:00","mainEntityOfPage":{"@id":"https:\/\/gijonbasket.com\/2023\/11\/23\/baba-fall-en-lista-de-espera\/"},"wordCount":117,"commentCount":0,"publisher":{"@id":"https:\/\/gijonbasket.com\/#organization"},"articleSection":["exclusivas","noticias"],"inLanguage":"en-US","potentialAction":[{"@type":"CommentAction","name":"Comment","target":["https:\/\/gijonbasket.com\/2023\/11\/23\/baba-fall-en-lista-de-espera\/#respond"]}]},{"@type":"WebPage","@id":"https:\/\/gijonbasket.com\/2023\/11\/23\/baba-fall-en-lista-de-espera\/","url":"https:\/\/gijonbasket.com\/2023\/11\/23\/baba-fall-en-lista-de-espera\/","name":"Baba Fall en lista de espera - gijonbasket","isPartOf":{"@id":"https:\/\/gijonbasket.com\/#website"},"datePublished":"2023-11-23T10:11:18+00:00","dateModified":"2023-11-23T10:16:16+00:00","breadcrumb":{"@id":"https:\/\/gijonbasket.com\/2023\/11\/23\/baba-fall-en-lista-de-espera\/#breadcrumb"},"inLanguage":"en-US","potentialAction":[{"@type":"ReadAction","target":["https:\/\/gijonbasket.com\/2023\/11\/23\/baba-fall-en-lista-de-espera\/"]}]},{"@type":"BreadcrumbList","@id":"https:\/\/gijonbasket.com\/2023\/11\/23\/baba-fall-en-lista-de-espera\/#breadcrumb","itemListElement":[{"@type":"ListItem","position":1,"name":"Portada","item":"https:\/\/gijonbasket.com\/"},{"@type":"ListItem","position":2,"name":"Baba Fall en lista de espera"}]},{"@type":"WebSite","@id":"https:\/\/gijonbasket.com\/#website","url":"https:\/\/gijonbasket.com\/","name":"gijonbasket","description":"","publisher":{"@id":"https:\/\/gijonbasket.com\/#organization"},"potentialAction":[{"@type":"SearchAction","target":{"@type":"EntryPoint","urlTemplate":"https:\/\/gijonbasket.com\/?s={search_term_string}"},"query-input":{"@type":"PropertyValueSpecification","valueRequired":true,"valueName":"search_term_string"}}],"inLanguage":"en-US"},{"@type":"Organization","@id":"https:\/\/gijonbasket.com\/#organization","name":"gijonbasket","url":"https:\/\/gijonbasket.com\/","logo":{"@type":"ImageObject","inLanguage":"en-US","@id":"https:\/\/gijonbasket.com\/#\/schema\/logo\/image\/","url":"https:\/\/gijonbasket.com\/wp-content\/uploads\/2023\/03\/LogoGijonBasket2.jpg","contentUrl":"https:\/\/gijonbasket.com\/wp-content\/uploads\/2023\/03\/LogoGijonBasket2.jpg","width":2000,"height":550,"caption":"gijonbasket"},"image":{"@id":"https:\/\/gijonbasket.com\/#\/schema\/logo\/image\/"}},{"@type":"Person","@id":"https:\/\/gijonbasket.com\/#\/schema\/person\/91af9ff03e8eab582ccc344b715907c0","name":"Cesar Morales","image":{"@type":"ImageObject","inLanguage":"en-US","@id":"https:\/\/gijonbasket.com\/#\/schema\/person\/image\/","url":"https:\/\/secure.gravatar.com\/avatar\/ab9ddf1e87f7580cae3deefb05a58c5cf4f0c7f96f033fd7dacc23f0e8d149ca?s=96&d=mm&r=g","contentUrl":"https:\/\/secure.gravatar.com\/avatar\/ab9ddf1e87f7580cae3deefb05a58c5cf4f0c7f96f033fd7dacc23f0e8d149ca?s=96&d=mm&r=g","caption":"Cesar Morales"},"url":"https:\/\/gijonbasket.com\/en\/author\/cesar\/"}]}},"_links":{"self":[{"href":"https:\/\/gijonbasket.com\/en\/wp-json\/wp\/v2\/posts\/2243","targetHints":{"allow":["GET"]}}],"collection":[{"href":"https:\/\/gijonbasket.com\/en\/wp-json\/wp\/v2\/posts"}],"about":[{"href":"https:\/\/gijonbasket.com\/en\/wp-json\/wp\/v2\/types\/post"}],"author":[{"embeddable":true,"href":"https:\/\/gijonbasket.com\/en\/wp-json\/wp\/v2\/users\/2"}],"replies":[{"embeddable":true,"href":"https:\/\/gijonbasket.com\/en\/wp-json\/wp\/v2\/comments?post=2243"}],"version-history":[{"count":2,"href":"https:\/\/gijonbasket.com\/en\/wp-json\/wp\/v2\/posts\/2243\/revisions"}],"predecessor-version":[{"id":2245,"href":"https:\/\/gijonbasket.com\/en\/wp-json\/wp\/v2\/posts\/2243\/revisions\/2245"}],"wp:attachment":[{"href":"https:\/\/gijonbasket.com\/en\/wp-json\/wp\/v2\/media?parent=2243"}],"wp:term":[{"taxonomy":"category","embeddable":true,"href":"https:\/\/gijonbasket.com\/en\/wp-json\/wp\/v2\/categories?post=2243"},{"taxonomy":"post_tag","embeddable":true,"href":"https:\/\/gijonbasket.com\/en\/wp-json\/wp\/v2\/tags?post=2243"}],"curies":[{"name":"wp","href":"https:\/\/api.w.org\/{rel}","templated":true}]}}