{"id":2446,"date":"2023-12-27T08:10:04","date_gmt":"2023-12-27T07:10:04","guid":{"rendered":"https:\/\/gijonbasket.com\/?p=2446"},"modified":"2023-12-27T08:10:04","modified_gmt":"2023-12-27T07:10:04","slug":"martynas-zigmantavicius-al-uemc-real-valladolid-baloncesto-y-seydou-aboubacar-al-amics-castello","status":"publish","type":"post","link":"https:\/\/gijonbasket.com\/en\/2023\/12\/27\/martynas-zigmantavicius-al-uemc-real-valladolid-baloncesto-y-seydou-aboubacar-al-amics-castello\/","title":{"rendered":"Martynas Zigmantavicius al UEMC Real Valladolid Baloncesto y Seydou Aboubacar al Amics Castell\u00f3"},"content":{"rendered":"<p>\u00daltimos d\u00edas de 2023 con fichajes en LEB Oro. Martynas Zigmantavicius nuevo fichaje del UEMC Real Valladolid Baloncesto y Seydou Aboubacar nueva incorporaci\u00f3n para el Amics Castell\u00f3.<\/p>\n\n\n\n<p>Martynas Zigmantavicius (KK Atletas Kaunas), base lituano de 27 a\u00f1os y 1.87 m., nuevo fichaje del UEMC Real Valladolid Baloncesto para cubrir la baja por lesi\u00f3n de Mike Torres. Esta temporada en KK Atletas Kaunas estaba promediando 12.7 ppp; 2.1 rpp; 4.7 app. Su \u00faltimo partido con KK Atletas Kaunas, fue el pasado 23 de diciembre, ante el Kretinga firmando 26 puntos; 4 asistencias. Hoy mi\u00e9rcoles conocer\u00e1 a sus nuevos compa\u00f1eros y ser\u00e1 presentado. Martynas Zigmantavicius debutar\u00e1 con la el\u00e1stica del UEMC RVB ante el Alimerka Oviedo Baloncesto este s\u00e1bado a partir de las 18:30, luciendo el dorsal n\u00ba 4.<\/p>\n\n\n\n<p>Seydou Aboubacar, p\u00edvot de N\u00edger de 29 a\u00f1os y 2.07 m. con nacionalidad de Costa de Marfil, es nuevo fichaje del Amics Castell\u00f3 para cubrir la baja por lesi\u00f3n de Tanor Ngom. Seydou Aboubacar milit\u00f3 la pasada temporada en el Club Ourense Baloncesto. Su llegada a Espa\u00f1a se produjo en 2010 con PAS Pi\u00e9lagos de la mano de Ricardo Gonz\u00e1lez. Con Amics Castell\u00f3, cumplir\u00e1 su sexta temporada en LEB Oro, tras haber militado en Quesos Cerrato Palencia (2014\/2015), Carramimbre CBC Valladolid (2018\/2019; 2019\/2020), R\u00edo Breog\u00e1n (2020\/2021) y Club Ourense Baloncesto (2022\/2023). 5 temporadas en LEB Plata. Primer jugador de N\u00edger en jugar en Liga Endesa, su debut se produjo con el Dominion Bilbao Basket (2015\/2016). Internacional por Costa de Marfil. Su debut con Amics Castell\u00f3 est\u00e1 previsto para este viernes, \u00faltimo partido del a\u00f1o, en la cancha del Melilla Ciudad del Deporte.<\/p>","protected":false},"excerpt":{"rendered":"<p>\u00daltimos d\u00edas de 2023 con fichajes en LEB Oro. Martynas Zigmantavicius nuevo fichaje del UEMC Real Valladolid Baloncesto y Seydou Aboubacar nueva incorporaci\u00f3n para el Amics Castell\u00f3. Martynas Zigmantavicius (KK Atletas Kaunas), base lituano de 27 a\u00f1os y 1.87 m., nuevo fichaje del UEMC Real Valladolid Baloncesto para cubrir la baja por lesi\u00f3n de Mike&hellip;&nbsp;<a href=\"https:\/\/gijonbasket.com\/en\/2023\/12\/27\/martynas-zigmantavicius-al-uemc-real-valladolid-baloncesto-y-seydou-aboubacar-al-amics-castello\/\" class=\"\" rel=\"bookmark\">Read More &raquo;<span class=\"screen-reader-text\">Martynas Zigmantavicius al UEMC Real Valladolid Baloncesto y Seydou Aboubacar al Amics Castell\u00f3<\/span><\/a><\/p>","protected":false},"author":2,"featured_media":0,"comment_status":"open","ping_status":"open","sticky":false,"template":"","format":"standard","meta":{"neve_meta_sidebar":"","neve_meta_container":"","neve_meta_enable_content_width":"","neve_meta_content_width":0,"neve_meta_title_alignment":"","neve_meta_author_avatar":"","neve_post_elements_order":"","neve_meta_disable_header":"","neve_meta_disable_footer":"","neve_meta_disable_title":"","footnotes":""},"categories":[4],"tags":[],"class_list":["post-2446","post","type-post","status-publish","format-standard","hentry","category-noticias"],"yoast_head":"<!-- This site is optimized with the Yoast SEO plugin v23.4 - https:\/\/yoast.com\/wordpress\/plugins\/seo\/ -->\n<title>Martynas Zigmantavicius al UEMC Real Valladolid Baloncesto y Seydou Aboubacar al Amics Castell\u00f3 - gijonbasket<\/title>\n<meta name=\"robots\" content=\"index, follow, max-snippet:-1, max-image-preview:large, max-video-preview:-1\" \/>\n<link rel=\"canonical\" href=\"https:\/\/gijonbasket.com\/en\/2023\/12\/27\/martynas-zigmantavicius-al-uemc-real-valladolid-baloncesto-y-seydou-aboubacar-al-amics-castello\/\" \/>\n<meta property=\"og:locale\" content=\"en_US\" \/>\n<meta property=\"og:type\" content=\"article\" \/>\n<meta property=\"og:title\" content=\"Martynas Zigmantavicius al UEMC Real Valladolid Baloncesto y Seydou Aboubacar al Amics Castell\u00f3 - gijonbasket\" \/>\n<meta property=\"og:description\" content=\"\u00daltimos d\u00edas de 2023 con fichajes en LEB Oro. Martynas Zigmantavicius nuevo fichaje del UEMC Real Valladolid Baloncesto y Seydou Aboubacar nueva incorporaci\u00f3n para el Amics Castell\u00f3. Martynas Zigmantavicius (KK Atletas Kaunas), base lituano de 27 a\u00f1os y 1.87 m., nuevo fichaje del UEMC Real Valladolid Baloncesto para cubrir la baja por lesi\u00f3n de Mike&hellip;&nbsp;Read More &raquo;Martynas Zigmantavicius al UEMC Real Valladolid Baloncesto y Seydou Aboubacar al Amics Castell\u00f3\" \/>\n<meta property=\"og:url\" content=\"https:\/\/gijonbasket.com\/en\/2023\/12\/27\/martynas-zigmantavicius-al-uemc-real-valladolid-baloncesto-y-seydou-aboubacar-al-amics-castello\/\" \/>\n<meta property=\"og:site_name\" content=\"gijonbasket\" \/>\n<meta property=\"article:published_time\" content=\"2023-12-27T07:10:04+00:00\" \/>\n<meta name=\"author\" content=\"Cesar Morales\" \/>\n<meta name=\"twitter:card\" content=\"summary_large_image\" \/>\n<meta name=\"twitter:label1\" content=\"Written by\" \/>\n\t<meta name=\"twitter:data1\" content=\"Cesar Morales\" \/>\n\t<meta name=\"twitter:label2\" content=\"Est. reading time\" \/>\n\t<meta name=\"twitter:data2\" content=\"1 minute\" \/>\n<script type=\"application\/ld+json\" class=\"yoast-schema-graph\">{\"@context\":\"https:\/\/schema.org\",\"@graph\":[{\"@type\":\"Article\",\"@id\":\"https:\/\/gijonbasket.com\/2023\/12\/27\/martynas-zigmantavicius-al-uemc-real-valladolid-baloncesto-y-seydou-aboubacar-al-amics-castello\/#article\",\"isPartOf\":{\"@id\":\"https:\/\/gijonbasket.com\/2023\/12\/27\/martynas-zigmantavicius-al-uemc-real-valladolid-baloncesto-y-seydou-aboubacar-al-amics-castello\/\"},\"author\":{\"name\":\"Cesar Morales\",\"@id\":\"https:\/\/gijonbasket.com\/#\/schema\/person\/91af9ff03e8eab582ccc344b715907c0\"},\"headline\":\"Martynas Zigmantavicius al UEMC Real Valladolid Baloncesto y Seydou Aboubacar al Amics Castell\u00f3\",\"datePublished\":\"2023-12-27T07:10:04+00:00\",\"dateModified\":\"2023-12-27T07:10:04+00:00\",\"mainEntityOfPage\":{\"@id\":\"https:\/\/gijonbasket.com\/2023\/12\/27\/martynas-zigmantavicius-al-uemc-real-valladolid-baloncesto-y-seydou-aboubacar-al-amics-castello\/\"},\"wordCount\":280,\"commentCount\":0,\"publisher\":{\"@id\":\"https:\/\/gijonbasket.com\/#organization\"},\"articleSection\":[\"noticias\"],\"inLanguage\":\"en-US\",\"potentialAction\":[{\"@type\":\"CommentAction\",\"name\":\"Comment\",\"target\":[\"https:\/\/gijonbasket.com\/2023\/12\/27\/martynas-zigmantavicius-al-uemc-real-valladolid-baloncesto-y-seydou-aboubacar-al-amics-castello\/#respond\"]}]},{\"@type\":\"WebPage\",\"@id\":\"https:\/\/gijonbasket.com\/2023\/12\/27\/martynas-zigmantavicius-al-uemc-real-valladolid-baloncesto-y-seydou-aboubacar-al-amics-castello\/\",\"url\":\"https:\/\/gijonbasket.com\/2023\/12\/27\/martynas-zigmantavicius-al-uemc-real-valladolid-baloncesto-y-seydou-aboubacar-al-amics-castello\/\",\"name\":\"Martynas Zigmantavicius al UEMC Real Valladolid Baloncesto y Seydou Aboubacar al Amics Castell\u00f3 - gijonbasket\",\"isPartOf\":{\"@id\":\"https:\/\/gijonbasket.com\/#website\"},\"datePublished\":\"2023-12-27T07:10:04+00:00\",\"dateModified\":\"2023-12-27T07:10:04+00:00\",\"breadcrumb\":{\"@id\":\"https:\/\/gijonbasket.com\/2023\/12\/27\/martynas-zigmantavicius-al-uemc-real-valladolid-baloncesto-y-seydou-aboubacar-al-amics-castello\/#breadcrumb\"},\"inLanguage\":\"en-US\",\"potentialAction\":[{\"@type\":\"ReadAction\",\"target\":[\"https:\/\/gijonbasket.com\/2023\/12\/27\/martynas-zigmantavicius-al-uemc-real-valladolid-baloncesto-y-seydou-aboubacar-al-amics-castello\/\"]}]},{\"@type\":\"BreadcrumbList\",\"@id\":\"https:\/\/gijonbasket.com\/2023\/12\/27\/martynas-zigmantavicius-al-uemc-real-valladolid-baloncesto-y-seydou-aboubacar-al-amics-castello\/#breadcrumb\",\"itemListElement\":[{\"@type\":\"ListItem\",\"position\":1,\"name\":\"Portada\",\"item\":\"https:\/\/gijonbasket.com\/\"},{\"@type\":\"ListItem\",\"position\":2,\"name\":\"Martynas Zigmantavicius al UEMC Real Valladolid Baloncesto y Seydou Aboubacar al Amics Castell\u00f3\"}]},{\"@type\":\"WebSite\",\"@id\":\"https:\/\/gijonbasket.com\/#website\",\"url\":\"https:\/\/gijonbasket.com\/\",\"name\":\"gijonbasket\",\"description\":\"\",\"publisher\":{\"@id\":\"https:\/\/gijonbasket.com\/#organization\"},\"potentialAction\":[{\"@type\":\"SearchAction\",\"target\":{\"@type\":\"EntryPoint\",\"urlTemplate\":\"https:\/\/gijonbasket.com\/?s={search_term_string}\"},\"query-input\":{\"@type\":\"PropertyValueSpecification\",\"valueRequired\":true,\"valueName\":\"search_term_string\"}}],\"inLanguage\":\"en-US\"},{\"@type\":\"Organization\",\"@id\":\"https:\/\/gijonbasket.com\/#organization\",\"name\":\"gijonbasket\",\"url\":\"https:\/\/gijonbasket.com\/\",\"logo\":{\"@type\":\"ImageObject\",\"inLanguage\":\"en-US\",\"@id\":\"https:\/\/gijonbasket.com\/#\/schema\/logo\/image\/\",\"url\":\"https:\/\/gijonbasket.com\/wp-content\/uploads\/2023\/03\/LogoGijonBasket2.jpg\",\"contentUrl\":\"https:\/\/gijonbasket.com\/wp-content\/uploads\/2023\/03\/LogoGijonBasket2.jpg\",\"width\":2000,\"height\":550,\"caption\":\"gijonbasket\"},\"image\":{\"@id\":\"https:\/\/gijonbasket.com\/#\/schema\/logo\/image\/\"}},{\"@type\":\"Person\",\"@id\":\"https:\/\/gijonbasket.com\/#\/schema\/person\/91af9ff03e8eab582ccc344b715907c0\",\"name\":\"Cesar Morales\",\"image\":{\"@type\":\"ImageObject\",\"inLanguage\":\"en-US\",\"@id\":\"https:\/\/gijonbasket.com\/#\/schema\/person\/image\/\",\"url\":\"https:\/\/secure.gravatar.com\/avatar\/ab9ddf1e87f7580cae3deefb05a58c5cf4f0c7f96f033fd7dacc23f0e8d149ca?s=96&d=mm&r=g\",\"contentUrl\":\"https:\/\/secure.gravatar.com\/avatar\/ab9ddf1e87f7580cae3deefb05a58c5cf4f0c7f96f033fd7dacc23f0e8d149ca?s=96&d=mm&r=g\",\"caption\":\"Cesar Morales\"},\"url\":\"https:\/\/gijonbasket.com\/en\/author\/cesar\/\"}]}<\/script>\n<!-- \/ Yoast SEO plugin. -->","yoast_head_json":{"title":"Martynas Zigmantavicius al UEMC Real Valladolid Baloncesto y Seydou Aboubacar al Amics Castell\u00f3 - gijonbasket","robots":{"index":"index","follow":"follow","max-snippet":"max-snippet:-1","max-image-preview":"max-image-preview:large","max-video-preview":"max-video-preview:-1"},"canonical":"https:\/\/gijonbasket.com\/en\/2023\/12\/27\/martynas-zigmantavicius-al-uemc-real-valladolid-baloncesto-y-seydou-aboubacar-al-amics-castello\/","og_locale":"en_US","og_type":"article","og_title":"Martynas Zigmantavicius al UEMC Real Valladolid Baloncesto y Seydou Aboubacar al Amics Castell\u00f3 - gijonbasket","og_description":"\u00daltimos d\u00edas de 2023 con fichajes en LEB Oro. Martynas Zigmantavicius nuevo fichaje del UEMC Real Valladolid Baloncesto y Seydou Aboubacar nueva incorporaci\u00f3n para el Amics Castell\u00f3. Martynas Zigmantavicius (KK Atletas Kaunas), base lituano de 27 a\u00f1os y 1.87 m., nuevo fichaje del UEMC Real Valladolid Baloncesto para cubrir la baja por lesi\u00f3n de Mike&hellip;&nbsp;Read More &raquo;Martynas Zigmantavicius al UEMC Real Valladolid Baloncesto y Seydou Aboubacar al Amics Castell\u00f3","og_url":"https:\/\/gijonbasket.com\/en\/2023\/12\/27\/martynas-zigmantavicius-al-uemc-real-valladolid-baloncesto-y-seydou-aboubacar-al-amics-castello\/","og_site_name":"gijonbasket","article_published_time":"2023-12-27T07:10:04+00:00","author":"Cesar Morales","twitter_card":"summary_large_image","twitter_misc":{"Written by":"Cesar Morales","Est. reading time":"1 minute"},"schema":{"@context":"https:\/\/schema.org","@graph":[{"@type":"Article","@id":"https:\/\/gijonbasket.com\/2023\/12\/27\/martynas-zigmantavicius-al-uemc-real-valladolid-baloncesto-y-seydou-aboubacar-al-amics-castello\/#article","isPartOf":{"@id":"https:\/\/gijonbasket.com\/2023\/12\/27\/martynas-zigmantavicius-al-uemc-real-valladolid-baloncesto-y-seydou-aboubacar-al-amics-castello\/"},"author":{"name":"Cesar Morales","@id":"https:\/\/gijonbasket.com\/#\/schema\/person\/91af9ff03e8eab582ccc344b715907c0"},"headline":"Martynas Zigmantavicius al UEMC Real Valladolid Baloncesto y Seydou Aboubacar al Amics Castell\u00f3","datePublished":"2023-12-27T07:10:04+00:00","dateModified":"2023-12-27T07:10:04+00:00","mainEntityOfPage":{"@id":"https:\/\/gijonbasket.com\/2023\/12\/27\/martynas-zigmantavicius-al-uemc-real-valladolid-baloncesto-y-seydou-aboubacar-al-amics-castello\/"},"wordCount":280,"commentCount":0,"publisher":{"@id":"https:\/\/gijonbasket.com\/#organization"},"articleSection":["noticias"],"inLanguage":"en-US","potentialAction":[{"@type":"CommentAction","name":"Comment","target":["https:\/\/gijonbasket.com\/2023\/12\/27\/martynas-zigmantavicius-al-uemc-real-valladolid-baloncesto-y-seydou-aboubacar-al-amics-castello\/#respond"]}]},{"@type":"WebPage","@id":"https:\/\/gijonbasket.com\/2023\/12\/27\/martynas-zigmantavicius-al-uemc-real-valladolid-baloncesto-y-seydou-aboubacar-al-amics-castello\/","url":"https:\/\/gijonbasket.com\/2023\/12\/27\/martynas-zigmantavicius-al-uemc-real-valladolid-baloncesto-y-seydou-aboubacar-al-amics-castello\/","name":"Martynas Zigmantavicius al UEMC Real Valladolid Baloncesto y Seydou Aboubacar al Amics Castell\u00f3 - gijonbasket","isPartOf":{"@id":"https:\/\/gijonbasket.com\/#website"},"datePublished":"2023-12-27T07:10:04+00:00","dateModified":"2023-12-27T07:10:04+00:00","breadcrumb":{"@id":"https:\/\/gijonbasket.com\/2023\/12\/27\/martynas-zigmantavicius-al-uemc-real-valladolid-baloncesto-y-seydou-aboubacar-al-amics-castello\/#breadcrumb"},"inLanguage":"en-US","potentialAction":[{"@type":"ReadAction","target":["https:\/\/gijonbasket.com\/2023\/12\/27\/martynas-zigmantavicius-al-uemc-real-valladolid-baloncesto-y-seydou-aboubacar-al-amics-castello\/"]}]},{"@type":"BreadcrumbList","@id":"https:\/\/gijonbasket.com\/2023\/12\/27\/martynas-zigmantavicius-al-uemc-real-valladolid-baloncesto-y-seydou-aboubacar-al-amics-castello\/#breadcrumb","itemListElement":[{"@type":"ListItem","position":1,"name":"Portada","item":"https:\/\/gijonbasket.com\/"},{"@type":"ListItem","position":2,"name":"Martynas Zigmantavicius al UEMC Real Valladolid Baloncesto y Seydou Aboubacar al Amics Castell\u00f3"}]},{"@type":"WebSite","@id":"https:\/\/gijonbasket.com\/#website","url":"https:\/\/gijonbasket.com\/","name":"gijonbasket","description":"","publisher":{"@id":"https:\/\/gijonbasket.com\/#organization"},"potentialAction":[{"@type":"SearchAction","target":{"@type":"EntryPoint","urlTemplate":"https:\/\/gijonbasket.com\/?s={search_term_string}"},"query-input":{"@type":"PropertyValueSpecification","valueRequired":true,"valueName":"search_term_string"}}],"inLanguage":"en-US"},{"@type":"Organization","@id":"https:\/\/gijonbasket.com\/#organization","name":"gijonbasket","url":"https:\/\/gijonbasket.com\/","logo":{"@type":"ImageObject","inLanguage":"en-US","@id":"https:\/\/gijonbasket.com\/#\/schema\/logo\/image\/","url":"https:\/\/gijonbasket.com\/wp-content\/uploads\/2023\/03\/LogoGijonBasket2.jpg","contentUrl":"https:\/\/gijonbasket.com\/wp-content\/uploads\/2023\/03\/LogoGijonBasket2.jpg","width":2000,"height":550,"caption":"gijonbasket"},"image":{"@id":"https:\/\/gijonbasket.com\/#\/schema\/logo\/image\/"}},{"@type":"Person","@id":"https:\/\/gijonbasket.com\/#\/schema\/person\/91af9ff03e8eab582ccc344b715907c0","name":"Cesar Morales","image":{"@type":"ImageObject","inLanguage":"en-US","@id":"https:\/\/gijonbasket.com\/#\/schema\/person\/image\/","url":"https:\/\/secure.gravatar.com\/avatar\/ab9ddf1e87f7580cae3deefb05a58c5cf4f0c7f96f033fd7dacc23f0e8d149ca?s=96&d=mm&r=g","contentUrl":"https:\/\/secure.gravatar.com\/avatar\/ab9ddf1e87f7580cae3deefb05a58c5cf4f0c7f96f033fd7dacc23f0e8d149ca?s=96&d=mm&r=g","caption":"Cesar Morales"},"url":"https:\/\/gijonbasket.com\/en\/author\/cesar\/"}]}},"_links":{"self":[{"href":"https:\/\/gijonbasket.com\/en\/wp-json\/wp\/v2\/posts\/2446","targetHints":{"allow":["GET"]}}],"collection":[{"href":"https:\/\/gijonbasket.com\/en\/wp-json\/wp\/v2\/posts"}],"about":[{"href":"https:\/\/gijonbasket.com\/en\/wp-json\/wp\/v2\/types\/post"}],"author":[{"embeddable":true,"href":"https:\/\/gijonbasket.com\/en\/wp-json\/wp\/v2\/users\/2"}],"replies":[{"embeddable":true,"href":"https:\/\/gijonbasket.com\/en\/wp-json\/wp\/v2\/comments?post=2446"}],"version-history":[{"count":1,"href":"https:\/\/gijonbasket.com\/en\/wp-json\/wp\/v2\/posts\/2446\/revisions"}],"predecessor-version":[{"id":2447,"href":"https:\/\/gijonbasket.com\/en\/wp-json\/wp\/v2\/posts\/2446\/revisions\/2447"}],"wp:attachment":[{"href":"https:\/\/gijonbasket.com\/en\/wp-json\/wp\/v2\/media?parent=2446"}],"wp:term":[{"taxonomy":"category","embeddable":true,"href":"https:\/\/gijonbasket.com\/en\/wp-json\/wp\/v2\/categories?post=2446"},{"taxonomy":"post_tag","embeddable":true,"href":"https:\/\/gijonbasket.com\/en\/wp-json\/wp\/v2\/tags?post=2446"}],"curies":[{"name":"wp","href":"https:\/\/api.w.org\/{rel}","templated":true}]}}