{"id":2616,"date":"2024-01-17T08:45:14","date_gmt":"2024-01-17T07:45:14","guid":{"rendered":"https:\/\/gijonbasket.com\/?p=2616"},"modified":"2024-01-17T08:45:14","modified_gmt":"2024-01-17T07:45:14","slug":"alex-urtasun-fichaje-para-el-rioverde-clavijo","status":"publish","type":"post","link":"https:\/\/gijonbasket.com\/en\/2024\/01\/17\/alex-urtasun-fichaje-para-el-rioverde-clavijo\/","title":{"rendered":"\u00c1lex Urtasun fichaje para el Rioverde Clavijo"},"content":{"rendered":"<p>El Rioverde Clavijo se refuerza con el fichaje de \u00c1lex Urtasun.<\/p>\n\n\n\n<p>El escolta navarro de 39 a\u00f1os y 1.95 m. regresa a la LEB Oro de la mano del Rioverde Clavijo. la pasada temporada milit\u00f3 en las filas del ICG For\u00e7a Lleida.<\/p>\n\n\n\n<p>\u00c1lex Urtasun cumplir\u00e1 su quinta tempoirada en LEB Oro tras haber militado en Baloncesto Le\u00f3n, Planasa Navarra, Movistar Estudiantes e ICG For\u00e7a Lleida. En Competiciones FEB ha jugado en LEB Oro (4 temporadas), LEB (3 temporadas), LEB 2 (1 temporada) y Liga EBA (1 Temporada).<\/p>\n\n\n\n<p>14 temporadas en Liga Endesa para un total de 294 partidos habiendo militado en Pamesa Valencia, Bruesa GBC, Lucentum Alicante, CAI Zaragoza, CajaSol, Montakit Fuenlabrada, UCAM Murcia y R\u00edo Breog\u00e1n.<\/p>","protected":false},"excerpt":{"rendered":"<p>El Rioverde Clavijo se refuerza con el fichaje de \u00c1lex Urtasun. El escolta navarro de 39 a\u00f1os y 1.95 m. regresa a la LEB Oro de la mano del Rioverde Clavijo. la pasada temporada milit\u00f3 en las filas del ICG For\u00e7a Lleida. \u00c1lex Urtasun cumplir\u00e1 su quinta tempoirada en LEB Oro tras haber militado en&hellip;&nbsp;<a href=\"https:\/\/gijonbasket.com\/en\/2024\/01\/17\/alex-urtasun-fichaje-para-el-rioverde-clavijo\/\" class=\"\" rel=\"bookmark\">Read More &raquo;<span class=\"screen-reader-text\">\u00c1lex Urtasun fichaje para el Rioverde Clavijo<\/span><\/a><\/p>","protected":false},"author":2,"featured_media":0,"comment_status":"open","ping_status":"open","sticky":false,"template":"","format":"standard","meta":{"neve_meta_sidebar":"","neve_meta_container":"","neve_meta_enable_content_width":"","neve_meta_content_width":0,"neve_meta_title_alignment":"","neve_meta_author_avatar":"","neve_post_elements_order":"","neve_meta_disable_header":"","neve_meta_disable_footer":"","neve_meta_disable_title":"","footnotes":""},"categories":[4],"tags":[],"class_list":["post-2616","post","type-post","status-publish","format-standard","hentry","category-noticias"],"yoast_head":"<!-- This site is optimized with the Yoast SEO plugin v23.4 - https:\/\/yoast.com\/wordpress\/plugins\/seo\/ -->\n<title>\u00c1lex Urtasun fichaje para el Rioverde Clavijo - gijonbasket<\/title>\n<meta name=\"robots\" content=\"index, follow, max-snippet:-1, max-image-preview:large, max-video-preview:-1\" \/>\n<link rel=\"canonical\" href=\"https:\/\/gijonbasket.com\/en\/2024\/01\/17\/alex-urtasun-fichaje-para-el-rioverde-clavijo\/\" \/>\n<meta property=\"og:locale\" content=\"en_US\" \/>\n<meta property=\"og:type\" content=\"article\" \/>\n<meta property=\"og:title\" content=\"\u00c1lex Urtasun fichaje para el Rioverde Clavijo - gijonbasket\" \/>\n<meta property=\"og:description\" content=\"El Rioverde Clavijo se refuerza con el fichaje de \u00c1lex Urtasun. El escolta navarro de 39 a\u00f1os y 1.95 m. regresa a la LEB Oro de la mano del Rioverde Clavijo. la pasada temporada milit\u00f3 en las filas del ICG For\u00e7a Lleida. \u00c1lex Urtasun cumplir\u00e1 su quinta tempoirada en LEB Oro tras haber militado en&hellip;&nbsp;Read More &raquo;\u00c1lex Urtasun fichaje para el Rioverde Clavijo\" \/>\n<meta property=\"og:url\" content=\"https:\/\/gijonbasket.com\/en\/2024\/01\/17\/alex-urtasun-fichaje-para-el-rioverde-clavijo\/\" \/>\n<meta property=\"og:site_name\" content=\"gijonbasket\" \/>\n<meta property=\"article:published_time\" content=\"2024-01-17T07:45:14+00:00\" \/>\n<meta name=\"author\" content=\"Cesar Morales\" \/>\n<meta name=\"twitter:card\" content=\"summary_large_image\" \/>\n<meta name=\"twitter:label1\" content=\"Written by\" \/>\n\t<meta name=\"twitter:data1\" content=\"Cesar Morales\" \/>\n\t<meta name=\"twitter:label2\" content=\"Est. reading time\" \/>\n\t<meta name=\"twitter:data2\" content=\"1 minute\" \/>\n<script type=\"application\/ld+json\" class=\"yoast-schema-graph\">{\"@context\":\"https:\/\/schema.org\",\"@graph\":[{\"@type\":\"Article\",\"@id\":\"https:\/\/gijonbasket.com\/2024\/01\/17\/alex-urtasun-fichaje-para-el-rioverde-clavijo\/#article\",\"isPartOf\":{\"@id\":\"https:\/\/gijonbasket.com\/2024\/01\/17\/alex-urtasun-fichaje-para-el-rioverde-clavijo\/\"},\"author\":{\"name\":\"Cesar Morales\",\"@id\":\"https:\/\/gijonbasket.com\/#\/schema\/person\/91af9ff03e8eab582ccc344b715907c0\"},\"headline\":\"\u00c1lex Urtasun fichaje para el Rioverde Clavijo\",\"datePublished\":\"2024-01-17T07:45:14+00:00\",\"dateModified\":\"2024-01-17T07:45:14+00:00\",\"mainEntityOfPage\":{\"@id\":\"https:\/\/gijonbasket.com\/2024\/01\/17\/alex-urtasun-fichaje-para-el-rioverde-clavijo\/\"},\"wordCount\":121,\"commentCount\":0,\"publisher\":{\"@id\":\"https:\/\/gijonbasket.com\/#organization\"},\"articleSection\":[\"noticias\"],\"inLanguage\":\"en-US\",\"potentialAction\":[{\"@type\":\"CommentAction\",\"name\":\"Comment\",\"target\":[\"https:\/\/gijonbasket.com\/2024\/01\/17\/alex-urtasun-fichaje-para-el-rioverde-clavijo\/#respond\"]}]},{\"@type\":\"WebPage\",\"@id\":\"https:\/\/gijonbasket.com\/2024\/01\/17\/alex-urtasun-fichaje-para-el-rioverde-clavijo\/\",\"url\":\"https:\/\/gijonbasket.com\/2024\/01\/17\/alex-urtasun-fichaje-para-el-rioverde-clavijo\/\",\"name\":\"\u00c1lex Urtasun fichaje para el Rioverde Clavijo - gijonbasket\",\"isPartOf\":{\"@id\":\"https:\/\/gijonbasket.com\/#website\"},\"datePublished\":\"2024-01-17T07:45:14+00:00\",\"dateModified\":\"2024-01-17T07:45:14+00:00\",\"breadcrumb\":{\"@id\":\"https:\/\/gijonbasket.com\/2024\/01\/17\/alex-urtasun-fichaje-para-el-rioverde-clavijo\/#breadcrumb\"},\"inLanguage\":\"en-US\",\"potentialAction\":[{\"@type\":\"ReadAction\",\"target\":[\"https:\/\/gijonbasket.com\/2024\/01\/17\/alex-urtasun-fichaje-para-el-rioverde-clavijo\/\"]}]},{\"@type\":\"BreadcrumbList\",\"@id\":\"https:\/\/gijonbasket.com\/2024\/01\/17\/alex-urtasun-fichaje-para-el-rioverde-clavijo\/#breadcrumb\",\"itemListElement\":[{\"@type\":\"ListItem\",\"position\":1,\"name\":\"Portada\",\"item\":\"https:\/\/gijonbasket.com\/\"},{\"@type\":\"ListItem\",\"position\":2,\"name\":\"\u00c1lex Urtasun fichaje para el Rioverde Clavijo\"}]},{\"@type\":\"WebSite\",\"@id\":\"https:\/\/gijonbasket.com\/#website\",\"url\":\"https:\/\/gijonbasket.com\/\",\"name\":\"gijonbasket\",\"description\":\"\",\"publisher\":{\"@id\":\"https:\/\/gijonbasket.com\/#organization\"},\"potentialAction\":[{\"@type\":\"SearchAction\",\"target\":{\"@type\":\"EntryPoint\",\"urlTemplate\":\"https:\/\/gijonbasket.com\/?s={search_term_string}\"},\"query-input\":{\"@type\":\"PropertyValueSpecification\",\"valueRequired\":true,\"valueName\":\"search_term_string\"}}],\"inLanguage\":\"en-US\"},{\"@type\":\"Organization\",\"@id\":\"https:\/\/gijonbasket.com\/#organization\",\"name\":\"gijonbasket\",\"url\":\"https:\/\/gijonbasket.com\/\",\"logo\":{\"@type\":\"ImageObject\",\"inLanguage\":\"en-US\",\"@id\":\"https:\/\/gijonbasket.com\/#\/schema\/logo\/image\/\",\"url\":\"https:\/\/gijonbasket.com\/wp-content\/uploads\/2023\/03\/LogoGijonBasket2.jpg\",\"contentUrl\":\"https:\/\/gijonbasket.com\/wp-content\/uploads\/2023\/03\/LogoGijonBasket2.jpg\",\"width\":2000,\"height\":550,\"caption\":\"gijonbasket\"},\"image\":{\"@id\":\"https:\/\/gijonbasket.com\/#\/schema\/logo\/image\/\"}},{\"@type\":\"Person\",\"@id\":\"https:\/\/gijonbasket.com\/#\/schema\/person\/91af9ff03e8eab582ccc344b715907c0\",\"name\":\"Cesar Morales\",\"image\":{\"@type\":\"ImageObject\",\"inLanguage\":\"en-US\",\"@id\":\"https:\/\/gijonbasket.com\/#\/schema\/person\/image\/\",\"url\":\"https:\/\/secure.gravatar.com\/avatar\/ab9ddf1e87f7580cae3deefb05a58c5cf4f0c7f96f033fd7dacc23f0e8d149ca?s=96&d=mm&r=g\",\"contentUrl\":\"https:\/\/secure.gravatar.com\/avatar\/ab9ddf1e87f7580cae3deefb05a58c5cf4f0c7f96f033fd7dacc23f0e8d149ca?s=96&d=mm&r=g\",\"caption\":\"Cesar Morales\"},\"url\":\"https:\/\/gijonbasket.com\/en\/author\/cesar\/\"}]}<\/script>\n<!-- \/ Yoast SEO plugin. -->","yoast_head_json":{"title":"\u00c1lex Urtasun fichaje para el Rioverde Clavijo - gijonbasket","robots":{"index":"index","follow":"follow","max-snippet":"max-snippet:-1","max-image-preview":"max-image-preview:large","max-video-preview":"max-video-preview:-1"},"canonical":"https:\/\/gijonbasket.com\/en\/2024\/01\/17\/alex-urtasun-fichaje-para-el-rioverde-clavijo\/","og_locale":"en_US","og_type":"article","og_title":"\u00c1lex Urtasun fichaje para el Rioverde Clavijo - gijonbasket","og_description":"El Rioverde Clavijo se refuerza con el fichaje de \u00c1lex Urtasun. El escolta navarro de 39 a\u00f1os y 1.95 m. regresa a la LEB Oro de la mano del Rioverde Clavijo. la pasada temporada milit\u00f3 en las filas del ICG For\u00e7a Lleida. \u00c1lex Urtasun cumplir\u00e1 su quinta tempoirada en LEB Oro tras haber militado en&hellip;&nbsp;Read More &raquo;\u00c1lex Urtasun fichaje para el Rioverde Clavijo","og_url":"https:\/\/gijonbasket.com\/en\/2024\/01\/17\/alex-urtasun-fichaje-para-el-rioverde-clavijo\/","og_site_name":"gijonbasket","article_published_time":"2024-01-17T07:45:14+00:00","author":"Cesar Morales","twitter_card":"summary_large_image","twitter_misc":{"Written by":"Cesar Morales","Est. reading time":"1 minute"},"schema":{"@context":"https:\/\/schema.org","@graph":[{"@type":"Article","@id":"https:\/\/gijonbasket.com\/2024\/01\/17\/alex-urtasun-fichaje-para-el-rioverde-clavijo\/#article","isPartOf":{"@id":"https:\/\/gijonbasket.com\/2024\/01\/17\/alex-urtasun-fichaje-para-el-rioverde-clavijo\/"},"author":{"name":"Cesar Morales","@id":"https:\/\/gijonbasket.com\/#\/schema\/person\/91af9ff03e8eab582ccc344b715907c0"},"headline":"\u00c1lex Urtasun fichaje para el Rioverde Clavijo","datePublished":"2024-01-17T07:45:14+00:00","dateModified":"2024-01-17T07:45:14+00:00","mainEntityOfPage":{"@id":"https:\/\/gijonbasket.com\/2024\/01\/17\/alex-urtasun-fichaje-para-el-rioverde-clavijo\/"},"wordCount":121,"commentCount":0,"publisher":{"@id":"https:\/\/gijonbasket.com\/#organization"},"articleSection":["noticias"],"inLanguage":"en-US","potentialAction":[{"@type":"CommentAction","name":"Comment","target":["https:\/\/gijonbasket.com\/2024\/01\/17\/alex-urtasun-fichaje-para-el-rioverde-clavijo\/#respond"]}]},{"@type":"WebPage","@id":"https:\/\/gijonbasket.com\/2024\/01\/17\/alex-urtasun-fichaje-para-el-rioverde-clavijo\/","url":"https:\/\/gijonbasket.com\/2024\/01\/17\/alex-urtasun-fichaje-para-el-rioverde-clavijo\/","name":"\u00c1lex Urtasun fichaje para el Rioverde Clavijo - gijonbasket","isPartOf":{"@id":"https:\/\/gijonbasket.com\/#website"},"datePublished":"2024-01-17T07:45:14+00:00","dateModified":"2024-01-17T07:45:14+00:00","breadcrumb":{"@id":"https:\/\/gijonbasket.com\/2024\/01\/17\/alex-urtasun-fichaje-para-el-rioverde-clavijo\/#breadcrumb"},"inLanguage":"en-US","potentialAction":[{"@type":"ReadAction","target":["https:\/\/gijonbasket.com\/2024\/01\/17\/alex-urtasun-fichaje-para-el-rioverde-clavijo\/"]}]},{"@type":"BreadcrumbList","@id":"https:\/\/gijonbasket.com\/2024\/01\/17\/alex-urtasun-fichaje-para-el-rioverde-clavijo\/#breadcrumb","itemListElement":[{"@type":"ListItem","position":1,"name":"Portada","item":"https:\/\/gijonbasket.com\/"},{"@type":"ListItem","position":2,"name":"\u00c1lex Urtasun fichaje para el Rioverde Clavijo"}]},{"@type":"WebSite","@id":"https:\/\/gijonbasket.com\/#website","url":"https:\/\/gijonbasket.com\/","name":"gijonbasket","description":"","publisher":{"@id":"https:\/\/gijonbasket.com\/#organization"},"potentialAction":[{"@type":"SearchAction","target":{"@type":"EntryPoint","urlTemplate":"https:\/\/gijonbasket.com\/?s={search_term_string}"},"query-input":{"@type":"PropertyValueSpecification","valueRequired":true,"valueName":"search_term_string"}}],"inLanguage":"en-US"},{"@type":"Organization","@id":"https:\/\/gijonbasket.com\/#organization","name":"gijonbasket","url":"https:\/\/gijonbasket.com\/","logo":{"@type":"ImageObject","inLanguage":"en-US","@id":"https:\/\/gijonbasket.com\/#\/schema\/logo\/image\/","url":"https:\/\/gijonbasket.com\/wp-content\/uploads\/2023\/03\/LogoGijonBasket2.jpg","contentUrl":"https:\/\/gijonbasket.com\/wp-content\/uploads\/2023\/03\/LogoGijonBasket2.jpg","width":2000,"height":550,"caption":"gijonbasket"},"image":{"@id":"https:\/\/gijonbasket.com\/#\/schema\/logo\/image\/"}},{"@type":"Person","@id":"https:\/\/gijonbasket.com\/#\/schema\/person\/91af9ff03e8eab582ccc344b715907c0","name":"Cesar Morales","image":{"@type":"ImageObject","inLanguage":"en-US","@id":"https:\/\/gijonbasket.com\/#\/schema\/person\/image\/","url":"https:\/\/secure.gravatar.com\/avatar\/ab9ddf1e87f7580cae3deefb05a58c5cf4f0c7f96f033fd7dacc23f0e8d149ca?s=96&d=mm&r=g","contentUrl":"https:\/\/secure.gravatar.com\/avatar\/ab9ddf1e87f7580cae3deefb05a58c5cf4f0c7f96f033fd7dacc23f0e8d149ca?s=96&d=mm&r=g","caption":"Cesar Morales"},"url":"https:\/\/gijonbasket.com\/en\/author\/cesar\/"}]}},"_links":{"self":[{"href":"https:\/\/gijonbasket.com\/en\/wp-json\/wp\/v2\/posts\/2616","targetHints":{"allow":["GET"]}}],"collection":[{"href":"https:\/\/gijonbasket.com\/en\/wp-json\/wp\/v2\/posts"}],"about":[{"href":"https:\/\/gijonbasket.com\/en\/wp-json\/wp\/v2\/types\/post"}],"author":[{"embeddable":true,"href":"https:\/\/gijonbasket.com\/en\/wp-json\/wp\/v2\/users\/2"}],"replies":[{"embeddable":true,"href":"https:\/\/gijonbasket.com\/en\/wp-json\/wp\/v2\/comments?post=2616"}],"version-history":[{"count":1,"href":"https:\/\/gijonbasket.com\/en\/wp-json\/wp\/v2\/posts\/2616\/revisions"}],"predecessor-version":[{"id":2617,"href":"https:\/\/gijonbasket.com\/en\/wp-json\/wp\/v2\/posts\/2616\/revisions\/2617"}],"wp:attachment":[{"href":"https:\/\/gijonbasket.com\/en\/wp-json\/wp\/v2\/media?parent=2616"}],"wp:term":[{"taxonomy":"category","embeddable":true,"href":"https:\/\/gijonbasket.com\/en\/wp-json\/wp\/v2\/categories?post=2616"},{"taxonomy":"post_tag","embeddable":true,"href":"https:\/\/gijonbasket.com\/en\/wp-json\/wp\/v2\/tags?post=2616"}],"curies":[{"name":"wp","href":"https:\/\/api.w.org\/{rel}","templated":true}]}}