{"id":2686,"date":"2024-01-26T10:21:13","date_gmt":"2024-01-26T09:21:13","guid":{"rendered":"https:\/\/gijonbasket.com\/?p=2686"},"modified":"2024-01-26T10:21:14","modified_gmt":"2024-01-26T09:21:14","slug":"sherif-idris-al-filial-de-un-equipo-aleman-que-disputa-bcl","status":"publish","type":"post","link":"https:\/\/gijonbasket.com\/en\/2024\/01\/26\/sherif-idris-al-filial-de-un-equipo-aleman-que-disputa-bcl\/","title":{"rendered":"Sherif Idris al filial de un equipo alem\u00e1n que disputa BCL"},"content":{"rendered":"<p>Sherif Idris que se desvincul\u00f3 del C\u00edrculo Gij\u00f3n Baloncesto con destino hacia Alemania, jugar\u00e1 en un filial,  cuyo primer equipo esta temporada juega la Basketball Champions League (BCL).<\/p>\n\n\n\n<p>Una posible opci\u00f3n pudiera ser EWE Baskets Oldenburg dirigido por Pedro Calles.<\/p>\n\n\n\n<p>Con el equipo que se va a vincular Sherif Idris, el acuerdo ser\u00e1 para jugar en su filial y entrenar con el primer equipo.<\/p>","protected":false},"excerpt":{"rendered":"<p>Sherif Idris que se desvincul\u00f3 del C\u00edrculo Gij\u00f3n Baloncesto con destino hacia Alemania, jugar\u00e1 en un filial, cuyo primer equipo esta temporada juega la Basketball Champions League (BCL). Una posible opci\u00f3n pudiera ser EWE Baskets Oldenburg dirigido por Pedro Calles. Con el equipo que se va a vincular Sherif Idris, el acuerdo ser\u00e1 para jugar&hellip;&nbsp;<a href=\"https:\/\/gijonbasket.com\/en\/2024\/01\/26\/sherif-idris-al-filial-de-un-equipo-aleman-que-disputa-bcl\/\" class=\"\" rel=\"bookmark\">Read More &raquo;<span class=\"screen-reader-text\">Sherif Idris al filial de un equipo alem\u00e1n que disputa BCL<\/span><\/a><\/p>","protected":false},"author":2,"featured_media":0,"comment_status":"open","ping_status":"open","sticky":false,"template":"","format":"standard","meta":{"neve_meta_sidebar":"","neve_meta_container":"","neve_meta_enable_content_width":"","neve_meta_content_width":0,"neve_meta_title_alignment":"","neve_meta_author_avatar":"","neve_post_elements_order":"","neve_meta_disable_header":"","neve_meta_disable_footer":"","neve_meta_disable_title":"","footnotes":""},"categories":[4],"tags":[],"class_list":["post-2686","post","type-post","status-publish","format-standard","hentry","category-noticias"],"yoast_head":"<!-- This site is optimized with the Yoast SEO plugin v23.4 - https:\/\/yoast.com\/wordpress\/plugins\/seo\/ -->\n<title>Sherif Idris al filial de un equipo alem\u00e1n que disputa BCL - gijonbasket<\/title>\n<meta name=\"robots\" content=\"index, follow, max-snippet:-1, max-image-preview:large, max-video-preview:-1\" \/>\n<link rel=\"canonical\" href=\"https:\/\/gijonbasket.com\/en\/2024\/01\/26\/sherif-idris-al-filial-de-un-equipo-aleman-que-disputa-bcl\/\" \/>\n<meta property=\"og:locale\" content=\"en_US\" \/>\n<meta property=\"og:type\" content=\"article\" \/>\n<meta property=\"og:title\" content=\"Sherif Idris al filial de un equipo alem\u00e1n que disputa BCL - gijonbasket\" \/>\n<meta property=\"og:description\" content=\"Sherif Idris que se desvincul\u00f3 del C\u00edrculo Gij\u00f3n Baloncesto con destino hacia Alemania, jugar\u00e1 en un filial, cuyo primer equipo esta temporada juega la Basketball Champions League (BCL). Una posible opci\u00f3n pudiera ser EWE Baskets Oldenburg dirigido por Pedro Calles. Con el equipo que se va a vincular Sherif Idris, el acuerdo ser\u00e1 para jugar&hellip;&nbsp;Read More &raquo;Sherif Idris al filial de un equipo alem\u00e1n que disputa BCL\" \/>\n<meta property=\"og:url\" content=\"https:\/\/gijonbasket.com\/en\/2024\/01\/26\/sherif-idris-al-filial-de-un-equipo-aleman-que-disputa-bcl\/\" \/>\n<meta property=\"og:site_name\" content=\"gijonbasket\" \/>\n<meta property=\"article:published_time\" content=\"2024-01-26T09:21:13+00:00\" \/>\n<meta property=\"article:modified_time\" content=\"2024-01-26T09:21:14+00:00\" \/>\n<meta name=\"author\" content=\"Cesar Morales\" \/>\n<meta name=\"twitter:card\" content=\"summary_large_image\" \/>\n<meta name=\"twitter:label1\" content=\"Written by\" \/>\n\t<meta name=\"twitter:data1\" content=\"Cesar Morales\" \/>\n<script type=\"application\/ld+json\" class=\"yoast-schema-graph\">{\"@context\":\"https:\/\/schema.org\",\"@graph\":[{\"@type\":\"Article\",\"@id\":\"https:\/\/gijonbasket.com\/2024\/01\/26\/sherif-idris-al-filial-de-un-equipo-aleman-que-disputa-bcl\/#article\",\"isPartOf\":{\"@id\":\"https:\/\/gijonbasket.com\/2024\/01\/26\/sherif-idris-al-filial-de-un-equipo-aleman-que-disputa-bcl\/\"},\"author\":{\"name\":\"Cesar Morales\",\"@id\":\"https:\/\/gijonbasket.com\/#\/schema\/person\/91af9ff03e8eab582ccc344b715907c0\"},\"headline\":\"Sherif Idris al filial de un equipo alem\u00e1n que disputa BCL\",\"datePublished\":\"2024-01-26T09:21:13+00:00\",\"dateModified\":\"2024-01-26T09:21:14+00:00\",\"mainEntityOfPage\":{\"@id\":\"https:\/\/gijonbasket.com\/2024\/01\/26\/sherif-idris-al-filial-de-un-equipo-aleman-que-disputa-bcl\/\"},\"wordCount\":79,\"commentCount\":0,\"publisher\":{\"@id\":\"https:\/\/gijonbasket.com\/#organization\"},\"articleSection\":[\"noticias\"],\"inLanguage\":\"en-US\",\"potentialAction\":[{\"@type\":\"CommentAction\",\"name\":\"Comment\",\"target\":[\"https:\/\/gijonbasket.com\/2024\/01\/26\/sherif-idris-al-filial-de-un-equipo-aleman-que-disputa-bcl\/#respond\"]}]},{\"@type\":\"WebPage\",\"@id\":\"https:\/\/gijonbasket.com\/2024\/01\/26\/sherif-idris-al-filial-de-un-equipo-aleman-que-disputa-bcl\/\",\"url\":\"https:\/\/gijonbasket.com\/2024\/01\/26\/sherif-idris-al-filial-de-un-equipo-aleman-que-disputa-bcl\/\",\"name\":\"Sherif Idris al filial de un equipo alem\u00e1n que disputa BCL - gijonbasket\",\"isPartOf\":{\"@id\":\"https:\/\/gijonbasket.com\/#website\"},\"datePublished\":\"2024-01-26T09:21:13+00:00\",\"dateModified\":\"2024-01-26T09:21:14+00:00\",\"breadcrumb\":{\"@id\":\"https:\/\/gijonbasket.com\/2024\/01\/26\/sherif-idris-al-filial-de-un-equipo-aleman-que-disputa-bcl\/#breadcrumb\"},\"inLanguage\":\"en-US\",\"potentialAction\":[{\"@type\":\"ReadAction\",\"target\":[\"https:\/\/gijonbasket.com\/2024\/01\/26\/sherif-idris-al-filial-de-un-equipo-aleman-que-disputa-bcl\/\"]}]},{\"@type\":\"BreadcrumbList\",\"@id\":\"https:\/\/gijonbasket.com\/2024\/01\/26\/sherif-idris-al-filial-de-un-equipo-aleman-que-disputa-bcl\/#breadcrumb\",\"itemListElement\":[{\"@type\":\"ListItem\",\"position\":1,\"name\":\"Portada\",\"item\":\"https:\/\/gijonbasket.com\/\"},{\"@type\":\"ListItem\",\"position\":2,\"name\":\"Sherif Idris al filial de un equipo alem\u00e1n que disputa BCL\"}]},{\"@type\":\"WebSite\",\"@id\":\"https:\/\/gijonbasket.com\/#website\",\"url\":\"https:\/\/gijonbasket.com\/\",\"name\":\"gijonbasket\",\"description\":\"\",\"publisher\":{\"@id\":\"https:\/\/gijonbasket.com\/#organization\"},\"potentialAction\":[{\"@type\":\"SearchAction\",\"target\":{\"@type\":\"EntryPoint\",\"urlTemplate\":\"https:\/\/gijonbasket.com\/?s={search_term_string}\"},\"query-input\":{\"@type\":\"PropertyValueSpecification\",\"valueRequired\":true,\"valueName\":\"search_term_string\"}}],\"inLanguage\":\"en-US\"},{\"@type\":\"Organization\",\"@id\":\"https:\/\/gijonbasket.com\/#organization\",\"name\":\"gijonbasket\",\"url\":\"https:\/\/gijonbasket.com\/\",\"logo\":{\"@type\":\"ImageObject\",\"inLanguage\":\"en-US\",\"@id\":\"https:\/\/gijonbasket.com\/#\/schema\/logo\/image\/\",\"url\":\"https:\/\/gijonbasket.com\/wp-content\/uploads\/2023\/03\/LogoGijonBasket2.jpg\",\"contentUrl\":\"https:\/\/gijonbasket.com\/wp-content\/uploads\/2023\/03\/LogoGijonBasket2.jpg\",\"width\":2000,\"height\":550,\"caption\":\"gijonbasket\"},\"image\":{\"@id\":\"https:\/\/gijonbasket.com\/#\/schema\/logo\/image\/\"}},{\"@type\":\"Person\",\"@id\":\"https:\/\/gijonbasket.com\/#\/schema\/person\/91af9ff03e8eab582ccc344b715907c0\",\"name\":\"Cesar Morales\",\"image\":{\"@type\":\"ImageObject\",\"inLanguage\":\"en-US\",\"@id\":\"https:\/\/gijonbasket.com\/#\/schema\/person\/image\/\",\"url\":\"https:\/\/secure.gravatar.com\/avatar\/ab9ddf1e87f7580cae3deefb05a58c5cf4f0c7f96f033fd7dacc23f0e8d149ca?s=96&d=mm&r=g\",\"contentUrl\":\"https:\/\/secure.gravatar.com\/avatar\/ab9ddf1e87f7580cae3deefb05a58c5cf4f0c7f96f033fd7dacc23f0e8d149ca?s=96&d=mm&r=g\",\"caption\":\"Cesar Morales\"},\"url\":\"https:\/\/gijonbasket.com\/en\/author\/cesar\/\"}]}<\/script>\n<!-- \/ Yoast SEO plugin. -->","yoast_head_json":{"title":"Sherif Idris al filial de un equipo alem\u00e1n que disputa BCL - gijonbasket","robots":{"index":"index","follow":"follow","max-snippet":"max-snippet:-1","max-image-preview":"max-image-preview:large","max-video-preview":"max-video-preview:-1"},"canonical":"https:\/\/gijonbasket.com\/en\/2024\/01\/26\/sherif-idris-al-filial-de-un-equipo-aleman-que-disputa-bcl\/","og_locale":"en_US","og_type":"article","og_title":"Sherif Idris al filial de un equipo alem\u00e1n que disputa BCL - gijonbasket","og_description":"Sherif Idris que se desvincul\u00f3 del C\u00edrculo Gij\u00f3n Baloncesto con destino hacia Alemania, jugar\u00e1 en un filial, cuyo primer equipo esta temporada juega la Basketball Champions League (BCL). Una posible opci\u00f3n pudiera ser EWE Baskets Oldenburg dirigido por Pedro Calles. Con el equipo que se va a vincular Sherif Idris, el acuerdo ser\u00e1 para jugar&hellip;&nbsp;Read More &raquo;Sherif Idris al filial de un equipo alem\u00e1n que disputa BCL","og_url":"https:\/\/gijonbasket.com\/en\/2024\/01\/26\/sherif-idris-al-filial-de-un-equipo-aleman-que-disputa-bcl\/","og_site_name":"gijonbasket","article_published_time":"2024-01-26T09:21:13+00:00","article_modified_time":"2024-01-26T09:21:14+00:00","author":"Cesar Morales","twitter_card":"summary_large_image","twitter_misc":{"Written by":"Cesar Morales"},"schema":{"@context":"https:\/\/schema.org","@graph":[{"@type":"Article","@id":"https:\/\/gijonbasket.com\/2024\/01\/26\/sherif-idris-al-filial-de-un-equipo-aleman-que-disputa-bcl\/#article","isPartOf":{"@id":"https:\/\/gijonbasket.com\/2024\/01\/26\/sherif-idris-al-filial-de-un-equipo-aleman-que-disputa-bcl\/"},"author":{"name":"Cesar Morales","@id":"https:\/\/gijonbasket.com\/#\/schema\/person\/91af9ff03e8eab582ccc344b715907c0"},"headline":"Sherif Idris al filial de un equipo alem\u00e1n que disputa BCL","datePublished":"2024-01-26T09:21:13+00:00","dateModified":"2024-01-26T09:21:14+00:00","mainEntityOfPage":{"@id":"https:\/\/gijonbasket.com\/2024\/01\/26\/sherif-idris-al-filial-de-un-equipo-aleman-que-disputa-bcl\/"},"wordCount":79,"commentCount":0,"publisher":{"@id":"https:\/\/gijonbasket.com\/#organization"},"articleSection":["noticias"],"inLanguage":"en-US","potentialAction":[{"@type":"CommentAction","name":"Comment","target":["https:\/\/gijonbasket.com\/2024\/01\/26\/sherif-idris-al-filial-de-un-equipo-aleman-que-disputa-bcl\/#respond"]}]},{"@type":"WebPage","@id":"https:\/\/gijonbasket.com\/2024\/01\/26\/sherif-idris-al-filial-de-un-equipo-aleman-que-disputa-bcl\/","url":"https:\/\/gijonbasket.com\/2024\/01\/26\/sherif-idris-al-filial-de-un-equipo-aleman-que-disputa-bcl\/","name":"Sherif Idris al filial de un equipo alem\u00e1n que disputa BCL - gijonbasket","isPartOf":{"@id":"https:\/\/gijonbasket.com\/#website"},"datePublished":"2024-01-26T09:21:13+00:00","dateModified":"2024-01-26T09:21:14+00:00","breadcrumb":{"@id":"https:\/\/gijonbasket.com\/2024\/01\/26\/sherif-idris-al-filial-de-un-equipo-aleman-que-disputa-bcl\/#breadcrumb"},"inLanguage":"en-US","potentialAction":[{"@type":"ReadAction","target":["https:\/\/gijonbasket.com\/2024\/01\/26\/sherif-idris-al-filial-de-un-equipo-aleman-que-disputa-bcl\/"]}]},{"@type":"BreadcrumbList","@id":"https:\/\/gijonbasket.com\/2024\/01\/26\/sherif-idris-al-filial-de-un-equipo-aleman-que-disputa-bcl\/#breadcrumb","itemListElement":[{"@type":"ListItem","position":1,"name":"Portada","item":"https:\/\/gijonbasket.com\/"},{"@type":"ListItem","position":2,"name":"Sherif Idris al filial de un equipo alem\u00e1n que disputa BCL"}]},{"@type":"WebSite","@id":"https:\/\/gijonbasket.com\/#website","url":"https:\/\/gijonbasket.com\/","name":"gijonbasket","description":"","publisher":{"@id":"https:\/\/gijonbasket.com\/#organization"},"potentialAction":[{"@type":"SearchAction","target":{"@type":"EntryPoint","urlTemplate":"https:\/\/gijonbasket.com\/?s={search_term_string}"},"query-input":{"@type":"PropertyValueSpecification","valueRequired":true,"valueName":"search_term_string"}}],"inLanguage":"en-US"},{"@type":"Organization","@id":"https:\/\/gijonbasket.com\/#organization","name":"gijonbasket","url":"https:\/\/gijonbasket.com\/","logo":{"@type":"ImageObject","inLanguage":"en-US","@id":"https:\/\/gijonbasket.com\/#\/schema\/logo\/image\/","url":"https:\/\/gijonbasket.com\/wp-content\/uploads\/2023\/03\/LogoGijonBasket2.jpg","contentUrl":"https:\/\/gijonbasket.com\/wp-content\/uploads\/2023\/03\/LogoGijonBasket2.jpg","width":2000,"height":550,"caption":"gijonbasket"},"image":{"@id":"https:\/\/gijonbasket.com\/#\/schema\/logo\/image\/"}},{"@type":"Person","@id":"https:\/\/gijonbasket.com\/#\/schema\/person\/91af9ff03e8eab582ccc344b715907c0","name":"Cesar Morales","image":{"@type":"ImageObject","inLanguage":"en-US","@id":"https:\/\/gijonbasket.com\/#\/schema\/person\/image\/","url":"https:\/\/secure.gravatar.com\/avatar\/ab9ddf1e87f7580cae3deefb05a58c5cf4f0c7f96f033fd7dacc23f0e8d149ca?s=96&d=mm&r=g","contentUrl":"https:\/\/secure.gravatar.com\/avatar\/ab9ddf1e87f7580cae3deefb05a58c5cf4f0c7f96f033fd7dacc23f0e8d149ca?s=96&d=mm&r=g","caption":"Cesar Morales"},"url":"https:\/\/gijonbasket.com\/en\/author\/cesar\/"}]}},"_links":{"self":[{"href":"https:\/\/gijonbasket.com\/en\/wp-json\/wp\/v2\/posts\/2686","targetHints":{"allow":["GET"]}}],"collection":[{"href":"https:\/\/gijonbasket.com\/en\/wp-json\/wp\/v2\/posts"}],"about":[{"href":"https:\/\/gijonbasket.com\/en\/wp-json\/wp\/v2\/types\/post"}],"author":[{"embeddable":true,"href":"https:\/\/gijonbasket.com\/en\/wp-json\/wp\/v2\/users\/2"}],"replies":[{"embeddable":true,"href":"https:\/\/gijonbasket.com\/en\/wp-json\/wp\/v2\/comments?post=2686"}],"version-history":[{"count":1,"href":"https:\/\/gijonbasket.com\/en\/wp-json\/wp\/v2\/posts\/2686\/revisions"}],"predecessor-version":[{"id":2687,"href":"https:\/\/gijonbasket.com\/en\/wp-json\/wp\/v2\/posts\/2686\/revisions\/2687"}],"wp:attachment":[{"href":"https:\/\/gijonbasket.com\/en\/wp-json\/wp\/v2\/media?parent=2686"}],"wp:term":[{"taxonomy":"category","embeddable":true,"href":"https:\/\/gijonbasket.com\/en\/wp-json\/wp\/v2\/categories?post=2686"},{"taxonomy":"post_tag","embeddable":true,"href":"https:\/\/gijonbasket.com\/en\/wp-json\/wp\/v2\/tags?post=2686"}],"curies":[{"name":"wp","href":"https:\/\/api.w.org\/{rel}","templated":true}]}}