{"id":2889,"date":"2024-02-21T10:51:01","date_gmt":"2024-02-21T09:51:01","guid":{"rendered":"https:\/\/gijonbasket.com\/?p=2889"},"modified":"2024-02-21T10:51:01","modified_gmt":"2024-02-21T09:51:01","slug":"rafa-casanova-de-vuelta-al-class-basquet-san-antoni","status":"publish","type":"post","link":"https:\/\/gijonbasket.com\/en\/2024\/02\/21\/rafa-casanova-de-vuelta-al-class-basquet-san-antoni\/","title":{"rendered":"Rafa Casanova de vuelta al Class B\u00e1squet San Antoni"},"content":{"rendered":"<p>El Class B\u00e1squet San Antoni cerr\u00f3 el fichaje de Rafa Casanova (CJ Basket Taranto), regresando al conjunto balear, donde milit\u00f3 al inicio de la pasada temporada antes de recalar en el Alimerka Oviedo Baloncesto.<\/p>\n\n\n\n<p>Rafa Casanova, escolta de 30 a\u00f1os y 1.94 m., regresa al Class B\u00e1squet Sant Antoni procedente de CJ Basket Taranto.<\/p>\n\n\n\n<p>La pasada temporada milit\u00f3 en el Alimerka Oviedo Baloncesto con una presencia fugaz de tan s\u00f3lo 3 encuentros disputados.<\/p>\n\n\n\n<p>Con experiencia en LEB Oro tras militar en Levitec Huesca La Magia (2021\/2022) y Alimerka Oviedo Baloncesto (2022\/2023).<\/p>\n\n\n\n<p>Rafa Casanova cumplir\u00e1 su quinta temporada en LEB Plata tras militar en C.B. Extremadura Plasencia (2017\/2018), Cat&amp;Rest Intragas-Clima CDP (2019\/2020; 2020\/2021) y Class B\u00e1squet Sant Antoni (2022\/2023).<\/p>","protected":false},"excerpt":{"rendered":"<p>El Class B\u00e1squet San Antoni cerr\u00f3 el fichaje de Rafa Casanova (CJ Basket Taranto), regresando al conjunto balear, donde milit\u00f3 al inicio de la pasada temporada antes de recalar en el Alimerka Oviedo Baloncesto. Rafa Casanova, escolta de 30 a\u00f1os y 1.94 m., regresa al Class B\u00e1squet Sant Antoni procedente de CJ Basket Taranto. La&hellip;&nbsp;<a href=\"https:\/\/gijonbasket.com\/en\/2024\/02\/21\/rafa-casanova-de-vuelta-al-class-basquet-san-antoni\/\" class=\"\" rel=\"bookmark\">Read More &raquo;<span class=\"screen-reader-text\">Rafa Casanova de vuelta al Class B\u00e1squet San Antoni<\/span><\/a><\/p>","protected":false},"author":2,"featured_media":0,"comment_status":"open","ping_status":"open","sticky":false,"template":"","format":"standard","meta":{"neve_meta_sidebar":"","neve_meta_container":"","neve_meta_enable_content_width":"","neve_meta_content_width":0,"neve_meta_title_alignment":"","neve_meta_author_avatar":"","neve_post_elements_order":"","neve_meta_disable_header":"","neve_meta_disable_footer":"","neve_meta_disable_title":"","footnotes":""},"categories":[4],"tags":[],"class_list":["post-2889","post","type-post","status-publish","format-standard","hentry","category-noticias"],"yoast_head":"<!-- This site is optimized with the Yoast SEO plugin v23.4 - https:\/\/yoast.com\/wordpress\/plugins\/seo\/ -->\n<title>Rafa Casanova de vuelta al Class B\u00e1squet San Antoni - gijonbasket<\/title>\n<meta name=\"robots\" content=\"index, follow, max-snippet:-1, max-image-preview:large, max-video-preview:-1\" \/>\n<link rel=\"canonical\" href=\"https:\/\/gijonbasket.com\/en\/2024\/02\/21\/rafa-casanova-de-vuelta-al-class-basquet-san-antoni\/\" \/>\n<meta property=\"og:locale\" content=\"en_US\" \/>\n<meta property=\"og:type\" content=\"article\" \/>\n<meta property=\"og:title\" content=\"Rafa Casanova de vuelta al Class B\u00e1squet San Antoni - gijonbasket\" \/>\n<meta property=\"og:description\" content=\"El Class B\u00e1squet San Antoni cerr\u00f3 el fichaje de Rafa Casanova (CJ Basket Taranto), regresando al conjunto balear, donde milit\u00f3 al inicio de la pasada temporada antes de recalar en el Alimerka Oviedo Baloncesto. Rafa Casanova, escolta de 30 a\u00f1os y 1.94 m., regresa al Class B\u00e1squet Sant Antoni procedente de CJ Basket Taranto. La&hellip;&nbsp;Read More &raquo;Rafa Casanova de vuelta al Class B\u00e1squet San Antoni\" \/>\n<meta property=\"og:url\" content=\"https:\/\/gijonbasket.com\/en\/2024\/02\/21\/rafa-casanova-de-vuelta-al-class-basquet-san-antoni\/\" \/>\n<meta property=\"og:site_name\" content=\"gijonbasket\" \/>\n<meta property=\"article:published_time\" content=\"2024-02-21T09:51:01+00:00\" \/>\n<meta name=\"author\" content=\"Cesar Morales\" \/>\n<meta name=\"twitter:card\" content=\"summary_large_image\" \/>\n<meta name=\"twitter:label1\" content=\"Written by\" \/>\n\t<meta name=\"twitter:data1\" content=\"Cesar Morales\" \/>\n\t<meta name=\"twitter:label2\" content=\"Est. reading time\" \/>\n\t<meta name=\"twitter:data2\" content=\"1 minute\" \/>\n<script type=\"application\/ld+json\" class=\"yoast-schema-graph\">{\"@context\":\"https:\/\/schema.org\",\"@graph\":[{\"@type\":\"Article\",\"@id\":\"https:\/\/gijonbasket.com\/2024\/02\/21\/rafa-casanova-de-vuelta-al-class-basquet-san-antoni\/#article\",\"isPartOf\":{\"@id\":\"https:\/\/gijonbasket.com\/2024\/02\/21\/rafa-casanova-de-vuelta-al-class-basquet-san-antoni\/\"},\"author\":{\"name\":\"Cesar Morales\",\"@id\":\"https:\/\/gijonbasket.com\/#\/schema\/person\/91af9ff03e8eab582ccc344b715907c0\"},\"headline\":\"Rafa Casanova de vuelta al Class B\u00e1squet San Antoni\",\"datePublished\":\"2024-02-21T09:51:01+00:00\",\"dateModified\":\"2024-02-21T09:51:01+00:00\",\"mainEntityOfPage\":{\"@id\":\"https:\/\/gijonbasket.com\/2024\/02\/21\/rafa-casanova-de-vuelta-al-class-basquet-san-antoni\/\"},\"wordCount\":127,\"commentCount\":0,\"publisher\":{\"@id\":\"https:\/\/gijonbasket.com\/#organization\"},\"articleSection\":[\"noticias\"],\"inLanguage\":\"en-US\",\"potentialAction\":[{\"@type\":\"CommentAction\",\"name\":\"Comment\",\"target\":[\"https:\/\/gijonbasket.com\/2024\/02\/21\/rafa-casanova-de-vuelta-al-class-basquet-san-antoni\/#respond\"]}]},{\"@type\":\"WebPage\",\"@id\":\"https:\/\/gijonbasket.com\/2024\/02\/21\/rafa-casanova-de-vuelta-al-class-basquet-san-antoni\/\",\"url\":\"https:\/\/gijonbasket.com\/2024\/02\/21\/rafa-casanova-de-vuelta-al-class-basquet-san-antoni\/\",\"name\":\"Rafa Casanova de vuelta al Class B\u00e1squet San Antoni - gijonbasket\",\"isPartOf\":{\"@id\":\"https:\/\/gijonbasket.com\/#website\"},\"datePublished\":\"2024-02-21T09:51:01+00:00\",\"dateModified\":\"2024-02-21T09:51:01+00:00\",\"breadcrumb\":{\"@id\":\"https:\/\/gijonbasket.com\/2024\/02\/21\/rafa-casanova-de-vuelta-al-class-basquet-san-antoni\/#breadcrumb\"},\"inLanguage\":\"en-US\",\"potentialAction\":[{\"@type\":\"ReadAction\",\"target\":[\"https:\/\/gijonbasket.com\/2024\/02\/21\/rafa-casanova-de-vuelta-al-class-basquet-san-antoni\/\"]}]},{\"@type\":\"BreadcrumbList\",\"@id\":\"https:\/\/gijonbasket.com\/2024\/02\/21\/rafa-casanova-de-vuelta-al-class-basquet-san-antoni\/#breadcrumb\",\"itemListElement\":[{\"@type\":\"ListItem\",\"position\":1,\"name\":\"Portada\",\"item\":\"https:\/\/gijonbasket.com\/\"},{\"@type\":\"ListItem\",\"position\":2,\"name\":\"Rafa Casanova de vuelta al Class B\u00e1squet San Antoni\"}]},{\"@type\":\"WebSite\",\"@id\":\"https:\/\/gijonbasket.com\/#website\",\"url\":\"https:\/\/gijonbasket.com\/\",\"name\":\"gijonbasket\",\"description\":\"\",\"publisher\":{\"@id\":\"https:\/\/gijonbasket.com\/#organization\"},\"potentialAction\":[{\"@type\":\"SearchAction\",\"target\":{\"@type\":\"EntryPoint\",\"urlTemplate\":\"https:\/\/gijonbasket.com\/?s={search_term_string}\"},\"query-input\":{\"@type\":\"PropertyValueSpecification\",\"valueRequired\":true,\"valueName\":\"search_term_string\"}}],\"inLanguage\":\"en-US\"},{\"@type\":\"Organization\",\"@id\":\"https:\/\/gijonbasket.com\/#organization\",\"name\":\"gijonbasket\",\"url\":\"https:\/\/gijonbasket.com\/\",\"logo\":{\"@type\":\"ImageObject\",\"inLanguage\":\"en-US\",\"@id\":\"https:\/\/gijonbasket.com\/#\/schema\/logo\/image\/\",\"url\":\"https:\/\/gijonbasket.com\/wp-content\/uploads\/2023\/03\/LogoGijonBasket2.jpg\",\"contentUrl\":\"https:\/\/gijonbasket.com\/wp-content\/uploads\/2023\/03\/LogoGijonBasket2.jpg\",\"width\":2000,\"height\":550,\"caption\":\"gijonbasket\"},\"image\":{\"@id\":\"https:\/\/gijonbasket.com\/#\/schema\/logo\/image\/\"}},{\"@type\":\"Person\",\"@id\":\"https:\/\/gijonbasket.com\/#\/schema\/person\/91af9ff03e8eab582ccc344b715907c0\",\"name\":\"Cesar Morales\",\"image\":{\"@type\":\"ImageObject\",\"inLanguage\":\"en-US\",\"@id\":\"https:\/\/gijonbasket.com\/#\/schema\/person\/image\/\",\"url\":\"https:\/\/secure.gravatar.com\/avatar\/ab9ddf1e87f7580cae3deefb05a58c5cf4f0c7f96f033fd7dacc23f0e8d149ca?s=96&d=mm&r=g\",\"contentUrl\":\"https:\/\/secure.gravatar.com\/avatar\/ab9ddf1e87f7580cae3deefb05a58c5cf4f0c7f96f033fd7dacc23f0e8d149ca?s=96&d=mm&r=g\",\"caption\":\"Cesar Morales\"},\"url\":\"https:\/\/gijonbasket.com\/en\/author\/cesar\/\"}]}<\/script>\n<!-- \/ Yoast SEO plugin. -->","yoast_head_json":{"title":"Rafa Casanova de vuelta al Class B\u00e1squet San Antoni - gijonbasket","robots":{"index":"index","follow":"follow","max-snippet":"max-snippet:-1","max-image-preview":"max-image-preview:large","max-video-preview":"max-video-preview:-1"},"canonical":"https:\/\/gijonbasket.com\/en\/2024\/02\/21\/rafa-casanova-de-vuelta-al-class-basquet-san-antoni\/","og_locale":"en_US","og_type":"article","og_title":"Rafa Casanova de vuelta al Class B\u00e1squet San Antoni - gijonbasket","og_description":"El Class B\u00e1squet San Antoni cerr\u00f3 el fichaje de Rafa Casanova (CJ Basket Taranto), regresando al conjunto balear, donde milit\u00f3 al inicio de la pasada temporada antes de recalar en el Alimerka Oviedo Baloncesto. Rafa Casanova, escolta de 30 a\u00f1os y 1.94 m., regresa al Class B\u00e1squet Sant Antoni procedente de CJ Basket Taranto. La&hellip;&nbsp;Read More &raquo;Rafa Casanova de vuelta al Class B\u00e1squet San Antoni","og_url":"https:\/\/gijonbasket.com\/en\/2024\/02\/21\/rafa-casanova-de-vuelta-al-class-basquet-san-antoni\/","og_site_name":"gijonbasket","article_published_time":"2024-02-21T09:51:01+00:00","author":"Cesar Morales","twitter_card":"summary_large_image","twitter_misc":{"Written by":"Cesar Morales","Est. reading time":"1 minute"},"schema":{"@context":"https:\/\/schema.org","@graph":[{"@type":"Article","@id":"https:\/\/gijonbasket.com\/2024\/02\/21\/rafa-casanova-de-vuelta-al-class-basquet-san-antoni\/#article","isPartOf":{"@id":"https:\/\/gijonbasket.com\/2024\/02\/21\/rafa-casanova-de-vuelta-al-class-basquet-san-antoni\/"},"author":{"name":"Cesar Morales","@id":"https:\/\/gijonbasket.com\/#\/schema\/person\/91af9ff03e8eab582ccc344b715907c0"},"headline":"Rafa Casanova de vuelta al Class B\u00e1squet San Antoni","datePublished":"2024-02-21T09:51:01+00:00","dateModified":"2024-02-21T09:51:01+00:00","mainEntityOfPage":{"@id":"https:\/\/gijonbasket.com\/2024\/02\/21\/rafa-casanova-de-vuelta-al-class-basquet-san-antoni\/"},"wordCount":127,"commentCount":0,"publisher":{"@id":"https:\/\/gijonbasket.com\/#organization"},"articleSection":["noticias"],"inLanguage":"en-US","potentialAction":[{"@type":"CommentAction","name":"Comment","target":["https:\/\/gijonbasket.com\/2024\/02\/21\/rafa-casanova-de-vuelta-al-class-basquet-san-antoni\/#respond"]}]},{"@type":"WebPage","@id":"https:\/\/gijonbasket.com\/2024\/02\/21\/rafa-casanova-de-vuelta-al-class-basquet-san-antoni\/","url":"https:\/\/gijonbasket.com\/2024\/02\/21\/rafa-casanova-de-vuelta-al-class-basquet-san-antoni\/","name":"Rafa Casanova de vuelta al Class B\u00e1squet San Antoni - gijonbasket","isPartOf":{"@id":"https:\/\/gijonbasket.com\/#website"},"datePublished":"2024-02-21T09:51:01+00:00","dateModified":"2024-02-21T09:51:01+00:00","breadcrumb":{"@id":"https:\/\/gijonbasket.com\/2024\/02\/21\/rafa-casanova-de-vuelta-al-class-basquet-san-antoni\/#breadcrumb"},"inLanguage":"en-US","potentialAction":[{"@type":"ReadAction","target":["https:\/\/gijonbasket.com\/2024\/02\/21\/rafa-casanova-de-vuelta-al-class-basquet-san-antoni\/"]}]},{"@type":"BreadcrumbList","@id":"https:\/\/gijonbasket.com\/2024\/02\/21\/rafa-casanova-de-vuelta-al-class-basquet-san-antoni\/#breadcrumb","itemListElement":[{"@type":"ListItem","position":1,"name":"Portada","item":"https:\/\/gijonbasket.com\/"},{"@type":"ListItem","position":2,"name":"Rafa Casanova de vuelta al Class B\u00e1squet San Antoni"}]},{"@type":"WebSite","@id":"https:\/\/gijonbasket.com\/#website","url":"https:\/\/gijonbasket.com\/","name":"gijonbasket","description":"","publisher":{"@id":"https:\/\/gijonbasket.com\/#organization"},"potentialAction":[{"@type":"SearchAction","target":{"@type":"EntryPoint","urlTemplate":"https:\/\/gijonbasket.com\/?s={search_term_string}"},"query-input":{"@type":"PropertyValueSpecification","valueRequired":true,"valueName":"search_term_string"}}],"inLanguage":"en-US"},{"@type":"Organization","@id":"https:\/\/gijonbasket.com\/#organization","name":"gijonbasket","url":"https:\/\/gijonbasket.com\/","logo":{"@type":"ImageObject","inLanguage":"en-US","@id":"https:\/\/gijonbasket.com\/#\/schema\/logo\/image\/","url":"https:\/\/gijonbasket.com\/wp-content\/uploads\/2023\/03\/LogoGijonBasket2.jpg","contentUrl":"https:\/\/gijonbasket.com\/wp-content\/uploads\/2023\/03\/LogoGijonBasket2.jpg","width":2000,"height":550,"caption":"gijonbasket"},"image":{"@id":"https:\/\/gijonbasket.com\/#\/schema\/logo\/image\/"}},{"@type":"Person","@id":"https:\/\/gijonbasket.com\/#\/schema\/person\/91af9ff03e8eab582ccc344b715907c0","name":"Cesar Morales","image":{"@type":"ImageObject","inLanguage":"en-US","@id":"https:\/\/gijonbasket.com\/#\/schema\/person\/image\/","url":"https:\/\/secure.gravatar.com\/avatar\/ab9ddf1e87f7580cae3deefb05a58c5cf4f0c7f96f033fd7dacc23f0e8d149ca?s=96&d=mm&r=g","contentUrl":"https:\/\/secure.gravatar.com\/avatar\/ab9ddf1e87f7580cae3deefb05a58c5cf4f0c7f96f033fd7dacc23f0e8d149ca?s=96&d=mm&r=g","caption":"Cesar Morales"},"url":"https:\/\/gijonbasket.com\/en\/author\/cesar\/"}]}},"_links":{"self":[{"href":"https:\/\/gijonbasket.com\/en\/wp-json\/wp\/v2\/posts\/2889","targetHints":{"allow":["GET"]}}],"collection":[{"href":"https:\/\/gijonbasket.com\/en\/wp-json\/wp\/v2\/posts"}],"about":[{"href":"https:\/\/gijonbasket.com\/en\/wp-json\/wp\/v2\/types\/post"}],"author":[{"embeddable":true,"href":"https:\/\/gijonbasket.com\/en\/wp-json\/wp\/v2\/users\/2"}],"replies":[{"embeddable":true,"href":"https:\/\/gijonbasket.com\/en\/wp-json\/wp\/v2\/comments?post=2889"}],"version-history":[{"count":1,"href":"https:\/\/gijonbasket.com\/en\/wp-json\/wp\/v2\/posts\/2889\/revisions"}],"predecessor-version":[{"id":2890,"href":"https:\/\/gijonbasket.com\/en\/wp-json\/wp\/v2\/posts\/2889\/revisions\/2890"}],"wp:attachment":[{"href":"https:\/\/gijonbasket.com\/en\/wp-json\/wp\/v2\/media?parent=2889"}],"wp:term":[{"taxonomy":"category","embeddable":true,"href":"https:\/\/gijonbasket.com\/en\/wp-json\/wp\/v2\/categories?post=2889"},{"taxonomy":"post_tag","embeddable":true,"href":"https:\/\/gijonbasket.com\/en\/wp-json\/wp\/v2\/tags?post=2889"}],"curies":[{"name":"wp","href":"https:\/\/api.w.org\/{rel}","templated":true}]}}