{"id":2970,"date":"2024-03-02T09:51:48","date_gmt":"2024-03-02T08:51:48","guid":{"rendered":"https:\/\/gijonbasket.com\/?p=2970"},"modified":"2024-03-02T09:51:48","modified_gmt":"2024-03-02T08:51:48","slug":"jamal-murray-nueva-lesion-con-los-nuggets","status":"publish","type":"post","link":"https:\/\/gijonbasket.com\/en\/2024\/03\/02\/jamal-murray-nueva-lesion-con-los-nuggets\/","title":{"rendered":"Jamal Murray nueva lesi\u00f3n con los Nuggets"},"content":{"rendered":"<p>Nuevo contratiempo para los Denver Nuggets por la lesi\u00f3n de Jamal Murray al sufrir un esguince en su tobillo derecho.<\/p>\n\n\n\n<p>El base canadiense de 27 a\u00f1os y 1.93 m., estrella de los Nuggets junto a Nikola Jokic, inicio la presente temporada lesionado lo que supuso perderse los primeros 11 partidos, por una dolencia en el tend\u00f3n de la corva.<\/p>\n\n\n\n<p>En la temporada 2020\/2021 sufri\u00f3 la grave lesi\u00f3n con la rotura del ligamento cruzado anterior de su rodilla izquierda.<\/p>\n\n\n\n<p>La pasada temporada hizo historia con los Nuggets al conquistar el primer t\u00edtulo NBA en la historia de la franquicia.<\/p>","protected":false},"excerpt":{"rendered":"<p>Nuevo contratiempo para los Denver Nuggets por la lesi\u00f3n de Jamal Murray al sufrir un esguince en su tobillo derecho. El base canadiense de 27 a\u00f1os y 1.93 m., estrella de los Nuggets junto a Nikola Jokic, inicio la presente temporada lesionado lo que supuso perderse los primeros 11 partidos, por una dolencia en el&hellip;&nbsp;<a href=\"https:\/\/gijonbasket.com\/en\/2024\/03\/02\/jamal-murray-nueva-lesion-con-los-nuggets\/\" class=\"\" rel=\"bookmark\">Read More &raquo;<span class=\"screen-reader-text\">Jamal Murray nueva lesi\u00f3n con los Nuggets<\/span><\/a><\/p>","protected":false},"author":2,"featured_media":0,"comment_status":"open","ping_status":"open","sticky":false,"template":"","format":"standard","meta":{"neve_meta_sidebar":"","neve_meta_container":"","neve_meta_enable_content_width":"","neve_meta_content_width":0,"neve_meta_title_alignment":"","neve_meta_author_avatar":"","neve_post_elements_order":"","neve_meta_disable_header":"","neve_meta_disable_footer":"","neve_meta_disable_title":"","footnotes":""},"categories":[4],"tags":[],"class_list":["post-2970","post","type-post","status-publish","format-standard","hentry","category-noticias"],"yoast_head":"<!-- This site is optimized with the Yoast SEO plugin v23.4 - https:\/\/yoast.com\/wordpress\/plugins\/seo\/ -->\n<title>Jamal Murray nueva lesi\u00f3n con los Nuggets - gijonbasket<\/title>\n<meta name=\"robots\" content=\"index, follow, max-snippet:-1, max-image-preview:large, max-video-preview:-1\" \/>\n<link rel=\"canonical\" href=\"https:\/\/gijonbasket.com\/en\/2024\/03\/02\/jamal-murray-nueva-lesion-con-los-nuggets\/\" \/>\n<meta property=\"og:locale\" content=\"en_US\" \/>\n<meta property=\"og:type\" content=\"article\" \/>\n<meta property=\"og:title\" content=\"Jamal Murray nueva lesi\u00f3n con los Nuggets - gijonbasket\" \/>\n<meta property=\"og:description\" content=\"Nuevo contratiempo para los Denver Nuggets por la lesi\u00f3n de Jamal Murray al sufrir un esguince en su tobillo derecho. El base canadiense de 27 a\u00f1os y 1.93 m., estrella de los Nuggets junto a Nikola Jokic, inicio la presente temporada lesionado lo que supuso perderse los primeros 11 partidos, por una dolencia en el&hellip;&nbsp;Read More &raquo;Jamal Murray nueva lesi\u00f3n con los Nuggets\" \/>\n<meta property=\"og:url\" content=\"https:\/\/gijonbasket.com\/en\/2024\/03\/02\/jamal-murray-nueva-lesion-con-los-nuggets\/\" \/>\n<meta property=\"og:site_name\" content=\"gijonbasket\" \/>\n<meta property=\"article:published_time\" content=\"2024-03-02T08:51:48+00:00\" \/>\n<meta name=\"author\" content=\"Cesar Morales\" \/>\n<meta name=\"twitter:card\" content=\"summary_large_image\" \/>\n<meta name=\"twitter:label1\" content=\"Written by\" \/>\n\t<meta name=\"twitter:data1\" content=\"Cesar Morales\" \/>\n<script type=\"application\/ld+json\" class=\"yoast-schema-graph\">{\"@context\":\"https:\/\/schema.org\",\"@graph\":[{\"@type\":\"Article\",\"@id\":\"https:\/\/gijonbasket.com\/2024\/03\/02\/jamal-murray-nueva-lesion-con-los-nuggets\/#article\",\"isPartOf\":{\"@id\":\"https:\/\/gijonbasket.com\/2024\/03\/02\/jamal-murray-nueva-lesion-con-los-nuggets\/\"},\"author\":{\"name\":\"Cesar Morales\",\"@id\":\"https:\/\/gijonbasket.com\/#\/schema\/person\/91af9ff03e8eab582ccc344b715907c0\"},\"headline\":\"Jamal Murray nueva lesi\u00f3n con los Nuggets\",\"datePublished\":\"2024-03-02T08:51:48+00:00\",\"dateModified\":\"2024-03-02T08:51:48+00:00\",\"mainEntityOfPage\":{\"@id\":\"https:\/\/gijonbasket.com\/2024\/03\/02\/jamal-murray-nueva-lesion-con-los-nuggets\/\"},\"wordCount\":107,\"commentCount\":0,\"publisher\":{\"@id\":\"https:\/\/gijonbasket.com\/#organization\"},\"articleSection\":[\"noticias\"],\"inLanguage\":\"en-US\",\"potentialAction\":[{\"@type\":\"CommentAction\",\"name\":\"Comment\",\"target\":[\"https:\/\/gijonbasket.com\/2024\/03\/02\/jamal-murray-nueva-lesion-con-los-nuggets\/#respond\"]}]},{\"@type\":\"WebPage\",\"@id\":\"https:\/\/gijonbasket.com\/2024\/03\/02\/jamal-murray-nueva-lesion-con-los-nuggets\/\",\"url\":\"https:\/\/gijonbasket.com\/2024\/03\/02\/jamal-murray-nueva-lesion-con-los-nuggets\/\",\"name\":\"Jamal Murray nueva lesi\u00f3n con los Nuggets - gijonbasket\",\"isPartOf\":{\"@id\":\"https:\/\/gijonbasket.com\/#website\"},\"datePublished\":\"2024-03-02T08:51:48+00:00\",\"dateModified\":\"2024-03-02T08:51:48+00:00\",\"breadcrumb\":{\"@id\":\"https:\/\/gijonbasket.com\/2024\/03\/02\/jamal-murray-nueva-lesion-con-los-nuggets\/#breadcrumb\"},\"inLanguage\":\"en-US\",\"potentialAction\":[{\"@type\":\"ReadAction\",\"target\":[\"https:\/\/gijonbasket.com\/2024\/03\/02\/jamal-murray-nueva-lesion-con-los-nuggets\/\"]}]},{\"@type\":\"BreadcrumbList\",\"@id\":\"https:\/\/gijonbasket.com\/2024\/03\/02\/jamal-murray-nueva-lesion-con-los-nuggets\/#breadcrumb\",\"itemListElement\":[{\"@type\":\"ListItem\",\"position\":1,\"name\":\"Portada\",\"item\":\"https:\/\/gijonbasket.com\/\"},{\"@type\":\"ListItem\",\"position\":2,\"name\":\"Jamal Murray nueva lesi\u00f3n con los Nuggets\"}]},{\"@type\":\"WebSite\",\"@id\":\"https:\/\/gijonbasket.com\/#website\",\"url\":\"https:\/\/gijonbasket.com\/\",\"name\":\"gijonbasket\",\"description\":\"\",\"publisher\":{\"@id\":\"https:\/\/gijonbasket.com\/#organization\"},\"potentialAction\":[{\"@type\":\"SearchAction\",\"target\":{\"@type\":\"EntryPoint\",\"urlTemplate\":\"https:\/\/gijonbasket.com\/?s={search_term_string}\"},\"query-input\":{\"@type\":\"PropertyValueSpecification\",\"valueRequired\":true,\"valueName\":\"search_term_string\"}}],\"inLanguage\":\"en-US\"},{\"@type\":\"Organization\",\"@id\":\"https:\/\/gijonbasket.com\/#organization\",\"name\":\"gijonbasket\",\"url\":\"https:\/\/gijonbasket.com\/\",\"logo\":{\"@type\":\"ImageObject\",\"inLanguage\":\"en-US\",\"@id\":\"https:\/\/gijonbasket.com\/#\/schema\/logo\/image\/\",\"url\":\"https:\/\/gijonbasket.com\/wp-content\/uploads\/2023\/03\/LogoGijonBasket2.jpg\",\"contentUrl\":\"https:\/\/gijonbasket.com\/wp-content\/uploads\/2023\/03\/LogoGijonBasket2.jpg\",\"width\":2000,\"height\":550,\"caption\":\"gijonbasket\"},\"image\":{\"@id\":\"https:\/\/gijonbasket.com\/#\/schema\/logo\/image\/\"}},{\"@type\":\"Person\",\"@id\":\"https:\/\/gijonbasket.com\/#\/schema\/person\/91af9ff03e8eab582ccc344b715907c0\",\"name\":\"Cesar Morales\",\"image\":{\"@type\":\"ImageObject\",\"inLanguage\":\"en-US\",\"@id\":\"https:\/\/gijonbasket.com\/#\/schema\/person\/image\/\",\"url\":\"https:\/\/secure.gravatar.com\/avatar\/ab9ddf1e87f7580cae3deefb05a58c5cf4f0c7f96f033fd7dacc23f0e8d149ca?s=96&d=mm&r=g\",\"contentUrl\":\"https:\/\/secure.gravatar.com\/avatar\/ab9ddf1e87f7580cae3deefb05a58c5cf4f0c7f96f033fd7dacc23f0e8d149ca?s=96&d=mm&r=g\",\"caption\":\"Cesar Morales\"},\"url\":\"https:\/\/gijonbasket.com\/en\/author\/cesar\/\"}]}<\/script>\n<!-- \/ Yoast SEO plugin. -->","yoast_head_json":{"title":"Jamal Murray nueva lesi\u00f3n con los Nuggets - gijonbasket","robots":{"index":"index","follow":"follow","max-snippet":"max-snippet:-1","max-image-preview":"max-image-preview:large","max-video-preview":"max-video-preview:-1"},"canonical":"https:\/\/gijonbasket.com\/en\/2024\/03\/02\/jamal-murray-nueva-lesion-con-los-nuggets\/","og_locale":"en_US","og_type":"article","og_title":"Jamal Murray nueva lesi\u00f3n con los Nuggets - gijonbasket","og_description":"Nuevo contratiempo para los Denver Nuggets por la lesi\u00f3n de Jamal Murray al sufrir un esguince en su tobillo derecho. El base canadiense de 27 a\u00f1os y 1.93 m., estrella de los Nuggets junto a Nikola Jokic, inicio la presente temporada lesionado lo que supuso perderse los primeros 11 partidos, por una dolencia en el&hellip;&nbsp;Read More &raquo;Jamal Murray nueva lesi\u00f3n con los Nuggets","og_url":"https:\/\/gijonbasket.com\/en\/2024\/03\/02\/jamal-murray-nueva-lesion-con-los-nuggets\/","og_site_name":"gijonbasket","article_published_time":"2024-03-02T08:51:48+00:00","author":"Cesar Morales","twitter_card":"summary_large_image","twitter_misc":{"Written by":"Cesar Morales"},"schema":{"@context":"https:\/\/schema.org","@graph":[{"@type":"Article","@id":"https:\/\/gijonbasket.com\/2024\/03\/02\/jamal-murray-nueva-lesion-con-los-nuggets\/#article","isPartOf":{"@id":"https:\/\/gijonbasket.com\/2024\/03\/02\/jamal-murray-nueva-lesion-con-los-nuggets\/"},"author":{"name":"Cesar Morales","@id":"https:\/\/gijonbasket.com\/#\/schema\/person\/91af9ff03e8eab582ccc344b715907c0"},"headline":"Jamal Murray nueva lesi\u00f3n con los Nuggets","datePublished":"2024-03-02T08:51:48+00:00","dateModified":"2024-03-02T08:51:48+00:00","mainEntityOfPage":{"@id":"https:\/\/gijonbasket.com\/2024\/03\/02\/jamal-murray-nueva-lesion-con-los-nuggets\/"},"wordCount":107,"commentCount":0,"publisher":{"@id":"https:\/\/gijonbasket.com\/#organization"},"articleSection":["noticias"],"inLanguage":"en-US","potentialAction":[{"@type":"CommentAction","name":"Comment","target":["https:\/\/gijonbasket.com\/2024\/03\/02\/jamal-murray-nueva-lesion-con-los-nuggets\/#respond"]}]},{"@type":"WebPage","@id":"https:\/\/gijonbasket.com\/2024\/03\/02\/jamal-murray-nueva-lesion-con-los-nuggets\/","url":"https:\/\/gijonbasket.com\/2024\/03\/02\/jamal-murray-nueva-lesion-con-los-nuggets\/","name":"Jamal Murray nueva lesi\u00f3n con los Nuggets - gijonbasket","isPartOf":{"@id":"https:\/\/gijonbasket.com\/#website"},"datePublished":"2024-03-02T08:51:48+00:00","dateModified":"2024-03-02T08:51:48+00:00","breadcrumb":{"@id":"https:\/\/gijonbasket.com\/2024\/03\/02\/jamal-murray-nueva-lesion-con-los-nuggets\/#breadcrumb"},"inLanguage":"en-US","potentialAction":[{"@type":"ReadAction","target":["https:\/\/gijonbasket.com\/2024\/03\/02\/jamal-murray-nueva-lesion-con-los-nuggets\/"]}]},{"@type":"BreadcrumbList","@id":"https:\/\/gijonbasket.com\/2024\/03\/02\/jamal-murray-nueva-lesion-con-los-nuggets\/#breadcrumb","itemListElement":[{"@type":"ListItem","position":1,"name":"Portada","item":"https:\/\/gijonbasket.com\/"},{"@type":"ListItem","position":2,"name":"Jamal Murray nueva lesi\u00f3n con los Nuggets"}]},{"@type":"WebSite","@id":"https:\/\/gijonbasket.com\/#website","url":"https:\/\/gijonbasket.com\/","name":"gijonbasket","description":"","publisher":{"@id":"https:\/\/gijonbasket.com\/#organization"},"potentialAction":[{"@type":"SearchAction","target":{"@type":"EntryPoint","urlTemplate":"https:\/\/gijonbasket.com\/?s={search_term_string}"},"query-input":{"@type":"PropertyValueSpecification","valueRequired":true,"valueName":"search_term_string"}}],"inLanguage":"en-US"},{"@type":"Organization","@id":"https:\/\/gijonbasket.com\/#organization","name":"gijonbasket","url":"https:\/\/gijonbasket.com\/","logo":{"@type":"ImageObject","inLanguage":"en-US","@id":"https:\/\/gijonbasket.com\/#\/schema\/logo\/image\/","url":"https:\/\/gijonbasket.com\/wp-content\/uploads\/2023\/03\/LogoGijonBasket2.jpg","contentUrl":"https:\/\/gijonbasket.com\/wp-content\/uploads\/2023\/03\/LogoGijonBasket2.jpg","width":2000,"height":550,"caption":"gijonbasket"},"image":{"@id":"https:\/\/gijonbasket.com\/#\/schema\/logo\/image\/"}},{"@type":"Person","@id":"https:\/\/gijonbasket.com\/#\/schema\/person\/91af9ff03e8eab582ccc344b715907c0","name":"Cesar Morales","image":{"@type":"ImageObject","inLanguage":"en-US","@id":"https:\/\/gijonbasket.com\/#\/schema\/person\/image\/","url":"https:\/\/secure.gravatar.com\/avatar\/ab9ddf1e87f7580cae3deefb05a58c5cf4f0c7f96f033fd7dacc23f0e8d149ca?s=96&d=mm&r=g","contentUrl":"https:\/\/secure.gravatar.com\/avatar\/ab9ddf1e87f7580cae3deefb05a58c5cf4f0c7f96f033fd7dacc23f0e8d149ca?s=96&d=mm&r=g","caption":"Cesar Morales"},"url":"https:\/\/gijonbasket.com\/en\/author\/cesar\/"}]}},"_links":{"self":[{"href":"https:\/\/gijonbasket.com\/en\/wp-json\/wp\/v2\/posts\/2970","targetHints":{"allow":["GET"]}}],"collection":[{"href":"https:\/\/gijonbasket.com\/en\/wp-json\/wp\/v2\/posts"}],"about":[{"href":"https:\/\/gijonbasket.com\/en\/wp-json\/wp\/v2\/types\/post"}],"author":[{"embeddable":true,"href":"https:\/\/gijonbasket.com\/en\/wp-json\/wp\/v2\/users\/2"}],"replies":[{"embeddable":true,"href":"https:\/\/gijonbasket.com\/en\/wp-json\/wp\/v2\/comments?post=2970"}],"version-history":[{"count":1,"href":"https:\/\/gijonbasket.com\/en\/wp-json\/wp\/v2\/posts\/2970\/revisions"}],"predecessor-version":[{"id":2971,"href":"https:\/\/gijonbasket.com\/en\/wp-json\/wp\/v2\/posts\/2970\/revisions\/2971"}],"wp:attachment":[{"href":"https:\/\/gijonbasket.com\/en\/wp-json\/wp\/v2\/media?parent=2970"}],"wp:term":[{"taxonomy":"category","embeddable":true,"href":"https:\/\/gijonbasket.com\/en\/wp-json\/wp\/v2\/categories?post=2970"},{"taxonomy":"post_tag","embeddable":true,"href":"https:\/\/gijonbasket.com\/en\/wp-json\/wp\/v2\/tags?post=2970"}],"curies":[{"name":"wp","href":"https:\/\/api.w.org\/{rel}","templated":true}]}}