{"id":3159,"date":"2024-03-28T10:37:46","date_gmt":"2024-03-28T09:37:46","guid":{"rendered":"https:\/\/gijonbasket.com\/?p=3159"},"modified":"2024-03-28T10:43:09","modified_gmt":"2024-03-28T09:43:09","slug":"zaid-hearst-desvinculacion-en-el-melilla-ciudad-del-deporte","status":"publish","type":"post","link":"https:\/\/gijonbasket.com\/en\/2024\/03\/28\/zaid-hearst-desvinculacion-en-el-melilla-ciudad-del-deporte\/","title":{"rendered":"Zaid Hearst desvinculaci\u00f3n en el Melilla Ciudad del Deporte"},"content":{"rendered":"<p>El Melilla Ciudad del Deporte oficializ\u00f3 la rescisi\u00f3n de contrato con Zaid Hearst, que abandona el conjunto melillense, tras su incorporaci\u00f3n el pasado 12 de diciembre.<\/p>\n\n\n\n<p>El base estadounidense de 30 a\u00f1os y 1.93 m., con pasaporte nigeriano, disput\u00f3 9 encuentros con el Melilla Ciudad del Deporte promediando 6.4 ppp; 1.2 rpp.<\/p>\n\n\n\n<p>El Uni\u00f3n Financiera Baloncesto Oviedo fue su primer equipo en Espa\u00f1a en la temporada 2015\/2016.<\/p>\n\n\n\n<p>Su rendimiento con el Uni\u00f3n Financiera Baloncesto Oviedo, supuso su fichaje por el S\u00e1enz Horeca Araberri (2016\/2017), donde se proclam\u00f3 m\u00e1ximo anotador de la LEB Oro con Arturo \u00c1lvarez como t\u00e9cnico.<\/p>\n\n\n\n<p>Zaid Hearst tambi\u00e9n milit\u00f3 en HLA Alicante y Leyma Coru\u00f1a en la temporada 2021\/2022.<\/p>","protected":false},"excerpt":{"rendered":"<p>El Melilla Ciudad del Deporte oficializ\u00f3 la rescisi\u00f3n de contrato con Zaid Hearst, que abandona el conjunto melillense, tras su incorporaci\u00f3n el pasado 12 de diciembre. El base estadounidense de 30 a\u00f1os y 1.93 m., con pasaporte nigeriano, disput\u00f3 9 encuentros con el Melilla Ciudad del Deporte promediando 6.4 ppp; 1.2 rpp. El Uni\u00f3n Financiera&hellip;&nbsp;<a href=\"https:\/\/gijonbasket.com\/en\/2024\/03\/28\/zaid-hearst-desvinculacion-en-el-melilla-ciudad-del-deporte\/\" class=\"\" rel=\"bookmark\">Read More &raquo;<span class=\"screen-reader-text\">Zaid Hearst desvinculaci\u00f3n en el Melilla Ciudad del Deporte<\/span><\/a><\/p>","protected":false},"author":2,"featured_media":0,"comment_status":"open","ping_status":"open","sticky":false,"template":"","format":"standard","meta":{"neve_meta_sidebar":"","neve_meta_container":"","neve_meta_enable_content_width":"","neve_meta_content_width":0,"neve_meta_title_alignment":"","neve_meta_author_avatar":"","neve_post_elements_order":"","neve_meta_disable_header":"","neve_meta_disable_footer":"","neve_meta_disable_title":"","footnotes":""},"categories":[4],"tags":[],"class_list":["post-3159","post","type-post","status-publish","format-standard","hentry","category-noticias"],"yoast_head":"<!-- This site is optimized with the Yoast SEO plugin v23.4 - https:\/\/yoast.com\/wordpress\/plugins\/seo\/ -->\n<title>Zaid Hearst desvinculaci\u00f3n en el Melilla Ciudad del Deporte - gijonbasket<\/title>\n<meta name=\"robots\" content=\"index, follow, max-snippet:-1, max-image-preview:large, max-video-preview:-1\" \/>\n<link rel=\"canonical\" href=\"https:\/\/gijonbasket.com\/en\/2024\/03\/28\/zaid-hearst-desvinculacion-en-el-melilla-ciudad-del-deporte\/\" \/>\n<meta property=\"og:locale\" content=\"en_US\" \/>\n<meta property=\"og:type\" content=\"article\" \/>\n<meta property=\"og:title\" content=\"Zaid Hearst desvinculaci\u00f3n en el Melilla Ciudad del Deporte - gijonbasket\" \/>\n<meta property=\"og:description\" content=\"El Melilla Ciudad del Deporte oficializ\u00f3 la rescisi\u00f3n de contrato con Zaid Hearst, que abandona el conjunto melillense, tras su incorporaci\u00f3n el pasado 12 de diciembre. El base estadounidense de 30 a\u00f1os y 1.93 m., con pasaporte nigeriano, disput\u00f3 9 encuentros con el Melilla Ciudad del Deporte promediando 6.4 ppp; 1.2 rpp. El Uni\u00f3n Financiera&hellip;&nbsp;Read More &raquo;Zaid Hearst desvinculaci\u00f3n en el Melilla Ciudad del Deporte\" \/>\n<meta property=\"og:url\" content=\"https:\/\/gijonbasket.com\/en\/2024\/03\/28\/zaid-hearst-desvinculacion-en-el-melilla-ciudad-del-deporte\/\" \/>\n<meta property=\"og:site_name\" content=\"gijonbasket\" \/>\n<meta property=\"article:published_time\" content=\"2024-03-28T09:37:46+00:00\" \/>\n<meta property=\"article:modified_time\" content=\"2024-03-28T09:43:09+00:00\" \/>\n<meta name=\"author\" content=\"Cesar Morales\" \/>\n<meta name=\"twitter:card\" content=\"summary_large_image\" \/>\n<meta name=\"twitter:label1\" content=\"Written by\" \/>\n\t<meta name=\"twitter:data1\" content=\"Cesar Morales\" \/>\n\t<meta name=\"twitter:label2\" content=\"Est. reading time\" \/>\n\t<meta name=\"twitter:data2\" content=\"1 minute\" \/>\n<script type=\"application\/ld+json\" class=\"yoast-schema-graph\">{\"@context\":\"https:\/\/schema.org\",\"@graph\":[{\"@type\":\"Article\",\"@id\":\"https:\/\/gijonbasket.com\/2024\/03\/28\/zaid-hearst-desvinculacion-en-el-melilla-ciudad-del-deporte\/#article\",\"isPartOf\":{\"@id\":\"https:\/\/gijonbasket.com\/2024\/03\/28\/zaid-hearst-desvinculacion-en-el-melilla-ciudad-del-deporte\/\"},\"author\":{\"name\":\"Cesar Morales\",\"@id\":\"https:\/\/gijonbasket.com\/#\/schema\/person\/91af9ff03e8eab582ccc344b715907c0\"},\"headline\":\"Zaid Hearst desvinculaci\u00f3n en el Melilla Ciudad del Deporte\",\"datePublished\":\"2024-03-28T09:37:46+00:00\",\"dateModified\":\"2024-03-28T09:43:09+00:00\",\"mainEntityOfPage\":{\"@id\":\"https:\/\/gijonbasket.com\/2024\/03\/28\/zaid-hearst-desvinculacion-en-el-melilla-ciudad-del-deporte\/\"},\"wordCount\":124,\"commentCount\":0,\"publisher\":{\"@id\":\"https:\/\/gijonbasket.com\/#organization\"},\"articleSection\":[\"noticias\"],\"inLanguage\":\"en-US\",\"potentialAction\":[{\"@type\":\"CommentAction\",\"name\":\"Comment\",\"target\":[\"https:\/\/gijonbasket.com\/2024\/03\/28\/zaid-hearst-desvinculacion-en-el-melilla-ciudad-del-deporte\/#respond\"]}]},{\"@type\":\"WebPage\",\"@id\":\"https:\/\/gijonbasket.com\/2024\/03\/28\/zaid-hearst-desvinculacion-en-el-melilla-ciudad-del-deporte\/\",\"url\":\"https:\/\/gijonbasket.com\/2024\/03\/28\/zaid-hearst-desvinculacion-en-el-melilla-ciudad-del-deporte\/\",\"name\":\"Zaid Hearst desvinculaci\u00f3n en el Melilla Ciudad del Deporte - gijonbasket\",\"isPartOf\":{\"@id\":\"https:\/\/gijonbasket.com\/#website\"},\"datePublished\":\"2024-03-28T09:37:46+00:00\",\"dateModified\":\"2024-03-28T09:43:09+00:00\",\"breadcrumb\":{\"@id\":\"https:\/\/gijonbasket.com\/2024\/03\/28\/zaid-hearst-desvinculacion-en-el-melilla-ciudad-del-deporte\/#breadcrumb\"},\"inLanguage\":\"en-US\",\"potentialAction\":[{\"@type\":\"ReadAction\",\"target\":[\"https:\/\/gijonbasket.com\/2024\/03\/28\/zaid-hearst-desvinculacion-en-el-melilla-ciudad-del-deporte\/\"]}]},{\"@type\":\"BreadcrumbList\",\"@id\":\"https:\/\/gijonbasket.com\/2024\/03\/28\/zaid-hearst-desvinculacion-en-el-melilla-ciudad-del-deporte\/#breadcrumb\",\"itemListElement\":[{\"@type\":\"ListItem\",\"position\":1,\"name\":\"Portada\",\"item\":\"https:\/\/gijonbasket.com\/\"},{\"@type\":\"ListItem\",\"position\":2,\"name\":\"Zaid Hearst desvinculaci\u00f3n en el Melilla Ciudad del Deporte\"}]},{\"@type\":\"WebSite\",\"@id\":\"https:\/\/gijonbasket.com\/#website\",\"url\":\"https:\/\/gijonbasket.com\/\",\"name\":\"gijonbasket\",\"description\":\"\",\"publisher\":{\"@id\":\"https:\/\/gijonbasket.com\/#organization\"},\"potentialAction\":[{\"@type\":\"SearchAction\",\"target\":{\"@type\":\"EntryPoint\",\"urlTemplate\":\"https:\/\/gijonbasket.com\/?s={search_term_string}\"},\"query-input\":{\"@type\":\"PropertyValueSpecification\",\"valueRequired\":true,\"valueName\":\"search_term_string\"}}],\"inLanguage\":\"en-US\"},{\"@type\":\"Organization\",\"@id\":\"https:\/\/gijonbasket.com\/#organization\",\"name\":\"gijonbasket\",\"url\":\"https:\/\/gijonbasket.com\/\",\"logo\":{\"@type\":\"ImageObject\",\"inLanguage\":\"en-US\",\"@id\":\"https:\/\/gijonbasket.com\/#\/schema\/logo\/image\/\",\"url\":\"https:\/\/gijonbasket.com\/wp-content\/uploads\/2023\/03\/LogoGijonBasket2.jpg\",\"contentUrl\":\"https:\/\/gijonbasket.com\/wp-content\/uploads\/2023\/03\/LogoGijonBasket2.jpg\",\"width\":2000,\"height\":550,\"caption\":\"gijonbasket\"},\"image\":{\"@id\":\"https:\/\/gijonbasket.com\/#\/schema\/logo\/image\/\"}},{\"@type\":\"Person\",\"@id\":\"https:\/\/gijonbasket.com\/#\/schema\/person\/91af9ff03e8eab582ccc344b715907c0\",\"name\":\"Cesar Morales\",\"image\":{\"@type\":\"ImageObject\",\"inLanguage\":\"en-US\",\"@id\":\"https:\/\/gijonbasket.com\/#\/schema\/person\/image\/\",\"url\":\"https:\/\/secure.gravatar.com\/avatar\/ab9ddf1e87f7580cae3deefb05a58c5cf4f0c7f96f033fd7dacc23f0e8d149ca?s=96&d=mm&r=g\",\"contentUrl\":\"https:\/\/secure.gravatar.com\/avatar\/ab9ddf1e87f7580cae3deefb05a58c5cf4f0c7f96f033fd7dacc23f0e8d149ca?s=96&d=mm&r=g\",\"caption\":\"Cesar Morales\"},\"url\":\"https:\/\/gijonbasket.com\/en\/author\/cesar\/\"}]}<\/script>\n<!-- \/ Yoast SEO plugin. -->","yoast_head_json":{"title":"Zaid Hearst desvinculaci\u00f3n en el Melilla Ciudad del Deporte - gijonbasket","robots":{"index":"index","follow":"follow","max-snippet":"max-snippet:-1","max-image-preview":"max-image-preview:large","max-video-preview":"max-video-preview:-1"},"canonical":"https:\/\/gijonbasket.com\/en\/2024\/03\/28\/zaid-hearst-desvinculacion-en-el-melilla-ciudad-del-deporte\/","og_locale":"en_US","og_type":"article","og_title":"Zaid Hearst desvinculaci\u00f3n en el Melilla Ciudad del Deporte - gijonbasket","og_description":"El Melilla Ciudad del Deporte oficializ\u00f3 la rescisi\u00f3n de contrato con Zaid Hearst, que abandona el conjunto melillense, tras su incorporaci\u00f3n el pasado 12 de diciembre. El base estadounidense de 30 a\u00f1os y 1.93 m., con pasaporte nigeriano, disput\u00f3 9 encuentros con el Melilla Ciudad del Deporte promediando 6.4 ppp; 1.2 rpp. El Uni\u00f3n Financiera&hellip;&nbsp;Read More &raquo;Zaid Hearst desvinculaci\u00f3n en el Melilla Ciudad del Deporte","og_url":"https:\/\/gijonbasket.com\/en\/2024\/03\/28\/zaid-hearst-desvinculacion-en-el-melilla-ciudad-del-deporte\/","og_site_name":"gijonbasket","article_published_time":"2024-03-28T09:37:46+00:00","article_modified_time":"2024-03-28T09:43:09+00:00","author":"Cesar Morales","twitter_card":"summary_large_image","twitter_misc":{"Written by":"Cesar Morales","Est. reading time":"1 minute"},"schema":{"@context":"https:\/\/schema.org","@graph":[{"@type":"Article","@id":"https:\/\/gijonbasket.com\/2024\/03\/28\/zaid-hearst-desvinculacion-en-el-melilla-ciudad-del-deporte\/#article","isPartOf":{"@id":"https:\/\/gijonbasket.com\/2024\/03\/28\/zaid-hearst-desvinculacion-en-el-melilla-ciudad-del-deporte\/"},"author":{"name":"Cesar Morales","@id":"https:\/\/gijonbasket.com\/#\/schema\/person\/91af9ff03e8eab582ccc344b715907c0"},"headline":"Zaid Hearst desvinculaci\u00f3n en el Melilla Ciudad del Deporte","datePublished":"2024-03-28T09:37:46+00:00","dateModified":"2024-03-28T09:43:09+00:00","mainEntityOfPage":{"@id":"https:\/\/gijonbasket.com\/2024\/03\/28\/zaid-hearst-desvinculacion-en-el-melilla-ciudad-del-deporte\/"},"wordCount":124,"commentCount":0,"publisher":{"@id":"https:\/\/gijonbasket.com\/#organization"},"articleSection":["noticias"],"inLanguage":"en-US","potentialAction":[{"@type":"CommentAction","name":"Comment","target":["https:\/\/gijonbasket.com\/2024\/03\/28\/zaid-hearst-desvinculacion-en-el-melilla-ciudad-del-deporte\/#respond"]}]},{"@type":"WebPage","@id":"https:\/\/gijonbasket.com\/2024\/03\/28\/zaid-hearst-desvinculacion-en-el-melilla-ciudad-del-deporte\/","url":"https:\/\/gijonbasket.com\/2024\/03\/28\/zaid-hearst-desvinculacion-en-el-melilla-ciudad-del-deporte\/","name":"Zaid Hearst desvinculaci\u00f3n en el Melilla Ciudad del Deporte - gijonbasket","isPartOf":{"@id":"https:\/\/gijonbasket.com\/#website"},"datePublished":"2024-03-28T09:37:46+00:00","dateModified":"2024-03-28T09:43:09+00:00","breadcrumb":{"@id":"https:\/\/gijonbasket.com\/2024\/03\/28\/zaid-hearst-desvinculacion-en-el-melilla-ciudad-del-deporte\/#breadcrumb"},"inLanguage":"en-US","potentialAction":[{"@type":"ReadAction","target":["https:\/\/gijonbasket.com\/2024\/03\/28\/zaid-hearst-desvinculacion-en-el-melilla-ciudad-del-deporte\/"]}]},{"@type":"BreadcrumbList","@id":"https:\/\/gijonbasket.com\/2024\/03\/28\/zaid-hearst-desvinculacion-en-el-melilla-ciudad-del-deporte\/#breadcrumb","itemListElement":[{"@type":"ListItem","position":1,"name":"Portada","item":"https:\/\/gijonbasket.com\/"},{"@type":"ListItem","position":2,"name":"Zaid Hearst desvinculaci\u00f3n en el Melilla Ciudad del Deporte"}]},{"@type":"WebSite","@id":"https:\/\/gijonbasket.com\/#website","url":"https:\/\/gijonbasket.com\/","name":"gijonbasket","description":"","publisher":{"@id":"https:\/\/gijonbasket.com\/#organization"},"potentialAction":[{"@type":"SearchAction","target":{"@type":"EntryPoint","urlTemplate":"https:\/\/gijonbasket.com\/?s={search_term_string}"},"query-input":{"@type":"PropertyValueSpecification","valueRequired":true,"valueName":"search_term_string"}}],"inLanguage":"en-US"},{"@type":"Organization","@id":"https:\/\/gijonbasket.com\/#organization","name":"gijonbasket","url":"https:\/\/gijonbasket.com\/","logo":{"@type":"ImageObject","inLanguage":"en-US","@id":"https:\/\/gijonbasket.com\/#\/schema\/logo\/image\/","url":"https:\/\/gijonbasket.com\/wp-content\/uploads\/2023\/03\/LogoGijonBasket2.jpg","contentUrl":"https:\/\/gijonbasket.com\/wp-content\/uploads\/2023\/03\/LogoGijonBasket2.jpg","width":2000,"height":550,"caption":"gijonbasket"},"image":{"@id":"https:\/\/gijonbasket.com\/#\/schema\/logo\/image\/"}},{"@type":"Person","@id":"https:\/\/gijonbasket.com\/#\/schema\/person\/91af9ff03e8eab582ccc344b715907c0","name":"Cesar Morales","image":{"@type":"ImageObject","inLanguage":"en-US","@id":"https:\/\/gijonbasket.com\/#\/schema\/person\/image\/","url":"https:\/\/secure.gravatar.com\/avatar\/ab9ddf1e87f7580cae3deefb05a58c5cf4f0c7f96f033fd7dacc23f0e8d149ca?s=96&d=mm&r=g","contentUrl":"https:\/\/secure.gravatar.com\/avatar\/ab9ddf1e87f7580cae3deefb05a58c5cf4f0c7f96f033fd7dacc23f0e8d149ca?s=96&d=mm&r=g","caption":"Cesar Morales"},"url":"https:\/\/gijonbasket.com\/en\/author\/cesar\/"}]}},"_links":{"self":[{"href":"https:\/\/gijonbasket.com\/en\/wp-json\/wp\/v2\/posts\/3159","targetHints":{"allow":["GET"]}}],"collection":[{"href":"https:\/\/gijonbasket.com\/en\/wp-json\/wp\/v2\/posts"}],"about":[{"href":"https:\/\/gijonbasket.com\/en\/wp-json\/wp\/v2\/types\/post"}],"author":[{"embeddable":true,"href":"https:\/\/gijonbasket.com\/en\/wp-json\/wp\/v2\/users\/2"}],"replies":[{"embeddable":true,"href":"https:\/\/gijonbasket.com\/en\/wp-json\/wp\/v2\/comments?post=3159"}],"version-history":[{"count":2,"href":"https:\/\/gijonbasket.com\/en\/wp-json\/wp\/v2\/posts\/3159\/revisions"}],"predecessor-version":[{"id":3162,"href":"https:\/\/gijonbasket.com\/en\/wp-json\/wp\/v2\/posts\/3159\/revisions\/3162"}],"wp:attachment":[{"href":"https:\/\/gijonbasket.com\/en\/wp-json\/wp\/v2\/media?parent=3159"}],"wp:term":[{"taxonomy":"category","embeddable":true,"href":"https:\/\/gijonbasket.com\/en\/wp-json\/wp\/v2\/categories?post=3159"},{"taxonomy":"post_tag","embeddable":true,"href":"https:\/\/gijonbasket.com\/en\/wp-json\/wp\/v2\/tags?post=3159"}],"curies":[{"name":"wp","href":"https:\/\/api.w.org\/{rel}","templated":true}]}}