{"id":389,"date":"2023-03-18T09:11:00","date_gmt":"2023-03-18T09:11:00","guid":{"rendered":"https:\/\/gijonbasket.com\/?p=389"},"modified":"2023-04-07T11:30:58","modified_gmt":"2023-04-07T09:30:58","slug":"gijonbasket","status":"publish","type":"post","link":"https:\/\/gijonbasket.com\/en\/2023\/03\/18\/gijonbasket\/","title":{"rendered":"Durand Scott nuevo fichaje del Alimerka Oviedo Baloncesto"},"content":{"rendered":"<p>Durand Scott (Maccabi Ashdod BC), escolta estadounidense con nacionalidad jamaicana de 33 a\u00f1os y 1.96 m., nuevo fichaje del Alimerka Oviedo Baloncesto con una opci\u00f3n de corte en las dos primeras semanas de contrato.<\/p>\n\n\n\n<p>Sexto fichaje con la temporada en curso tras Aleksandar Andrejevic, Rafael Casanova, Clevon Brown, Marc Pe\u00f1arroya y Fabio Santana.<\/p>\n\n\n\n<p>Durand Scott cuenta con una amplia experiencia en su trayectoria profesional tras jugar en U.S.A., Israel, Italia, Alemania, Francia, Hungria y Espa\u00f1a.<\/p>\n\n\n\n<p>En nuestro pa\u00eds milit\u00f3 en las filas del R\u00edo Natura Monbus en la temporada 2013\/2014 (Liga Endesa) promediando 4.6 ppp; 1.2 rpp en 29 partidos.<\/p>\n\n\n\n<p>Su condici\u00f3n Cotonou le permite no ocupar plaza como jugador extracomunitario.<\/p>\n\n\n\n<p>Su \u00faltimo equipo fue Maccabi Ashdod BC en la temporada 2020\/2021.<\/p>\n\n\n\n<p>Pendiente de tramitar su alta en FEB por lo que no podr\u00e1 debutar hoy ante el Movistar Estudiantes.<\/p>","protected":false},"excerpt":{"rendered":"<p>Durand Scott (Maccabi Ashdod BC), escolta estadounidense con nacionalidad jamaicana de 33 a\u00f1os y 1.96 m., nuevo fichaje del Alimerka Oviedo Baloncesto con una opci\u00f3n de corte en las dos primeras semanas de contrato. Sexto fichaje con la temporada en curso tras Aleksandar Andrejevic, Rafael Casanova, Clevon Brown, Marc Pe\u00f1arroya y Fabio Santana. Durand Scott&hellip;&nbsp;<a href=\"https:\/\/gijonbasket.com\/en\/2023\/03\/18\/gijonbasket\/\" class=\"\" rel=\"bookmark\">Read More &raquo;<span class=\"screen-reader-text\">Durand Scott nuevo fichaje del Alimerka Oviedo Baloncesto<\/span><\/a><\/p>","protected":false},"author":2,"featured_media":0,"comment_status":"open","ping_status":"open","sticky":false,"template":"","format":"standard","meta":{"neve_meta_sidebar":"","neve_meta_container":"","neve_meta_enable_content_width":"","neve_meta_content_width":0,"neve_meta_title_alignment":"","neve_meta_author_avatar":"","neve_post_elements_order":"","neve_meta_disable_header":"","neve_meta_disable_footer":"","neve_meta_disable_title":"","footnotes":""},"categories":[4],"tags":[],"class_list":["post-389","post","type-post","status-publish","format-standard","hentry","category-noticias"],"yoast_head":"<!-- This site is optimized with the Yoast SEO plugin v23.4 - https:\/\/yoast.com\/wordpress\/plugins\/seo\/ -->\n<title>Durand Scott nuevo fichaje del Alimerka Oviedo Baloncesto - gijonbasket<\/title>\n<meta name=\"robots\" content=\"index, follow, max-snippet:-1, max-image-preview:large, max-video-preview:-1\" \/>\n<link rel=\"canonical\" href=\"https:\/\/gijonbasket.com\/en\/2023\/03\/18\/gijonbasket\/\" \/>\n<meta property=\"og:locale\" content=\"en_US\" \/>\n<meta property=\"og:type\" content=\"article\" \/>\n<meta property=\"og:title\" content=\"Durand Scott nuevo fichaje del Alimerka Oviedo Baloncesto - gijonbasket\" \/>\n<meta property=\"og:description\" content=\"Durand Scott (Maccabi Ashdod BC), escolta estadounidense con nacionalidad jamaicana de 33 a\u00f1os y 1.96 m., nuevo fichaje del Alimerka Oviedo Baloncesto con una opci\u00f3n de corte en las dos primeras semanas de contrato. Sexto fichaje con la temporada en curso tras Aleksandar Andrejevic, Rafael Casanova, Clevon Brown, Marc Pe\u00f1arroya y Fabio Santana. Durand Scott&hellip;&nbsp;Read More &raquo;Durand Scott nuevo fichaje del Alimerka Oviedo Baloncesto\" \/>\n<meta property=\"og:url\" content=\"https:\/\/gijonbasket.com\/en\/2023\/03\/18\/gijonbasket\/\" \/>\n<meta property=\"og:site_name\" content=\"gijonbasket\" \/>\n<meta property=\"article:published_time\" content=\"2023-03-18T09:11:00+00:00\" \/>\n<meta property=\"article:modified_time\" content=\"2023-04-07T09:30:58+00:00\" \/>\n<meta name=\"author\" content=\"Cesar Morales\" \/>\n<meta name=\"twitter:card\" content=\"summary_large_image\" \/>\n<meta name=\"twitter:label1\" content=\"Written by\" \/>\n\t<meta name=\"twitter:data1\" content=\"Cesar Morales\" \/>\n\t<meta name=\"twitter:label2\" content=\"Est. reading time\" \/>\n\t<meta name=\"twitter:data2\" content=\"1 minute\" \/>\n<script type=\"application\/ld+json\" class=\"yoast-schema-graph\">{\"@context\":\"https:\/\/schema.org\",\"@graph\":[{\"@type\":\"Article\",\"@id\":\"https:\/\/gijonbasket.com\/2023\/03\/18\/gijonbasket\/#article\",\"isPartOf\":{\"@id\":\"https:\/\/gijonbasket.com\/2023\/03\/18\/gijonbasket\/\"},\"author\":{\"name\":\"Cesar Morales\",\"@id\":\"https:\/\/gijonbasket.com\/#\/schema\/person\/91af9ff03e8eab582ccc344b715907c0\"},\"headline\":\"Durand Scott nuevo fichaje del Alimerka Oviedo Baloncesto\",\"datePublished\":\"2023-03-18T09:11:00+00:00\",\"dateModified\":\"2023-04-07T09:30:58+00:00\",\"mainEntityOfPage\":{\"@id\":\"https:\/\/gijonbasket.com\/2023\/03\/18\/gijonbasket\/\"},\"wordCount\":150,\"commentCount\":0,\"publisher\":{\"@id\":\"https:\/\/gijonbasket.com\/#organization\"},\"articleSection\":[\"noticias\"],\"inLanguage\":\"en-US\",\"potentialAction\":[{\"@type\":\"CommentAction\",\"name\":\"Comment\",\"target\":[\"https:\/\/gijonbasket.com\/2023\/03\/18\/gijonbasket\/#respond\"]}]},{\"@type\":\"WebPage\",\"@id\":\"https:\/\/gijonbasket.com\/2023\/03\/18\/gijonbasket\/\",\"url\":\"https:\/\/gijonbasket.com\/2023\/03\/18\/gijonbasket\/\",\"name\":\"Durand Scott nuevo fichaje del Alimerka Oviedo Baloncesto - gijonbasket\",\"isPartOf\":{\"@id\":\"https:\/\/gijonbasket.com\/#website\"},\"datePublished\":\"2023-03-18T09:11:00+00:00\",\"dateModified\":\"2023-04-07T09:30:58+00:00\",\"breadcrumb\":{\"@id\":\"https:\/\/gijonbasket.com\/2023\/03\/18\/gijonbasket\/#breadcrumb\"},\"inLanguage\":\"en-US\",\"potentialAction\":[{\"@type\":\"ReadAction\",\"target\":[\"https:\/\/gijonbasket.com\/2023\/03\/18\/gijonbasket\/\"]}]},{\"@type\":\"BreadcrumbList\",\"@id\":\"https:\/\/gijonbasket.com\/2023\/03\/18\/gijonbasket\/#breadcrumb\",\"itemListElement\":[{\"@type\":\"ListItem\",\"position\":1,\"name\":\"Portada\",\"item\":\"https:\/\/gijonbasket.com\/\"},{\"@type\":\"ListItem\",\"position\":2,\"name\":\"Durand Scott nuevo fichaje del Alimerka Oviedo Baloncesto\"}]},{\"@type\":\"WebSite\",\"@id\":\"https:\/\/gijonbasket.com\/#website\",\"url\":\"https:\/\/gijonbasket.com\/\",\"name\":\"gijonbasket\",\"description\":\"\",\"publisher\":{\"@id\":\"https:\/\/gijonbasket.com\/#organization\"},\"potentialAction\":[{\"@type\":\"SearchAction\",\"target\":{\"@type\":\"EntryPoint\",\"urlTemplate\":\"https:\/\/gijonbasket.com\/?s={search_term_string}\"},\"query-input\":{\"@type\":\"PropertyValueSpecification\",\"valueRequired\":true,\"valueName\":\"search_term_string\"}}],\"inLanguage\":\"en-US\"},{\"@type\":\"Organization\",\"@id\":\"https:\/\/gijonbasket.com\/#organization\",\"name\":\"gijonbasket\",\"url\":\"https:\/\/gijonbasket.com\/\",\"logo\":{\"@type\":\"ImageObject\",\"inLanguage\":\"en-US\",\"@id\":\"https:\/\/gijonbasket.com\/#\/schema\/logo\/image\/\",\"url\":\"https:\/\/gijonbasket.com\/wp-content\/uploads\/2023\/03\/LogoGijonBasket2.jpg\",\"contentUrl\":\"https:\/\/gijonbasket.com\/wp-content\/uploads\/2023\/03\/LogoGijonBasket2.jpg\",\"width\":2000,\"height\":550,\"caption\":\"gijonbasket\"},\"image\":{\"@id\":\"https:\/\/gijonbasket.com\/#\/schema\/logo\/image\/\"}},{\"@type\":\"Person\",\"@id\":\"https:\/\/gijonbasket.com\/#\/schema\/person\/91af9ff03e8eab582ccc344b715907c0\",\"name\":\"Cesar Morales\",\"image\":{\"@type\":\"ImageObject\",\"inLanguage\":\"en-US\",\"@id\":\"https:\/\/gijonbasket.com\/#\/schema\/person\/image\/\",\"url\":\"https:\/\/secure.gravatar.com\/avatar\/ab9ddf1e87f7580cae3deefb05a58c5cf4f0c7f96f033fd7dacc23f0e8d149ca?s=96&d=mm&r=g\",\"contentUrl\":\"https:\/\/secure.gravatar.com\/avatar\/ab9ddf1e87f7580cae3deefb05a58c5cf4f0c7f96f033fd7dacc23f0e8d149ca?s=96&d=mm&r=g\",\"caption\":\"Cesar Morales\"},\"url\":\"https:\/\/gijonbasket.com\/en\/author\/cesar\/\"}]}<\/script>\n<!-- \/ Yoast SEO plugin. -->","yoast_head_json":{"title":"Durand Scott nuevo fichaje del Alimerka Oviedo Baloncesto - gijonbasket","robots":{"index":"index","follow":"follow","max-snippet":"max-snippet:-1","max-image-preview":"max-image-preview:large","max-video-preview":"max-video-preview:-1"},"canonical":"https:\/\/gijonbasket.com\/en\/2023\/03\/18\/gijonbasket\/","og_locale":"en_US","og_type":"article","og_title":"Durand Scott nuevo fichaje del Alimerka Oviedo Baloncesto - gijonbasket","og_description":"Durand Scott (Maccabi Ashdod BC), escolta estadounidense con nacionalidad jamaicana de 33 a\u00f1os y 1.96 m., nuevo fichaje del Alimerka Oviedo Baloncesto con una opci\u00f3n de corte en las dos primeras semanas de contrato. Sexto fichaje con la temporada en curso tras Aleksandar Andrejevic, Rafael Casanova, Clevon Brown, Marc Pe\u00f1arroya y Fabio Santana. Durand Scott&hellip;&nbsp;Read More &raquo;Durand Scott nuevo fichaje del Alimerka Oviedo Baloncesto","og_url":"https:\/\/gijonbasket.com\/en\/2023\/03\/18\/gijonbasket\/","og_site_name":"gijonbasket","article_published_time":"2023-03-18T09:11:00+00:00","article_modified_time":"2023-04-07T09:30:58+00:00","author":"Cesar Morales","twitter_card":"summary_large_image","twitter_misc":{"Written by":"Cesar Morales","Est. reading time":"1 minute"},"schema":{"@context":"https:\/\/schema.org","@graph":[{"@type":"Article","@id":"https:\/\/gijonbasket.com\/2023\/03\/18\/gijonbasket\/#article","isPartOf":{"@id":"https:\/\/gijonbasket.com\/2023\/03\/18\/gijonbasket\/"},"author":{"name":"Cesar Morales","@id":"https:\/\/gijonbasket.com\/#\/schema\/person\/91af9ff03e8eab582ccc344b715907c0"},"headline":"Durand Scott nuevo fichaje del Alimerka Oviedo Baloncesto","datePublished":"2023-03-18T09:11:00+00:00","dateModified":"2023-04-07T09:30:58+00:00","mainEntityOfPage":{"@id":"https:\/\/gijonbasket.com\/2023\/03\/18\/gijonbasket\/"},"wordCount":150,"commentCount":0,"publisher":{"@id":"https:\/\/gijonbasket.com\/#organization"},"articleSection":["noticias"],"inLanguage":"en-US","potentialAction":[{"@type":"CommentAction","name":"Comment","target":["https:\/\/gijonbasket.com\/2023\/03\/18\/gijonbasket\/#respond"]}]},{"@type":"WebPage","@id":"https:\/\/gijonbasket.com\/2023\/03\/18\/gijonbasket\/","url":"https:\/\/gijonbasket.com\/2023\/03\/18\/gijonbasket\/","name":"Durand Scott nuevo fichaje del Alimerka Oviedo Baloncesto - gijonbasket","isPartOf":{"@id":"https:\/\/gijonbasket.com\/#website"},"datePublished":"2023-03-18T09:11:00+00:00","dateModified":"2023-04-07T09:30:58+00:00","breadcrumb":{"@id":"https:\/\/gijonbasket.com\/2023\/03\/18\/gijonbasket\/#breadcrumb"},"inLanguage":"en-US","potentialAction":[{"@type":"ReadAction","target":["https:\/\/gijonbasket.com\/2023\/03\/18\/gijonbasket\/"]}]},{"@type":"BreadcrumbList","@id":"https:\/\/gijonbasket.com\/2023\/03\/18\/gijonbasket\/#breadcrumb","itemListElement":[{"@type":"ListItem","position":1,"name":"Portada","item":"https:\/\/gijonbasket.com\/"},{"@type":"ListItem","position":2,"name":"Durand Scott nuevo fichaje del Alimerka Oviedo Baloncesto"}]},{"@type":"WebSite","@id":"https:\/\/gijonbasket.com\/#website","url":"https:\/\/gijonbasket.com\/","name":"gijonbasket","description":"","publisher":{"@id":"https:\/\/gijonbasket.com\/#organization"},"potentialAction":[{"@type":"SearchAction","target":{"@type":"EntryPoint","urlTemplate":"https:\/\/gijonbasket.com\/?s={search_term_string}"},"query-input":{"@type":"PropertyValueSpecification","valueRequired":true,"valueName":"search_term_string"}}],"inLanguage":"en-US"},{"@type":"Organization","@id":"https:\/\/gijonbasket.com\/#organization","name":"gijonbasket","url":"https:\/\/gijonbasket.com\/","logo":{"@type":"ImageObject","inLanguage":"en-US","@id":"https:\/\/gijonbasket.com\/#\/schema\/logo\/image\/","url":"https:\/\/gijonbasket.com\/wp-content\/uploads\/2023\/03\/LogoGijonBasket2.jpg","contentUrl":"https:\/\/gijonbasket.com\/wp-content\/uploads\/2023\/03\/LogoGijonBasket2.jpg","width":2000,"height":550,"caption":"gijonbasket"},"image":{"@id":"https:\/\/gijonbasket.com\/#\/schema\/logo\/image\/"}},{"@type":"Person","@id":"https:\/\/gijonbasket.com\/#\/schema\/person\/91af9ff03e8eab582ccc344b715907c0","name":"Cesar Morales","image":{"@type":"ImageObject","inLanguage":"en-US","@id":"https:\/\/gijonbasket.com\/#\/schema\/person\/image\/","url":"https:\/\/secure.gravatar.com\/avatar\/ab9ddf1e87f7580cae3deefb05a58c5cf4f0c7f96f033fd7dacc23f0e8d149ca?s=96&d=mm&r=g","contentUrl":"https:\/\/secure.gravatar.com\/avatar\/ab9ddf1e87f7580cae3deefb05a58c5cf4f0c7f96f033fd7dacc23f0e8d149ca?s=96&d=mm&r=g","caption":"Cesar Morales"},"url":"https:\/\/gijonbasket.com\/en\/author\/cesar\/"}]}},"_links":{"self":[{"href":"https:\/\/gijonbasket.com\/en\/wp-json\/wp\/v2\/posts\/389","targetHints":{"allow":["GET"]}}],"collection":[{"href":"https:\/\/gijonbasket.com\/en\/wp-json\/wp\/v2\/posts"}],"about":[{"href":"https:\/\/gijonbasket.com\/en\/wp-json\/wp\/v2\/types\/post"}],"author":[{"embeddable":true,"href":"https:\/\/gijonbasket.com\/en\/wp-json\/wp\/v2\/users\/2"}],"replies":[{"embeddable":true,"href":"https:\/\/gijonbasket.com\/en\/wp-json\/wp\/v2\/comments?post=389"}],"version-history":[{"count":2,"href":"https:\/\/gijonbasket.com\/en\/wp-json\/wp\/v2\/posts\/389\/revisions"}],"predecessor-version":[{"id":738,"href":"https:\/\/gijonbasket.com\/en\/wp-json\/wp\/v2\/posts\/389\/revisions\/738"}],"wp:attachment":[{"href":"https:\/\/gijonbasket.com\/en\/wp-json\/wp\/v2\/media?parent=389"}],"wp:term":[{"taxonomy":"category","embeddable":true,"href":"https:\/\/gijonbasket.com\/en\/wp-json\/wp\/v2\/categories?post=389"},{"taxonomy":"post_tag","embeddable":true,"href":"https:\/\/gijonbasket.com\/en\/wp-json\/wp\/v2\/tags?post=389"}],"curies":[{"name":"wp","href":"https:\/\/api.w.org\/{rel}","templated":true}]}}