{"id":3894,"date":"2024-06-19T14:13:03","date_gmt":"2024-06-19T12:13:03","guid":{"rendered":"https:\/\/gijonbasket.com\/?p=3894"},"modified":"2024-06-19T14:13:03","modified_gmt":"2024-06-19T12:13:03","slug":"sergio-rodriguez-anuncia-su-retirada-a-los-38-anos","status":"publish","type":"post","link":"https:\/\/gijonbasket.com\/en\/2024\/06\/19\/sergio-rodriguez-anuncia-su-retirada-a-los-38-anos\/","title":{"rendered":"Sergio Rodr\u00edguez anuncia su retirada a los 38 a\u00f1os"},"content":{"rendered":"<p>Sergio Rodr\u00edguez, base de 38 a\u00f1os y 1.91 m. hist\u00f3rico del baloncesto nacional, anunci\u00f3 su retirada del baloncesto profesional tras 20 temporadas en activo.<\/p>\n\n\n\n<p>Su segunda etapa en el Real Madrid, dos \u00faltimas temporadas, culminada en la reci\u00e9n finalizada con la conquista del triplete formado por Liga Endesa, Copa del Rey y SuperCopa Endesa, pone el broche de oro a una espectacular carrera.<\/p>\n\n\n\n<p>Formado en la cantera del Estudiantes para militar en el primer equipo durante tres temporadas (2003\/2004; 2004\/2005; 2005\/2006).<\/p>\n\n\n\n<p>Seleccionado en NBA Draft 2006 por los Phoenix Suns con n\u00ba 27 siendo posteriormente sus derechos traspasados a Portland Trail Blazers.<\/p>\n\n\n\n<p>Sergio Rodr\u00edguez debut\u00f3 en la NBA con los Portland Trail Blazers (2003\/2004), franquicia hist\u00f3ricamente vinculada con el Real Madrid tras el paso de Fernando Mart\u00edn, Drazen Petrovic y Rudy Fern\u00e1ndez. En los Blazers milit\u00f3 hasta el final de la temporada 2008\/2009. La temporada 2009\/2010 milit\u00f3 en Sacramento Kings y New York Knicks.<\/p>\n\n\n\n<p>Regreso a Europa de la mano del Real Madrid, para permanecer seis temporada (2010\/2011; 2011\/2012; 2012\/2013; 2013\/2014; 2014\/2015; 2015\/2016), destacando el t\u00edtulo de Euroliga (2014\/2015).<\/p>\n\n\n\n<p>Vuelta a la NBA con Philadelphia 76 ers (2016\/2017).<\/p>\n\n\n\n<p>Nuevo regreso a Europa para recalar en el CSKA Moscu (2017\/2018; 2018\/2019) destacando el t\u00edtulo de Euroliga (2018\/2019).<\/p>\n\n\n\n<p>EA7 Emporio Armani Milan durante tres temporadas (2019\/2020; 2020\/2021; 2021\/2022) previa a su segunda y \u00faltima etapa con el Real Madrid.<\/p>\n\n\n\n<p>Sergio Rodr\u00edguez conquist\u00f3 su tercer t\u00edtulo de Euroliga (2022\/2023), segundo en su segunda etapa con el Real Madrid.<\/p>\n\n\n\n<p>El palmar\u00e9s de Sergio Rodr\u00edguez a nivel de clubes destacan 3 Euroliga, 4 Liga Endesa, 5 Copa del Rey, 1 FIBA Copa Intercontinental.<\/p>\n\n\n\n<p>Con Espa\u00f1a, Sergio Rodr\u00edguez conquist\u00f3 la Copa del Mundo Jap\u00f3n 2006, Medalla de Plata JJ.OO. Londr\u00e9s 2012, Medalla de Bronce R\u00edo de Janeiro 2016, Campe\u00f3n EuroBasket Francia 2015, Medalla de Plata EuroBasket Espa\u00f1a 2007, Medalla de Bronce EuroBasket Eslovenia 2013 y Medalla de Bronce EuroBasket Turqu\u00eda 2017.<\/p>\n\n\n\n<p>El Real Madrid despide a dos de sus leyendas que se retiran como Sergio Rodr\u00edguez y Rudy Fern\u00e1ndez.<\/p>","protected":false},"excerpt":{"rendered":"<p>Sergio Rodr\u00edguez, base de 38 a\u00f1os y 1.91 m. hist\u00f3rico del baloncesto nacional, anunci\u00f3 su retirada del baloncesto profesional tras 20 temporadas en activo. Su segunda etapa en el Real Madrid, dos \u00faltimas temporadas, culminada en la reci\u00e9n finalizada con la conquista del triplete formado por Liga Endesa, Copa del Rey y SuperCopa Endesa, pone&hellip;&nbsp;<a href=\"https:\/\/gijonbasket.com\/en\/2024\/06\/19\/sergio-rodriguez-anuncia-su-retirada-a-los-38-anos\/\" class=\"\" rel=\"bookmark\">Read More &raquo;<span class=\"screen-reader-text\">Sergio Rodr\u00edguez anuncia su retirada a los 38 a\u00f1os<\/span><\/a><\/p>","protected":false},"author":2,"featured_media":0,"comment_status":"open","ping_status":"open","sticky":false,"template":"","format":"standard","meta":{"neve_meta_sidebar":"","neve_meta_container":"","neve_meta_enable_content_width":"","neve_meta_content_width":0,"neve_meta_title_alignment":"","neve_meta_author_avatar":"","neve_post_elements_order":"","neve_meta_disable_header":"","neve_meta_disable_footer":"","neve_meta_disable_title":"","footnotes":""},"categories":[4],"tags":[],"class_list":["post-3894","post","type-post","status-publish","format-standard","hentry","category-noticias"],"yoast_head":"<!-- This site is optimized with the Yoast SEO plugin v23.4 - https:\/\/yoast.com\/wordpress\/plugins\/seo\/ -->\n<title>Sergio Rodr\u00edguez anuncia su retirada a los 38 a\u00f1os - gijonbasket<\/title>\n<meta name=\"robots\" content=\"index, follow, max-snippet:-1, max-image-preview:large, max-video-preview:-1\" \/>\n<link rel=\"canonical\" href=\"https:\/\/gijonbasket.com\/en\/2024\/06\/19\/sergio-rodriguez-anuncia-su-retirada-a-los-38-anos\/\" \/>\n<meta property=\"og:locale\" content=\"en_US\" \/>\n<meta property=\"og:type\" content=\"article\" \/>\n<meta property=\"og:title\" content=\"Sergio Rodr\u00edguez anuncia su retirada a los 38 a\u00f1os - gijonbasket\" \/>\n<meta property=\"og:description\" content=\"Sergio Rodr\u00edguez, base de 38 a\u00f1os y 1.91 m. hist\u00f3rico del baloncesto nacional, anunci\u00f3 su retirada del baloncesto profesional tras 20 temporadas en activo. Su segunda etapa en el Real Madrid, dos \u00faltimas temporadas, culminada en la reci\u00e9n finalizada con la conquista del triplete formado por Liga Endesa, Copa del Rey y SuperCopa Endesa, pone&hellip;&nbsp;Read More &raquo;Sergio Rodr\u00edguez anuncia su retirada a los 38 a\u00f1os\" \/>\n<meta property=\"og:url\" content=\"https:\/\/gijonbasket.com\/en\/2024\/06\/19\/sergio-rodriguez-anuncia-su-retirada-a-los-38-anos\/\" \/>\n<meta property=\"og:site_name\" content=\"gijonbasket\" \/>\n<meta property=\"article:published_time\" content=\"2024-06-19T12:13:03+00:00\" \/>\n<meta name=\"author\" content=\"Cesar Morales\" \/>\n<meta name=\"twitter:card\" content=\"summary_large_image\" \/>\n<meta name=\"twitter:label1\" content=\"Written by\" \/>\n\t<meta name=\"twitter:data1\" content=\"Cesar Morales\" \/>\n\t<meta name=\"twitter:label2\" content=\"Est. reading time\" \/>\n\t<meta name=\"twitter:data2\" content=\"2 minutes\" \/>\n<script type=\"application\/ld+json\" class=\"yoast-schema-graph\">{\"@context\":\"https:\/\/schema.org\",\"@graph\":[{\"@type\":\"Article\",\"@id\":\"https:\/\/gijonbasket.com\/2024\/06\/19\/sergio-rodriguez-anuncia-su-retirada-a-los-38-anos\/#article\",\"isPartOf\":{\"@id\":\"https:\/\/gijonbasket.com\/2024\/06\/19\/sergio-rodriguez-anuncia-su-retirada-a-los-38-anos\/\"},\"author\":{\"name\":\"Cesar Morales\",\"@id\":\"https:\/\/gijonbasket.com\/#\/schema\/person\/91af9ff03e8eab582ccc344b715907c0\"},\"headline\":\"Sergio Rodr\u00edguez anuncia su retirada a los 38 a\u00f1os\",\"datePublished\":\"2024-06-19T12:13:03+00:00\",\"dateModified\":\"2024-06-19T12:13:03+00:00\",\"mainEntityOfPage\":{\"@id\":\"https:\/\/gijonbasket.com\/2024\/06\/19\/sergio-rodriguez-anuncia-su-retirada-a-los-38-anos\/\"},\"wordCount\":330,\"commentCount\":0,\"publisher\":{\"@id\":\"https:\/\/gijonbasket.com\/#organization\"},\"articleSection\":[\"noticias\"],\"inLanguage\":\"en-US\",\"potentialAction\":[{\"@type\":\"CommentAction\",\"name\":\"Comment\",\"target\":[\"https:\/\/gijonbasket.com\/2024\/06\/19\/sergio-rodriguez-anuncia-su-retirada-a-los-38-anos\/#respond\"]}]},{\"@type\":\"WebPage\",\"@id\":\"https:\/\/gijonbasket.com\/2024\/06\/19\/sergio-rodriguez-anuncia-su-retirada-a-los-38-anos\/\",\"url\":\"https:\/\/gijonbasket.com\/2024\/06\/19\/sergio-rodriguez-anuncia-su-retirada-a-los-38-anos\/\",\"name\":\"Sergio Rodr\u00edguez anuncia su retirada a los 38 a\u00f1os - gijonbasket\",\"isPartOf\":{\"@id\":\"https:\/\/gijonbasket.com\/#website\"},\"datePublished\":\"2024-06-19T12:13:03+00:00\",\"dateModified\":\"2024-06-19T12:13:03+00:00\",\"breadcrumb\":{\"@id\":\"https:\/\/gijonbasket.com\/2024\/06\/19\/sergio-rodriguez-anuncia-su-retirada-a-los-38-anos\/#breadcrumb\"},\"inLanguage\":\"en-US\",\"potentialAction\":[{\"@type\":\"ReadAction\",\"target\":[\"https:\/\/gijonbasket.com\/2024\/06\/19\/sergio-rodriguez-anuncia-su-retirada-a-los-38-anos\/\"]}]},{\"@type\":\"BreadcrumbList\",\"@id\":\"https:\/\/gijonbasket.com\/2024\/06\/19\/sergio-rodriguez-anuncia-su-retirada-a-los-38-anos\/#breadcrumb\",\"itemListElement\":[{\"@type\":\"ListItem\",\"position\":1,\"name\":\"Portada\",\"item\":\"https:\/\/gijonbasket.com\/\"},{\"@type\":\"ListItem\",\"position\":2,\"name\":\"Sergio Rodr\u00edguez anuncia su retirada a los 38 a\u00f1os\"}]},{\"@type\":\"WebSite\",\"@id\":\"https:\/\/gijonbasket.com\/#website\",\"url\":\"https:\/\/gijonbasket.com\/\",\"name\":\"gijonbasket\",\"description\":\"\",\"publisher\":{\"@id\":\"https:\/\/gijonbasket.com\/#organization\"},\"potentialAction\":[{\"@type\":\"SearchAction\",\"target\":{\"@type\":\"EntryPoint\",\"urlTemplate\":\"https:\/\/gijonbasket.com\/?s={search_term_string}\"},\"query-input\":{\"@type\":\"PropertyValueSpecification\",\"valueRequired\":true,\"valueName\":\"search_term_string\"}}],\"inLanguage\":\"en-US\"},{\"@type\":\"Organization\",\"@id\":\"https:\/\/gijonbasket.com\/#organization\",\"name\":\"gijonbasket\",\"url\":\"https:\/\/gijonbasket.com\/\",\"logo\":{\"@type\":\"ImageObject\",\"inLanguage\":\"en-US\",\"@id\":\"https:\/\/gijonbasket.com\/#\/schema\/logo\/image\/\",\"url\":\"https:\/\/gijonbasket.com\/wp-content\/uploads\/2023\/03\/LogoGijonBasket2.jpg\",\"contentUrl\":\"https:\/\/gijonbasket.com\/wp-content\/uploads\/2023\/03\/LogoGijonBasket2.jpg\",\"width\":2000,\"height\":550,\"caption\":\"gijonbasket\"},\"image\":{\"@id\":\"https:\/\/gijonbasket.com\/#\/schema\/logo\/image\/\"}},{\"@type\":\"Person\",\"@id\":\"https:\/\/gijonbasket.com\/#\/schema\/person\/91af9ff03e8eab582ccc344b715907c0\",\"name\":\"Cesar Morales\",\"image\":{\"@type\":\"ImageObject\",\"inLanguage\":\"en-US\",\"@id\":\"https:\/\/gijonbasket.com\/#\/schema\/person\/image\/\",\"url\":\"https:\/\/secure.gravatar.com\/avatar\/ab9ddf1e87f7580cae3deefb05a58c5cf4f0c7f96f033fd7dacc23f0e8d149ca?s=96&d=mm&r=g\",\"contentUrl\":\"https:\/\/secure.gravatar.com\/avatar\/ab9ddf1e87f7580cae3deefb05a58c5cf4f0c7f96f033fd7dacc23f0e8d149ca?s=96&d=mm&r=g\",\"caption\":\"Cesar Morales\"},\"url\":\"https:\/\/gijonbasket.com\/en\/author\/cesar\/\"}]}<\/script>\n<!-- \/ Yoast SEO plugin. -->","yoast_head_json":{"title":"Sergio Rodr\u00edguez anuncia su retirada a los 38 a\u00f1os - gijonbasket","robots":{"index":"index","follow":"follow","max-snippet":"max-snippet:-1","max-image-preview":"max-image-preview:large","max-video-preview":"max-video-preview:-1"},"canonical":"https:\/\/gijonbasket.com\/en\/2024\/06\/19\/sergio-rodriguez-anuncia-su-retirada-a-los-38-anos\/","og_locale":"en_US","og_type":"article","og_title":"Sergio Rodr\u00edguez anuncia su retirada a los 38 a\u00f1os - gijonbasket","og_description":"Sergio Rodr\u00edguez, base de 38 a\u00f1os y 1.91 m. hist\u00f3rico del baloncesto nacional, anunci\u00f3 su retirada del baloncesto profesional tras 20 temporadas en activo. Su segunda etapa en el Real Madrid, dos \u00faltimas temporadas, culminada en la reci\u00e9n finalizada con la conquista del triplete formado por Liga Endesa, Copa del Rey y SuperCopa Endesa, pone&hellip;&nbsp;Read More &raquo;Sergio Rodr\u00edguez anuncia su retirada a los 38 a\u00f1os","og_url":"https:\/\/gijonbasket.com\/en\/2024\/06\/19\/sergio-rodriguez-anuncia-su-retirada-a-los-38-anos\/","og_site_name":"gijonbasket","article_published_time":"2024-06-19T12:13:03+00:00","author":"Cesar Morales","twitter_card":"summary_large_image","twitter_misc":{"Written by":"Cesar Morales","Est. reading time":"2 minutes"},"schema":{"@context":"https:\/\/schema.org","@graph":[{"@type":"Article","@id":"https:\/\/gijonbasket.com\/2024\/06\/19\/sergio-rodriguez-anuncia-su-retirada-a-los-38-anos\/#article","isPartOf":{"@id":"https:\/\/gijonbasket.com\/2024\/06\/19\/sergio-rodriguez-anuncia-su-retirada-a-los-38-anos\/"},"author":{"name":"Cesar Morales","@id":"https:\/\/gijonbasket.com\/#\/schema\/person\/91af9ff03e8eab582ccc344b715907c0"},"headline":"Sergio Rodr\u00edguez anuncia su retirada a los 38 a\u00f1os","datePublished":"2024-06-19T12:13:03+00:00","dateModified":"2024-06-19T12:13:03+00:00","mainEntityOfPage":{"@id":"https:\/\/gijonbasket.com\/2024\/06\/19\/sergio-rodriguez-anuncia-su-retirada-a-los-38-anos\/"},"wordCount":330,"commentCount":0,"publisher":{"@id":"https:\/\/gijonbasket.com\/#organization"},"articleSection":["noticias"],"inLanguage":"en-US","potentialAction":[{"@type":"CommentAction","name":"Comment","target":["https:\/\/gijonbasket.com\/2024\/06\/19\/sergio-rodriguez-anuncia-su-retirada-a-los-38-anos\/#respond"]}]},{"@type":"WebPage","@id":"https:\/\/gijonbasket.com\/2024\/06\/19\/sergio-rodriguez-anuncia-su-retirada-a-los-38-anos\/","url":"https:\/\/gijonbasket.com\/2024\/06\/19\/sergio-rodriguez-anuncia-su-retirada-a-los-38-anos\/","name":"Sergio Rodr\u00edguez anuncia su retirada a los 38 a\u00f1os - gijonbasket","isPartOf":{"@id":"https:\/\/gijonbasket.com\/#website"},"datePublished":"2024-06-19T12:13:03+00:00","dateModified":"2024-06-19T12:13:03+00:00","breadcrumb":{"@id":"https:\/\/gijonbasket.com\/2024\/06\/19\/sergio-rodriguez-anuncia-su-retirada-a-los-38-anos\/#breadcrumb"},"inLanguage":"en-US","potentialAction":[{"@type":"ReadAction","target":["https:\/\/gijonbasket.com\/2024\/06\/19\/sergio-rodriguez-anuncia-su-retirada-a-los-38-anos\/"]}]},{"@type":"BreadcrumbList","@id":"https:\/\/gijonbasket.com\/2024\/06\/19\/sergio-rodriguez-anuncia-su-retirada-a-los-38-anos\/#breadcrumb","itemListElement":[{"@type":"ListItem","position":1,"name":"Portada","item":"https:\/\/gijonbasket.com\/"},{"@type":"ListItem","position":2,"name":"Sergio Rodr\u00edguez anuncia su retirada a los 38 a\u00f1os"}]},{"@type":"WebSite","@id":"https:\/\/gijonbasket.com\/#website","url":"https:\/\/gijonbasket.com\/","name":"gijonbasket","description":"","publisher":{"@id":"https:\/\/gijonbasket.com\/#organization"},"potentialAction":[{"@type":"SearchAction","target":{"@type":"EntryPoint","urlTemplate":"https:\/\/gijonbasket.com\/?s={search_term_string}"},"query-input":{"@type":"PropertyValueSpecification","valueRequired":true,"valueName":"search_term_string"}}],"inLanguage":"en-US"},{"@type":"Organization","@id":"https:\/\/gijonbasket.com\/#organization","name":"gijonbasket","url":"https:\/\/gijonbasket.com\/","logo":{"@type":"ImageObject","inLanguage":"en-US","@id":"https:\/\/gijonbasket.com\/#\/schema\/logo\/image\/","url":"https:\/\/gijonbasket.com\/wp-content\/uploads\/2023\/03\/LogoGijonBasket2.jpg","contentUrl":"https:\/\/gijonbasket.com\/wp-content\/uploads\/2023\/03\/LogoGijonBasket2.jpg","width":2000,"height":550,"caption":"gijonbasket"},"image":{"@id":"https:\/\/gijonbasket.com\/#\/schema\/logo\/image\/"}},{"@type":"Person","@id":"https:\/\/gijonbasket.com\/#\/schema\/person\/91af9ff03e8eab582ccc344b715907c0","name":"Cesar Morales","image":{"@type":"ImageObject","inLanguage":"en-US","@id":"https:\/\/gijonbasket.com\/#\/schema\/person\/image\/","url":"https:\/\/secure.gravatar.com\/avatar\/ab9ddf1e87f7580cae3deefb05a58c5cf4f0c7f96f033fd7dacc23f0e8d149ca?s=96&d=mm&r=g","contentUrl":"https:\/\/secure.gravatar.com\/avatar\/ab9ddf1e87f7580cae3deefb05a58c5cf4f0c7f96f033fd7dacc23f0e8d149ca?s=96&d=mm&r=g","caption":"Cesar Morales"},"url":"https:\/\/gijonbasket.com\/en\/author\/cesar\/"}]}},"_links":{"self":[{"href":"https:\/\/gijonbasket.com\/en\/wp-json\/wp\/v2\/posts\/3894","targetHints":{"allow":["GET"]}}],"collection":[{"href":"https:\/\/gijonbasket.com\/en\/wp-json\/wp\/v2\/posts"}],"about":[{"href":"https:\/\/gijonbasket.com\/en\/wp-json\/wp\/v2\/types\/post"}],"author":[{"embeddable":true,"href":"https:\/\/gijonbasket.com\/en\/wp-json\/wp\/v2\/users\/2"}],"replies":[{"embeddable":true,"href":"https:\/\/gijonbasket.com\/en\/wp-json\/wp\/v2\/comments?post=3894"}],"version-history":[{"count":5,"href":"https:\/\/gijonbasket.com\/en\/wp-json\/wp\/v2\/posts\/3894\/revisions"}],"predecessor-version":[{"id":3899,"href":"https:\/\/gijonbasket.com\/en\/wp-json\/wp\/v2\/posts\/3894\/revisions\/3899"}],"wp:attachment":[{"href":"https:\/\/gijonbasket.com\/en\/wp-json\/wp\/v2\/media?parent=3894"}],"wp:term":[{"taxonomy":"category","embeddable":true,"href":"https:\/\/gijonbasket.com\/en\/wp-json\/wp\/v2\/categories?post=3894"},{"taxonomy":"post_tag","embeddable":true,"href":"https:\/\/gijonbasket.com\/en\/wp-json\/wp\/v2\/tags?post=3894"}],"curies":[{"name":"wp","href":"https:\/\/api.w.org\/{rel}","templated":true}]}}