{"id":4046,"date":"2024-06-29T23:43:57","date_gmt":"2024-06-29T21:43:57","guid":{"rendered":"https:\/\/gijonbasket.com\/?p=4046"},"modified":"2024-06-29T23:43:58","modified_gmt":"2024-06-29T21:43:58","slug":"toms-leimanis-al-monbus-obradoiro","status":"publish","type":"post","link":"https:\/\/gijonbasket.com\/en\/2024\/06\/29\/toms-leimanis-al-monbus-obradoiro\/","title":{"rendered":"Toms Leimanis al Monbus Obradoiro"},"content":{"rendered":"<p>El Monbus Obradoiro cerr\u00f3 el fichaje de Toms Leimanis procedente del Movistar Estudiantes.<\/p>\n\n\n\n<p>Base let\u00f3n de 29 a\u00f1os y 1.90 m., que estas dos \u00faltimas temporadas defendi\u00f3 los colores del Movistar Estudiantes, marcadas por los fallidos intentos de ascenso a Liga Endesa.<\/p>\n\n\n\n<p>Esta pasada temporada Toms Leimanis promedi\u00f3 8.6 ppp; 1.4 rpp; 2.2 app (Temporada Regular) y 11.6 ppp; 2.1 rpp; 1.4 app (Play-Offs Ascenso). Movistar Estudiantes a pesar del fracaso del no ascenso a Liga Endesa, logr\u00f3 proclamarse Campe\u00f3n de la Copa Princesa de Asturias superando en la final al Leyma Coru\u00f1a.<\/p>\n\n\n\n<p>Toms Leimanis se estren\u00f3 en Espa\u00f1a con el Carramimbre CBC Valladolid en la temporada 2019\/2020. Tsmoki-Minsk (2020\/2021), BC Odessa (2021\/2022) y Neptunas Klaipeda (2021\/2022) fueron sus equipos previos a su segunda etapa en Espa\u00f1a con el Movistar Estudiantes.<\/p>","protected":false},"excerpt":{"rendered":"<p>El Monbus Obradoiro cerr\u00f3 el fichaje de Toms Leimanis procedente del Movistar Estudiantes. Base let\u00f3n de 29 a\u00f1os y 1.90 m., que estas dos \u00faltimas temporadas defendi\u00f3 los colores del Movistar Estudiantes, marcadas por los fallidos intentos de ascenso a Liga Endesa. Esta pasada temporada Toms Leimanis promedi\u00f3 8.6 ppp; 1.4 rpp; 2.2 app (Temporada&hellip;&nbsp;<a href=\"https:\/\/gijonbasket.com\/en\/2024\/06\/29\/toms-leimanis-al-monbus-obradoiro\/\" class=\"\" rel=\"bookmark\">Read More &raquo;<span class=\"screen-reader-text\">Toms Leimanis al Monbus Obradoiro<\/span><\/a><\/p>","protected":false},"author":2,"featured_media":0,"comment_status":"open","ping_status":"open","sticky":false,"template":"","format":"standard","meta":{"neve_meta_sidebar":"","neve_meta_container":"","neve_meta_enable_content_width":"","neve_meta_content_width":0,"neve_meta_title_alignment":"","neve_meta_author_avatar":"","neve_post_elements_order":"","neve_meta_disable_header":"","neve_meta_disable_footer":"","neve_meta_disable_title":"","footnotes":""},"categories":[4],"tags":[],"class_list":["post-4046","post","type-post","status-publish","format-standard","hentry","category-noticias"],"yoast_head":"<!-- This site is optimized with the Yoast SEO plugin v23.4 - https:\/\/yoast.com\/wordpress\/plugins\/seo\/ -->\n<title>Toms Leimanis al Monbus Obradoiro - gijonbasket<\/title>\n<meta name=\"robots\" content=\"index, follow, max-snippet:-1, max-image-preview:large, max-video-preview:-1\" \/>\n<link rel=\"canonical\" href=\"https:\/\/gijonbasket.com\/en\/2024\/06\/29\/toms-leimanis-al-monbus-obradoiro\/\" \/>\n<meta property=\"og:locale\" content=\"en_US\" \/>\n<meta property=\"og:type\" content=\"article\" \/>\n<meta property=\"og:title\" content=\"Toms Leimanis al Monbus Obradoiro - gijonbasket\" \/>\n<meta property=\"og:description\" content=\"El Monbus Obradoiro cerr\u00f3 el fichaje de Toms Leimanis procedente del Movistar Estudiantes. Base let\u00f3n de 29 a\u00f1os y 1.90 m., que estas dos \u00faltimas temporadas defendi\u00f3 los colores del Movistar Estudiantes, marcadas por los fallidos intentos de ascenso a Liga Endesa. Esta pasada temporada Toms Leimanis promedi\u00f3 8.6 ppp; 1.4 rpp; 2.2 app (Temporada&hellip;&nbsp;Read More &raquo;Toms Leimanis al Monbus Obradoiro\" \/>\n<meta property=\"og:url\" content=\"https:\/\/gijonbasket.com\/en\/2024\/06\/29\/toms-leimanis-al-monbus-obradoiro\/\" \/>\n<meta property=\"og:site_name\" content=\"gijonbasket\" \/>\n<meta property=\"article:published_time\" content=\"2024-06-29T21:43:57+00:00\" \/>\n<meta property=\"article:modified_time\" content=\"2024-06-29T21:43:58+00:00\" \/>\n<meta name=\"author\" content=\"Cesar Morales\" \/>\n<meta name=\"twitter:card\" content=\"summary_large_image\" \/>\n<meta name=\"twitter:label1\" content=\"Written by\" \/>\n\t<meta name=\"twitter:data1\" content=\"Cesar Morales\" \/>\n\t<meta name=\"twitter:label2\" content=\"Est. reading time\" \/>\n\t<meta name=\"twitter:data2\" content=\"1 minute\" \/>\n<script type=\"application\/ld+json\" class=\"yoast-schema-graph\">{\"@context\":\"https:\/\/schema.org\",\"@graph\":[{\"@type\":\"Article\",\"@id\":\"https:\/\/gijonbasket.com\/2024\/06\/29\/toms-leimanis-al-monbus-obradoiro\/#article\",\"isPartOf\":{\"@id\":\"https:\/\/gijonbasket.com\/2024\/06\/29\/toms-leimanis-al-monbus-obradoiro\/\"},\"author\":{\"name\":\"Cesar Morales\",\"@id\":\"https:\/\/gijonbasket.com\/#\/schema\/person\/91af9ff03e8eab582ccc344b715907c0\"},\"headline\":\"Toms Leimanis al Monbus Obradoiro\",\"datePublished\":\"2024-06-29T21:43:57+00:00\",\"dateModified\":\"2024-06-29T21:43:58+00:00\",\"mainEntityOfPage\":{\"@id\":\"https:\/\/gijonbasket.com\/2024\/06\/29\/toms-leimanis-al-monbus-obradoiro\/\"},\"wordCount\":130,\"commentCount\":0,\"publisher\":{\"@id\":\"https:\/\/gijonbasket.com\/#organization\"},\"articleSection\":[\"noticias\"],\"inLanguage\":\"en-US\",\"potentialAction\":[{\"@type\":\"CommentAction\",\"name\":\"Comment\",\"target\":[\"https:\/\/gijonbasket.com\/2024\/06\/29\/toms-leimanis-al-monbus-obradoiro\/#respond\"]}]},{\"@type\":\"WebPage\",\"@id\":\"https:\/\/gijonbasket.com\/2024\/06\/29\/toms-leimanis-al-monbus-obradoiro\/\",\"url\":\"https:\/\/gijonbasket.com\/2024\/06\/29\/toms-leimanis-al-monbus-obradoiro\/\",\"name\":\"Toms Leimanis al Monbus Obradoiro - gijonbasket\",\"isPartOf\":{\"@id\":\"https:\/\/gijonbasket.com\/#website\"},\"datePublished\":\"2024-06-29T21:43:57+00:00\",\"dateModified\":\"2024-06-29T21:43:58+00:00\",\"breadcrumb\":{\"@id\":\"https:\/\/gijonbasket.com\/2024\/06\/29\/toms-leimanis-al-monbus-obradoiro\/#breadcrumb\"},\"inLanguage\":\"en-US\",\"potentialAction\":[{\"@type\":\"ReadAction\",\"target\":[\"https:\/\/gijonbasket.com\/2024\/06\/29\/toms-leimanis-al-monbus-obradoiro\/\"]}]},{\"@type\":\"BreadcrumbList\",\"@id\":\"https:\/\/gijonbasket.com\/2024\/06\/29\/toms-leimanis-al-monbus-obradoiro\/#breadcrumb\",\"itemListElement\":[{\"@type\":\"ListItem\",\"position\":1,\"name\":\"Portada\",\"item\":\"https:\/\/gijonbasket.com\/\"},{\"@type\":\"ListItem\",\"position\":2,\"name\":\"Toms Leimanis al Monbus Obradoiro\"}]},{\"@type\":\"WebSite\",\"@id\":\"https:\/\/gijonbasket.com\/#website\",\"url\":\"https:\/\/gijonbasket.com\/\",\"name\":\"gijonbasket\",\"description\":\"\",\"publisher\":{\"@id\":\"https:\/\/gijonbasket.com\/#organization\"},\"potentialAction\":[{\"@type\":\"SearchAction\",\"target\":{\"@type\":\"EntryPoint\",\"urlTemplate\":\"https:\/\/gijonbasket.com\/?s={search_term_string}\"},\"query-input\":{\"@type\":\"PropertyValueSpecification\",\"valueRequired\":true,\"valueName\":\"search_term_string\"}}],\"inLanguage\":\"en-US\"},{\"@type\":\"Organization\",\"@id\":\"https:\/\/gijonbasket.com\/#organization\",\"name\":\"gijonbasket\",\"url\":\"https:\/\/gijonbasket.com\/\",\"logo\":{\"@type\":\"ImageObject\",\"inLanguage\":\"en-US\",\"@id\":\"https:\/\/gijonbasket.com\/#\/schema\/logo\/image\/\",\"url\":\"https:\/\/gijonbasket.com\/wp-content\/uploads\/2023\/03\/LogoGijonBasket2.jpg\",\"contentUrl\":\"https:\/\/gijonbasket.com\/wp-content\/uploads\/2023\/03\/LogoGijonBasket2.jpg\",\"width\":2000,\"height\":550,\"caption\":\"gijonbasket\"},\"image\":{\"@id\":\"https:\/\/gijonbasket.com\/#\/schema\/logo\/image\/\"}},{\"@type\":\"Person\",\"@id\":\"https:\/\/gijonbasket.com\/#\/schema\/person\/91af9ff03e8eab582ccc344b715907c0\",\"name\":\"Cesar Morales\",\"image\":{\"@type\":\"ImageObject\",\"inLanguage\":\"en-US\",\"@id\":\"https:\/\/gijonbasket.com\/#\/schema\/person\/image\/\",\"url\":\"https:\/\/secure.gravatar.com\/avatar\/ab9ddf1e87f7580cae3deefb05a58c5cf4f0c7f96f033fd7dacc23f0e8d149ca?s=96&d=mm&r=g\",\"contentUrl\":\"https:\/\/secure.gravatar.com\/avatar\/ab9ddf1e87f7580cae3deefb05a58c5cf4f0c7f96f033fd7dacc23f0e8d149ca?s=96&d=mm&r=g\",\"caption\":\"Cesar Morales\"},\"url\":\"https:\/\/gijonbasket.com\/en\/author\/cesar\/\"}]}<\/script>\n<!-- \/ Yoast SEO plugin. -->","yoast_head_json":{"title":"Toms Leimanis al Monbus Obradoiro - gijonbasket","robots":{"index":"index","follow":"follow","max-snippet":"max-snippet:-1","max-image-preview":"max-image-preview:large","max-video-preview":"max-video-preview:-1"},"canonical":"https:\/\/gijonbasket.com\/en\/2024\/06\/29\/toms-leimanis-al-monbus-obradoiro\/","og_locale":"en_US","og_type":"article","og_title":"Toms Leimanis al Monbus Obradoiro - gijonbasket","og_description":"El Monbus Obradoiro cerr\u00f3 el fichaje de Toms Leimanis procedente del Movistar Estudiantes. Base let\u00f3n de 29 a\u00f1os y 1.90 m., que estas dos \u00faltimas temporadas defendi\u00f3 los colores del Movistar Estudiantes, marcadas por los fallidos intentos de ascenso a Liga Endesa. Esta pasada temporada Toms Leimanis promedi\u00f3 8.6 ppp; 1.4 rpp; 2.2 app (Temporada&hellip;&nbsp;Read More &raquo;Toms Leimanis al Monbus Obradoiro","og_url":"https:\/\/gijonbasket.com\/en\/2024\/06\/29\/toms-leimanis-al-monbus-obradoiro\/","og_site_name":"gijonbasket","article_published_time":"2024-06-29T21:43:57+00:00","article_modified_time":"2024-06-29T21:43:58+00:00","author":"Cesar Morales","twitter_card":"summary_large_image","twitter_misc":{"Written by":"Cesar Morales","Est. reading time":"1 minute"},"schema":{"@context":"https:\/\/schema.org","@graph":[{"@type":"Article","@id":"https:\/\/gijonbasket.com\/2024\/06\/29\/toms-leimanis-al-monbus-obradoiro\/#article","isPartOf":{"@id":"https:\/\/gijonbasket.com\/2024\/06\/29\/toms-leimanis-al-monbus-obradoiro\/"},"author":{"name":"Cesar Morales","@id":"https:\/\/gijonbasket.com\/#\/schema\/person\/91af9ff03e8eab582ccc344b715907c0"},"headline":"Toms Leimanis al Monbus Obradoiro","datePublished":"2024-06-29T21:43:57+00:00","dateModified":"2024-06-29T21:43:58+00:00","mainEntityOfPage":{"@id":"https:\/\/gijonbasket.com\/2024\/06\/29\/toms-leimanis-al-monbus-obradoiro\/"},"wordCount":130,"commentCount":0,"publisher":{"@id":"https:\/\/gijonbasket.com\/#organization"},"articleSection":["noticias"],"inLanguage":"en-US","potentialAction":[{"@type":"CommentAction","name":"Comment","target":["https:\/\/gijonbasket.com\/2024\/06\/29\/toms-leimanis-al-monbus-obradoiro\/#respond"]}]},{"@type":"WebPage","@id":"https:\/\/gijonbasket.com\/2024\/06\/29\/toms-leimanis-al-monbus-obradoiro\/","url":"https:\/\/gijonbasket.com\/2024\/06\/29\/toms-leimanis-al-monbus-obradoiro\/","name":"Toms Leimanis al Monbus Obradoiro - gijonbasket","isPartOf":{"@id":"https:\/\/gijonbasket.com\/#website"},"datePublished":"2024-06-29T21:43:57+00:00","dateModified":"2024-06-29T21:43:58+00:00","breadcrumb":{"@id":"https:\/\/gijonbasket.com\/2024\/06\/29\/toms-leimanis-al-monbus-obradoiro\/#breadcrumb"},"inLanguage":"en-US","potentialAction":[{"@type":"ReadAction","target":["https:\/\/gijonbasket.com\/2024\/06\/29\/toms-leimanis-al-monbus-obradoiro\/"]}]},{"@type":"BreadcrumbList","@id":"https:\/\/gijonbasket.com\/2024\/06\/29\/toms-leimanis-al-monbus-obradoiro\/#breadcrumb","itemListElement":[{"@type":"ListItem","position":1,"name":"Portada","item":"https:\/\/gijonbasket.com\/"},{"@type":"ListItem","position":2,"name":"Toms Leimanis al Monbus Obradoiro"}]},{"@type":"WebSite","@id":"https:\/\/gijonbasket.com\/#website","url":"https:\/\/gijonbasket.com\/","name":"gijonbasket","description":"","publisher":{"@id":"https:\/\/gijonbasket.com\/#organization"},"potentialAction":[{"@type":"SearchAction","target":{"@type":"EntryPoint","urlTemplate":"https:\/\/gijonbasket.com\/?s={search_term_string}"},"query-input":{"@type":"PropertyValueSpecification","valueRequired":true,"valueName":"search_term_string"}}],"inLanguage":"en-US"},{"@type":"Organization","@id":"https:\/\/gijonbasket.com\/#organization","name":"gijonbasket","url":"https:\/\/gijonbasket.com\/","logo":{"@type":"ImageObject","inLanguage":"en-US","@id":"https:\/\/gijonbasket.com\/#\/schema\/logo\/image\/","url":"https:\/\/gijonbasket.com\/wp-content\/uploads\/2023\/03\/LogoGijonBasket2.jpg","contentUrl":"https:\/\/gijonbasket.com\/wp-content\/uploads\/2023\/03\/LogoGijonBasket2.jpg","width":2000,"height":550,"caption":"gijonbasket"},"image":{"@id":"https:\/\/gijonbasket.com\/#\/schema\/logo\/image\/"}},{"@type":"Person","@id":"https:\/\/gijonbasket.com\/#\/schema\/person\/91af9ff03e8eab582ccc344b715907c0","name":"Cesar Morales","image":{"@type":"ImageObject","inLanguage":"en-US","@id":"https:\/\/gijonbasket.com\/#\/schema\/person\/image\/","url":"https:\/\/secure.gravatar.com\/avatar\/ab9ddf1e87f7580cae3deefb05a58c5cf4f0c7f96f033fd7dacc23f0e8d149ca?s=96&d=mm&r=g","contentUrl":"https:\/\/secure.gravatar.com\/avatar\/ab9ddf1e87f7580cae3deefb05a58c5cf4f0c7f96f033fd7dacc23f0e8d149ca?s=96&d=mm&r=g","caption":"Cesar Morales"},"url":"https:\/\/gijonbasket.com\/en\/author\/cesar\/"}]}},"_links":{"self":[{"href":"https:\/\/gijonbasket.com\/en\/wp-json\/wp\/v2\/posts\/4046","targetHints":{"allow":["GET"]}}],"collection":[{"href":"https:\/\/gijonbasket.com\/en\/wp-json\/wp\/v2\/posts"}],"about":[{"href":"https:\/\/gijonbasket.com\/en\/wp-json\/wp\/v2\/types\/post"}],"author":[{"embeddable":true,"href":"https:\/\/gijonbasket.com\/en\/wp-json\/wp\/v2\/users\/2"}],"replies":[{"embeddable":true,"href":"https:\/\/gijonbasket.com\/en\/wp-json\/wp\/v2\/comments?post=4046"}],"version-history":[{"count":1,"href":"https:\/\/gijonbasket.com\/en\/wp-json\/wp\/v2\/posts\/4046\/revisions"}],"predecessor-version":[{"id":4047,"href":"https:\/\/gijonbasket.com\/en\/wp-json\/wp\/v2\/posts\/4046\/revisions\/4047"}],"wp:attachment":[{"href":"https:\/\/gijonbasket.com\/en\/wp-json\/wp\/v2\/media?parent=4046"}],"wp:term":[{"taxonomy":"category","embeddable":true,"href":"https:\/\/gijonbasket.com\/en\/wp-json\/wp\/v2\/categories?post=4046"},{"taxonomy":"post_tag","embeddable":true,"href":"https:\/\/gijonbasket.com\/en\/wp-json\/wp\/v2\/tags?post=4046"}],"curies":[{"name":"wp","href":"https:\/\/api.w.org\/{rel}","templated":true}]}}