{"id":4256,"date":"2024-07-15T10:02:55","date_gmt":"2024-07-15T08:02:55","guid":{"rendered":"https:\/\/gijonbasket.com\/?p=4256"},"modified":"2024-07-15T10:02:55","modified_gmt":"2024-07-15T08:02:55","slug":"saul-pastur-de-vuelta-a-gijon-basket-2015-como-tecnico-para-la-temporada-2024-2025","status":"publish","type":"post","link":"https:\/\/gijonbasket.com\/en\/2024\/07\/15\/saul-pastur-de-vuelta-a-gijon-basket-2015-como-tecnico-para-la-temporada-2024-2025\/","title":{"rendered":"Sa\u00fal Pastur de vuelta a Gij\u00f3n Basket 2015 como t\u00e9cnico para la temporada 2024\/2025"},"content":{"rendered":"<p>Desde www.gijonbasket.com, adelantamos en exclusiva, que Sa\u00fal Pastur ser\u00e1 el t\u00e9cnico de Gij\u00f3n Basket 2015 para la pr\u00f3xima temporada.<\/p>\n\n\n\n<p>Gij\u00f3n Basket 2015 elige a Sa\u00fal Pastur, que de esta forma, regresa al equipo al que dirigi\u00f3 en la temporada 2022\/2023.<\/p>\n\n\n\n<p>Sa\u00fal Pastur se incorpor\u00f3 en la temporada 2022\/2023 a Corinto Gij\u00f3n Basket, en el momento en que Juanfran Arias se hizo cargo del banquillo gijon\u00e9s, tras la dimisi\u00f3n de Vicente \u00c1lvarez.<\/p>\n\n\n\n<p>La marcha de Juanfran Arias supuso el ascenso de Sa\u00fal Pastur al frente de Corinto Gij\u00f3n Basket.<\/p>\n\n\n\n<p>Su debut en el banquillo rojiblanco se produjo de manera accidental en la pista del PBB Godoy Maceira debido a que Juanfran Arias estaba concentrado con la Selecci\u00f3n U15.<\/p>\n\n\n\n<p>Con la salida de Juanfran Arias, Sa\u00fal Pastur se hizo con la direcci\u00f3n desde el banquillo de Corinto Gij\u00f3n Basket para certificar con holgura la permanencia en Liga EBA. El 16 de febrero de 2023, Corinto Gij\u00f3n Basket, oficializ\u00f3 el nombramiento de Sa\u00fal Pastur como t\u00e9cnico del conjunto rojiblanco.<\/p>\n\n\n\n<p>Su balance como t\u00e9cnico de Corinto Gij\u00f3n Basket fue de 11 partidos con 6 victorias \u2013 5 derrotas.<\/p>","protected":false},"excerpt":{"rendered":"<p>Desde www.gijonbasket.com, adelantamos en exclusiva, que Sa\u00fal Pastur ser\u00e1 el t\u00e9cnico de Gij\u00f3n Basket 2015 para la pr\u00f3xima temporada. Gij\u00f3n Basket 2015 elige a Sa\u00fal Pastur, que de esta forma, regresa al equipo al que dirigi\u00f3 en la temporada 2022\/2023. Sa\u00fal Pastur se incorpor\u00f3 en la temporada 2022\/2023 a Corinto Gij\u00f3n Basket, en el momento&hellip;&nbsp;<a href=\"https:\/\/gijonbasket.com\/en\/2024\/07\/15\/saul-pastur-de-vuelta-a-gijon-basket-2015-como-tecnico-para-la-temporada-2024-2025\/\" class=\"\" rel=\"bookmark\">Read More &raquo;<span class=\"screen-reader-text\">Sa\u00fal Pastur de vuelta a Gij\u00f3n Basket 2015 como t\u00e9cnico para la temporada 2024\/2025<\/span><\/a><\/p>","protected":false},"author":2,"featured_media":0,"comment_status":"open","ping_status":"open","sticky":false,"template":"","format":"standard","meta":{"neve_meta_sidebar":"","neve_meta_container":"","neve_meta_enable_content_width":"","neve_meta_content_width":0,"neve_meta_title_alignment":"","neve_meta_author_avatar":"","neve_post_elements_order":"","neve_meta_disable_header":"","neve_meta_disable_footer":"","neve_meta_disable_title":"","footnotes":""},"categories":[3,4],"tags":[],"class_list":["post-4256","post","type-post","status-publish","format-standard","hentry","category-exclusivas","category-noticias"],"yoast_head":"<!-- This site is optimized with the Yoast SEO plugin v23.4 - https:\/\/yoast.com\/wordpress\/plugins\/seo\/ -->\n<title>Sa\u00fal Pastur de vuelta a Gij\u00f3n Basket 2015 como t\u00e9cnico para la temporada 2024\/2025 - gijonbasket<\/title>\n<meta name=\"robots\" content=\"index, follow, max-snippet:-1, max-image-preview:large, max-video-preview:-1\" \/>\n<link rel=\"canonical\" href=\"https:\/\/gijonbasket.com\/en\/2024\/07\/15\/saul-pastur-de-vuelta-a-gijon-basket-2015-como-tecnico-para-la-temporada-2024-2025\/\" \/>\n<meta property=\"og:locale\" content=\"en_US\" \/>\n<meta property=\"og:type\" content=\"article\" \/>\n<meta property=\"og:title\" content=\"Sa\u00fal Pastur de vuelta a Gij\u00f3n Basket 2015 como t\u00e9cnico para la temporada 2024\/2025 - gijonbasket\" \/>\n<meta property=\"og:description\" content=\"Desde www.gijonbasket.com, adelantamos en exclusiva, que Sa\u00fal Pastur ser\u00e1 el t\u00e9cnico de Gij\u00f3n Basket 2015 para la pr\u00f3xima temporada. Gij\u00f3n Basket 2015 elige a Sa\u00fal Pastur, que de esta forma, regresa al equipo al que dirigi\u00f3 en la temporada 2022\/2023. Sa\u00fal Pastur se incorpor\u00f3 en la temporada 2022\/2023 a Corinto Gij\u00f3n Basket, en el momento&hellip;&nbsp;Read More &raquo;Sa\u00fal Pastur de vuelta a Gij\u00f3n Basket 2015 como t\u00e9cnico para la temporada 2024\/2025\" \/>\n<meta property=\"og:url\" content=\"https:\/\/gijonbasket.com\/en\/2024\/07\/15\/saul-pastur-de-vuelta-a-gijon-basket-2015-como-tecnico-para-la-temporada-2024-2025\/\" \/>\n<meta property=\"og:site_name\" content=\"gijonbasket\" \/>\n<meta property=\"article:published_time\" content=\"2024-07-15T08:02:55+00:00\" \/>\n<meta name=\"author\" content=\"Cesar Morales\" \/>\n<meta name=\"twitter:card\" content=\"summary_large_image\" \/>\n<meta name=\"twitter:label1\" content=\"Written by\" \/>\n\t<meta name=\"twitter:data1\" content=\"Cesar Morales\" \/>\n\t<meta name=\"twitter:label2\" content=\"Est. reading time\" \/>\n\t<meta name=\"twitter:data2\" content=\"1 minute\" \/>\n<script type=\"application\/ld+json\" class=\"yoast-schema-graph\">{\"@context\":\"https:\/\/schema.org\",\"@graph\":[{\"@type\":\"Article\",\"@id\":\"https:\/\/gijonbasket.com\/2024\/07\/15\/saul-pastur-de-vuelta-a-gijon-basket-2015-como-tecnico-para-la-temporada-2024-2025\/#article\",\"isPartOf\":{\"@id\":\"https:\/\/gijonbasket.com\/2024\/07\/15\/saul-pastur-de-vuelta-a-gijon-basket-2015-como-tecnico-para-la-temporada-2024-2025\/\"},\"author\":{\"name\":\"Cesar Morales\",\"@id\":\"https:\/\/gijonbasket.com\/#\/schema\/person\/91af9ff03e8eab582ccc344b715907c0\"},\"headline\":\"Sa\u00fal Pastur de vuelta a Gij\u00f3n Basket 2015 como t\u00e9cnico para la temporada 2024\/2025\",\"datePublished\":\"2024-07-15T08:02:55+00:00\",\"dateModified\":\"2024-07-15T08:02:55+00:00\",\"mainEntityOfPage\":{\"@id\":\"https:\/\/gijonbasket.com\/2024\/07\/15\/saul-pastur-de-vuelta-a-gijon-basket-2015-como-tecnico-para-la-temporada-2024-2025\/\"},\"wordCount\":212,\"commentCount\":0,\"publisher\":{\"@id\":\"https:\/\/gijonbasket.com\/#organization\"},\"articleSection\":[\"exclusivas\",\"noticias\"],\"inLanguage\":\"en-US\",\"potentialAction\":[{\"@type\":\"CommentAction\",\"name\":\"Comment\",\"target\":[\"https:\/\/gijonbasket.com\/2024\/07\/15\/saul-pastur-de-vuelta-a-gijon-basket-2015-como-tecnico-para-la-temporada-2024-2025\/#respond\"]}]},{\"@type\":\"WebPage\",\"@id\":\"https:\/\/gijonbasket.com\/2024\/07\/15\/saul-pastur-de-vuelta-a-gijon-basket-2015-como-tecnico-para-la-temporada-2024-2025\/\",\"url\":\"https:\/\/gijonbasket.com\/2024\/07\/15\/saul-pastur-de-vuelta-a-gijon-basket-2015-como-tecnico-para-la-temporada-2024-2025\/\",\"name\":\"Sa\u00fal Pastur de vuelta a Gij\u00f3n Basket 2015 como t\u00e9cnico para la temporada 2024\/2025 - gijonbasket\",\"isPartOf\":{\"@id\":\"https:\/\/gijonbasket.com\/#website\"},\"datePublished\":\"2024-07-15T08:02:55+00:00\",\"dateModified\":\"2024-07-15T08:02:55+00:00\",\"breadcrumb\":{\"@id\":\"https:\/\/gijonbasket.com\/2024\/07\/15\/saul-pastur-de-vuelta-a-gijon-basket-2015-como-tecnico-para-la-temporada-2024-2025\/#breadcrumb\"},\"inLanguage\":\"en-US\",\"potentialAction\":[{\"@type\":\"ReadAction\",\"target\":[\"https:\/\/gijonbasket.com\/2024\/07\/15\/saul-pastur-de-vuelta-a-gijon-basket-2015-como-tecnico-para-la-temporada-2024-2025\/\"]}]},{\"@type\":\"BreadcrumbList\",\"@id\":\"https:\/\/gijonbasket.com\/2024\/07\/15\/saul-pastur-de-vuelta-a-gijon-basket-2015-como-tecnico-para-la-temporada-2024-2025\/#breadcrumb\",\"itemListElement\":[{\"@type\":\"ListItem\",\"position\":1,\"name\":\"Portada\",\"item\":\"https:\/\/gijonbasket.com\/\"},{\"@type\":\"ListItem\",\"position\":2,\"name\":\"Sa\u00fal Pastur de vuelta a Gij\u00f3n Basket 2015 como t\u00e9cnico para la temporada 2024\/2025\"}]},{\"@type\":\"WebSite\",\"@id\":\"https:\/\/gijonbasket.com\/#website\",\"url\":\"https:\/\/gijonbasket.com\/\",\"name\":\"gijonbasket\",\"description\":\"\",\"publisher\":{\"@id\":\"https:\/\/gijonbasket.com\/#organization\"},\"potentialAction\":[{\"@type\":\"SearchAction\",\"target\":{\"@type\":\"EntryPoint\",\"urlTemplate\":\"https:\/\/gijonbasket.com\/?s={search_term_string}\"},\"query-input\":{\"@type\":\"PropertyValueSpecification\",\"valueRequired\":true,\"valueName\":\"search_term_string\"}}],\"inLanguage\":\"en-US\"},{\"@type\":\"Organization\",\"@id\":\"https:\/\/gijonbasket.com\/#organization\",\"name\":\"gijonbasket\",\"url\":\"https:\/\/gijonbasket.com\/\",\"logo\":{\"@type\":\"ImageObject\",\"inLanguage\":\"en-US\",\"@id\":\"https:\/\/gijonbasket.com\/#\/schema\/logo\/image\/\",\"url\":\"https:\/\/gijonbasket.com\/wp-content\/uploads\/2023\/03\/LogoGijonBasket2.jpg\",\"contentUrl\":\"https:\/\/gijonbasket.com\/wp-content\/uploads\/2023\/03\/LogoGijonBasket2.jpg\",\"width\":2000,\"height\":550,\"caption\":\"gijonbasket\"},\"image\":{\"@id\":\"https:\/\/gijonbasket.com\/#\/schema\/logo\/image\/\"}},{\"@type\":\"Person\",\"@id\":\"https:\/\/gijonbasket.com\/#\/schema\/person\/91af9ff03e8eab582ccc344b715907c0\",\"name\":\"Cesar Morales\",\"image\":{\"@type\":\"ImageObject\",\"inLanguage\":\"en-US\",\"@id\":\"https:\/\/gijonbasket.com\/#\/schema\/person\/image\/\",\"url\":\"https:\/\/secure.gravatar.com\/avatar\/ab9ddf1e87f7580cae3deefb05a58c5cf4f0c7f96f033fd7dacc23f0e8d149ca?s=96&d=mm&r=g\",\"contentUrl\":\"https:\/\/secure.gravatar.com\/avatar\/ab9ddf1e87f7580cae3deefb05a58c5cf4f0c7f96f033fd7dacc23f0e8d149ca?s=96&d=mm&r=g\",\"caption\":\"Cesar Morales\"},\"url\":\"https:\/\/gijonbasket.com\/en\/author\/cesar\/\"}]}<\/script>\n<!-- \/ Yoast SEO plugin. -->","yoast_head_json":{"title":"Sa\u00fal Pastur de vuelta a Gij\u00f3n Basket 2015 como t\u00e9cnico para la temporada 2024\/2025 - gijonbasket","robots":{"index":"index","follow":"follow","max-snippet":"max-snippet:-1","max-image-preview":"max-image-preview:large","max-video-preview":"max-video-preview:-1"},"canonical":"https:\/\/gijonbasket.com\/en\/2024\/07\/15\/saul-pastur-de-vuelta-a-gijon-basket-2015-como-tecnico-para-la-temporada-2024-2025\/","og_locale":"en_US","og_type":"article","og_title":"Sa\u00fal Pastur de vuelta a Gij\u00f3n Basket 2015 como t\u00e9cnico para la temporada 2024\/2025 - gijonbasket","og_description":"Desde www.gijonbasket.com, adelantamos en exclusiva, que Sa\u00fal Pastur ser\u00e1 el t\u00e9cnico de Gij\u00f3n Basket 2015 para la pr\u00f3xima temporada. Gij\u00f3n Basket 2015 elige a Sa\u00fal Pastur, que de esta forma, regresa al equipo al que dirigi\u00f3 en la temporada 2022\/2023. Sa\u00fal Pastur se incorpor\u00f3 en la temporada 2022\/2023 a Corinto Gij\u00f3n Basket, en el momento&hellip;&nbsp;Read More &raquo;Sa\u00fal Pastur de vuelta a Gij\u00f3n Basket 2015 como t\u00e9cnico para la temporada 2024\/2025","og_url":"https:\/\/gijonbasket.com\/en\/2024\/07\/15\/saul-pastur-de-vuelta-a-gijon-basket-2015-como-tecnico-para-la-temporada-2024-2025\/","og_site_name":"gijonbasket","article_published_time":"2024-07-15T08:02:55+00:00","author":"Cesar Morales","twitter_card":"summary_large_image","twitter_misc":{"Written by":"Cesar Morales","Est. reading time":"1 minute"},"schema":{"@context":"https:\/\/schema.org","@graph":[{"@type":"Article","@id":"https:\/\/gijonbasket.com\/2024\/07\/15\/saul-pastur-de-vuelta-a-gijon-basket-2015-como-tecnico-para-la-temporada-2024-2025\/#article","isPartOf":{"@id":"https:\/\/gijonbasket.com\/2024\/07\/15\/saul-pastur-de-vuelta-a-gijon-basket-2015-como-tecnico-para-la-temporada-2024-2025\/"},"author":{"name":"Cesar Morales","@id":"https:\/\/gijonbasket.com\/#\/schema\/person\/91af9ff03e8eab582ccc344b715907c0"},"headline":"Sa\u00fal Pastur de vuelta a Gij\u00f3n Basket 2015 como t\u00e9cnico para la temporada 2024\/2025","datePublished":"2024-07-15T08:02:55+00:00","dateModified":"2024-07-15T08:02:55+00:00","mainEntityOfPage":{"@id":"https:\/\/gijonbasket.com\/2024\/07\/15\/saul-pastur-de-vuelta-a-gijon-basket-2015-como-tecnico-para-la-temporada-2024-2025\/"},"wordCount":212,"commentCount":0,"publisher":{"@id":"https:\/\/gijonbasket.com\/#organization"},"articleSection":["exclusivas","noticias"],"inLanguage":"en-US","potentialAction":[{"@type":"CommentAction","name":"Comment","target":["https:\/\/gijonbasket.com\/2024\/07\/15\/saul-pastur-de-vuelta-a-gijon-basket-2015-como-tecnico-para-la-temporada-2024-2025\/#respond"]}]},{"@type":"WebPage","@id":"https:\/\/gijonbasket.com\/2024\/07\/15\/saul-pastur-de-vuelta-a-gijon-basket-2015-como-tecnico-para-la-temporada-2024-2025\/","url":"https:\/\/gijonbasket.com\/2024\/07\/15\/saul-pastur-de-vuelta-a-gijon-basket-2015-como-tecnico-para-la-temporada-2024-2025\/","name":"Sa\u00fal Pastur de vuelta a Gij\u00f3n Basket 2015 como t\u00e9cnico para la temporada 2024\/2025 - gijonbasket","isPartOf":{"@id":"https:\/\/gijonbasket.com\/#website"},"datePublished":"2024-07-15T08:02:55+00:00","dateModified":"2024-07-15T08:02:55+00:00","breadcrumb":{"@id":"https:\/\/gijonbasket.com\/2024\/07\/15\/saul-pastur-de-vuelta-a-gijon-basket-2015-como-tecnico-para-la-temporada-2024-2025\/#breadcrumb"},"inLanguage":"en-US","potentialAction":[{"@type":"ReadAction","target":["https:\/\/gijonbasket.com\/2024\/07\/15\/saul-pastur-de-vuelta-a-gijon-basket-2015-como-tecnico-para-la-temporada-2024-2025\/"]}]},{"@type":"BreadcrumbList","@id":"https:\/\/gijonbasket.com\/2024\/07\/15\/saul-pastur-de-vuelta-a-gijon-basket-2015-como-tecnico-para-la-temporada-2024-2025\/#breadcrumb","itemListElement":[{"@type":"ListItem","position":1,"name":"Portada","item":"https:\/\/gijonbasket.com\/"},{"@type":"ListItem","position":2,"name":"Sa\u00fal Pastur de vuelta a Gij\u00f3n Basket 2015 como t\u00e9cnico para la temporada 2024\/2025"}]},{"@type":"WebSite","@id":"https:\/\/gijonbasket.com\/#website","url":"https:\/\/gijonbasket.com\/","name":"gijonbasket","description":"","publisher":{"@id":"https:\/\/gijonbasket.com\/#organization"},"potentialAction":[{"@type":"SearchAction","target":{"@type":"EntryPoint","urlTemplate":"https:\/\/gijonbasket.com\/?s={search_term_string}"},"query-input":{"@type":"PropertyValueSpecification","valueRequired":true,"valueName":"search_term_string"}}],"inLanguage":"en-US"},{"@type":"Organization","@id":"https:\/\/gijonbasket.com\/#organization","name":"gijonbasket","url":"https:\/\/gijonbasket.com\/","logo":{"@type":"ImageObject","inLanguage":"en-US","@id":"https:\/\/gijonbasket.com\/#\/schema\/logo\/image\/","url":"https:\/\/gijonbasket.com\/wp-content\/uploads\/2023\/03\/LogoGijonBasket2.jpg","contentUrl":"https:\/\/gijonbasket.com\/wp-content\/uploads\/2023\/03\/LogoGijonBasket2.jpg","width":2000,"height":550,"caption":"gijonbasket"},"image":{"@id":"https:\/\/gijonbasket.com\/#\/schema\/logo\/image\/"}},{"@type":"Person","@id":"https:\/\/gijonbasket.com\/#\/schema\/person\/91af9ff03e8eab582ccc344b715907c0","name":"Cesar Morales","image":{"@type":"ImageObject","inLanguage":"en-US","@id":"https:\/\/gijonbasket.com\/#\/schema\/person\/image\/","url":"https:\/\/secure.gravatar.com\/avatar\/ab9ddf1e87f7580cae3deefb05a58c5cf4f0c7f96f033fd7dacc23f0e8d149ca?s=96&d=mm&r=g","contentUrl":"https:\/\/secure.gravatar.com\/avatar\/ab9ddf1e87f7580cae3deefb05a58c5cf4f0c7f96f033fd7dacc23f0e8d149ca?s=96&d=mm&r=g","caption":"Cesar Morales"},"url":"https:\/\/gijonbasket.com\/en\/author\/cesar\/"}]}},"_links":{"self":[{"href":"https:\/\/gijonbasket.com\/en\/wp-json\/wp\/v2\/posts\/4256","targetHints":{"allow":["GET"]}}],"collection":[{"href":"https:\/\/gijonbasket.com\/en\/wp-json\/wp\/v2\/posts"}],"about":[{"href":"https:\/\/gijonbasket.com\/en\/wp-json\/wp\/v2\/types\/post"}],"author":[{"embeddable":true,"href":"https:\/\/gijonbasket.com\/en\/wp-json\/wp\/v2\/users\/2"}],"replies":[{"embeddable":true,"href":"https:\/\/gijonbasket.com\/en\/wp-json\/wp\/v2\/comments?post=4256"}],"version-history":[{"count":2,"href":"https:\/\/gijonbasket.com\/en\/wp-json\/wp\/v2\/posts\/4256\/revisions"}],"predecessor-version":[{"id":4264,"href":"https:\/\/gijonbasket.com\/en\/wp-json\/wp\/v2\/posts\/4256\/revisions\/4264"}],"wp:attachment":[{"href":"https:\/\/gijonbasket.com\/en\/wp-json\/wp\/v2\/media?parent=4256"}],"wp:term":[{"taxonomy":"category","embeddable":true,"href":"https:\/\/gijonbasket.com\/en\/wp-json\/wp\/v2\/categories?post=4256"},{"taxonomy":"post_tag","embeddable":true,"href":"https:\/\/gijonbasket.com\/en\/wp-json\/wp\/v2\/tags?post=4256"}],"curies":[{"name":"wp","href":"https:\/\/api.w.org\/{rel}","templated":true}]}}