{"id":4336,"date":"2024-07-22T15:35:21","date_gmt":"2024-07-22T13:35:21","guid":{"rendered":"https:\/\/gijonbasket.com\/?p=4336"},"modified":"2024-07-22T15:36:53","modified_gmt":"2024-07-22T13:36:53","slug":"hugo-lopez-una-temporada-mas-con-el-alimerka-oviedo-baloncesto-por-cesion-de-movistar-estudiantes","status":"publish","type":"post","link":"https:\/\/gijonbasket.com\/en\/2024\/07\/22\/hugo-lopez-una-temporada-mas-con-el-alimerka-oviedo-baloncesto-por-cesion-de-movistar-estudiantes\/","title":{"rendered":"Hugo L\u00f3pez una temporada m\u00e1s con el Alimerka Oviedo Baloncesto por cesi\u00f3n de Movistar Estudiantes"},"content":{"rendered":"<p>El Alimerka Oviedo Baloncesto y el Movistar Estudiantes cerraron el acuerdo de cesi\u00f3n de Hugo L\u00f3pez al conjunto carbay\u00f3n.<\/p>\n\n\n\n<p>El p\u00edvot de 20 a\u00f1os y 2.08 m. milit\u00f3 la pasada temporada en calidad de cedido por el Movistar Estudiantes disputando 13 encuentros promediando 3.7 ppp; 3.5 rpp. La pasada campa\u00f1a Hugo L\u00f3pez comenz\u00f3 formando parte de la plantilla del Movistar Estudiantes, pero su escasa participaci\u00f3n con unas medias de 1.8 ppp; 1.2 rpp en 12 partidos, abrieron la puerta a su cesi\u00f3n al Alimerka Oviedo Baloncesto.<\/p>\n\n\n\n<p>Formado en la cantera del Movistar Estudiantes. Con el filial del conjunto colegial milit\u00f3 durante tres temporadas en Liga EBA (2019\/2020; 2020\/2021; 2021\/2022)<\/p>\n\n\n\n<p>En la temporada 2021\/2022 debut\u00f3 con el Movistar Estudiantes en LEB Oro, en el encuentro ante el Palmer Alma Mediterr\u00e1nea Palma, 3:40 en pista, no logrando anotar y con la captura de dos rebotes.<\/p>\n\n\n\n<p>Hace dos temporadas comenz\u00f3 militando en Real Canoe N.C. (LEB Plata), para finalizar la misma con el Movistar Estudiantes coincidiendo con Javi Rodr\u00edguez.<\/p>\n\n\n\n<p>La plantilla del Alimerka Oviedo Baloncesto 2024\/2025 est\u00e1 compuesta por: Dan Duscak (Base), Joaqu\u00edn Valinotti (Base), Ra\u00fal Lobaco (Escolta), Devin Hutchinson (Escolta), Francisco Amarante (Alero), Mikel Sanz (Alero), Marc Mart\u00ed (Ala-P\u00edvot), Robert Cosialls (Ala-P\u00edvot), Ken West (Ala-P\u00edvot) y Hugo L\u00f3pez (P\u00edvot)<\/p>","protected":false},"excerpt":{"rendered":"<p>El Alimerka Oviedo Baloncesto y el Movistar Estudiantes cerraron el acuerdo de cesi\u00f3n de Hugo L\u00f3pez al conjunto carbay\u00f3n. El p\u00edvot de 20 a\u00f1os y 2.08 m. milit\u00f3 la pasada temporada en calidad de cedido por el Movistar Estudiantes disputando 13 encuentros promediando 3.7 ppp; 3.5 rpp. La pasada campa\u00f1a Hugo L\u00f3pez comenz\u00f3 formando parte&hellip;&nbsp;<a href=\"https:\/\/gijonbasket.com\/en\/2024\/07\/22\/hugo-lopez-una-temporada-mas-con-el-alimerka-oviedo-baloncesto-por-cesion-de-movistar-estudiantes\/\" class=\"\" rel=\"bookmark\">Read More &raquo;<span class=\"screen-reader-text\">Hugo L\u00f3pez una temporada m\u00e1s con el Alimerka Oviedo Baloncesto por cesi\u00f3n de Movistar Estudiantes<\/span><\/a><\/p>","protected":false},"author":2,"featured_media":0,"comment_status":"open","ping_status":"open","sticky":false,"template":"","format":"standard","meta":{"neve_meta_sidebar":"","neve_meta_container":"","neve_meta_enable_content_width":"","neve_meta_content_width":0,"neve_meta_title_alignment":"","neve_meta_author_avatar":"","neve_post_elements_order":"","neve_meta_disable_header":"","neve_meta_disable_footer":"","neve_meta_disable_title":"","footnotes":""},"categories":[4],"tags":[],"class_list":["post-4336","post","type-post","status-publish","format-standard","hentry","category-noticias"],"yoast_head":"<!-- This site is optimized with the Yoast SEO plugin v23.4 - https:\/\/yoast.com\/wordpress\/plugins\/seo\/ -->\n<title>Hugo L\u00f3pez una temporada m\u00e1s con el Alimerka Oviedo Baloncesto por cesi\u00f3n de Movistar Estudiantes - gijonbasket<\/title>\n<meta name=\"robots\" content=\"index, follow, max-snippet:-1, max-image-preview:large, max-video-preview:-1\" \/>\n<link rel=\"canonical\" href=\"https:\/\/gijonbasket.com\/en\/2024\/07\/22\/hugo-lopez-una-temporada-mas-con-el-alimerka-oviedo-baloncesto-por-cesion-de-movistar-estudiantes\/\" \/>\n<meta property=\"og:locale\" content=\"en_US\" \/>\n<meta property=\"og:type\" content=\"article\" \/>\n<meta property=\"og:title\" content=\"Hugo L\u00f3pez una temporada m\u00e1s con el Alimerka Oviedo Baloncesto por cesi\u00f3n de Movistar Estudiantes - gijonbasket\" \/>\n<meta property=\"og:description\" content=\"El Alimerka Oviedo Baloncesto y el Movistar Estudiantes cerraron el acuerdo de cesi\u00f3n de Hugo L\u00f3pez al conjunto carbay\u00f3n. El p\u00edvot de 20 a\u00f1os y 2.08 m. milit\u00f3 la pasada temporada en calidad de cedido por el Movistar Estudiantes disputando 13 encuentros promediando 3.7 ppp; 3.5 rpp. La pasada campa\u00f1a Hugo L\u00f3pez comenz\u00f3 formando parte&hellip;&nbsp;Read More &raquo;Hugo L\u00f3pez una temporada m\u00e1s con el Alimerka Oviedo Baloncesto por cesi\u00f3n de Movistar Estudiantes\" \/>\n<meta property=\"og:url\" content=\"https:\/\/gijonbasket.com\/en\/2024\/07\/22\/hugo-lopez-una-temporada-mas-con-el-alimerka-oviedo-baloncesto-por-cesion-de-movistar-estudiantes\/\" \/>\n<meta property=\"og:site_name\" content=\"gijonbasket\" \/>\n<meta property=\"article:published_time\" content=\"2024-07-22T13:35:21+00:00\" \/>\n<meta property=\"article:modified_time\" content=\"2024-07-22T13:36:53+00:00\" \/>\n<meta name=\"author\" content=\"Cesar Morales\" \/>\n<meta name=\"twitter:card\" content=\"summary_large_image\" \/>\n<meta name=\"twitter:label1\" content=\"Written by\" \/>\n\t<meta name=\"twitter:data1\" content=\"Cesar Morales\" \/>\n\t<meta name=\"twitter:label2\" content=\"Est. reading time\" \/>\n\t<meta name=\"twitter:data2\" content=\"1 minute\" \/>\n<script type=\"application\/ld+json\" class=\"yoast-schema-graph\">{\"@context\":\"https:\/\/schema.org\",\"@graph\":[{\"@type\":\"Article\",\"@id\":\"https:\/\/gijonbasket.com\/2024\/07\/22\/hugo-lopez-una-temporada-mas-con-el-alimerka-oviedo-baloncesto-por-cesion-de-movistar-estudiantes\/#article\",\"isPartOf\":{\"@id\":\"https:\/\/gijonbasket.com\/2024\/07\/22\/hugo-lopez-una-temporada-mas-con-el-alimerka-oviedo-baloncesto-por-cesion-de-movistar-estudiantes\/\"},\"author\":{\"name\":\"Cesar Morales\",\"@id\":\"https:\/\/gijonbasket.com\/#\/schema\/person\/91af9ff03e8eab582ccc344b715907c0\"},\"headline\":\"Hugo L\u00f3pez una temporada m\u00e1s con el Alimerka Oviedo Baloncesto por cesi\u00f3n de Movistar Estudiantes\",\"datePublished\":\"2024-07-22T13:35:21+00:00\",\"dateModified\":\"2024-07-22T13:36:53+00:00\",\"mainEntityOfPage\":{\"@id\":\"https:\/\/gijonbasket.com\/2024\/07\/22\/hugo-lopez-una-temporada-mas-con-el-alimerka-oviedo-baloncesto-por-cesion-de-movistar-estudiantes\/\"},\"wordCount\":230,\"commentCount\":0,\"publisher\":{\"@id\":\"https:\/\/gijonbasket.com\/#organization\"},\"articleSection\":[\"noticias\"],\"inLanguage\":\"en-US\",\"potentialAction\":[{\"@type\":\"CommentAction\",\"name\":\"Comment\",\"target\":[\"https:\/\/gijonbasket.com\/2024\/07\/22\/hugo-lopez-una-temporada-mas-con-el-alimerka-oviedo-baloncesto-por-cesion-de-movistar-estudiantes\/#respond\"]}]},{\"@type\":\"WebPage\",\"@id\":\"https:\/\/gijonbasket.com\/2024\/07\/22\/hugo-lopez-una-temporada-mas-con-el-alimerka-oviedo-baloncesto-por-cesion-de-movistar-estudiantes\/\",\"url\":\"https:\/\/gijonbasket.com\/2024\/07\/22\/hugo-lopez-una-temporada-mas-con-el-alimerka-oviedo-baloncesto-por-cesion-de-movistar-estudiantes\/\",\"name\":\"Hugo L\u00f3pez una temporada m\u00e1s con el Alimerka Oviedo Baloncesto por cesi\u00f3n de Movistar Estudiantes - gijonbasket\",\"isPartOf\":{\"@id\":\"https:\/\/gijonbasket.com\/#website\"},\"datePublished\":\"2024-07-22T13:35:21+00:00\",\"dateModified\":\"2024-07-22T13:36:53+00:00\",\"breadcrumb\":{\"@id\":\"https:\/\/gijonbasket.com\/2024\/07\/22\/hugo-lopez-una-temporada-mas-con-el-alimerka-oviedo-baloncesto-por-cesion-de-movistar-estudiantes\/#breadcrumb\"},\"inLanguage\":\"en-US\",\"potentialAction\":[{\"@type\":\"ReadAction\",\"target\":[\"https:\/\/gijonbasket.com\/2024\/07\/22\/hugo-lopez-una-temporada-mas-con-el-alimerka-oviedo-baloncesto-por-cesion-de-movistar-estudiantes\/\"]}]},{\"@type\":\"BreadcrumbList\",\"@id\":\"https:\/\/gijonbasket.com\/2024\/07\/22\/hugo-lopez-una-temporada-mas-con-el-alimerka-oviedo-baloncesto-por-cesion-de-movistar-estudiantes\/#breadcrumb\",\"itemListElement\":[{\"@type\":\"ListItem\",\"position\":1,\"name\":\"Portada\",\"item\":\"https:\/\/gijonbasket.com\/\"},{\"@type\":\"ListItem\",\"position\":2,\"name\":\"Hugo L\u00f3pez una temporada m\u00e1s con el Alimerka Oviedo Baloncesto por cesi\u00f3n de Movistar Estudiantes\"}]},{\"@type\":\"WebSite\",\"@id\":\"https:\/\/gijonbasket.com\/#website\",\"url\":\"https:\/\/gijonbasket.com\/\",\"name\":\"gijonbasket\",\"description\":\"\",\"publisher\":{\"@id\":\"https:\/\/gijonbasket.com\/#organization\"},\"potentialAction\":[{\"@type\":\"SearchAction\",\"target\":{\"@type\":\"EntryPoint\",\"urlTemplate\":\"https:\/\/gijonbasket.com\/?s={search_term_string}\"},\"query-input\":{\"@type\":\"PropertyValueSpecification\",\"valueRequired\":true,\"valueName\":\"search_term_string\"}}],\"inLanguage\":\"en-US\"},{\"@type\":\"Organization\",\"@id\":\"https:\/\/gijonbasket.com\/#organization\",\"name\":\"gijonbasket\",\"url\":\"https:\/\/gijonbasket.com\/\",\"logo\":{\"@type\":\"ImageObject\",\"inLanguage\":\"en-US\",\"@id\":\"https:\/\/gijonbasket.com\/#\/schema\/logo\/image\/\",\"url\":\"https:\/\/gijonbasket.com\/wp-content\/uploads\/2023\/03\/LogoGijonBasket2.jpg\",\"contentUrl\":\"https:\/\/gijonbasket.com\/wp-content\/uploads\/2023\/03\/LogoGijonBasket2.jpg\",\"width\":2000,\"height\":550,\"caption\":\"gijonbasket\"},\"image\":{\"@id\":\"https:\/\/gijonbasket.com\/#\/schema\/logo\/image\/\"}},{\"@type\":\"Person\",\"@id\":\"https:\/\/gijonbasket.com\/#\/schema\/person\/91af9ff03e8eab582ccc344b715907c0\",\"name\":\"Cesar Morales\",\"image\":{\"@type\":\"ImageObject\",\"inLanguage\":\"en-US\",\"@id\":\"https:\/\/gijonbasket.com\/#\/schema\/person\/image\/\",\"url\":\"https:\/\/secure.gravatar.com\/avatar\/ab9ddf1e87f7580cae3deefb05a58c5cf4f0c7f96f033fd7dacc23f0e8d149ca?s=96&d=mm&r=g\",\"contentUrl\":\"https:\/\/secure.gravatar.com\/avatar\/ab9ddf1e87f7580cae3deefb05a58c5cf4f0c7f96f033fd7dacc23f0e8d149ca?s=96&d=mm&r=g\",\"caption\":\"Cesar Morales\"},\"url\":\"https:\/\/gijonbasket.com\/en\/author\/cesar\/\"}]}<\/script>\n<!-- \/ Yoast SEO plugin. -->","yoast_head_json":{"title":"Hugo L\u00f3pez una temporada m\u00e1s con el Alimerka Oviedo Baloncesto por cesi\u00f3n de Movistar Estudiantes - gijonbasket","robots":{"index":"index","follow":"follow","max-snippet":"max-snippet:-1","max-image-preview":"max-image-preview:large","max-video-preview":"max-video-preview:-1"},"canonical":"https:\/\/gijonbasket.com\/en\/2024\/07\/22\/hugo-lopez-una-temporada-mas-con-el-alimerka-oviedo-baloncesto-por-cesion-de-movistar-estudiantes\/","og_locale":"en_US","og_type":"article","og_title":"Hugo L\u00f3pez una temporada m\u00e1s con el Alimerka Oviedo Baloncesto por cesi\u00f3n de Movistar Estudiantes - gijonbasket","og_description":"El Alimerka Oviedo Baloncesto y el Movistar Estudiantes cerraron el acuerdo de cesi\u00f3n de Hugo L\u00f3pez al conjunto carbay\u00f3n. El p\u00edvot de 20 a\u00f1os y 2.08 m. milit\u00f3 la pasada temporada en calidad de cedido por el Movistar Estudiantes disputando 13 encuentros promediando 3.7 ppp; 3.5 rpp. La pasada campa\u00f1a Hugo L\u00f3pez comenz\u00f3 formando parte&hellip;&nbsp;Read More &raquo;Hugo L\u00f3pez una temporada m\u00e1s con el Alimerka Oviedo Baloncesto por cesi\u00f3n de Movistar Estudiantes","og_url":"https:\/\/gijonbasket.com\/en\/2024\/07\/22\/hugo-lopez-una-temporada-mas-con-el-alimerka-oviedo-baloncesto-por-cesion-de-movistar-estudiantes\/","og_site_name":"gijonbasket","article_published_time":"2024-07-22T13:35:21+00:00","article_modified_time":"2024-07-22T13:36:53+00:00","author":"Cesar Morales","twitter_card":"summary_large_image","twitter_misc":{"Written by":"Cesar Morales","Est. reading time":"1 minute"},"schema":{"@context":"https:\/\/schema.org","@graph":[{"@type":"Article","@id":"https:\/\/gijonbasket.com\/2024\/07\/22\/hugo-lopez-una-temporada-mas-con-el-alimerka-oviedo-baloncesto-por-cesion-de-movistar-estudiantes\/#article","isPartOf":{"@id":"https:\/\/gijonbasket.com\/2024\/07\/22\/hugo-lopez-una-temporada-mas-con-el-alimerka-oviedo-baloncesto-por-cesion-de-movistar-estudiantes\/"},"author":{"name":"Cesar Morales","@id":"https:\/\/gijonbasket.com\/#\/schema\/person\/91af9ff03e8eab582ccc344b715907c0"},"headline":"Hugo L\u00f3pez una temporada m\u00e1s con el Alimerka Oviedo Baloncesto por cesi\u00f3n de Movistar Estudiantes","datePublished":"2024-07-22T13:35:21+00:00","dateModified":"2024-07-22T13:36:53+00:00","mainEntityOfPage":{"@id":"https:\/\/gijonbasket.com\/2024\/07\/22\/hugo-lopez-una-temporada-mas-con-el-alimerka-oviedo-baloncesto-por-cesion-de-movistar-estudiantes\/"},"wordCount":230,"commentCount":0,"publisher":{"@id":"https:\/\/gijonbasket.com\/#organization"},"articleSection":["noticias"],"inLanguage":"en-US","potentialAction":[{"@type":"CommentAction","name":"Comment","target":["https:\/\/gijonbasket.com\/2024\/07\/22\/hugo-lopez-una-temporada-mas-con-el-alimerka-oviedo-baloncesto-por-cesion-de-movistar-estudiantes\/#respond"]}]},{"@type":"WebPage","@id":"https:\/\/gijonbasket.com\/2024\/07\/22\/hugo-lopez-una-temporada-mas-con-el-alimerka-oviedo-baloncesto-por-cesion-de-movistar-estudiantes\/","url":"https:\/\/gijonbasket.com\/2024\/07\/22\/hugo-lopez-una-temporada-mas-con-el-alimerka-oviedo-baloncesto-por-cesion-de-movistar-estudiantes\/","name":"Hugo L\u00f3pez una temporada m\u00e1s con el Alimerka Oviedo Baloncesto por cesi\u00f3n de Movistar Estudiantes - gijonbasket","isPartOf":{"@id":"https:\/\/gijonbasket.com\/#website"},"datePublished":"2024-07-22T13:35:21+00:00","dateModified":"2024-07-22T13:36:53+00:00","breadcrumb":{"@id":"https:\/\/gijonbasket.com\/2024\/07\/22\/hugo-lopez-una-temporada-mas-con-el-alimerka-oviedo-baloncesto-por-cesion-de-movistar-estudiantes\/#breadcrumb"},"inLanguage":"en-US","potentialAction":[{"@type":"ReadAction","target":["https:\/\/gijonbasket.com\/2024\/07\/22\/hugo-lopez-una-temporada-mas-con-el-alimerka-oviedo-baloncesto-por-cesion-de-movistar-estudiantes\/"]}]},{"@type":"BreadcrumbList","@id":"https:\/\/gijonbasket.com\/2024\/07\/22\/hugo-lopez-una-temporada-mas-con-el-alimerka-oviedo-baloncesto-por-cesion-de-movistar-estudiantes\/#breadcrumb","itemListElement":[{"@type":"ListItem","position":1,"name":"Portada","item":"https:\/\/gijonbasket.com\/"},{"@type":"ListItem","position":2,"name":"Hugo L\u00f3pez una temporada m\u00e1s con el Alimerka Oviedo Baloncesto por cesi\u00f3n de Movistar Estudiantes"}]},{"@type":"WebSite","@id":"https:\/\/gijonbasket.com\/#website","url":"https:\/\/gijonbasket.com\/","name":"gijonbasket","description":"","publisher":{"@id":"https:\/\/gijonbasket.com\/#organization"},"potentialAction":[{"@type":"SearchAction","target":{"@type":"EntryPoint","urlTemplate":"https:\/\/gijonbasket.com\/?s={search_term_string}"},"query-input":{"@type":"PropertyValueSpecification","valueRequired":true,"valueName":"search_term_string"}}],"inLanguage":"en-US"},{"@type":"Organization","@id":"https:\/\/gijonbasket.com\/#organization","name":"gijonbasket","url":"https:\/\/gijonbasket.com\/","logo":{"@type":"ImageObject","inLanguage":"en-US","@id":"https:\/\/gijonbasket.com\/#\/schema\/logo\/image\/","url":"https:\/\/gijonbasket.com\/wp-content\/uploads\/2023\/03\/LogoGijonBasket2.jpg","contentUrl":"https:\/\/gijonbasket.com\/wp-content\/uploads\/2023\/03\/LogoGijonBasket2.jpg","width":2000,"height":550,"caption":"gijonbasket"},"image":{"@id":"https:\/\/gijonbasket.com\/#\/schema\/logo\/image\/"}},{"@type":"Person","@id":"https:\/\/gijonbasket.com\/#\/schema\/person\/91af9ff03e8eab582ccc344b715907c0","name":"Cesar Morales","image":{"@type":"ImageObject","inLanguage":"en-US","@id":"https:\/\/gijonbasket.com\/#\/schema\/person\/image\/","url":"https:\/\/secure.gravatar.com\/avatar\/ab9ddf1e87f7580cae3deefb05a58c5cf4f0c7f96f033fd7dacc23f0e8d149ca?s=96&d=mm&r=g","contentUrl":"https:\/\/secure.gravatar.com\/avatar\/ab9ddf1e87f7580cae3deefb05a58c5cf4f0c7f96f033fd7dacc23f0e8d149ca?s=96&d=mm&r=g","caption":"Cesar Morales"},"url":"https:\/\/gijonbasket.com\/en\/author\/cesar\/"}]}},"_links":{"self":[{"href":"https:\/\/gijonbasket.com\/en\/wp-json\/wp\/v2\/posts\/4336","targetHints":{"allow":["GET"]}}],"collection":[{"href":"https:\/\/gijonbasket.com\/en\/wp-json\/wp\/v2\/posts"}],"about":[{"href":"https:\/\/gijonbasket.com\/en\/wp-json\/wp\/v2\/types\/post"}],"author":[{"embeddable":true,"href":"https:\/\/gijonbasket.com\/en\/wp-json\/wp\/v2\/users\/2"}],"replies":[{"embeddable":true,"href":"https:\/\/gijonbasket.com\/en\/wp-json\/wp\/v2\/comments?post=4336"}],"version-history":[{"count":2,"href":"https:\/\/gijonbasket.com\/en\/wp-json\/wp\/v2\/posts\/4336\/revisions"}],"predecessor-version":[{"id":4338,"href":"https:\/\/gijonbasket.com\/en\/wp-json\/wp\/v2\/posts\/4336\/revisions\/4338"}],"wp:attachment":[{"href":"https:\/\/gijonbasket.com\/en\/wp-json\/wp\/v2\/media?parent=4336"}],"wp:term":[{"taxonomy":"category","embeddable":true,"href":"https:\/\/gijonbasket.com\/en\/wp-json\/wp\/v2\/categories?post=4336"},{"taxonomy":"post_tag","embeddable":true,"href":"https:\/\/gijonbasket.com\/en\/wp-json\/wp\/v2\/tags?post=4336"}],"curies":[{"name":"wp","href":"https:\/\/api.w.org\/{rel}","templated":true}]}}