{"id":4524,"date":"2024-08-04T20:02:05","date_gmt":"2024-08-04T18:02:05","guid":{"rendered":"https:\/\/gijonbasket.com\/?p=4524"},"modified":"2024-08-04T20:02:37","modified_gmt":"2024-08-04T18:02:37","slug":"james-nnaji-al-basquet-girona-cedido-por-f-c-barcelona","status":"publish","type":"post","link":"https:\/\/gijonbasket.com\/en\/2024\/08\/04\/james-nnaji-al-basquet-girona-cedido-por-f-c-barcelona\/","title":{"rendered":"James Nnaji al B\u00e1squet Girona cedido por el F.C. Barcelona"},"content":{"rendered":"<p>El B\u00e1squet Girona incorpora a James Nnaji (F.C. Barcelona) en calidad de cedido por el conjunto blaugrana.<\/p>\n\n\n\n<p>P\u00edvot nigeriano de 19 a\u00f1os y 2.12 m., que milit\u00f3 las cuatro \u00faltimas temporadas en el F.C. Barcelona. Su llegada en 2020 simultane\u00f3 el equipo Junior con el filial. Su debut con el F.C. Barcelona se produjo en enero de 2022.<\/p>\n\n\n\n<p>Con contrato en vigor con el F.C. Barcelona hasta 2027.<\/p>\n\n\n\n<p>Seleccionado en NBA Draft 2023 por los Detroit Pistons con n\u00ba 31 (2\u00aa Ronda).<\/p>\n\n\n\n<p>James Nnaji promedi\u00f3 esta pasada temporada con el F.C. Barcelona 3.2 ppp; 2.3 rpp (Liga Endesa) y 2.2 ppp; 1.5 rpp (Euroliga).<\/p>","protected":false},"excerpt":{"rendered":"<p>El B\u00e1squet Girona incorpora a James Nnaji (F.C. Barcelona) en calidad de cedido por el conjunto blaugrana. P\u00edvot nigeriano de 19 a\u00f1os y 2.12 m., que milit\u00f3 las cuatro \u00faltimas temporadas en el F.C. Barcelona. Su llegada en 2020 simultane\u00f3 el equipo Junior con el filial. Su debut con el F.C. Barcelona se produjo en&hellip;&nbsp;<a href=\"https:\/\/gijonbasket.com\/en\/2024\/08\/04\/james-nnaji-al-basquet-girona-cedido-por-f-c-barcelona\/\" class=\"\" rel=\"bookmark\">Read More &raquo;<span class=\"screen-reader-text\">James Nnaji al B\u00e1squet Girona cedido por el F.C. Barcelona<\/span><\/a><\/p>","protected":false},"author":2,"featured_media":0,"comment_status":"open","ping_status":"open","sticky":false,"template":"","format":"standard","meta":{"neve_meta_sidebar":"","neve_meta_container":"","neve_meta_enable_content_width":"","neve_meta_content_width":0,"neve_meta_title_alignment":"","neve_meta_author_avatar":"","neve_post_elements_order":"","neve_meta_disable_header":"","neve_meta_disable_footer":"","neve_meta_disable_title":"","footnotes":""},"categories":[4],"tags":[],"class_list":["post-4524","post","type-post","status-publish","format-standard","hentry","category-noticias"],"yoast_head":"<!-- This site is optimized with the Yoast SEO plugin v23.4 - https:\/\/yoast.com\/wordpress\/plugins\/seo\/ -->\n<title>James Nnaji al B\u00e1squet Girona cedido por el F.C. Barcelona - gijonbasket<\/title>\n<meta name=\"robots\" content=\"index, follow, max-snippet:-1, max-image-preview:large, max-video-preview:-1\" \/>\n<link rel=\"canonical\" href=\"https:\/\/gijonbasket.com\/en\/2024\/08\/04\/james-nnaji-al-basquet-girona-cedido-por-f-c-barcelona\/\" \/>\n<meta property=\"og:locale\" content=\"en_US\" \/>\n<meta property=\"og:type\" content=\"article\" \/>\n<meta property=\"og:title\" content=\"James Nnaji al B\u00e1squet Girona cedido por el F.C. Barcelona - gijonbasket\" \/>\n<meta property=\"og:description\" content=\"El B\u00e1squet Girona incorpora a James Nnaji (F.C. Barcelona) en calidad de cedido por el conjunto blaugrana. P\u00edvot nigeriano de 19 a\u00f1os y 2.12 m., que milit\u00f3 las cuatro \u00faltimas temporadas en el F.C. Barcelona. Su llegada en 2020 simultane\u00f3 el equipo Junior con el filial. Su debut con el F.C. Barcelona se produjo en&hellip;&nbsp;Read More &raquo;James Nnaji al B\u00e1squet Girona cedido por el F.C. Barcelona\" \/>\n<meta property=\"og:url\" content=\"https:\/\/gijonbasket.com\/en\/2024\/08\/04\/james-nnaji-al-basquet-girona-cedido-por-f-c-barcelona\/\" \/>\n<meta property=\"og:site_name\" content=\"gijonbasket\" \/>\n<meta property=\"article:published_time\" content=\"2024-08-04T18:02:05+00:00\" \/>\n<meta property=\"article:modified_time\" content=\"2024-08-04T18:02:37+00:00\" \/>\n<meta name=\"author\" content=\"Cesar Morales\" \/>\n<meta name=\"twitter:card\" content=\"summary_large_image\" \/>\n<meta name=\"twitter:label1\" content=\"Written by\" \/>\n\t<meta name=\"twitter:data1\" content=\"Cesar Morales\" \/>\n\t<meta name=\"twitter:label2\" content=\"Est. reading time\" \/>\n\t<meta name=\"twitter:data2\" content=\"1 minute\" \/>\n<script type=\"application\/ld+json\" class=\"yoast-schema-graph\">{\"@context\":\"https:\/\/schema.org\",\"@graph\":[{\"@type\":\"Article\",\"@id\":\"https:\/\/gijonbasket.com\/2024\/08\/04\/james-nnaji-al-basquet-girona-cedido-por-f-c-barcelona\/#article\",\"isPartOf\":{\"@id\":\"https:\/\/gijonbasket.com\/2024\/08\/04\/james-nnaji-al-basquet-girona-cedido-por-f-c-barcelona\/\"},\"author\":{\"name\":\"Cesar Morales\",\"@id\":\"https:\/\/gijonbasket.com\/#\/schema\/person\/91af9ff03e8eab582ccc344b715907c0\"},\"headline\":\"James Nnaji al B\u00e1squet Girona cedido por el F.C. Barcelona\",\"datePublished\":\"2024-08-04T18:02:05+00:00\",\"dateModified\":\"2024-08-04T18:02:37+00:00\",\"mainEntityOfPage\":{\"@id\":\"https:\/\/gijonbasket.com\/2024\/08\/04\/james-nnaji-al-basquet-girona-cedido-por-f-c-barcelona\/\"},\"wordCount\":112,\"commentCount\":0,\"publisher\":{\"@id\":\"https:\/\/gijonbasket.com\/#organization\"},\"articleSection\":[\"noticias\"],\"inLanguage\":\"en-US\",\"potentialAction\":[{\"@type\":\"CommentAction\",\"name\":\"Comment\",\"target\":[\"https:\/\/gijonbasket.com\/2024\/08\/04\/james-nnaji-al-basquet-girona-cedido-por-f-c-barcelona\/#respond\"]}]},{\"@type\":\"WebPage\",\"@id\":\"https:\/\/gijonbasket.com\/2024\/08\/04\/james-nnaji-al-basquet-girona-cedido-por-f-c-barcelona\/\",\"url\":\"https:\/\/gijonbasket.com\/2024\/08\/04\/james-nnaji-al-basquet-girona-cedido-por-f-c-barcelona\/\",\"name\":\"James Nnaji al B\u00e1squet Girona cedido por el F.C. Barcelona - gijonbasket\",\"isPartOf\":{\"@id\":\"https:\/\/gijonbasket.com\/#website\"},\"datePublished\":\"2024-08-04T18:02:05+00:00\",\"dateModified\":\"2024-08-04T18:02:37+00:00\",\"breadcrumb\":{\"@id\":\"https:\/\/gijonbasket.com\/2024\/08\/04\/james-nnaji-al-basquet-girona-cedido-por-f-c-barcelona\/#breadcrumb\"},\"inLanguage\":\"en-US\",\"potentialAction\":[{\"@type\":\"ReadAction\",\"target\":[\"https:\/\/gijonbasket.com\/2024\/08\/04\/james-nnaji-al-basquet-girona-cedido-por-f-c-barcelona\/\"]}]},{\"@type\":\"BreadcrumbList\",\"@id\":\"https:\/\/gijonbasket.com\/2024\/08\/04\/james-nnaji-al-basquet-girona-cedido-por-f-c-barcelona\/#breadcrumb\",\"itemListElement\":[{\"@type\":\"ListItem\",\"position\":1,\"name\":\"Portada\",\"item\":\"https:\/\/gijonbasket.com\/\"},{\"@type\":\"ListItem\",\"position\":2,\"name\":\"James Nnaji al B\u00e1squet Girona cedido por el F.C. Barcelona\"}]},{\"@type\":\"WebSite\",\"@id\":\"https:\/\/gijonbasket.com\/#website\",\"url\":\"https:\/\/gijonbasket.com\/\",\"name\":\"gijonbasket\",\"description\":\"\",\"publisher\":{\"@id\":\"https:\/\/gijonbasket.com\/#organization\"},\"potentialAction\":[{\"@type\":\"SearchAction\",\"target\":{\"@type\":\"EntryPoint\",\"urlTemplate\":\"https:\/\/gijonbasket.com\/?s={search_term_string}\"},\"query-input\":{\"@type\":\"PropertyValueSpecification\",\"valueRequired\":true,\"valueName\":\"search_term_string\"}}],\"inLanguage\":\"en-US\"},{\"@type\":\"Organization\",\"@id\":\"https:\/\/gijonbasket.com\/#organization\",\"name\":\"gijonbasket\",\"url\":\"https:\/\/gijonbasket.com\/\",\"logo\":{\"@type\":\"ImageObject\",\"inLanguage\":\"en-US\",\"@id\":\"https:\/\/gijonbasket.com\/#\/schema\/logo\/image\/\",\"url\":\"https:\/\/gijonbasket.com\/wp-content\/uploads\/2023\/03\/LogoGijonBasket2.jpg\",\"contentUrl\":\"https:\/\/gijonbasket.com\/wp-content\/uploads\/2023\/03\/LogoGijonBasket2.jpg\",\"width\":2000,\"height\":550,\"caption\":\"gijonbasket\"},\"image\":{\"@id\":\"https:\/\/gijonbasket.com\/#\/schema\/logo\/image\/\"}},{\"@type\":\"Person\",\"@id\":\"https:\/\/gijonbasket.com\/#\/schema\/person\/91af9ff03e8eab582ccc344b715907c0\",\"name\":\"Cesar Morales\",\"image\":{\"@type\":\"ImageObject\",\"inLanguage\":\"en-US\",\"@id\":\"https:\/\/gijonbasket.com\/#\/schema\/person\/image\/\",\"url\":\"https:\/\/secure.gravatar.com\/avatar\/ab9ddf1e87f7580cae3deefb05a58c5cf4f0c7f96f033fd7dacc23f0e8d149ca?s=96&d=mm&r=g\",\"contentUrl\":\"https:\/\/secure.gravatar.com\/avatar\/ab9ddf1e87f7580cae3deefb05a58c5cf4f0c7f96f033fd7dacc23f0e8d149ca?s=96&d=mm&r=g\",\"caption\":\"Cesar Morales\"},\"url\":\"https:\/\/gijonbasket.com\/en\/author\/cesar\/\"}]}<\/script>\n<!-- \/ Yoast SEO plugin. -->","yoast_head_json":{"title":"James Nnaji al B\u00e1squet Girona cedido por el F.C. Barcelona - gijonbasket","robots":{"index":"index","follow":"follow","max-snippet":"max-snippet:-1","max-image-preview":"max-image-preview:large","max-video-preview":"max-video-preview:-1"},"canonical":"https:\/\/gijonbasket.com\/en\/2024\/08\/04\/james-nnaji-al-basquet-girona-cedido-por-f-c-barcelona\/","og_locale":"en_US","og_type":"article","og_title":"James Nnaji al B\u00e1squet Girona cedido por el F.C. Barcelona - gijonbasket","og_description":"El B\u00e1squet Girona incorpora a James Nnaji (F.C. Barcelona) en calidad de cedido por el conjunto blaugrana. P\u00edvot nigeriano de 19 a\u00f1os y 2.12 m., que milit\u00f3 las cuatro \u00faltimas temporadas en el F.C. Barcelona. Su llegada en 2020 simultane\u00f3 el equipo Junior con el filial. Su debut con el F.C. Barcelona se produjo en&hellip;&nbsp;Read More &raquo;James Nnaji al B\u00e1squet Girona cedido por el F.C. Barcelona","og_url":"https:\/\/gijonbasket.com\/en\/2024\/08\/04\/james-nnaji-al-basquet-girona-cedido-por-f-c-barcelona\/","og_site_name":"gijonbasket","article_published_time":"2024-08-04T18:02:05+00:00","article_modified_time":"2024-08-04T18:02:37+00:00","author":"Cesar Morales","twitter_card":"summary_large_image","twitter_misc":{"Written by":"Cesar Morales","Est. reading time":"1 minute"},"schema":{"@context":"https:\/\/schema.org","@graph":[{"@type":"Article","@id":"https:\/\/gijonbasket.com\/2024\/08\/04\/james-nnaji-al-basquet-girona-cedido-por-f-c-barcelona\/#article","isPartOf":{"@id":"https:\/\/gijonbasket.com\/2024\/08\/04\/james-nnaji-al-basquet-girona-cedido-por-f-c-barcelona\/"},"author":{"name":"Cesar Morales","@id":"https:\/\/gijonbasket.com\/#\/schema\/person\/91af9ff03e8eab582ccc344b715907c0"},"headline":"James Nnaji al B\u00e1squet Girona cedido por el F.C. Barcelona","datePublished":"2024-08-04T18:02:05+00:00","dateModified":"2024-08-04T18:02:37+00:00","mainEntityOfPage":{"@id":"https:\/\/gijonbasket.com\/2024\/08\/04\/james-nnaji-al-basquet-girona-cedido-por-f-c-barcelona\/"},"wordCount":112,"commentCount":0,"publisher":{"@id":"https:\/\/gijonbasket.com\/#organization"},"articleSection":["noticias"],"inLanguage":"en-US","potentialAction":[{"@type":"CommentAction","name":"Comment","target":["https:\/\/gijonbasket.com\/2024\/08\/04\/james-nnaji-al-basquet-girona-cedido-por-f-c-barcelona\/#respond"]}]},{"@type":"WebPage","@id":"https:\/\/gijonbasket.com\/2024\/08\/04\/james-nnaji-al-basquet-girona-cedido-por-f-c-barcelona\/","url":"https:\/\/gijonbasket.com\/2024\/08\/04\/james-nnaji-al-basquet-girona-cedido-por-f-c-barcelona\/","name":"James Nnaji al B\u00e1squet Girona cedido por el F.C. Barcelona - gijonbasket","isPartOf":{"@id":"https:\/\/gijonbasket.com\/#website"},"datePublished":"2024-08-04T18:02:05+00:00","dateModified":"2024-08-04T18:02:37+00:00","breadcrumb":{"@id":"https:\/\/gijonbasket.com\/2024\/08\/04\/james-nnaji-al-basquet-girona-cedido-por-f-c-barcelona\/#breadcrumb"},"inLanguage":"en-US","potentialAction":[{"@type":"ReadAction","target":["https:\/\/gijonbasket.com\/2024\/08\/04\/james-nnaji-al-basquet-girona-cedido-por-f-c-barcelona\/"]}]},{"@type":"BreadcrumbList","@id":"https:\/\/gijonbasket.com\/2024\/08\/04\/james-nnaji-al-basquet-girona-cedido-por-f-c-barcelona\/#breadcrumb","itemListElement":[{"@type":"ListItem","position":1,"name":"Portada","item":"https:\/\/gijonbasket.com\/"},{"@type":"ListItem","position":2,"name":"James Nnaji al B\u00e1squet Girona cedido por el F.C. Barcelona"}]},{"@type":"WebSite","@id":"https:\/\/gijonbasket.com\/#website","url":"https:\/\/gijonbasket.com\/","name":"gijonbasket","description":"","publisher":{"@id":"https:\/\/gijonbasket.com\/#organization"},"potentialAction":[{"@type":"SearchAction","target":{"@type":"EntryPoint","urlTemplate":"https:\/\/gijonbasket.com\/?s={search_term_string}"},"query-input":{"@type":"PropertyValueSpecification","valueRequired":true,"valueName":"search_term_string"}}],"inLanguage":"en-US"},{"@type":"Organization","@id":"https:\/\/gijonbasket.com\/#organization","name":"gijonbasket","url":"https:\/\/gijonbasket.com\/","logo":{"@type":"ImageObject","inLanguage":"en-US","@id":"https:\/\/gijonbasket.com\/#\/schema\/logo\/image\/","url":"https:\/\/gijonbasket.com\/wp-content\/uploads\/2023\/03\/LogoGijonBasket2.jpg","contentUrl":"https:\/\/gijonbasket.com\/wp-content\/uploads\/2023\/03\/LogoGijonBasket2.jpg","width":2000,"height":550,"caption":"gijonbasket"},"image":{"@id":"https:\/\/gijonbasket.com\/#\/schema\/logo\/image\/"}},{"@type":"Person","@id":"https:\/\/gijonbasket.com\/#\/schema\/person\/91af9ff03e8eab582ccc344b715907c0","name":"Cesar Morales","image":{"@type":"ImageObject","inLanguage":"en-US","@id":"https:\/\/gijonbasket.com\/#\/schema\/person\/image\/","url":"https:\/\/secure.gravatar.com\/avatar\/ab9ddf1e87f7580cae3deefb05a58c5cf4f0c7f96f033fd7dacc23f0e8d149ca?s=96&d=mm&r=g","contentUrl":"https:\/\/secure.gravatar.com\/avatar\/ab9ddf1e87f7580cae3deefb05a58c5cf4f0c7f96f033fd7dacc23f0e8d149ca?s=96&d=mm&r=g","caption":"Cesar Morales"},"url":"https:\/\/gijonbasket.com\/en\/author\/cesar\/"}]}},"_links":{"self":[{"href":"https:\/\/gijonbasket.com\/en\/wp-json\/wp\/v2\/posts\/4524","targetHints":{"allow":["GET"]}}],"collection":[{"href":"https:\/\/gijonbasket.com\/en\/wp-json\/wp\/v2\/posts"}],"about":[{"href":"https:\/\/gijonbasket.com\/en\/wp-json\/wp\/v2\/types\/post"}],"author":[{"embeddable":true,"href":"https:\/\/gijonbasket.com\/en\/wp-json\/wp\/v2\/users\/2"}],"replies":[{"embeddable":true,"href":"https:\/\/gijonbasket.com\/en\/wp-json\/wp\/v2\/comments?post=4524"}],"version-history":[{"count":2,"href":"https:\/\/gijonbasket.com\/en\/wp-json\/wp\/v2\/posts\/4524\/revisions"}],"predecessor-version":[{"id":4526,"href":"https:\/\/gijonbasket.com\/en\/wp-json\/wp\/v2\/posts\/4524\/revisions\/4526"}],"wp:attachment":[{"href":"https:\/\/gijonbasket.com\/en\/wp-json\/wp\/v2\/media?parent=4524"}],"wp:term":[{"taxonomy":"category","embeddable":true,"href":"https:\/\/gijonbasket.com\/en\/wp-json\/wp\/v2\/categories?post=4524"},{"taxonomy":"post_tag","embeddable":true,"href":"https:\/\/gijonbasket.com\/en\/wp-json\/wp\/v2\/tags?post=4524"}],"curies":[{"name":"wp","href":"https:\/\/api.w.org\/{rel}","templated":true}]}}