{"id":4822,"date":"2024-09-05T11:25:30","date_gmt":"2024-09-05T09:25:30","guid":{"rendered":"https:\/\/gijonbasket.com\/?p=4822"},"modified":"2024-09-05T11:25:31","modified_gmt":"2024-09-05T09:25:31","slug":"kyle-hines-retirada-a-los-38-anos","status":"publish","type":"post","link":"https:\/\/gijonbasket.com\/en\/2024\/09\/05\/kyle-hines-retirada-a-los-38-anos\/","title":{"rendered":"Kyle Hines retirada a los 38 a\u00f1os"},"content":{"rendered":"<p>Kyle Hines (EA7 Emporio Armani Mil\u00e1n) anunci\u00f3 su retirada del baloncesto profesional a los 38 a\u00f1os tras 16 temporadas en activo.<\/p>\n\n\n\n<p>P\u00edvot estadounidense de 38 a\u00f1os y 1.94 m., con un palmar\u00e9s donde destacan 4 t\u00edtulos de Euroliga con Olympiacos (2011\/2012; 2012\/2013) y CSKA Moscu (2015\/2016; 2018\/2019). <\/p>\n\n\n\n<p>Su llegada a Europa fue en la temporada 2008\/2009 para militar en el desaaprecido Veroli Basket donde permaneci\u00f3 una temporada m\u00e1s, para dar el salto a Alemania al Brose Bamberg (2010\/2011) donde conquist\u00f3 el triplete (Bundesliga, Copa de Alemania, SuperCopa de Alemania) lo que fue su trampol\u00edn hacia el Olympiacos.<\/p>\n\n\n\n<p>2 temporadas en Olympiacos con 2 t\u00edtulos de Euroliga (2011\/2012; 2012\/2013).<\/p>\n\n\n\n<p>7 temporadas en CSKA Moscu con 2 t\u00edtulos de Euroliga (2015\/2016; 2018\/2019).<\/p>\n\n\n\n<p>Kyle Hines milit\u00f3 la cuatro \u00faltimas temporadas en el EA7 Emporio Armani Mil\u00e1n.<\/p>\n\n\n\n<p>Una leyenda del basket europeo como Kyle Hines cuelga las zapatillas tras una espectacular carrera.<\/p>","protected":false},"excerpt":{"rendered":"<p>Kyle Hines (EA7 Emporio Armani Mil\u00e1n) anunci\u00f3 su retirada del baloncesto profesional a los 38 a\u00f1os tras 16 temporadas en activo. P\u00edvot estadounidense de 38 a\u00f1os y 1.94 m., con un palmar\u00e9s donde destacan 4 t\u00edtulos de Euroliga con Olympiacos (2011\/2012; 2012\/2013) y CSKA Moscu (2015\/2016; 2018\/2019). Su llegada a Europa fue en la temporada&hellip;&nbsp;<a href=\"https:\/\/gijonbasket.com\/en\/2024\/09\/05\/kyle-hines-retirada-a-los-38-anos\/\" class=\"\" rel=\"bookmark\">Read More &raquo;<span class=\"screen-reader-text\">Kyle Hines retirada a los 38 a\u00f1os<\/span><\/a><\/p>","protected":false},"author":2,"featured_media":0,"comment_status":"open","ping_status":"open","sticky":false,"template":"","format":"standard","meta":{"neve_meta_sidebar":"","neve_meta_container":"","neve_meta_enable_content_width":"","neve_meta_content_width":0,"neve_meta_title_alignment":"","neve_meta_author_avatar":"","neve_post_elements_order":"","neve_meta_disable_header":"","neve_meta_disable_footer":"","neve_meta_disable_title":"","footnotes":""},"categories":[4],"tags":[],"class_list":["post-4822","post","type-post","status-publish","format-standard","hentry","category-noticias"],"yoast_head":"<!-- This site is optimized with the Yoast SEO plugin v23.4 - https:\/\/yoast.com\/wordpress\/plugins\/seo\/ -->\n<title>Kyle Hines retirada a los 38 a\u00f1os - gijonbasket<\/title>\n<meta name=\"robots\" content=\"index, follow, max-snippet:-1, max-image-preview:large, max-video-preview:-1\" \/>\n<link rel=\"canonical\" href=\"https:\/\/gijonbasket.com\/en\/2024\/09\/05\/kyle-hines-retirada-a-los-38-anos\/\" \/>\n<meta property=\"og:locale\" content=\"en_US\" \/>\n<meta property=\"og:type\" content=\"article\" \/>\n<meta property=\"og:title\" content=\"Kyle Hines retirada a los 38 a\u00f1os - gijonbasket\" \/>\n<meta property=\"og:description\" content=\"Kyle Hines (EA7 Emporio Armani Mil\u00e1n) anunci\u00f3 su retirada del baloncesto profesional a los 38 a\u00f1os tras 16 temporadas en activo. P\u00edvot estadounidense de 38 a\u00f1os y 1.94 m., con un palmar\u00e9s donde destacan 4 t\u00edtulos de Euroliga con Olympiacos (2011\/2012; 2012\/2013) y CSKA Moscu (2015\/2016; 2018\/2019). Su llegada a Europa fue en la temporada&hellip;&nbsp;Read More &raquo;Kyle Hines retirada a los 38 a\u00f1os\" \/>\n<meta property=\"og:url\" content=\"https:\/\/gijonbasket.com\/en\/2024\/09\/05\/kyle-hines-retirada-a-los-38-anos\/\" \/>\n<meta property=\"og:site_name\" content=\"gijonbasket\" \/>\n<meta property=\"article:published_time\" content=\"2024-09-05T09:25:30+00:00\" \/>\n<meta property=\"article:modified_time\" content=\"2024-09-05T09:25:31+00:00\" \/>\n<meta name=\"author\" content=\"Cesar Morales\" \/>\n<meta name=\"twitter:card\" content=\"summary_large_image\" \/>\n<meta name=\"twitter:label1\" content=\"Written by\" \/>\n\t<meta name=\"twitter:data1\" content=\"Cesar Morales\" \/>\n\t<meta name=\"twitter:label2\" content=\"Est. reading time\" \/>\n\t<meta name=\"twitter:data2\" content=\"1 minute\" \/>\n<script type=\"application\/ld+json\" class=\"yoast-schema-graph\">{\"@context\":\"https:\/\/schema.org\",\"@graph\":[{\"@type\":\"Article\",\"@id\":\"https:\/\/gijonbasket.com\/2024\/09\/05\/kyle-hines-retirada-a-los-38-anos\/#article\",\"isPartOf\":{\"@id\":\"https:\/\/gijonbasket.com\/2024\/09\/05\/kyle-hines-retirada-a-los-38-anos\/\"},\"author\":{\"name\":\"Cesar Morales\",\"@id\":\"https:\/\/gijonbasket.com\/#\/schema\/person\/91af9ff03e8eab582ccc344b715907c0\"},\"headline\":\"Kyle Hines retirada a los 38 a\u00f1os\",\"datePublished\":\"2024-09-05T09:25:30+00:00\",\"dateModified\":\"2024-09-05T09:25:31+00:00\",\"mainEntityOfPage\":{\"@id\":\"https:\/\/gijonbasket.com\/2024\/09\/05\/kyle-hines-retirada-a-los-38-anos\/\"},\"wordCount\":147,\"commentCount\":0,\"publisher\":{\"@id\":\"https:\/\/gijonbasket.com\/#organization\"},\"articleSection\":[\"noticias\"],\"inLanguage\":\"en-US\",\"potentialAction\":[{\"@type\":\"CommentAction\",\"name\":\"Comment\",\"target\":[\"https:\/\/gijonbasket.com\/2024\/09\/05\/kyle-hines-retirada-a-los-38-anos\/#respond\"]}]},{\"@type\":\"WebPage\",\"@id\":\"https:\/\/gijonbasket.com\/2024\/09\/05\/kyle-hines-retirada-a-los-38-anos\/\",\"url\":\"https:\/\/gijonbasket.com\/2024\/09\/05\/kyle-hines-retirada-a-los-38-anos\/\",\"name\":\"Kyle Hines retirada a los 38 a\u00f1os - gijonbasket\",\"isPartOf\":{\"@id\":\"https:\/\/gijonbasket.com\/#website\"},\"datePublished\":\"2024-09-05T09:25:30+00:00\",\"dateModified\":\"2024-09-05T09:25:31+00:00\",\"breadcrumb\":{\"@id\":\"https:\/\/gijonbasket.com\/2024\/09\/05\/kyle-hines-retirada-a-los-38-anos\/#breadcrumb\"},\"inLanguage\":\"en-US\",\"potentialAction\":[{\"@type\":\"ReadAction\",\"target\":[\"https:\/\/gijonbasket.com\/2024\/09\/05\/kyle-hines-retirada-a-los-38-anos\/\"]}]},{\"@type\":\"BreadcrumbList\",\"@id\":\"https:\/\/gijonbasket.com\/2024\/09\/05\/kyle-hines-retirada-a-los-38-anos\/#breadcrumb\",\"itemListElement\":[{\"@type\":\"ListItem\",\"position\":1,\"name\":\"Portada\",\"item\":\"https:\/\/gijonbasket.com\/\"},{\"@type\":\"ListItem\",\"position\":2,\"name\":\"Kyle Hines retirada a los 38 a\u00f1os\"}]},{\"@type\":\"WebSite\",\"@id\":\"https:\/\/gijonbasket.com\/#website\",\"url\":\"https:\/\/gijonbasket.com\/\",\"name\":\"gijonbasket\",\"description\":\"\",\"publisher\":{\"@id\":\"https:\/\/gijonbasket.com\/#organization\"},\"potentialAction\":[{\"@type\":\"SearchAction\",\"target\":{\"@type\":\"EntryPoint\",\"urlTemplate\":\"https:\/\/gijonbasket.com\/?s={search_term_string}\"},\"query-input\":{\"@type\":\"PropertyValueSpecification\",\"valueRequired\":true,\"valueName\":\"search_term_string\"}}],\"inLanguage\":\"en-US\"},{\"@type\":\"Organization\",\"@id\":\"https:\/\/gijonbasket.com\/#organization\",\"name\":\"gijonbasket\",\"url\":\"https:\/\/gijonbasket.com\/\",\"logo\":{\"@type\":\"ImageObject\",\"inLanguage\":\"en-US\",\"@id\":\"https:\/\/gijonbasket.com\/#\/schema\/logo\/image\/\",\"url\":\"https:\/\/gijonbasket.com\/wp-content\/uploads\/2023\/03\/LogoGijonBasket2.jpg\",\"contentUrl\":\"https:\/\/gijonbasket.com\/wp-content\/uploads\/2023\/03\/LogoGijonBasket2.jpg\",\"width\":2000,\"height\":550,\"caption\":\"gijonbasket\"},\"image\":{\"@id\":\"https:\/\/gijonbasket.com\/#\/schema\/logo\/image\/\"}},{\"@type\":\"Person\",\"@id\":\"https:\/\/gijonbasket.com\/#\/schema\/person\/91af9ff03e8eab582ccc344b715907c0\",\"name\":\"Cesar Morales\",\"image\":{\"@type\":\"ImageObject\",\"inLanguage\":\"en-US\",\"@id\":\"https:\/\/gijonbasket.com\/#\/schema\/person\/image\/\",\"url\":\"https:\/\/secure.gravatar.com\/avatar\/ab9ddf1e87f7580cae3deefb05a58c5cf4f0c7f96f033fd7dacc23f0e8d149ca?s=96&d=mm&r=g\",\"contentUrl\":\"https:\/\/secure.gravatar.com\/avatar\/ab9ddf1e87f7580cae3deefb05a58c5cf4f0c7f96f033fd7dacc23f0e8d149ca?s=96&d=mm&r=g\",\"caption\":\"Cesar Morales\"},\"url\":\"https:\/\/gijonbasket.com\/en\/author\/cesar\/\"}]}<\/script>\n<!-- \/ Yoast SEO plugin. -->","yoast_head_json":{"title":"Kyle Hines retirada a los 38 a\u00f1os - gijonbasket","robots":{"index":"index","follow":"follow","max-snippet":"max-snippet:-1","max-image-preview":"max-image-preview:large","max-video-preview":"max-video-preview:-1"},"canonical":"https:\/\/gijonbasket.com\/en\/2024\/09\/05\/kyle-hines-retirada-a-los-38-anos\/","og_locale":"en_US","og_type":"article","og_title":"Kyle Hines retirada a los 38 a\u00f1os - gijonbasket","og_description":"Kyle Hines (EA7 Emporio Armani Mil\u00e1n) anunci\u00f3 su retirada del baloncesto profesional a los 38 a\u00f1os tras 16 temporadas en activo. P\u00edvot estadounidense de 38 a\u00f1os y 1.94 m., con un palmar\u00e9s donde destacan 4 t\u00edtulos de Euroliga con Olympiacos (2011\/2012; 2012\/2013) y CSKA Moscu (2015\/2016; 2018\/2019). Su llegada a Europa fue en la temporada&hellip;&nbsp;Read More &raquo;Kyle Hines retirada a los 38 a\u00f1os","og_url":"https:\/\/gijonbasket.com\/en\/2024\/09\/05\/kyle-hines-retirada-a-los-38-anos\/","og_site_name":"gijonbasket","article_published_time":"2024-09-05T09:25:30+00:00","article_modified_time":"2024-09-05T09:25:31+00:00","author":"Cesar Morales","twitter_card":"summary_large_image","twitter_misc":{"Written by":"Cesar Morales","Est. reading time":"1 minute"},"schema":{"@context":"https:\/\/schema.org","@graph":[{"@type":"Article","@id":"https:\/\/gijonbasket.com\/2024\/09\/05\/kyle-hines-retirada-a-los-38-anos\/#article","isPartOf":{"@id":"https:\/\/gijonbasket.com\/2024\/09\/05\/kyle-hines-retirada-a-los-38-anos\/"},"author":{"name":"Cesar Morales","@id":"https:\/\/gijonbasket.com\/#\/schema\/person\/91af9ff03e8eab582ccc344b715907c0"},"headline":"Kyle Hines retirada a los 38 a\u00f1os","datePublished":"2024-09-05T09:25:30+00:00","dateModified":"2024-09-05T09:25:31+00:00","mainEntityOfPage":{"@id":"https:\/\/gijonbasket.com\/2024\/09\/05\/kyle-hines-retirada-a-los-38-anos\/"},"wordCount":147,"commentCount":0,"publisher":{"@id":"https:\/\/gijonbasket.com\/#organization"},"articleSection":["noticias"],"inLanguage":"en-US","potentialAction":[{"@type":"CommentAction","name":"Comment","target":["https:\/\/gijonbasket.com\/2024\/09\/05\/kyle-hines-retirada-a-los-38-anos\/#respond"]}]},{"@type":"WebPage","@id":"https:\/\/gijonbasket.com\/2024\/09\/05\/kyle-hines-retirada-a-los-38-anos\/","url":"https:\/\/gijonbasket.com\/2024\/09\/05\/kyle-hines-retirada-a-los-38-anos\/","name":"Kyle Hines retirada a los 38 a\u00f1os - gijonbasket","isPartOf":{"@id":"https:\/\/gijonbasket.com\/#website"},"datePublished":"2024-09-05T09:25:30+00:00","dateModified":"2024-09-05T09:25:31+00:00","breadcrumb":{"@id":"https:\/\/gijonbasket.com\/2024\/09\/05\/kyle-hines-retirada-a-los-38-anos\/#breadcrumb"},"inLanguage":"en-US","potentialAction":[{"@type":"ReadAction","target":["https:\/\/gijonbasket.com\/2024\/09\/05\/kyle-hines-retirada-a-los-38-anos\/"]}]},{"@type":"BreadcrumbList","@id":"https:\/\/gijonbasket.com\/2024\/09\/05\/kyle-hines-retirada-a-los-38-anos\/#breadcrumb","itemListElement":[{"@type":"ListItem","position":1,"name":"Portada","item":"https:\/\/gijonbasket.com\/"},{"@type":"ListItem","position":2,"name":"Kyle Hines retirada a los 38 a\u00f1os"}]},{"@type":"WebSite","@id":"https:\/\/gijonbasket.com\/#website","url":"https:\/\/gijonbasket.com\/","name":"gijonbasket","description":"","publisher":{"@id":"https:\/\/gijonbasket.com\/#organization"},"potentialAction":[{"@type":"SearchAction","target":{"@type":"EntryPoint","urlTemplate":"https:\/\/gijonbasket.com\/?s={search_term_string}"},"query-input":{"@type":"PropertyValueSpecification","valueRequired":true,"valueName":"search_term_string"}}],"inLanguage":"en-US"},{"@type":"Organization","@id":"https:\/\/gijonbasket.com\/#organization","name":"gijonbasket","url":"https:\/\/gijonbasket.com\/","logo":{"@type":"ImageObject","inLanguage":"en-US","@id":"https:\/\/gijonbasket.com\/#\/schema\/logo\/image\/","url":"https:\/\/gijonbasket.com\/wp-content\/uploads\/2023\/03\/LogoGijonBasket2.jpg","contentUrl":"https:\/\/gijonbasket.com\/wp-content\/uploads\/2023\/03\/LogoGijonBasket2.jpg","width":2000,"height":550,"caption":"gijonbasket"},"image":{"@id":"https:\/\/gijonbasket.com\/#\/schema\/logo\/image\/"}},{"@type":"Person","@id":"https:\/\/gijonbasket.com\/#\/schema\/person\/91af9ff03e8eab582ccc344b715907c0","name":"Cesar Morales","image":{"@type":"ImageObject","inLanguage":"en-US","@id":"https:\/\/gijonbasket.com\/#\/schema\/person\/image\/","url":"https:\/\/secure.gravatar.com\/avatar\/ab9ddf1e87f7580cae3deefb05a58c5cf4f0c7f96f033fd7dacc23f0e8d149ca?s=96&d=mm&r=g","contentUrl":"https:\/\/secure.gravatar.com\/avatar\/ab9ddf1e87f7580cae3deefb05a58c5cf4f0c7f96f033fd7dacc23f0e8d149ca?s=96&d=mm&r=g","caption":"Cesar Morales"},"url":"https:\/\/gijonbasket.com\/en\/author\/cesar\/"}]}},"_links":{"self":[{"href":"https:\/\/gijonbasket.com\/en\/wp-json\/wp\/v2\/posts\/4822","targetHints":{"allow":["GET"]}}],"collection":[{"href":"https:\/\/gijonbasket.com\/en\/wp-json\/wp\/v2\/posts"}],"about":[{"href":"https:\/\/gijonbasket.com\/en\/wp-json\/wp\/v2\/types\/post"}],"author":[{"embeddable":true,"href":"https:\/\/gijonbasket.com\/en\/wp-json\/wp\/v2\/users\/2"}],"replies":[{"embeddable":true,"href":"https:\/\/gijonbasket.com\/en\/wp-json\/wp\/v2\/comments?post=4822"}],"version-history":[{"count":1,"href":"https:\/\/gijonbasket.com\/en\/wp-json\/wp\/v2\/posts\/4822\/revisions"}],"predecessor-version":[{"id":4823,"href":"https:\/\/gijonbasket.com\/en\/wp-json\/wp\/v2\/posts\/4822\/revisions\/4823"}],"wp:attachment":[{"href":"https:\/\/gijonbasket.com\/en\/wp-json\/wp\/v2\/media?parent=4822"}],"wp:term":[{"taxonomy":"category","embeddable":true,"href":"https:\/\/gijonbasket.com\/en\/wp-json\/wp\/v2\/categories?post=4822"},{"taxonomy":"post_tag","embeddable":true,"href":"https:\/\/gijonbasket.com\/en\/wp-json\/wp\/v2\/tags?post=4822"}],"curies":[{"name":"wp","href":"https:\/\/api.w.org\/{rel}","templated":true}]}}