{"id":4902,"date":"2024-09-14T23:00:03","date_gmt":"2024-09-14T21:00:03","guid":{"rendered":"https:\/\/gijonbasket.com\/?p=4902"},"modified":"2024-09-14T23:00:04","modified_gmt":"2024-09-14T21:00:04","slug":"alimerka-oviedo-baloncesto-cultural-y-deportiva-leonesa-96-61","status":"publish","type":"post","link":"https:\/\/gijonbasket.com\/en\/2024\/09\/14\/alimerka-oviedo-baloncesto-cultural-y-deportiva-leonesa-96-61\/","title":{"rendered":"Alimerka Oviedo Baloncesto &#8211; Cultural y Deportiva Leonesa (96-61)"},"content":{"rendered":"<p>El Alimerka Oviedo Baloncesto 2024\/2025 se present\u00f3 ante su afici\u00f3n con una f\u00e1cil victoria ante la Cultural y Deportiva Leonesa.<\/p>\n\n\n\n<p>La Cultural y Deportiva Leonesa s\u00f3lo dispuso de una \u00fanica ventaja en todo el encuentro, con un tiro libre de Obi Okafor (0-1), para estrenar el electr\u00f3nico. <\/p>\n\n\n\n<p>El Alimerka Oviedo Baloncesto con un parcial de 9-0, pasando del 0-1 al 9-1, para tomar el mando definitivo al partido.<\/p>\n\n\n\n<p>El primer cuarto concluy\u00f3 con 25-15.<\/p>\n\n\n\n<p>El Alimerka Oviedo Baloncesto fue progresivamente abriendo diferencias en el segundo cuarto hasta alcanzar los 25 puntos (51-26) y llegar al intermedio con 52-29.<\/p>\n\n\n\n<p>La peor noticia del partido, se produjo en el tercer cuarto, con la lesi\u00f3n de Hugo L\u00f3pez a falta de 04:05. Un golpe en su rodilla izquierda le oblig\u00f3 a a abandonar el encuentro. El tercer cuarto concluy\u00f3 con ventaja local 74-46.<\/p>\n\n\n\n<p>Mikel Sanz fue el gran protagonista del \u00faltimo cuarto con una racha de 4 triples para firmar 14 puntos en el periodo. El Alimerka Oviedo Baloncesto, en este \u00faltimo cuarto, alcanz\u00f3 su m\u00e1xima ventaja del encuentro (39 puntos; 96-57) para terminar imponi\u00e9ndose por el definitivo 96-61.<\/p>\n\n\n\n<p>Devin Hutchinson con 19 puntos fue el m\u00e1ximo anotador del encuentro liderando al Alimerka Oviedo Baloncesto junto a Ken West (18 puntos), Mikel Sanz (15 puntos), Francisco Amarante (13 puntos) y Robert Cosialls (10 puntos). Cinco componentes del Alimerka Oviedo Baloncesto firmaron doble d\u00edgito de anotaci\u00f3n.<\/p>\n\n\n\n<p>Rodrigo Llamas con 11 puntos lider\u00f3 la anotaci\u00f3n de la Cultural y Deportiva Leonesa seguido de Berthold Eluku y Pau Isern con 9 puntos cada uno.<\/p>\n\n\n\n<p>Alimerka Oviedo Baloncesto: Joshua Nurse (2), Francisco Amarante (13), Devin Hutchinson (19), Ken West (18), Dan Duscak (6), Joaqu\u00edn Valinotti (4), Marc Mart\u00ed (4), Mikel Sanz (15), Robert Cosialls (10), Ra\u00fal Lobaco (3) y Hugo L\u00f3pez (2).<\/p>\n\n\n\n<p>Cultural y Deportiva Leonesa: Obi Okafor (4), Rodrigo Llamas (11), Roger F\u00e0brega (8), Berthold Eluku (9), Pau Isern (9), Diego Bult\u00f3 (3), Kyle Greeley (7), Mohamed Fares (6) e Isaac V\u00e1zquez (4).<\/p>","protected":false},"excerpt":{"rendered":"<p>El Alimerka Oviedo Baloncesto 2024\/2025 se present\u00f3 ante su afici\u00f3n con una f\u00e1cil victoria ante la Cultural y Deportiva Leonesa. La Cultural y Deportiva Leonesa s\u00f3lo dispuso de una \u00fanica ventaja en todo el encuentro, con un tiro libre de Obi Okafor (0-1), para estrenar el electr\u00f3nico. El Alimerka Oviedo Baloncesto con un parcial de&hellip;&nbsp;<a href=\"https:\/\/gijonbasket.com\/en\/2024\/09\/14\/alimerka-oviedo-baloncesto-cultural-y-deportiva-leonesa-96-61\/\" class=\"\" rel=\"bookmark\">Read More &raquo;<span class=\"screen-reader-text\">Alimerka Oviedo Baloncesto &#8211; Cultural y Deportiva Leonesa (96-61)<\/span><\/a><\/p>","protected":false},"author":2,"featured_media":0,"comment_status":"open","ping_status":"open","sticky":false,"template":"","format":"standard","meta":{"neve_meta_sidebar":"","neve_meta_container":"","neve_meta_enable_content_width":"","neve_meta_content_width":0,"neve_meta_title_alignment":"","neve_meta_author_avatar":"","neve_post_elements_order":"","neve_meta_disable_header":"","neve_meta_disable_footer":"","neve_meta_disable_title":"","footnotes":""},"categories":[4],"tags":[],"class_list":["post-4902","post","type-post","status-publish","format-standard","hentry","category-noticias"],"yoast_head":"<!-- This site is optimized with the Yoast SEO plugin v23.4 - https:\/\/yoast.com\/wordpress\/plugins\/seo\/ -->\n<title>Alimerka Oviedo Baloncesto - Cultural y Deportiva Leonesa (96-61) - gijonbasket<\/title>\n<meta name=\"robots\" content=\"index, follow, max-snippet:-1, max-image-preview:large, max-video-preview:-1\" \/>\n<link rel=\"canonical\" href=\"https:\/\/gijonbasket.com\/en\/2024\/09\/14\/alimerka-oviedo-baloncesto-cultural-y-deportiva-leonesa-96-61\/\" \/>\n<meta property=\"og:locale\" content=\"en_US\" \/>\n<meta property=\"og:type\" content=\"article\" \/>\n<meta property=\"og:title\" content=\"Alimerka Oviedo Baloncesto - Cultural y Deportiva Leonesa (96-61) - gijonbasket\" \/>\n<meta property=\"og:description\" content=\"El Alimerka Oviedo Baloncesto 2024\/2025 se present\u00f3 ante su afici\u00f3n con una f\u00e1cil victoria ante la Cultural y Deportiva Leonesa. La Cultural y Deportiva Leonesa s\u00f3lo dispuso de una \u00fanica ventaja en todo el encuentro, con un tiro libre de Obi Okafor (0-1), para estrenar el electr\u00f3nico. El Alimerka Oviedo Baloncesto con un parcial de&hellip;&nbsp;Read More &raquo;Alimerka Oviedo Baloncesto &#8211; Cultural y Deportiva Leonesa (96-61)\" \/>\n<meta property=\"og:url\" content=\"https:\/\/gijonbasket.com\/en\/2024\/09\/14\/alimerka-oviedo-baloncesto-cultural-y-deportiva-leonesa-96-61\/\" \/>\n<meta property=\"og:site_name\" content=\"gijonbasket\" \/>\n<meta property=\"article:published_time\" content=\"2024-09-14T21:00:03+00:00\" \/>\n<meta property=\"article:modified_time\" content=\"2024-09-14T21:00:04+00:00\" \/>\n<meta name=\"author\" content=\"Cesar Morales\" \/>\n<meta name=\"twitter:card\" content=\"summary_large_image\" \/>\n<meta name=\"twitter:label1\" content=\"Written by\" \/>\n\t<meta name=\"twitter:data1\" content=\"Cesar Morales\" \/>\n\t<meta name=\"twitter:label2\" content=\"Est. reading time\" \/>\n\t<meta name=\"twitter:data2\" content=\"2 minutes\" \/>\n<script type=\"application\/ld+json\" class=\"yoast-schema-graph\">{\"@context\":\"https:\/\/schema.org\",\"@graph\":[{\"@type\":\"Article\",\"@id\":\"https:\/\/gijonbasket.com\/2024\/09\/14\/alimerka-oviedo-baloncesto-cultural-y-deportiva-leonesa-96-61\/#article\",\"isPartOf\":{\"@id\":\"https:\/\/gijonbasket.com\/2024\/09\/14\/alimerka-oviedo-baloncesto-cultural-y-deportiva-leonesa-96-61\/\"},\"author\":{\"name\":\"Cesar Morales\",\"@id\":\"https:\/\/gijonbasket.com\/#\/schema\/person\/91af9ff03e8eab582ccc344b715907c0\"},\"headline\":\"Alimerka Oviedo Baloncesto &#8211; Cultural y Deportiva Leonesa (96-61)\",\"datePublished\":\"2024-09-14T21:00:03+00:00\",\"dateModified\":\"2024-09-14T21:00:04+00:00\",\"mainEntityOfPage\":{\"@id\":\"https:\/\/gijonbasket.com\/2024\/09\/14\/alimerka-oviedo-baloncesto-cultural-y-deportiva-leonesa-96-61\/\"},\"wordCount\":320,\"commentCount\":0,\"publisher\":{\"@id\":\"https:\/\/gijonbasket.com\/#organization\"},\"articleSection\":[\"noticias\"],\"inLanguage\":\"en-US\",\"potentialAction\":[{\"@type\":\"CommentAction\",\"name\":\"Comment\",\"target\":[\"https:\/\/gijonbasket.com\/2024\/09\/14\/alimerka-oviedo-baloncesto-cultural-y-deportiva-leonesa-96-61\/#respond\"]}]},{\"@type\":\"WebPage\",\"@id\":\"https:\/\/gijonbasket.com\/2024\/09\/14\/alimerka-oviedo-baloncesto-cultural-y-deportiva-leonesa-96-61\/\",\"url\":\"https:\/\/gijonbasket.com\/2024\/09\/14\/alimerka-oviedo-baloncesto-cultural-y-deportiva-leonesa-96-61\/\",\"name\":\"Alimerka Oviedo Baloncesto - Cultural y Deportiva Leonesa (96-61) - gijonbasket\",\"isPartOf\":{\"@id\":\"https:\/\/gijonbasket.com\/#website\"},\"datePublished\":\"2024-09-14T21:00:03+00:00\",\"dateModified\":\"2024-09-14T21:00:04+00:00\",\"breadcrumb\":{\"@id\":\"https:\/\/gijonbasket.com\/2024\/09\/14\/alimerka-oviedo-baloncesto-cultural-y-deportiva-leonesa-96-61\/#breadcrumb\"},\"inLanguage\":\"en-US\",\"potentialAction\":[{\"@type\":\"ReadAction\",\"target\":[\"https:\/\/gijonbasket.com\/2024\/09\/14\/alimerka-oviedo-baloncesto-cultural-y-deportiva-leonesa-96-61\/\"]}]},{\"@type\":\"BreadcrumbList\",\"@id\":\"https:\/\/gijonbasket.com\/2024\/09\/14\/alimerka-oviedo-baloncesto-cultural-y-deportiva-leonesa-96-61\/#breadcrumb\",\"itemListElement\":[{\"@type\":\"ListItem\",\"position\":1,\"name\":\"Portada\",\"item\":\"https:\/\/gijonbasket.com\/\"},{\"@type\":\"ListItem\",\"position\":2,\"name\":\"Alimerka Oviedo Baloncesto &#8211; Cultural y Deportiva Leonesa (96-61)\"}]},{\"@type\":\"WebSite\",\"@id\":\"https:\/\/gijonbasket.com\/#website\",\"url\":\"https:\/\/gijonbasket.com\/\",\"name\":\"gijonbasket\",\"description\":\"\",\"publisher\":{\"@id\":\"https:\/\/gijonbasket.com\/#organization\"},\"potentialAction\":[{\"@type\":\"SearchAction\",\"target\":{\"@type\":\"EntryPoint\",\"urlTemplate\":\"https:\/\/gijonbasket.com\/?s={search_term_string}\"},\"query-input\":{\"@type\":\"PropertyValueSpecification\",\"valueRequired\":true,\"valueName\":\"search_term_string\"}}],\"inLanguage\":\"en-US\"},{\"@type\":\"Organization\",\"@id\":\"https:\/\/gijonbasket.com\/#organization\",\"name\":\"gijonbasket\",\"url\":\"https:\/\/gijonbasket.com\/\",\"logo\":{\"@type\":\"ImageObject\",\"inLanguage\":\"en-US\",\"@id\":\"https:\/\/gijonbasket.com\/#\/schema\/logo\/image\/\",\"url\":\"https:\/\/gijonbasket.com\/wp-content\/uploads\/2023\/03\/LogoGijonBasket2.jpg\",\"contentUrl\":\"https:\/\/gijonbasket.com\/wp-content\/uploads\/2023\/03\/LogoGijonBasket2.jpg\",\"width\":2000,\"height\":550,\"caption\":\"gijonbasket\"},\"image\":{\"@id\":\"https:\/\/gijonbasket.com\/#\/schema\/logo\/image\/\"}},{\"@type\":\"Person\",\"@id\":\"https:\/\/gijonbasket.com\/#\/schema\/person\/91af9ff03e8eab582ccc344b715907c0\",\"name\":\"Cesar Morales\",\"image\":{\"@type\":\"ImageObject\",\"inLanguage\":\"en-US\",\"@id\":\"https:\/\/gijonbasket.com\/#\/schema\/person\/image\/\",\"url\":\"https:\/\/secure.gravatar.com\/avatar\/ab9ddf1e87f7580cae3deefb05a58c5cf4f0c7f96f033fd7dacc23f0e8d149ca?s=96&d=mm&r=g\",\"contentUrl\":\"https:\/\/secure.gravatar.com\/avatar\/ab9ddf1e87f7580cae3deefb05a58c5cf4f0c7f96f033fd7dacc23f0e8d149ca?s=96&d=mm&r=g\",\"caption\":\"Cesar Morales\"},\"url\":\"https:\/\/gijonbasket.com\/en\/author\/cesar\/\"}]}<\/script>\n<!-- \/ Yoast SEO plugin. -->","yoast_head_json":{"title":"Alimerka Oviedo Baloncesto - Cultural y Deportiva Leonesa (96-61) - gijonbasket","robots":{"index":"index","follow":"follow","max-snippet":"max-snippet:-1","max-image-preview":"max-image-preview:large","max-video-preview":"max-video-preview:-1"},"canonical":"https:\/\/gijonbasket.com\/en\/2024\/09\/14\/alimerka-oviedo-baloncesto-cultural-y-deportiva-leonesa-96-61\/","og_locale":"en_US","og_type":"article","og_title":"Alimerka Oviedo Baloncesto - Cultural y Deportiva Leonesa (96-61) - gijonbasket","og_description":"El Alimerka Oviedo Baloncesto 2024\/2025 se present\u00f3 ante su afici\u00f3n con una f\u00e1cil victoria ante la Cultural y Deportiva Leonesa. La Cultural y Deportiva Leonesa s\u00f3lo dispuso de una \u00fanica ventaja en todo el encuentro, con un tiro libre de Obi Okafor (0-1), para estrenar el electr\u00f3nico. El Alimerka Oviedo Baloncesto con un parcial de&hellip;&nbsp;Read More &raquo;Alimerka Oviedo Baloncesto &#8211; Cultural y Deportiva Leonesa (96-61)","og_url":"https:\/\/gijonbasket.com\/en\/2024\/09\/14\/alimerka-oviedo-baloncesto-cultural-y-deportiva-leonesa-96-61\/","og_site_name":"gijonbasket","article_published_time":"2024-09-14T21:00:03+00:00","article_modified_time":"2024-09-14T21:00:04+00:00","author":"Cesar Morales","twitter_card":"summary_large_image","twitter_misc":{"Written by":"Cesar Morales","Est. reading time":"2 minutes"},"schema":{"@context":"https:\/\/schema.org","@graph":[{"@type":"Article","@id":"https:\/\/gijonbasket.com\/2024\/09\/14\/alimerka-oviedo-baloncesto-cultural-y-deportiva-leonesa-96-61\/#article","isPartOf":{"@id":"https:\/\/gijonbasket.com\/2024\/09\/14\/alimerka-oviedo-baloncesto-cultural-y-deportiva-leonesa-96-61\/"},"author":{"name":"Cesar Morales","@id":"https:\/\/gijonbasket.com\/#\/schema\/person\/91af9ff03e8eab582ccc344b715907c0"},"headline":"Alimerka Oviedo Baloncesto &#8211; Cultural y Deportiva Leonesa (96-61)","datePublished":"2024-09-14T21:00:03+00:00","dateModified":"2024-09-14T21:00:04+00:00","mainEntityOfPage":{"@id":"https:\/\/gijonbasket.com\/2024\/09\/14\/alimerka-oviedo-baloncesto-cultural-y-deportiva-leonesa-96-61\/"},"wordCount":320,"commentCount":0,"publisher":{"@id":"https:\/\/gijonbasket.com\/#organization"},"articleSection":["noticias"],"inLanguage":"en-US","potentialAction":[{"@type":"CommentAction","name":"Comment","target":["https:\/\/gijonbasket.com\/2024\/09\/14\/alimerka-oviedo-baloncesto-cultural-y-deportiva-leonesa-96-61\/#respond"]}]},{"@type":"WebPage","@id":"https:\/\/gijonbasket.com\/2024\/09\/14\/alimerka-oviedo-baloncesto-cultural-y-deportiva-leonesa-96-61\/","url":"https:\/\/gijonbasket.com\/2024\/09\/14\/alimerka-oviedo-baloncesto-cultural-y-deportiva-leonesa-96-61\/","name":"Alimerka Oviedo Baloncesto - Cultural y Deportiva Leonesa (96-61) - gijonbasket","isPartOf":{"@id":"https:\/\/gijonbasket.com\/#website"},"datePublished":"2024-09-14T21:00:03+00:00","dateModified":"2024-09-14T21:00:04+00:00","breadcrumb":{"@id":"https:\/\/gijonbasket.com\/2024\/09\/14\/alimerka-oviedo-baloncesto-cultural-y-deportiva-leonesa-96-61\/#breadcrumb"},"inLanguage":"en-US","potentialAction":[{"@type":"ReadAction","target":["https:\/\/gijonbasket.com\/2024\/09\/14\/alimerka-oviedo-baloncesto-cultural-y-deportiva-leonesa-96-61\/"]}]},{"@type":"BreadcrumbList","@id":"https:\/\/gijonbasket.com\/2024\/09\/14\/alimerka-oviedo-baloncesto-cultural-y-deportiva-leonesa-96-61\/#breadcrumb","itemListElement":[{"@type":"ListItem","position":1,"name":"Portada","item":"https:\/\/gijonbasket.com\/"},{"@type":"ListItem","position":2,"name":"Alimerka Oviedo Baloncesto &#8211; Cultural y Deportiva Leonesa (96-61)"}]},{"@type":"WebSite","@id":"https:\/\/gijonbasket.com\/#website","url":"https:\/\/gijonbasket.com\/","name":"gijonbasket","description":"","publisher":{"@id":"https:\/\/gijonbasket.com\/#organization"},"potentialAction":[{"@type":"SearchAction","target":{"@type":"EntryPoint","urlTemplate":"https:\/\/gijonbasket.com\/?s={search_term_string}"},"query-input":{"@type":"PropertyValueSpecification","valueRequired":true,"valueName":"search_term_string"}}],"inLanguage":"en-US"},{"@type":"Organization","@id":"https:\/\/gijonbasket.com\/#organization","name":"gijonbasket","url":"https:\/\/gijonbasket.com\/","logo":{"@type":"ImageObject","inLanguage":"en-US","@id":"https:\/\/gijonbasket.com\/#\/schema\/logo\/image\/","url":"https:\/\/gijonbasket.com\/wp-content\/uploads\/2023\/03\/LogoGijonBasket2.jpg","contentUrl":"https:\/\/gijonbasket.com\/wp-content\/uploads\/2023\/03\/LogoGijonBasket2.jpg","width":2000,"height":550,"caption":"gijonbasket"},"image":{"@id":"https:\/\/gijonbasket.com\/#\/schema\/logo\/image\/"}},{"@type":"Person","@id":"https:\/\/gijonbasket.com\/#\/schema\/person\/91af9ff03e8eab582ccc344b715907c0","name":"Cesar Morales","image":{"@type":"ImageObject","inLanguage":"en-US","@id":"https:\/\/gijonbasket.com\/#\/schema\/person\/image\/","url":"https:\/\/secure.gravatar.com\/avatar\/ab9ddf1e87f7580cae3deefb05a58c5cf4f0c7f96f033fd7dacc23f0e8d149ca?s=96&d=mm&r=g","contentUrl":"https:\/\/secure.gravatar.com\/avatar\/ab9ddf1e87f7580cae3deefb05a58c5cf4f0c7f96f033fd7dacc23f0e8d149ca?s=96&d=mm&r=g","caption":"Cesar Morales"},"url":"https:\/\/gijonbasket.com\/en\/author\/cesar\/"}]}},"_links":{"self":[{"href":"https:\/\/gijonbasket.com\/en\/wp-json\/wp\/v2\/posts\/4902","targetHints":{"allow":["GET"]}}],"collection":[{"href":"https:\/\/gijonbasket.com\/en\/wp-json\/wp\/v2\/posts"}],"about":[{"href":"https:\/\/gijonbasket.com\/en\/wp-json\/wp\/v2\/types\/post"}],"author":[{"embeddable":true,"href":"https:\/\/gijonbasket.com\/en\/wp-json\/wp\/v2\/users\/2"}],"replies":[{"embeddable":true,"href":"https:\/\/gijonbasket.com\/en\/wp-json\/wp\/v2\/comments?post=4902"}],"version-history":[{"count":1,"href":"https:\/\/gijonbasket.com\/en\/wp-json\/wp\/v2\/posts\/4902\/revisions"}],"predecessor-version":[{"id":4903,"href":"https:\/\/gijonbasket.com\/en\/wp-json\/wp\/v2\/posts\/4902\/revisions\/4903"}],"wp:attachment":[{"href":"https:\/\/gijonbasket.com\/en\/wp-json\/wp\/v2\/media?parent=4902"}],"wp:term":[{"taxonomy":"category","embeddable":true,"href":"https:\/\/gijonbasket.com\/en\/wp-json\/wp\/v2\/categories?post=4902"},{"taxonomy":"post_tag","embeddable":true,"href":"https:\/\/gijonbasket.com\/en\/wp-json\/wp\/v2\/tags?post=4902"}],"curies":[{"name":"wp","href":"https:\/\/api.w.org\/{rel}","templated":true}]}}