{"id":4969,"date":"2024-09-23T15:16:29","date_gmt":"2024-09-23T13:16:29","guid":{"rendered":"https:\/\/gijonbasket.com\/?p=4969"},"modified":"2024-09-23T15:16:29","modified_gmt":"2024-09-23T13:16:29","slug":"kevin-bercy-por-hugo-lopez-en-el-alimerka-oviedo-baloncesto","status":"publish","type":"post","link":"https:\/\/gijonbasket.com\/en\/2024\/09\/23\/kevin-bercy-por-hugo-lopez-en-el-alimerka-oviedo-baloncesto\/","title":{"rendered":"Kevin Bercy por Hugo L\u00f3pez en el Alimerka Oviedo Baloncesto"},"content":{"rendered":"<p>El Alimerka Oviedo Baloncesto anunci\u00f3 el fichaje de Kevin Bercy (HLA Alicante), para cubrir la baja por  lesi\u00f3n de Hugo L\u00f3pez, que sufri\u00f3 la rotura del ligamento cruzado anterior de su rodilla izquierda con afectaci\u00f3n al menisco en el encuentro de pretemporada ante la Cultural y Deportiva Leonesa.<\/p>\n\n\n\n<p>Ala-p\u00edvot canadiense con nacionalidad haitiana de 29 a\u00f1os y 2.01 m., condici\u00f3n Cotonou, no ocupando plaza como jugador extracomunitario.<\/p>\n\n\n\n<p>Kevin Bercy milit\u00f3 la pasada temporada en HLA ALicante promediando 4.7 ppp; 4.4 rpp (Temporada Regular) y 1.7 ppp; 2 rpp (Play-Offs Ascenso).<\/p>\n\n\n\n<p>Su llegada a Espa\u00f1a se produjo en la temporada 2018\/2019, para militar en el Zornotza Saskibaloi Taldea (LEB Plata), firmando sus mejores estadisticas en nuestro pa\u00eds con 16.8 ppp; 7.1 rpp (1\u00aa Fase) y 14.8 ppp; 6.5 rpp (2\u00aa Fase).<\/p>\n\n\n\n<p>En la temporada 2019\/2020, Kevin Bercy regres\u00f3 a Canad\u00e1 para militar en Fraser Valley (CEBL) y recalar en Union Dax Garmade (NM1-Francia) aunque una lesi\u00f3n le impidi\u00f3 debutar con el conjunto franc\u00e9s.<\/p>\n\n\n\n<p>Regreso a Espa\u00f1a en la temporada 2020\/2021 para militar en el Real Canoe N.C. en LEB Oro y as\u00ed encadenar CB Almansa con AFANION (2021\/2022), C\u00e1ceres Patrimonio de la Humanidad (2022\/2023) y HLA Alicante (2023\/2024), en la misma categor\u00eda.<\/p>","protected":false},"excerpt":{"rendered":"<p>El Alimerka Oviedo Baloncesto anunci\u00f3 el fichaje de Kevin Bercy (HLA Alicante), para cubrir la baja por lesi\u00f3n de Hugo L\u00f3pez, que sufri\u00f3 la rotura del ligamento cruzado anterior de su rodilla izquierda con afectaci\u00f3n al menisco en el encuentro de pretemporada ante la Cultural y Deportiva Leonesa. Ala-p\u00edvot canadiense con nacionalidad haitiana de 29&hellip;&nbsp;<a href=\"https:\/\/gijonbasket.com\/en\/2024\/09\/23\/kevin-bercy-por-hugo-lopez-en-el-alimerka-oviedo-baloncesto\/\" class=\"\" rel=\"bookmark\">Read More &raquo;<span class=\"screen-reader-text\">Kevin Bercy por Hugo L\u00f3pez en el Alimerka Oviedo Baloncesto<\/span><\/a><\/p>","protected":false},"author":2,"featured_media":0,"comment_status":"open","ping_status":"open","sticky":false,"template":"","format":"standard","meta":{"neve_meta_sidebar":"","neve_meta_container":"","neve_meta_enable_content_width":"","neve_meta_content_width":0,"neve_meta_title_alignment":"","neve_meta_author_avatar":"","neve_post_elements_order":"","neve_meta_disable_header":"","neve_meta_disable_footer":"","neve_meta_disable_title":"","footnotes":""},"categories":[4],"tags":[],"class_list":["post-4969","post","type-post","status-publish","format-standard","hentry","category-noticias"],"yoast_head":"<!-- This site is optimized with the Yoast SEO plugin v23.4 - https:\/\/yoast.com\/wordpress\/plugins\/seo\/ -->\n<title>Kevin Bercy por Hugo L\u00f3pez en el Alimerka Oviedo Baloncesto - gijonbasket<\/title>\n<meta name=\"robots\" content=\"index, follow, max-snippet:-1, max-image-preview:large, max-video-preview:-1\" \/>\n<link rel=\"canonical\" href=\"https:\/\/gijonbasket.com\/en\/2024\/09\/23\/kevin-bercy-por-hugo-lopez-en-el-alimerka-oviedo-baloncesto\/\" \/>\n<meta property=\"og:locale\" content=\"en_US\" \/>\n<meta property=\"og:type\" content=\"article\" \/>\n<meta property=\"og:title\" content=\"Kevin Bercy por Hugo L\u00f3pez en el Alimerka Oviedo Baloncesto - gijonbasket\" \/>\n<meta property=\"og:description\" content=\"El Alimerka Oviedo Baloncesto anunci\u00f3 el fichaje de Kevin Bercy (HLA Alicante), para cubrir la baja por lesi\u00f3n de Hugo L\u00f3pez, que sufri\u00f3 la rotura del ligamento cruzado anterior de su rodilla izquierda con afectaci\u00f3n al menisco en el encuentro de pretemporada ante la Cultural y Deportiva Leonesa. Ala-p\u00edvot canadiense con nacionalidad haitiana de 29&hellip;&nbsp;Read More &raquo;Kevin Bercy por Hugo L\u00f3pez en el Alimerka Oviedo Baloncesto\" \/>\n<meta property=\"og:url\" content=\"https:\/\/gijonbasket.com\/en\/2024\/09\/23\/kevin-bercy-por-hugo-lopez-en-el-alimerka-oviedo-baloncesto\/\" \/>\n<meta property=\"og:site_name\" content=\"gijonbasket\" \/>\n<meta property=\"article:published_time\" content=\"2024-09-23T13:16:29+00:00\" \/>\n<meta name=\"author\" content=\"Cesar Morales\" \/>\n<meta name=\"twitter:card\" content=\"summary_large_image\" \/>\n<meta name=\"twitter:label1\" content=\"Written by\" \/>\n\t<meta name=\"twitter:data1\" content=\"Cesar Morales\" \/>\n\t<meta name=\"twitter:label2\" content=\"Est. reading time\" \/>\n\t<meta name=\"twitter:data2\" content=\"1 minute\" \/>\n<script type=\"application\/ld+json\" class=\"yoast-schema-graph\">{\"@context\":\"https:\/\/schema.org\",\"@graph\":[{\"@type\":\"Article\",\"@id\":\"https:\/\/gijonbasket.com\/2024\/09\/23\/kevin-bercy-por-hugo-lopez-en-el-alimerka-oviedo-baloncesto\/#article\",\"isPartOf\":{\"@id\":\"https:\/\/gijonbasket.com\/2024\/09\/23\/kevin-bercy-por-hugo-lopez-en-el-alimerka-oviedo-baloncesto\/\"},\"author\":{\"name\":\"Cesar Morales\",\"@id\":\"https:\/\/gijonbasket.com\/#\/schema\/person\/91af9ff03e8eab582ccc344b715907c0\"},\"headline\":\"Kevin Bercy por Hugo L\u00f3pez en el Alimerka Oviedo Baloncesto\",\"datePublished\":\"2024-09-23T13:16:29+00:00\",\"dateModified\":\"2024-09-23T13:16:29+00:00\",\"mainEntityOfPage\":{\"@id\":\"https:\/\/gijonbasket.com\/2024\/09\/23\/kevin-bercy-por-hugo-lopez-en-el-alimerka-oviedo-baloncesto\/\"},\"wordCount\":209,\"commentCount\":0,\"publisher\":{\"@id\":\"https:\/\/gijonbasket.com\/#organization\"},\"articleSection\":[\"noticias\"],\"inLanguage\":\"en-US\",\"potentialAction\":[{\"@type\":\"CommentAction\",\"name\":\"Comment\",\"target\":[\"https:\/\/gijonbasket.com\/2024\/09\/23\/kevin-bercy-por-hugo-lopez-en-el-alimerka-oviedo-baloncesto\/#respond\"]}]},{\"@type\":\"WebPage\",\"@id\":\"https:\/\/gijonbasket.com\/2024\/09\/23\/kevin-bercy-por-hugo-lopez-en-el-alimerka-oviedo-baloncesto\/\",\"url\":\"https:\/\/gijonbasket.com\/2024\/09\/23\/kevin-bercy-por-hugo-lopez-en-el-alimerka-oviedo-baloncesto\/\",\"name\":\"Kevin Bercy por Hugo L\u00f3pez en el Alimerka Oviedo Baloncesto - gijonbasket\",\"isPartOf\":{\"@id\":\"https:\/\/gijonbasket.com\/#website\"},\"datePublished\":\"2024-09-23T13:16:29+00:00\",\"dateModified\":\"2024-09-23T13:16:29+00:00\",\"breadcrumb\":{\"@id\":\"https:\/\/gijonbasket.com\/2024\/09\/23\/kevin-bercy-por-hugo-lopez-en-el-alimerka-oviedo-baloncesto\/#breadcrumb\"},\"inLanguage\":\"en-US\",\"potentialAction\":[{\"@type\":\"ReadAction\",\"target\":[\"https:\/\/gijonbasket.com\/2024\/09\/23\/kevin-bercy-por-hugo-lopez-en-el-alimerka-oviedo-baloncesto\/\"]}]},{\"@type\":\"BreadcrumbList\",\"@id\":\"https:\/\/gijonbasket.com\/2024\/09\/23\/kevin-bercy-por-hugo-lopez-en-el-alimerka-oviedo-baloncesto\/#breadcrumb\",\"itemListElement\":[{\"@type\":\"ListItem\",\"position\":1,\"name\":\"Portada\",\"item\":\"https:\/\/gijonbasket.com\/\"},{\"@type\":\"ListItem\",\"position\":2,\"name\":\"Kevin Bercy por Hugo L\u00f3pez en el Alimerka Oviedo Baloncesto\"}]},{\"@type\":\"WebSite\",\"@id\":\"https:\/\/gijonbasket.com\/#website\",\"url\":\"https:\/\/gijonbasket.com\/\",\"name\":\"gijonbasket\",\"description\":\"\",\"publisher\":{\"@id\":\"https:\/\/gijonbasket.com\/#organization\"},\"potentialAction\":[{\"@type\":\"SearchAction\",\"target\":{\"@type\":\"EntryPoint\",\"urlTemplate\":\"https:\/\/gijonbasket.com\/?s={search_term_string}\"},\"query-input\":{\"@type\":\"PropertyValueSpecification\",\"valueRequired\":true,\"valueName\":\"search_term_string\"}}],\"inLanguage\":\"en-US\"},{\"@type\":\"Organization\",\"@id\":\"https:\/\/gijonbasket.com\/#organization\",\"name\":\"gijonbasket\",\"url\":\"https:\/\/gijonbasket.com\/\",\"logo\":{\"@type\":\"ImageObject\",\"inLanguage\":\"en-US\",\"@id\":\"https:\/\/gijonbasket.com\/#\/schema\/logo\/image\/\",\"url\":\"https:\/\/gijonbasket.com\/wp-content\/uploads\/2023\/03\/LogoGijonBasket2.jpg\",\"contentUrl\":\"https:\/\/gijonbasket.com\/wp-content\/uploads\/2023\/03\/LogoGijonBasket2.jpg\",\"width\":2000,\"height\":550,\"caption\":\"gijonbasket\"},\"image\":{\"@id\":\"https:\/\/gijonbasket.com\/#\/schema\/logo\/image\/\"}},{\"@type\":\"Person\",\"@id\":\"https:\/\/gijonbasket.com\/#\/schema\/person\/91af9ff03e8eab582ccc344b715907c0\",\"name\":\"Cesar Morales\",\"image\":{\"@type\":\"ImageObject\",\"inLanguage\":\"en-US\",\"@id\":\"https:\/\/gijonbasket.com\/#\/schema\/person\/image\/\",\"url\":\"https:\/\/secure.gravatar.com\/avatar\/ab9ddf1e87f7580cae3deefb05a58c5cf4f0c7f96f033fd7dacc23f0e8d149ca?s=96&d=mm&r=g\",\"contentUrl\":\"https:\/\/secure.gravatar.com\/avatar\/ab9ddf1e87f7580cae3deefb05a58c5cf4f0c7f96f033fd7dacc23f0e8d149ca?s=96&d=mm&r=g\",\"caption\":\"Cesar Morales\"},\"url\":\"https:\/\/gijonbasket.com\/en\/author\/cesar\/\"}]}<\/script>\n<!-- \/ Yoast SEO plugin. -->","yoast_head_json":{"title":"Kevin Bercy por Hugo L\u00f3pez en el Alimerka Oviedo Baloncesto - gijonbasket","robots":{"index":"index","follow":"follow","max-snippet":"max-snippet:-1","max-image-preview":"max-image-preview:large","max-video-preview":"max-video-preview:-1"},"canonical":"https:\/\/gijonbasket.com\/en\/2024\/09\/23\/kevin-bercy-por-hugo-lopez-en-el-alimerka-oviedo-baloncesto\/","og_locale":"en_US","og_type":"article","og_title":"Kevin Bercy por Hugo L\u00f3pez en el Alimerka Oviedo Baloncesto - gijonbasket","og_description":"El Alimerka Oviedo Baloncesto anunci\u00f3 el fichaje de Kevin Bercy (HLA Alicante), para cubrir la baja por lesi\u00f3n de Hugo L\u00f3pez, que sufri\u00f3 la rotura del ligamento cruzado anterior de su rodilla izquierda con afectaci\u00f3n al menisco en el encuentro de pretemporada ante la Cultural y Deportiva Leonesa. Ala-p\u00edvot canadiense con nacionalidad haitiana de 29&hellip;&nbsp;Read More &raquo;Kevin Bercy por Hugo L\u00f3pez en el Alimerka Oviedo Baloncesto","og_url":"https:\/\/gijonbasket.com\/en\/2024\/09\/23\/kevin-bercy-por-hugo-lopez-en-el-alimerka-oviedo-baloncesto\/","og_site_name":"gijonbasket","article_published_time":"2024-09-23T13:16:29+00:00","author":"Cesar Morales","twitter_card":"summary_large_image","twitter_misc":{"Written by":"Cesar Morales","Est. reading time":"1 minute"},"schema":{"@context":"https:\/\/schema.org","@graph":[{"@type":"Article","@id":"https:\/\/gijonbasket.com\/2024\/09\/23\/kevin-bercy-por-hugo-lopez-en-el-alimerka-oviedo-baloncesto\/#article","isPartOf":{"@id":"https:\/\/gijonbasket.com\/2024\/09\/23\/kevin-bercy-por-hugo-lopez-en-el-alimerka-oviedo-baloncesto\/"},"author":{"name":"Cesar Morales","@id":"https:\/\/gijonbasket.com\/#\/schema\/person\/91af9ff03e8eab582ccc344b715907c0"},"headline":"Kevin Bercy por Hugo L\u00f3pez en el Alimerka Oviedo Baloncesto","datePublished":"2024-09-23T13:16:29+00:00","dateModified":"2024-09-23T13:16:29+00:00","mainEntityOfPage":{"@id":"https:\/\/gijonbasket.com\/2024\/09\/23\/kevin-bercy-por-hugo-lopez-en-el-alimerka-oviedo-baloncesto\/"},"wordCount":209,"commentCount":0,"publisher":{"@id":"https:\/\/gijonbasket.com\/#organization"},"articleSection":["noticias"],"inLanguage":"en-US","potentialAction":[{"@type":"CommentAction","name":"Comment","target":["https:\/\/gijonbasket.com\/2024\/09\/23\/kevin-bercy-por-hugo-lopez-en-el-alimerka-oviedo-baloncesto\/#respond"]}]},{"@type":"WebPage","@id":"https:\/\/gijonbasket.com\/2024\/09\/23\/kevin-bercy-por-hugo-lopez-en-el-alimerka-oviedo-baloncesto\/","url":"https:\/\/gijonbasket.com\/2024\/09\/23\/kevin-bercy-por-hugo-lopez-en-el-alimerka-oviedo-baloncesto\/","name":"Kevin Bercy por Hugo L\u00f3pez en el Alimerka Oviedo Baloncesto - gijonbasket","isPartOf":{"@id":"https:\/\/gijonbasket.com\/#website"},"datePublished":"2024-09-23T13:16:29+00:00","dateModified":"2024-09-23T13:16:29+00:00","breadcrumb":{"@id":"https:\/\/gijonbasket.com\/2024\/09\/23\/kevin-bercy-por-hugo-lopez-en-el-alimerka-oviedo-baloncesto\/#breadcrumb"},"inLanguage":"en-US","potentialAction":[{"@type":"ReadAction","target":["https:\/\/gijonbasket.com\/2024\/09\/23\/kevin-bercy-por-hugo-lopez-en-el-alimerka-oviedo-baloncesto\/"]}]},{"@type":"BreadcrumbList","@id":"https:\/\/gijonbasket.com\/2024\/09\/23\/kevin-bercy-por-hugo-lopez-en-el-alimerka-oviedo-baloncesto\/#breadcrumb","itemListElement":[{"@type":"ListItem","position":1,"name":"Portada","item":"https:\/\/gijonbasket.com\/"},{"@type":"ListItem","position":2,"name":"Kevin Bercy por Hugo L\u00f3pez en el Alimerka Oviedo Baloncesto"}]},{"@type":"WebSite","@id":"https:\/\/gijonbasket.com\/#website","url":"https:\/\/gijonbasket.com\/","name":"gijonbasket","description":"","publisher":{"@id":"https:\/\/gijonbasket.com\/#organization"},"potentialAction":[{"@type":"SearchAction","target":{"@type":"EntryPoint","urlTemplate":"https:\/\/gijonbasket.com\/?s={search_term_string}"},"query-input":{"@type":"PropertyValueSpecification","valueRequired":true,"valueName":"search_term_string"}}],"inLanguage":"en-US"},{"@type":"Organization","@id":"https:\/\/gijonbasket.com\/#organization","name":"gijonbasket","url":"https:\/\/gijonbasket.com\/","logo":{"@type":"ImageObject","inLanguage":"en-US","@id":"https:\/\/gijonbasket.com\/#\/schema\/logo\/image\/","url":"https:\/\/gijonbasket.com\/wp-content\/uploads\/2023\/03\/LogoGijonBasket2.jpg","contentUrl":"https:\/\/gijonbasket.com\/wp-content\/uploads\/2023\/03\/LogoGijonBasket2.jpg","width":2000,"height":550,"caption":"gijonbasket"},"image":{"@id":"https:\/\/gijonbasket.com\/#\/schema\/logo\/image\/"}},{"@type":"Person","@id":"https:\/\/gijonbasket.com\/#\/schema\/person\/91af9ff03e8eab582ccc344b715907c0","name":"Cesar Morales","image":{"@type":"ImageObject","inLanguage":"en-US","@id":"https:\/\/gijonbasket.com\/#\/schema\/person\/image\/","url":"https:\/\/secure.gravatar.com\/avatar\/ab9ddf1e87f7580cae3deefb05a58c5cf4f0c7f96f033fd7dacc23f0e8d149ca?s=96&d=mm&r=g","contentUrl":"https:\/\/secure.gravatar.com\/avatar\/ab9ddf1e87f7580cae3deefb05a58c5cf4f0c7f96f033fd7dacc23f0e8d149ca?s=96&d=mm&r=g","caption":"Cesar Morales"},"url":"https:\/\/gijonbasket.com\/en\/author\/cesar\/"}]}},"_links":{"self":[{"href":"https:\/\/gijonbasket.com\/en\/wp-json\/wp\/v2\/posts\/4969","targetHints":{"allow":["GET"]}}],"collection":[{"href":"https:\/\/gijonbasket.com\/en\/wp-json\/wp\/v2\/posts"}],"about":[{"href":"https:\/\/gijonbasket.com\/en\/wp-json\/wp\/v2\/types\/post"}],"author":[{"embeddable":true,"href":"https:\/\/gijonbasket.com\/en\/wp-json\/wp\/v2\/users\/2"}],"replies":[{"embeddable":true,"href":"https:\/\/gijonbasket.com\/en\/wp-json\/wp\/v2\/comments?post=4969"}],"version-history":[{"count":1,"href":"https:\/\/gijonbasket.com\/en\/wp-json\/wp\/v2\/posts\/4969\/revisions"}],"predecessor-version":[{"id":4970,"href":"https:\/\/gijonbasket.com\/en\/wp-json\/wp\/v2\/posts\/4969\/revisions\/4970"}],"wp:attachment":[{"href":"https:\/\/gijonbasket.com\/en\/wp-json\/wp\/v2\/media?parent=4969"}],"wp:term":[{"taxonomy":"category","embeddable":true,"href":"https:\/\/gijonbasket.com\/en\/wp-json\/wp\/v2\/categories?post=4969"},{"taxonomy":"post_tag","embeddable":true,"href":"https:\/\/gijonbasket.com\/en\/wp-json\/wp\/v2\/tags?post=4969"}],"curies":[{"name":"wp","href":"https:\/\/api.w.org\/{rel}","templated":true}]}}