{"id":4971,"date":"2024-09-24T08:38:12","date_gmt":"2024-09-24T06:38:12","guid":{"rendered":"https:\/\/gijonbasket.com\/?p=4971"},"modified":"2024-09-24T08:38:12","modified_gmt":"2024-09-24T06:38:12","slug":"de-la-a-a-la-z-gijon-basket-pierde-a-adrian-riesgo","status":"publish","type":"post","link":"https:\/\/gijonbasket.com\/en\/2024\/09\/24\/de-la-a-a-la-z-gijon-basket-pierde-a-adrian-riesgo\/","title":{"rendered":"De la A  a la Z Gij\u00f3n Basket pierde a Adri\u00e1n Riesgo"},"content":{"rendered":"<p>Duro rev\u00e9s para Gij\u00f3n Basket, con la p\u00e9rdida de Adri\u00e1n Riesgo que por cuestiones profesionales, le impedir\u00e1n militar en el conjunto rojiblanco para la temporada 2024\/2025.<\/p>\n\n\n\n<p>Hace poco m\u00e1s de una semana fue cuando en Gij\u00f3n Basket se tuvo conocimiento del futuro de Adri\u00e1n Riesgo.<\/p>\n\n\n\n<p>El pasado 4 de septiembre fue la fecha en la que Gij\u00f3n Basket hizo oficial su fichaje, confirmando la exclusiva de www.gijonbasket.com del pasado 25 de julio, pero los imponderables del destino en forma de una oferta profesional al margen del baloncesto, separan los destinos de club y jugador.<\/p>\n\n\n\n<p>Adri\u00e1n Riesgo, p\u00edvot gijon\u00e9s de 24 a\u00f1os y 2.06 m., que en la temporada 2022\/2023, milit\u00f3 en Corinto Gij\u00f3n Basket promediando 1 ppp; 1.5 rpp en 10 encuentros.<\/p>\n\n\n\n<p>3 temporadas con el C\u00edrculo Gij\u00f3n Baloncesto (2019\/2020; 2020\/2021; 2021\/2022).<\/p>\n\n\n\n<p>Adri\u00e1n Riesgo tambi\u00e9n milit\u00f3 en la cantera del Liberbank Oviedo Baloncesto, en la temporada 2018\/2019, disputando 2 encuentros con su filial en Liga EBA,<\/p>\n\n\n\n<p>Adri\u00e1n Riesgo cuenta con experiencia fuera del Principado de Asturias, tras militar en Xerez Club Deportivo y C.B. Ifach Calpe, en la temporada 2021\/2022, con los dos equipos en la antigua Liga EBA.<\/p>\n\n\n\n<p>Con la baja de Adri\u00e1n Riesgo, que estaba llamado a ser uno de los pilares del equipo dirigido por Sa\u00fal Pastur, en principio se descarta cualquier fichaje a corto plazo de cara al inicio de la competici\u00f3n para este s\u00e1bado en la pista del C.B. Navia-La Magaya.<\/p>\n\n\n\n<p><\/p>","protected":false},"excerpt":{"rendered":"<p>Duro rev\u00e9s para Gij\u00f3n Basket, con la p\u00e9rdida de Adri\u00e1n Riesgo que por cuestiones profesionales, le impedir\u00e1n militar en el conjunto rojiblanco para la temporada 2024\/2025. Hace poco m\u00e1s de una semana fue cuando en Gij\u00f3n Basket se tuvo conocimiento del futuro de Adri\u00e1n Riesgo. El pasado 4 de septiembre fue la fecha en la&hellip;&nbsp;<a href=\"https:\/\/gijonbasket.com\/en\/2024\/09\/24\/de-la-a-a-la-z-gijon-basket-pierde-a-adrian-riesgo\/\" class=\"\" rel=\"bookmark\">Read More &raquo;<span class=\"screen-reader-text\">De la A  a la Z Gij\u00f3n Basket pierde a Adri\u00e1n Riesgo<\/span><\/a><\/p>","protected":false},"author":2,"featured_media":0,"comment_status":"open","ping_status":"open","sticky":false,"template":"","format":"standard","meta":{"neve_meta_sidebar":"","neve_meta_container":"","neve_meta_enable_content_width":"","neve_meta_content_width":0,"neve_meta_title_alignment":"","neve_meta_author_avatar":"","neve_post_elements_order":"","neve_meta_disable_header":"","neve_meta_disable_footer":"","neve_meta_disable_title":"","footnotes":""},"categories":[4],"tags":[],"class_list":["post-4971","post","type-post","status-publish","format-standard","hentry","category-noticias"],"yoast_head":"<!-- This site is optimized with the Yoast SEO plugin v23.4 - https:\/\/yoast.com\/wordpress\/plugins\/seo\/ -->\n<title>De la A a la Z Gij\u00f3n Basket pierde a Adri\u00e1n Riesgo - gijonbasket<\/title>\n<meta name=\"robots\" content=\"index, follow, max-snippet:-1, max-image-preview:large, max-video-preview:-1\" \/>\n<link rel=\"canonical\" href=\"https:\/\/gijonbasket.com\/en\/2024\/09\/24\/de-la-a-a-la-z-gijon-basket-pierde-a-adrian-riesgo\/\" \/>\n<meta property=\"og:locale\" content=\"en_US\" \/>\n<meta property=\"og:type\" content=\"article\" \/>\n<meta property=\"og:title\" content=\"De la A a la Z Gij\u00f3n Basket pierde a Adri\u00e1n Riesgo - gijonbasket\" \/>\n<meta property=\"og:description\" content=\"Duro rev\u00e9s para Gij\u00f3n Basket, con la p\u00e9rdida de Adri\u00e1n Riesgo que por cuestiones profesionales, le impedir\u00e1n militar en el conjunto rojiblanco para la temporada 2024\/2025. Hace poco m\u00e1s de una semana fue cuando en Gij\u00f3n Basket se tuvo conocimiento del futuro de Adri\u00e1n Riesgo. El pasado 4 de septiembre fue la fecha en la&hellip;&nbsp;Read More &raquo;De la A a la Z Gij\u00f3n Basket pierde a Adri\u00e1n Riesgo\" \/>\n<meta property=\"og:url\" content=\"https:\/\/gijonbasket.com\/en\/2024\/09\/24\/de-la-a-a-la-z-gijon-basket-pierde-a-adrian-riesgo\/\" \/>\n<meta property=\"og:site_name\" content=\"gijonbasket\" \/>\n<meta property=\"article:published_time\" content=\"2024-09-24T06:38:12+00:00\" \/>\n<meta name=\"author\" content=\"Cesar Morales\" \/>\n<meta name=\"twitter:card\" content=\"summary_large_image\" \/>\n<meta name=\"twitter:label1\" content=\"Written by\" \/>\n\t<meta name=\"twitter:data1\" content=\"Cesar Morales\" \/>\n\t<meta name=\"twitter:label2\" content=\"Est. reading time\" \/>\n\t<meta name=\"twitter:data2\" content=\"2 minutes\" \/>\n<script type=\"application\/ld+json\" class=\"yoast-schema-graph\">{\"@context\":\"https:\/\/schema.org\",\"@graph\":[{\"@type\":\"Article\",\"@id\":\"https:\/\/gijonbasket.com\/2024\/09\/24\/de-la-a-a-la-z-gijon-basket-pierde-a-adrian-riesgo\/#article\",\"isPartOf\":{\"@id\":\"https:\/\/gijonbasket.com\/2024\/09\/24\/de-la-a-a-la-z-gijon-basket-pierde-a-adrian-riesgo\/\"},\"author\":{\"name\":\"Cesar Morales\",\"@id\":\"https:\/\/gijonbasket.com\/#\/schema\/person\/91af9ff03e8eab582ccc344b715907c0\"},\"headline\":\"De la A a la Z Gij\u00f3n Basket pierde a Adri\u00e1n Riesgo\",\"datePublished\":\"2024-09-24T06:38:12+00:00\",\"dateModified\":\"2024-09-24T06:38:12+00:00\",\"mainEntityOfPage\":{\"@id\":\"https:\/\/gijonbasket.com\/2024\/09\/24\/de-la-a-a-la-z-gijon-basket-pierde-a-adrian-riesgo\/\"},\"wordCount\":261,\"commentCount\":0,\"publisher\":{\"@id\":\"https:\/\/gijonbasket.com\/#organization\"},\"articleSection\":[\"noticias\"],\"inLanguage\":\"en-US\",\"potentialAction\":[{\"@type\":\"CommentAction\",\"name\":\"Comment\",\"target\":[\"https:\/\/gijonbasket.com\/2024\/09\/24\/de-la-a-a-la-z-gijon-basket-pierde-a-adrian-riesgo\/#respond\"]}]},{\"@type\":\"WebPage\",\"@id\":\"https:\/\/gijonbasket.com\/2024\/09\/24\/de-la-a-a-la-z-gijon-basket-pierde-a-adrian-riesgo\/\",\"url\":\"https:\/\/gijonbasket.com\/2024\/09\/24\/de-la-a-a-la-z-gijon-basket-pierde-a-adrian-riesgo\/\",\"name\":\"De la A a la Z Gij\u00f3n Basket pierde a Adri\u00e1n Riesgo - gijonbasket\",\"isPartOf\":{\"@id\":\"https:\/\/gijonbasket.com\/#website\"},\"datePublished\":\"2024-09-24T06:38:12+00:00\",\"dateModified\":\"2024-09-24T06:38:12+00:00\",\"breadcrumb\":{\"@id\":\"https:\/\/gijonbasket.com\/2024\/09\/24\/de-la-a-a-la-z-gijon-basket-pierde-a-adrian-riesgo\/#breadcrumb\"},\"inLanguage\":\"en-US\",\"potentialAction\":[{\"@type\":\"ReadAction\",\"target\":[\"https:\/\/gijonbasket.com\/2024\/09\/24\/de-la-a-a-la-z-gijon-basket-pierde-a-adrian-riesgo\/\"]}]},{\"@type\":\"BreadcrumbList\",\"@id\":\"https:\/\/gijonbasket.com\/2024\/09\/24\/de-la-a-a-la-z-gijon-basket-pierde-a-adrian-riesgo\/#breadcrumb\",\"itemListElement\":[{\"@type\":\"ListItem\",\"position\":1,\"name\":\"Portada\",\"item\":\"https:\/\/gijonbasket.com\/\"},{\"@type\":\"ListItem\",\"position\":2,\"name\":\"De la A a la Z Gij\u00f3n Basket pierde a Adri\u00e1n Riesgo\"}]},{\"@type\":\"WebSite\",\"@id\":\"https:\/\/gijonbasket.com\/#website\",\"url\":\"https:\/\/gijonbasket.com\/\",\"name\":\"gijonbasket\",\"description\":\"\",\"publisher\":{\"@id\":\"https:\/\/gijonbasket.com\/#organization\"},\"potentialAction\":[{\"@type\":\"SearchAction\",\"target\":{\"@type\":\"EntryPoint\",\"urlTemplate\":\"https:\/\/gijonbasket.com\/?s={search_term_string}\"},\"query-input\":{\"@type\":\"PropertyValueSpecification\",\"valueRequired\":true,\"valueName\":\"search_term_string\"}}],\"inLanguage\":\"en-US\"},{\"@type\":\"Organization\",\"@id\":\"https:\/\/gijonbasket.com\/#organization\",\"name\":\"gijonbasket\",\"url\":\"https:\/\/gijonbasket.com\/\",\"logo\":{\"@type\":\"ImageObject\",\"inLanguage\":\"en-US\",\"@id\":\"https:\/\/gijonbasket.com\/#\/schema\/logo\/image\/\",\"url\":\"https:\/\/gijonbasket.com\/wp-content\/uploads\/2023\/03\/LogoGijonBasket2.jpg\",\"contentUrl\":\"https:\/\/gijonbasket.com\/wp-content\/uploads\/2023\/03\/LogoGijonBasket2.jpg\",\"width\":2000,\"height\":550,\"caption\":\"gijonbasket\"},\"image\":{\"@id\":\"https:\/\/gijonbasket.com\/#\/schema\/logo\/image\/\"}},{\"@type\":\"Person\",\"@id\":\"https:\/\/gijonbasket.com\/#\/schema\/person\/91af9ff03e8eab582ccc344b715907c0\",\"name\":\"Cesar Morales\",\"image\":{\"@type\":\"ImageObject\",\"inLanguage\":\"en-US\",\"@id\":\"https:\/\/gijonbasket.com\/#\/schema\/person\/image\/\",\"url\":\"https:\/\/secure.gravatar.com\/avatar\/ab9ddf1e87f7580cae3deefb05a58c5cf4f0c7f96f033fd7dacc23f0e8d149ca?s=96&d=mm&r=g\",\"contentUrl\":\"https:\/\/secure.gravatar.com\/avatar\/ab9ddf1e87f7580cae3deefb05a58c5cf4f0c7f96f033fd7dacc23f0e8d149ca?s=96&d=mm&r=g\",\"caption\":\"Cesar Morales\"},\"url\":\"https:\/\/gijonbasket.com\/en\/author\/cesar\/\"}]}<\/script>\n<!-- \/ Yoast SEO plugin. -->","yoast_head_json":{"title":"De la A a la Z Gij\u00f3n Basket pierde a Adri\u00e1n Riesgo - gijonbasket","robots":{"index":"index","follow":"follow","max-snippet":"max-snippet:-1","max-image-preview":"max-image-preview:large","max-video-preview":"max-video-preview:-1"},"canonical":"https:\/\/gijonbasket.com\/en\/2024\/09\/24\/de-la-a-a-la-z-gijon-basket-pierde-a-adrian-riesgo\/","og_locale":"en_US","og_type":"article","og_title":"De la A a la Z Gij\u00f3n Basket pierde a Adri\u00e1n Riesgo - gijonbasket","og_description":"Duro rev\u00e9s para Gij\u00f3n Basket, con la p\u00e9rdida de Adri\u00e1n Riesgo que por cuestiones profesionales, le impedir\u00e1n militar en el conjunto rojiblanco para la temporada 2024\/2025. Hace poco m\u00e1s de una semana fue cuando en Gij\u00f3n Basket se tuvo conocimiento del futuro de Adri\u00e1n Riesgo. El pasado 4 de septiembre fue la fecha en la&hellip;&nbsp;Read More &raquo;De la A a la Z Gij\u00f3n Basket pierde a Adri\u00e1n Riesgo","og_url":"https:\/\/gijonbasket.com\/en\/2024\/09\/24\/de-la-a-a-la-z-gijon-basket-pierde-a-adrian-riesgo\/","og_site_name":"gijonbasket","article_published_time":"2024-09-24T06:38:12+00:00","author":"Cesar Morales","twitter_card":"summary_large_image","twitter_misc":{"Written by":"Cesar Morales","Est. reading time":"2 minutes"},"schema":{"@context":"https:\/\/schema.org","@graph":[{"@type":"Article","@id":"https:\/\/gijonbasket.com\/2024\/09\/24\/de-la-a-a-la-z-gijon-basket-pierde-a-adrian-riesgo\/#article","isPartOf":{"@id":"https:\/\/gijonbasket.com\/2024\/09\/24\/de-la-a-a-la-z-gijon-basket-pierde-a-adrian-riesgo\/"},"author":{"name":"Cesar Morales","@id":"https:\/\/gijonbasket.com\/#\/schema\/person\/91af9ff03e8eab582ccc344b715907c0"},"headline":"De la A a la Z Gij\u00f3n Basket pierde a Adri\u00e1n Riesgo","datePublished":"2024-09-24T06:38:12+00:00","dateModified":"2024-09-24T06:38:12+00:00","mainEntityOfPage":{"@id":"https:\/\/gijonbasket.com\/2024\/09\/24\/de-la-a-a-la-z-gijon-basket-pierde-a-adrian-riesgo\/"},"wordCount":261,"commentCount":0,"publisher":{"@id":"https:\/\/gijonbasket.com\/#organization"},"articleSection":["noticias"],"inLanguage":"en-US","potentialAction":[{"@type":"CommentAction","name":"Comment","target":["https:\/\/gijonbasket.com\/2024\/09\/24\/de-la-a-a-la-z-gijon-basket-pierde-a-adrian-riesgo\/#respond"]}]},{"@type":"WebPage","@id":"https:\/\/gijonbasket.com\/2024\/09\/24\/de-la-a-a-la-z-gijon-basket-pierde-a-adrian-riesgo\/","url":"https:\/\/gijonbasket.com\/2024\/09\/24\/de-la-a-a-la-z-gijon-basket-pierde-a-adrian-riesgo\/","name":"De la A a la Z Gij\u00f3n Basket pierde a Adri\u00e1n Riesgo - gijonbasket","isPartOf":{"@id":"https:\/\/gijonbasket.com\/#website"},"datePublished":"2024-09-24T06:38:12+00:00","dateModified":"2024-09-24T06:38:12+00:00","breadcrumb":{"@id":"https:\/\/gijonbasket.com\/2024\/09\/24\/de-la-a-a-la-z-gijon-basket-pierde-a-adrian-riesgo\/#breadcrumb"},"inLanguage":"en-US","potentialAction":[{"@type":"ReadAction","target":["https:\/\/gijonbasket.com\/2024\/09\/24\/de-la-a-a-la-z-gijon-basket-pierde-a-adrian-riesgo\/"]}]},{"@type":"BreadcrumbList","@id":"https:\/\/gijonbasket.com\/2024\/09\/24\/de-la-a-a-la-z-gijon-basket-pierde-a-adrian-riesgo\/#breadcrumb","itemListElement":[{"@type":"ListItem","position":1,"name":"Portada","item":"https:\/\/gijonbasket.com\/"},{"@type":"ListItem","position":2,"name":"De la A a la Z Gij\u00f3n Basket pierde a Adri\u00e1n Riesgo"}]},{"@type":"WebSite","@id":"https:\/\/gijonbasket.com\/#website","url":"https:\/\/gijonbasket.com\/","name":"gijonbasket","description":"","publisher":{"@id":"https:\/\/gijonbasket.com\/#organization"},"potentialAction":[{"@type":"SearchAction","target":{"@type":"EntryPoint","urlTemplate":"https:\/\/gijonbasket.com\/?s={search_term_string}"},"query-input":{"@type":"PropertyValueSpecification","valueRequired":true,"valueName":"search_term_string"}}],"inLanguage":"en-US"},{"@type":"Organization","@id":"https:\/\/gijonbasket.com\/#organization","name":"gijonbasket","url":"https:\/\/gijonbasket.com\/","logo":{"@type":"ImageObject","inLanguage":"en-US","@id":"https:\/\/gijonbasket.com\/#\/schema\/logo\/image\/","url":"https:\/\/gijonbasket.com\/wp-content\/uploads\/2023\/03\/LogoGijonBasket2.jpg","contentUrl":"https:\/\/gijonbasket.com\/wp-content\/uploads\/2023\/03\/LogoGijonBasket2.jpg","width":2000,"height":550,"caption":"gijonbasket"},"image":{"@id":"https:\/\/gijonbasket.com\/#\/schema\/logo\/image\/"}},{"@type":"Person","@id":"https:\/\/gijonbasket.com\/#\/schema\/person\/91af9ff03e8eab582ccc344b715907c0","name":"Cesar Morales","image":{"@type":"ImageObject","inLanguage":"en-US","@id":"https:\/\/gijonbasket.com\/#\/schema\/person\/image\/","url":"https:\/\/secure.gravatar.com\/avatar\/ab9ddf1e87f7580cae3deefb05a58c5cf4f0c7f96f033fd7dacc23f0e8d149ca?s=96&d=mm&r=g","contentUrl":"https:\/\/secure.gravatar.com\/avatar\/ab9ddf1e87f7580cae3deefb05a58c5cf4f0c7f96f033fd7dacc23f0e8d149ca?s=96&d=mm&r=g","caption":"Cesar Morales"},"url":"https:\/\/gijonbasket.com\/en\/author\/cesar\/"}]}},"_links":{"self":[{"href":"https:\/\/gijonbasket.com\/en\/wp-json\/wp\/v2\/posts\/4971","targetHints":{"allow":["GET"]}}],"collection":[{"href":"https:\/\/gijonbasket.com\/en\/wp-json\/wp\/v2\/posts"}],"about":[{"href":"https:\/\/gijonbasket.com\/en\/wp-json\/wp\/v2\/types\/post"}],"author":[{"embeddable":true,"href":"https:\/\/gijonbasket.com\/en\/wp-json\/wp\/v2\/users\/2"}],"replies":[{"embeddable":true,"href":"https:\/\/gijonbasket.com\/en\/wp-json\/wp\/v2\/comments?post=4971"}],"version-history":[{"count":1,"href":"https:\/\/gijonbasket.com\/en\/wp-json\/wp\/v2\/posts\/4971\/revisions"}],"predecessor-version":[{"id":4972,"href":"https:\/\/gijonbasket.com\/en\/wp-json\/wp\/v2\/posts\/4971\/revisions\/4972"}],"wp:attachment":[{"href":"https:\/\/gijonbasket.com\/en\/wp-json\/wp\/v2\/media?parent=4971"}],"wp:term":[{"taxonomy":"category","embeddable":true,"href":"https:\/\/gijonbasket.com\/en\/wp-json\/wp\/v2\/categories?post=4971"},{"taxonomy":"post_tag","embeddable":true,"href":"https:\/\/gijonbasket.com\/en\/wp-json\/wp\/v2\/tags?post=4971"}],"curies":[{"name":"wp","href":"https:\/\/api.w.org\/{rel}","templated":true}]}}