{"id":5043,"date":"2024-10-05T16:44:07","date_gmt":"2024-10-05T14:44:07","guid":{"rendered":"https:\/\/gijonbasket.com\/?p=5043"},"modified":"2024-10-05T16:44:07","modified_gmt":"2024-10-05T14:44:07","slug":"trey-murphy-baja-por-lesion-en-los-pelicans","status":"publish","type":"post","link":"https:\/\/gijonbasket.com\/en\/2024\/10\/05\/trey-murphy-baja-por-lesion-en-los-pelicans\/","title":{"rendered":"Trey Murphy baja por lesi\u00f3n en los Pelicans"},"content":{"rendered":"<p>Los New Orleans Pelicans contar\u00e1n con la baja por lesi\u00f3n de Trey Murphy al sufrir una distensi\u00f3n en el isquiotibial de su pierna derecha.<\/p>\n\n\n\n<p>El periodo de baja ser\u00e1 de tres semanas.<\/p>\n\n\n\n<p>Trey Murphy, alero estadounidense de 24 a\u00f1os y 2.03 m., que desde su llegada a la NBA siempre jug\u00f3 en los Pelicans (2021\/2022; 2022\/2023; 2023\/2024).<\/p>\n\n\n\n<p>Seleccionado en NBA Draft 2021 por los Memphis Grizzlies con n\u00ba 17 para posteriormente traspasar sus derechos a los New Orleans Pelicans.<\/p>","protected":false},"excerpt":{"rendered":"<p>Los New Orleans Pelicans contar\u00e1n con la baja por lesi\u00f3n de Trey Murphy al sufrir una distensi\u00f3n en el isquiotibial de su pierna derecha. El periodo de baja ser\u00e1 de tres semanas. Trey Murphy, alero estadounidense de 24 a\u00f1os y 2.03 m., que desde su llegada a la NBA siempre jug\u00f3 en los Pelicans (2021\/2022;&hellip;&nbsp;<a href=\"https:\/\/gijonbasket.com\/en\/2024\/10\/05\/trey-murphy-baja-por-lesion-en-los-pelicans\/\" class=\"\" rel=\"bookmark\">Read More &raquo;<span class=\"screen-reader-text\">Trey Murphy baja por lesi\u00f3n en los Pelicans<\/span><\/a><\/p>","protected":false},"author":2,"featured_media":0,"comment_status":"open","ping_status":"open","sticky":false,"template":"","format":"standard","meta":{"neve_meta_sidebar":"","neve_meta_container":"","neve_meta_enable_content_width":"","neve_meta_content_width":0,"neve_meta_title_alignment":"","neve_meta_author_avatar":"","neve_post_elements_order":"","neve_meta_disable_header":"","neve_meta_disable_footer":"","neve_meta_disable_title":"","footnotes":""},"categories":[4],"tags":[],"class_list":["post-5043","post","type-post","status-publish","format-standard","hentry","category-noticias"],"yoast_head":"<!-- This site is optimized with the Yoast SEO plugin v23.4 - https:\/\/yoast.com\/wordpress\/plugins\/seo\/ -->\n<title>Trey Murphy baja por lesi\u00f3n en los Pelicans - gijonbasket<\/title>\n<meta name=\"robots\" content=\"index, follow, max-snippet:-1, max-image-preview:large, max-video-preview:-1\" \/>\n<link rel=\"canonical\" href=\"https:\/\/gijonbasket.com\/en\/2024\/10\/05\/trey-murphy-baja-por-lesion-en-los-pelicans\/\" \/>\n<meta property=\"og:locale\" content=\"en_US\" \/>\n<meta property=\"og:type\" content=\"article\" \/>\n<meta property=\"og:title\" content=\"Trey Murphy baja por lesi\u00f3n en los Pelicans - gijonbasket\" \/>\n<meta property=\"og:description\" content=\"Los New Orleans Pelicans contar\u00e1n con la baja por lesi\u00f3n de Trey Murphy al sufrir una distensi\u00f3n en el isquiotibial de su pierna derecha. El periodo de baja ser\u00e1 de tres semanas. Trey Murphy, alero estadounidense de 24 a\u00f1os y 2.03 m., que desde su llegada a la NBA siempre jug\u00f3 en los Pelicans (2021\/2022;&hellip;&nbsp;Read More &raquo;Trey Murphy baja por lesi\u00f3n en los Pelicans\" \/>\n<meta property=\"og:url\" content=\"https:\/\/gijonbasket.com\/en\/2024\/10\/05\/trey-murphy-baja-por-lesion-en-los-pelicans\/\" \/>\n<meta property=\"og:site_name\" content=\"gijonbasket\" \/>\n<meta property=\"article:published_time\" content=\"2024-10-05T14:44:07+00:00\" \/>\n<meta name=\"author\" content=\"Cesar Morales\" \/>\n<meta name=\"twitter:card\" content=\"summary_large_image\" \/>\n<meta name=\"twitter:label1\" content=\"Written by\" \/>\n\t<meta name=\"twitter:data1\" content=\"Cesar Morales\" \/>\n\t<meta name=\"twitter:label2\" content=\"Est. reading time\" \/>\n\t<meta name=\"twitter:data2\" content=\"1 minute\" \/>\n<script type=\"application\/ld+json\" class=\"yoast-schema-graph\">{\"@context\":\"https:\/\/schema.org\",\"@graph\":[{\"@type\":\"Article\",\"@id\":\"https:\/\/gijonbasket.com\/2024\/10\/05\/trey-murphy-baja-por-lesion-en-los-pelicans\/#article\",\"isPartOf\":{\"@id\":\"https:\/\/gijonbasket.com\/2024\/10\/05\/trey-murphy-baja-por-lesion-en-los-pelicans\/\"},\"author\":{\"name\":\"Cesar Morales\",\"@id\":\"https:\/\/gijonbasket.com\/#\/schema\/person\/91af9ff03e8eab582ccc344b715907c0\"},\"headline\":\"Trey Murphy baja por lesi\u00f3n en los Pelicans\",\"datePublished\":\"2024-10-05T14:44:07+00:00\",\"dateModified\":\"2024-10-05T14:44:07+00:00\",\"mainEntityOfPage\":{\"@id\":\"https:\/\/gijonbasket.com\/2024\/10\/05\/trey-murphy-baja-por-lesion-en-los-pelicans\/\"},\"wordCount\":85,\"commentCount\":0,\"publisher\":{\"@id\":\"https:\/\/gijonbasket.com\/#organization\"},\"articleSection\":[\"noticias\"],\"inLanguage\":\"en-US\",\"potentialAction\":[{\"@type\":\"CommentAction\",\"name\":\"Comment\",\"target\":[\"https:\/\/gijonbasket.com\/2024\/10\/05\/trey-murphy-baja-por-lesion-en-los-pelicans\/#respond\"]}]},{\"@type\":\"WebPage\",\"@id\":\"https:\/\/gijonbasket.com\/2024\/10\/05\/trey-murphy-baja-por-lesion-en-los-pelicans\/\",\"url\":\"https:\/\/gijonbasket.com\/2024\/10\/05\/trey-murphy-baja-por-lesion-en-los-pelicans\/\",\"name\":\"Trey Murphy baja por lesi\u00f3n en los Pelicans - gijonbasket\",\"isPartOf\":{\"@id\":\"https:\/\/gijonbasket.com\/#website\"},\"datePublished\":\"2024-10-05T14:44:07+00:00\",\"dateModified\":\"2024-10-05T14:44:07+00:00\",\"breadcrumb\":{\"@id\":\"https:\/\/gijonbasket.com\/2024\/10\/05\/trey-murphy-baja-por-lesion-en-los-pelicans\/#breadcrumb\"},\"inLanguage\":\"en-US\",\"potentialAction\":[{\"@type\":\"ReadAction\",\"target\":[\"https:\/\/gijonbasket.com\/2024\/10\/05\/trey-murphy-baja-por-lesion-en-los-pelicans\/\"]}]},{\"@type\":\"BreadcrumbList\",\"@id\":\"https:\/\/gijonbasket.com\/2024\/10\/05\/trey-murphy-baja-por-lesion-en-los-pelicans\/#breadcrumb\",\"itemListElement\":[{\"@type\":\"ListItem\",\"position\":1,\"name\":\"Portada\",\"item\":\"https:\/\/gijonbasket.com\/\"},{\"@type\":\"ListItem\",\"position\":2,\"name\":\"Trey Murphy baja por lesi\u00f3n en los Pelicans\"}]},{\"@type\":\"WebSite\",\"@id\":\"https:\/\/gijonbasket.com\/#website\",\"url\":\"https:\/\/gijonbasket.com\/\",\"name\":\"gijonbasket\",\"description\":\"\",\"publisher\":{\"@id\":\"https:\/\/gijonbasket.com\/#organization\"},\"potentialAction\":[{\"@type\":\"SearchAction\",\"target\":{\"@type\":\"EntryPoint\",\"urlTemplate\":\"https:\/\/gijonbasket.com\/?s={search_term_string}\"},\"query-input\":{\"@type\":\"PropertyValueSpecification\",\"valueRequired\":true,\"valueName\":\"search_term_string\"}}],\"inLanguage\":\"en-US\"},{\"@type\":\"Organization\",\"@id\":\"https:\/\/gijonbasket.com\/#organization\",\"name\":\"gijonbasket\",\"url\":\"https:\/\/gijonbasket.com\/\",\"logo\":{\"@type\":\"ImageObject\",\"inLanguage\":\"en-US\",\"@id\":\"https:\/\/gijonbasket.com\/#\/schema\/logo\/image\/\",\"url\":\"https:\/\/gijonbasket.com\/wp-content\/uploads\/2023\/03\/LogoGijonBasket2.jpg\",\"contentUrl\":\"https:\/\/gijonbasket.com\/wp-content\/uploads\/2023\/03\/LogoGijonBasket2.jpg\",\"width\":2000,\"height\":550,\"caption\":\"gijonbasket\"},\"image\":{\"@id\":\"https:\/\/gijonbasket.com\/#\/schema\/logo\/image\/\"}},{\"@type\":\"Person\",\"@id\":\"https:\/\/gijonbasket.com\/#\/schema\/person\/91af9ff03e8eab582ccc344b715907c0\",\"name\":\"Cesar Morales\",\"image\":{\"@type\":\"ImageObject\",\"inLanguage\":\"en-US\",\"@id\":\"https:\/\/gijonbasket.com\/#\/schema\/person\/image\/\",\"url\":\"https:\/\/secure.gravatar.com\/avatar\/ab9ddf1e87f7580cae3deefb05a58c5cf4f0c7f96f033fd7dacc23f0e8d149ca?s=96&d=mm&r=g\",\"contentUrl\":\"https:\/\/secure.gravatar.com\/avatar\/ab9ddf1e87f7580cae3deefb05a58c5cf4f0c7f96f033fd7dacc23f0e8d149ca?s=96&d=mm&r=g\",\"caption\":\"Cesar Morales\"},\"url\":\"https:\/\/gijonbasket.com\/en\/author\/cesar\/\"}]}<\/script>\n<!-- \/ Yoast SEO plugin. -->","yoast_head_json":{"title":"Trey Murphy baja por lesi\u00f3n en los Pelicans - gijonbasket","robots":{"index":"index","follow":"follow","max-snippet":"max-snippet:-1","max-image-preview":"max-image-preview:large","max-video-preview":"max-video-preview:-1"},"canonical":"https:\/\/gijonbasket.com\/en\/2024\/10\/05\/trey-murphy-baja-por-lesion-en-los-pelicans\/","og_locale":"en_US","og_type":"article","og_title":"Trey Murphy baja por lesi\u00f3n en los Pelicans - gijonbasket","og_description":"Los New Orleans Pelicans contar\u00e1n con la baja por lesi\u00f3n de Trey Murphy al sufrir una distensi\u00f3n en el isquiotibial de su pierna derecha. El periodo de baja ser\u00e1 de tres semanas. Trey Murphy, alero estadounidense de 24 a\u00f1os y 2.03 m., que desde su llegada a la NBA siempre jug\u00f3 en los Pelicans (2021\/2022;&hellip;&nbsp;Read More &raquo;Trey Murphy baja por lesi\u00f3n en los Pelicans","og_url":"https:\/\/gijonbasket.com\/en\/2024\/10\/05\/trey-murphy-baja-por-lesion-en-los-pelicans\/","og_site_name":"gijonbasket","article_published_time":"2024-10-05T14:44:07+00:00","author":"Cesar Morales","twitter_card":"summary_large_image","twitter_misc":{"Written by":"Cesar Morales","Est. reading time":"1 minute"},"schema":{"@context":"https:\/\/schema.org","@graph":[{"@type":"Article","@id":"https:\/\/gijonbasket.com\/2024\/10\/05\/trey-murphy-baja-por-lesion-en-los-pelicans\/#article","isPartOf":{"@id":"https:\/\/gijonbasket.com\/2024\/10\/05\/trey-murphy-baja-por-lesion-en-los-pelicans\/"},"author":{"name":"Cesar Morales","@id":"https:\/\/gijonbasket.com\/#\/schema\/person\/91af9ff03e8eab582ccc344b715907c0"},"headline":"Trey Murphy baja por lesi\u00f3n en los Pelicans","datePublished":"2024-10-05T14:44:07+00:00","dateModified":"2024-10-05T14:44:07+00:00","mainEntityOfPage":{"@id":"https:\/\/gijonbasket.com\/2024\/10\/05\/trey-murphy-baja-por-lesion-en-los-pelicans\/"},"wordCount":85,"commentCount":0,"publisher":{"@id":"https:\/\/gijonbasket.com\/#organization"},"articleSection":["noticias"],"inLanguage":"en-US","potentialAction":[{"@type":"CommentAction","name":"Comment","target":["https:\/\/gijonbasket.com\/2024\/10\/05\/trey-murphy-baja-por-lesion-en-los-pelicans\/#respond"]}]},{"@type":"WebPage","@id":"https:\/\/gijonbasket.com\/2024\/10\/05\/trey-murphy-baja-por-lesion-en-los-pelicans\/","url":"https:\/\/gijonbasket.com\/2024\/10\/05\/trey-murphy-baja-por-lesion-en-los-pelicans\/","name":"Trey Murphy baja por lesi\u00f3n en los Pelicans - gijonbasket","isPartOf":{"@id":"https:\/\/gijonbasket.com\/#website"},"datePublished":"2024-10-05T14:44:07+00:00","dateModified":"2024-10-05T14:44:07+00:00","breadcrumb":{"@id":"https:\/\/gijonbasket.com\/2024\/10\/05\/trey-murphy-baja-por-lesion-en-los-pelicans\/#breadcrumb"},"inLanguage":"en-US","potentialAction":[{"@type":"ReadAction","target":["https:\/\/gijonbasket.com\/2024\/10\/05\/trey-murphy-baja-por-lesion-en-los-pelicans\/"]}]},{"@type":"BreadcrumbList","@id":"https:\/\/gijonbasket.com\/2024\/10\/05\/trey-murphy-baja-por-lesion-en-los-pelicans\/#breadcrumb","itemListElement":[{"@type":"ListItem","position":1,"name":"Portada","item":"https:\/\/gijonbasket.com\/"},{"@type":"ListItem","position":2,"name":"Trey Murphy baja por lesi\u00f3n en los Pelicans"}]},{"@type":"WebSite","@id":"https:\/\/gijonbasket.com\/#website","url":"https:\/\/gijonbasket.com\/","name":"gijonbasket","description":"","publisher":{"@id":"https:\/\/gijonbasket.com\/#organization"},"potentialAction":[{"@type":"SearchAction","target":{"@type":"EntryPoint","urlTemplate":"https:\/\/gijonbasket.com\/?s={search_term_string}"},"query-input":{"@type":"PropertyValueSpecification","valueRequired":true,"valueName":"search_term_string"}}],"inLanguage":"en-US"},{"@type":"Organization","@id":"https:\/\/gijonbasket.com\/#organization","name":"gijonbasket","url":"https:\/\/gijonbasket.com\/","logo":{"@type":"ImageObject","inLanguage":"en-US","@id":"https:\/\/gijonbasket.com\/#\/schema\/logo\/image\/","url":"https:\/\/gijonbasket.com\/wp-content\/uploads\/2023\/03\/LogoGijonBasket2.jpg","contentUrl":"https:\/\/gijonbasket.com\/wp-content\/uploads\/2023\/03\/LogoGijonBasket2.jpg","width":2000,"height":550,"caption":"gijonbasket"},"image":{"@id":"https:\/\/gijonbasket.com\/#\/schema\/logo\/image\/"}},{"@type":"Person","@id":"https:\/\/gijonbasket.com\/#\/schema\/person\/91af9ff03e8eab582ccc344b715907c0","name":"Cesar Morales","image":{"@type":"ImageObject","inLanguage":"en-US","@id":"https:\/\/gijonbasket.com\/#\/schema\/person\/image\/","url":"https:\/\/secure.gravatar.com\/avatar\/ab9ddf1e87f7580cae3deefb05a58c5cf4f0c7f96f033fd7dacc23f0e8d149ca?s=96&d=mm&r=g","contentUrl":"https:\/\/secure.gravatar.com\/avatar\/ab9ddf1e87f7580cae3deefb05a58c5cf4f0c7f96f033fd7dacc23f0e8d149ca?s=96&d=mm&r=g","caption":"Cesar Morales"},"url":"https:\/\/gijonbasket.com\/en\/author\/cesar\/"}]}},"_links":{"self":[{"href":"https:\/\/gijonbasket.com\/en\/wp-json\/wp\/v2\/posts\/5043","targetHints":{"allow":["GET"]}}],"collection":[{"href":"https:\/\/gijonbasket.com\/en\/wp-json\/wp\/v2\/posts"}],"about":[{"href":"https:\/\/gijonbasket.com\/en\/wp-json\/wp\/v2\/types\/post"}],"author":[{"embeddable":true,"href":"https:\/\/gijonbasket.com\/en\/wp-json\/wp\/v2\/users\/2"}],"replies":[{"embeddable":true,"href":"https:\/\/gijonbasket.com\/en\/wp-json\/wp\/v2\/comments?post=5043"}],"version-history":[{"count":1,"href":"https:\/\/gijonbasket.com\/en\/wp-json\/wp\/v2\/posts\/5043\/revisions"}],"predecessor-version":[{"id":5044,"href":"https:\/\/gijonbasket.com\/en\/wp-json\/wp\/v2\/posts\/5043\/revisions\/5044"}],"wp:attachment":[{"href":"https:\/\/gijonbasket.com\/en\/wp-json\/wp\/v2\/media?parent=5043"}],"wp:term":[{"taxonomy":"category","embeddable":true,"href":"https:\/\/gijonbasket.com\/en\/wp-json\/wp\/v2\/categories?post=5043"},{"taxonomy":"post_tag","embeddable":true,"href":"https:\/\/gijonbasket.com\/en\/wp-json\/wp\/v2\/tags?post=5043"}],"curies":[{"name":"wp","href":"https:\/\/api.w.org\/{rel}","templated":true}]}}