{"id":5150,"date":"2024-10-19T21:31:17","date_gmt":"2024-10-19T19:31:17","guid":{"rendered":"https:\/\/gijonbasket.com\/?p=5150"},"modified":"2024-10-19T21:31:18","modified_gmt":"2024-10-19T19:31:18","slug":"hugo-bartolome-adios-al-circulo-gijon-noega-baloncesto","status":"publish","type":"post","link":"https:\/\/gijonbasket.com\/en\/2024\/10\/19\/hugo-bartolome-adios-al-circulo-gijon-noega-baloncesto\/","title":{"rendered":"Hugo Bartolom\u00e9 adi\u00f3s al C\u00edrculo Gij\u00f3n Noega Baloncesto"},"content":{"rendered":"<p>Desde www.gijonbasket.com, adelantamos en exclusiva, la desvinculaci\u00f3n de Hugo Bartolom\u00e9 del C\u00edrculo Gij\u00f3n Noega Baloncesto.<\/p>\n\n\n\n<p>Con el conjunto geom\u00e9trico disputando su encuentro ante el Perfumer\u00edas Avenida Xoborg, confirmamos que la baja de Hugo Bartolom\u00e9 es definitiva y ya se encuentra en Andorra.<\/p>\n\n\n\n<p>Nacho Gal\u00e1n, t\u00e9cnico del C\u00edrculo Gij\u00f3n Noega Baloncesto, declar\u00f3 en la previa del encuentro ante el Perfumer\u00edas Avenida Xoborg la baja de Hugo Bartolom\u00e9 sin dar m\u00e1s explicaciones. Ahora s\u00ed, ya podemos asegurar, el adi\u00f3s del alero andorrano que esta temporada no lleg\u00f3 a disputar ning\u00fan encuentro oficial con el equipo gijon\u00e9s.<\/p>\n\n\n\n<p>Hugo Bartolom\u00e9 cumpl\u00eda su tercer temporada en el C\u00edrculo Gij\u00f3n Noega Baloncesto.<\/p>\n\n\n\n<p>A la espera de la confirmaci\u00f3n oficial por el C\u00edrculo Gij\u00f3n Noega Baloncesto, Hugo Bartolom\u00e9 se convierte en la primera baja del equipo con la temporada en curso.<\/p>","protected":false},"excerpt":{"rendered":"<p>Desde www.gijonbasket.com, adelantamos en exclusiva, la desvinculaci\u00f3n de Hugo Bartolom\u00e9 del C\u00edrculo Gij\u00f3n Noega Baloncesto. Con el conjunto geom\u00e9trico disputando su encuentro ante el Perfumer\u00edas Avenida Xoborg, confirmamos que la baja de Hugo Bartolom\u00e9 es definitiva y ya se encuentra en Andorra. Nacho Gal\u00e1n, t\u00e9cnico del C\u00edrculo Gij\u00f3n Noega Baloncesto, declar\u00f3 en la previa del&hellip;&nbsp;<a href=\"https:\/\/gijonbasket.com\/en\/2024\/10\/19\/hugo-bartolome-adios-al-circulo-gijon-noega-baloncesto\/\" class=\"\" rel=\"bookmark\">Read More &raquo;<span class=\"screen-reader-text\">Hugo Bartolom\u00e9 adi\u00f3s al C\u00edrculo Gij\u00f3n Noega Baloncesto<\/span><\/a><\/p>","protected":false},"author":2,"featured_media":0,"comment_status":"open","ping_status":"open","sticky":false,"template":"","format":"standard","meta":{"neve_meta_sidebar":"","neve_meta_container":"","neve_meta_enable_content_width":"","neve_meta_content_width":0,"neve_meta_title_alignment":"","neve_meta_author_avatar":"","neve_post_elements_order":"","neve_meta_disable_header":"","neve_meta_disable_footer":"","neve_meta_disable_title":"","footnotes":""},"categories":[3,4],"tags":[],"class_list":["post-5150","post","type-post","status-publish","format-standard","hentry","category-exclusivas","category-noticias"],"yoast_head":"<!-- This site is optimized with the Yoast SEO plugin v23.4 - https:\/\/yoast.com\/wordpress\/plugins\/seo\/ -->\n<title>Hugo Bartolom\u00e9 adi\u00f3s al C\u00edrculo Gij\u00f3n Noega Baloncesto - gijonbasket<\/title>\n<meta name=\"robots\" content=\"index, follow, max-snippet:-1, max-image-preview:large, max-video-preview:-1\" \/>\n<link rel=\"canonical\" href=\"https:\/\/gijonbasket.com\/en\/2024\/10\/19\/hugo-bartolome-adios-al-circulo-gijon-noega-baloncesto\/\" \/>\n<meta property=\"og:locale\" content=\"en_US\" \/>\n<meta property=\"og:type\" content=\"article\" \/>\n<meta property=\"og:title\" content=\"Hugo Bartolom\u00e9 adi\u00f3s al C\u00edrculo Gij\u00f3n Noega Baloncesto - gijonbasket\" \/>\n<meta property=\"og:description\" content=\"Desde www.gijonbasket.com, adelantamos en exclusiva, la desvinculaci\u00f3n de Hugo Bartolom\u00e9 del C\u00edrculo Gij\u00f3n Noega Baloncesto. Con el conjunto geom\u00e9trico disputando su encuentro ante el Perfumer\u00edas Avenida Xoborg, confirmamos que la baja de Hugo Bartolom\u00e9 es definitiva y ya se encuentra en Andorra. Nacho Gal\u00e1n, t\u00e9cnico del C\u00edrculo Gij\u00f3n Noega Baloncesto, declar\u00f3 en la previa del&hellip;&nbsp;Read More &raquo;Hugo Bartolom\u00e9 adi\u00f3s al C\u00edrculo Gij\u00f3n Noega Baloncesto\" \/>\n<meta property=\"og:url\" content=\"https:\/\/gijonbasket.com\/en\/2024\/10\/19\/hugo-bartolome-adios-al-circulo-gijon-noega-baloncesto\/\" \/>\n<meta property=\"og:site_name\" content=\"gijonbasket\" \/>\n<meta property=\"article:published_time\" content=\"2024-10-19T19:31:17+00:00\" \/>\n<meta property=\"article:modified_time\" content=\"2024-10-19T19:31:18+00:00\" \/>\n<meta name=\"author\" content=\"Cesar Morales\" \/>\n<meta name=\"twitter:card\" content=\"summary_large_image\" \/>\n<meta name=\"twitter:label1\" content=\"Written by\" \/>\n\t<meta name=\"twitter:data1\" content=\"Cesar Morales\" \/>\n\t<meta name=\"twitter:label2\" content=\"Est. reading time\" \/>\n\t<meta name=\"twitter:data2\" content=\"1 minute\" \/>\n<script type=\"application\/ld+json\" class=\"yoast-schema-graph\">{\"@context\":\"https:\/\/schema.org\",\"@graph\":[{\"@type\":\"Article\",\"@id\":\"https:\/\/gijonbasket.com\/2024\/10\/19\/hugo-bartolome-adios-al-circulo-gijon-noega-baloncesto\/#article\",\"isPartOf\":{\"@id\":\"https:\/\/gijonbasket.com\/2024\/10\/19\/hugo-bartolome-adios-al-circulo-gijon-noega-baloncesto\/\"},\"author\":{\"name\":\"Cesar Morales\",\"@id\":\"https:\/\/gijonbasket.com\/#\/schema\/person\/91af9ff03e8eab582ccc344b715907c0\"},\"headline\":\"Hugo Bartolom\u00e9 adi\u00f3s al C\u00edrculo Gij\u00f3n Noega Baloncesto\",\"datePublished\":\"2024-10-19T19:31:17+00:00\",\"dateModified\":\"2024-10-19T19:31:18+00:00\",\"mainEntityOfPage\":{\"@id\":\"https:\/\/gijonbasket.com\/2024\/10\/19\/hugo-bartolome-adios-al-circulo-gijon-noega-baloncesto\/\"},\"wordCount\":167,\"commentCount\":0,\"publisher\":{\"@id\":\"https:\/\/gijonbasket.com\/#organization\"},\"articleSection\":[\"exclusivas\",\"noticias\"],\"inLanguage\":\"en-US\",\"potentialAction\":[{\"@type\":\"CommentAction\",\"name\":\"Comment\",\"target\":[\"https:\/\/gijonbasket.com\/2024\/10\/19\/hugo-bartolome-adios-al-circulo-gijon-noega-baloncesto\/#respond\"]}]},{\"@type\":\"WebPage\",\"@id\":\"https:\/\/gijonbasket.com\/2024\/10\/19\/hugo-bartolome-adios-al-circulo-gijon-noega-baloncesto\/\",\"url\":\"https:\/\/gijonbasket.com\/2024\/10\/19\/hugo-bartolome-adios-al-circulo-gijon-noega-baloncesto\/\",\"name\":\"Hugo Bartolom\u00e9 adi\u00f3s al C\u00edrculo Gij\u00f3n Noega Baloncesto - gijonbasket\",\"isPartOf\":{\"@id\":\"https:\/\/gijonbasket.com\/#website\"},\"datePublished\":\"2024-10-19T19:31:17+00:00\",\"dateModified\":\"2024-10-19T19:31:18+00:00\",\"breadcrumb\":{\"@id\":\"https:\/\/gijonbasket.com\/2024\/10\/19\/hugo-bartolome-adios-al-circulo-gijon-noega-baloncesto\/#breadcrumb\"},\"inLanguage\":\"en-US\",\"potentialAction\":[{\"@type\":\"ReadAction\",\"target\":[\"https:\/\/gijonbasket.com\/2024\/10\/19\/hugo-bartolome-adios-al-circulo-gijon-noega-baloncesto\/\"]}]},{\"@type\":\"BreadcrumbList\",\"@id\":\"https:\/\/gijonbasket.com\/2024\/10\/19\/hugo-bartolome-adios-al-circulo-gijon-noega-baloncesto\/#breadcrumb\",\"itemListElement\":[{\"@type\":\"ListItem\",\"position\":1,\"name\":\"Portada\",\"item\":\"https:\/\/gijonbasket.com\/\"},{\"@type\":\"ListItem\",\"position\":2,\"name\":\"Hugo Bartolom\u00e9 adi\u00f3s al C\u00edrculo Gij\u00f3n Noega Baloncesto\"}]},{\"@type\":\"WebSite\",\"@id\":\"https:\/\/gijonbasket.com\/#website\",\"url\":\"https:\/\/gijonbasket.com\/\",\"name\":\"gijonbasket\",\"description\":\"\",\"publisher\":{\"@id\":\"https:\/\/gijonbasket.com\/#organization\"},\"potentialAction\":[{\"@type\":\"SearchAction\",\"target\":{\"@type\":\"EntryPoint\",\"urlTemplate\":\"https:\/\/gijonbasket.com\/?s={search_term_string}\"},\"query-input\":{\"@type\":\"PropertyValueSpecification\",\"valueRequired\":true,\"valueName\":\"search_term_string\"}}],\"inLanguage\":\"en-US\"},{\"@type\":\"Organization\",\"@id\":\"https:\/\/gijonbasket.com\/#organization\",\"name\":\"gijonbasket\",\"url\":\"https:\/\/gijonbasket.com\/\",\"logo\":{\"@type\":\"ImageObject\",\"inLanguage\":\"en-US\",\"@id\":\"https:\/\/gijonbasket.com\/#\/schema\/logo\/image\/\",\"url\":\"https:\/\/gijonbasket.com\/wp-content\/uploads\/2023\/03\/LogoGijonBasket2.jpg\",\"contentUrl\":\"https:\/\/gijonbasket.com\/wp-content\/uploads\/2023\/03\/LogoGijonBasket2.jpg\",\"width\":2000,\"height\":550,\"caption\":\"gijonbasket\"},\"image\":{\"@id\":\"https:\/\/gijonbasket.com\/#\/schema\/logo\/image\/\"}},{\"@type\":\"Person\",\"@id\":\"https:\/\/gijonbasket.com\/#\/schema\/person\/91af9ff03e8eab582ccc344b715907c0\",\"name\":\"Cesar Morales\",\"image\":{\"@type\":\"ImageObject\",\"inLanguage\":\"en-US\",\"@id\":\"https:\/\/gijonbasket.com\/#\/schema\/person\/image\/\",\"url\":\"https:\/\/secure.gravatar.com\/avatar\/ab9ddf1e87f7580cae3deefb05a58c5cf4f0c7f96f033fd7dacc23f0e8d149ca?s=96&d=mm&r=g\",\"contentUrl\":\"https:\/\/secure.gravatar.com\/avatar\/ab9ddf1e87f7580cae3deefb05a58c5cf4f0c7f96f033fd7dacc23f0e8d149ca?s=96&d=mm&r=g\",\"caption\":\"Cesar Morales\"},\"url\":\"https:\/\/gijonbasket.com\/en\/author\/cesar\/\"}]}<\/script>\n<!-- \/ Yoast SEO plugin. -->","yoast_head_json":{"title":"Hugo Bartolom\u00e9 adi\u00f3s al C\u00edrculo Gij\u00f3n Noega Baloncesto - gijonbasket","robots":{"index":"index","follow":"follow","max-snippet":"max-snippet:-1","max-image-preview":"max-image-preview:large","max-video-preview":"max-video-preview:-1"},"canonical":"https:\/\/gijonbasket.com\/en\/2024\/10\/19\/hugo-bartolome-adios-al-circulo-gijon-noega-baloncesto\/","og_locale":"en_US","og_type":"article","og_title":"Hugo Bartolom\u00e9 adi\u00f3s al C\u00edrculo Gij\u00f3n Noega Baloncesto - gijonbasket","og_description":"Desde www.gijonbasket.com, adelantamos en exclusiva, la desvinculaci\u00f3n de Hugo Bartolom\u00e9 del C\u00edrculo Gij\u00f3n Noega Baloncesto. Con el conjunto geom\u00e9trico disputando su encuentro ante el Perfumer\u00edas Avenida Xoborg, confirmamos que la baja de Hugo Bartolom\u00e9 es definitiva y ya se encuentra en Andorra. Nacho Gal\u00e1n, t\u00e9cnico del C\u00edrculo Gij\u00f3n Noega Baloncesto, declar\u00f3 en la previa del&hellip;&nbsp;Read More &raquo;Hugo Bartolom\u00e9 adi\u00f3s al C\u00edrculo Gij\u00f3n Noega Baloncesto","og_url":"https:\/\/gijonbasket.com\/en\/2024\/10\/19\/hugo-bartolome-adios-al-circulo-gijon-noega-baloncesto\/","og_site_name":"gijonbasket","article_published_time":"2024-10-19T19:31:17+00:00","article_modified_time":"2024-10-19T19:31:18+00:00","author":"Cesar Morales","twitter_card":"summary_large_image","twitter_misc":{"Written by":"Cesar Morales","Est. reading time":"1 minute"},"schema":{"@context":"https:\/\/schema.org","@graph":[{"@type":"Article","@id":"https:\/\/gijonbasket.com\/2024\/10\/19\/hugo-bartolome-adios-al-circulo-gijon-noega-baloncesto\/#article","isPartOf":{"@id":"https:\/\/gijonbasket.com\/2024\/10\/19\/hugo-bartolome-adios-al-circulo-gijon-noega-baloncesto\/"},"author":{"name":"Cesar Morales","@id":"https:\/\/gijonbasket.com\/#\/schema\/person\/91af9ff03e8eab582ccc344b715907c0"},"headline":"Hugo Bartolom\u00e9 adi\u00f3s al C\u00edrculo Gij\u00f3n Noega Baloncesto","datePublished":"2024-10-19T19:31:17+00:00","dateModified":"2024-10-19T19:31:18+00:00","mainEntityOfPage":{"@id":"https:\/\/gijonbasket.com\/2024\/10\/19\/hugo-bartolome-adios-al-circulo-gijon-noega-baloncesto\/"},"wordCount":167,"commentCount":0,"publisher":{"@id":"https:\/\/gijonbasket.com\/#organization"},"articleSection":["exclusivas","noticias"],"inLanguage":"en-US","potentialAction":[{"@type":"CommentAction","name":"Comment","target":["https:\/\/gijonbasket.com\/2024\/10\/19\/hugo-bartolome-adios-al-circulo-gijon-noega-baloncesto\/#respond"]}]},{"@type":"WebPage","@id":"https:\/\/gijonbasket.com\/2024\/10\/19\/hugo-bartolome-adios-al-circulo-gijon-noega-baloncesto\/","url":"https:\/\/gijonbasket.com\/2024\/10\/19\/hugo-bartolome-adios-al-circulo-gijon-noega-baloncesto\/","name":"Hugo Bartolom\u00e9 adi\u00f3s al C\u00edrculo Gij\u00f3n Noega Baloncesto - gijonbasket","isPartOf":{"@id":"https:\/\/gijonbasket.com\/#website"},"datePublished":"2024-10-19T19:31:17+00:00","dateModified":"2024-10-19T19:31:18+00:00","breadcrumb":{"@id":"https:\/\/gijonbasket.com\/2024\/10\/19\/hugo-bartolome-adios-al-circulo-gijon-noega-baloncesto\/#breadcrumb"},"inLanguage":"en-US","potentialAction":[{"@type":"ReadAction","target":["https:\/\/gijonbasket.com\/2024\/10\/19\/hugo-bartolome-adios-al-circulo-gijon-noega-baloncesto\/"]}]},{"@type":"BreadcrumbList","@id":"https:\/\/gijonbasket.com\/2024\/10\/19\/hugo-bartolome-adios-al-circulo-gijon-noega-baloncesto\/#breadcrumb","itemListElement":[{"@type":"ListItem","position":1,"name":"Portada","item":"https:\/\/gijonbasket.com\/"},{"@type":"ListItem","position":2,"name":"Hugo Bartolom\u00e9 adi\u00f3s al C\u00edrculo Gij\u00f3n Noega Baloncesto"}]},{"@type":"WebSite","@id":"https:\/\/gijonbasket.com\/#website","url":"https:\/\/gijonbasket.com\/","name":"gijonbasket","description":"","publisher":{"@id":"https:\/\/gijonbasket.com\/#organization"},"potentialAction":[{"@type":"SearchAction","target":{"@type":"EntryPoint","urlTemplate":"https:\/\/gijonbasket.com\/?s={search_term_string}"},"query-input":{"@type":"PropertyValueSpecification","valueRequired":true,"valueName":"search_term_string"}}],"inLanguage":"en-US"},{"@type":"Organization","@id":"https:\/\/gijonbasket.com\/#organization","name":"gijonbasket","url":"https:\/\/gijonbasket.com\/","logo":{"@type":"ImageObject","inLanguage":"en-US","@id":"https:\/\/gijonbasket.com\/#\/schema\/logo\/image\/","url":"https:\/\/gijonbasket.com\/wp-content\/uploads\/2023\/03\/LogoGijonBasket2.jpg","contentUrl":"https:\/\/gijonbasket.com\/wp-content\/uploads\/2023\/03\/LogoGijonBasket2.jpg","width":2000,"height":550,"caption":"gijonbasket"},"image":{"@id":"https:\/\/gijonbasket.com\/#\/schema\/logo\/image\/"}},{"@type":"Person","@id":"https:\/\/gijonbasket.com\/#\/schema\/person\/91af9ff03e8eab582ccc344b715907c0","name":"Cesar Morales","image":{"@type":"ImageObject","inLanguage":"en-US","@id":"https:\/\/gijonbasket.com\/#\/schema\/person\/image\/","url":"https:\/\/secure.gravatar.com\/avatar\/ab9ddf1e87f7580cae3deefb05a58c5cf4f0c7f96f033fd7dacc23f0e8d149ca?s=96&d=mm&r=g","contentUrl":"https:\/\/secure.gravatar.com\/avatar\/ab9ddf1e87f7580cae3deefb05a58c5cf4f0c7f96f033fd7dacc23f0e8d149ca?s=96&d=mm&r=g","caption":"Cesar Morales"},"url":"https:\/\/gijonbasket.com\/en\/author\/cesar\/"}]}},"_links":{"self":[{"href":"https:\/\/gijonbasket.com\/en\/wp-json\/wp\/v2\/posts\/5150","targetHints":{"allow":["GET"]}}],"collection":[{"href":"https:\/\/gijonbasket.com\/en\/wp-json\/wp\/v2\/posts"}],"about":[{"href":"https:\/\/gijonbasket.com\/en\/wp-json\/wp\/v2\/types\/post"}],"author":[{"embeddable":true,"href":"https:\/\/gijonbasket.com\/en\/wp-json\/wp\/v2\/users\/2"}],"replies":[{"embeddable":true,"href":"https:\/\/gijonbasket.com\/en\/wp-json\/wp\/v2\/comments?post=5150"}],"version-history":[{"count":1,"href":"https:\/\/gijonbasket.com\/en\/wp-json\/wp\/v2\/posts\/5150\/revisions"}],"predecessor-version":[{"id":5151,"href":"https:\/\/gijonbasket.com\/en\/wp-json\/wp\/v2\/posts\/5150\/revisions\/5151"}],"wp:attachment":[{"href":"https:\/\/gijonbasket.com\/en\/wp-json\/wp\/v2\/media?parent=5150"}],"wp:term":[{"taxonomy":"category","embeddable":true,"href":"https:\/\/gijonbasket.com\/en\/wp-json\/wp\/v2\/categories?post=5150"},{"taxonomy":"post_tag","embeddable":true,"href":"https:\/\/gijonbasket.com\/en\/wp-json\/wp\/v2\/tags?post=5150"}],"curies":[{"name":"wp","href":"https:\/\/api.w.org\/{rel}","templated":true}]}}