{"id":5154,"date":"2024-10-20T15:53:05","date_gmt":"2024-10-20T13:53:05","guid":{"rendered":"https:\/\/gijonbasket.com\/?p=5154"},"modified":"2024-10-20T15:55:21","modified_gmt":"2024-10-20T13:55:21","slug":"alarma-por-kawhi-leonard-en-los-clippers","status":"publish","type":"post","link":"https:\/\/gijonbasket.com\/en\/2024\/10\/20\/alarma-por-kawhi-leonard-en-los-clippers\/","title":{"rendered":"Alarma por Kawhi Leonard en los Clippers"},"content":{"rendered":"<p>Preocupaci\u00f3n en Los \u00c1ngeles Clippers por la baja indefinida de Kawhi Leonard. Los problemas cr\u00f3nicos que arrastra en su rodilla derecha, son la causa principal, por la que la  estrella de los Clippers se pierda el inicio de temporada.<\/p>\n\n\n\n<p>Kawhi Leonard, alero de 33 a\u00f1os y 2.01 m., sufrri\u00f3 en 2021 la rotura parcial del ligamento cruzado anterior de su rodilla derecha. Desde marzo de 2024 arrastra una inflamaci\u00f3n en su rodilla derecha.<\/p>\n\n\n\n<p>Seleccionado en NBA Draft 2011 por los Indiana Pacers con n\u00ba 15 para ser traspasado a los San Antonio Spurs.<\/p>\n\n\n\n<p>12 temporadas NBA militando en San Antonio Spurs (7), Toronto Rators (1) y Los \u00c1ngeles Clippers (4).<\/p>\n\n\n\n<p>Campe\u00f3n NBA con San Antonio Spurs (2013\/2014) y Toronto Raptors (2018\/2019) siendo M.V.P.  de ambas Finales.<\/p>\n\n\n\n<p>Las lesiones est\u00e1n marcando la carrera de Kawhi Leonard, desde la tendinopat\u00eda del cuadriceps en 2016, a la rotura parcial del ligamento cruzado anterior de su rodilla derecha en 2021 que provoc\u00f3 perderse la temporada 2021\/2022, unido a una lesi\u00f3n de menisco en 2023.<\/p>","protected":false},"excerpt":{"rendered":"<p>Preocupaci\u00f3n en Los \u00c1ngeles Clippers por la baja indefinida de Kawhi Leonard. Los problemas cr\u00f3nicos que arrastra en su rodilla derecha, son la causa principal, por la que la estrella de los Clippers se pierda el inicio de temporada. Kawhi Leonard, alero de 33 a\u00f1os y 2.01 m., sufrri\u00f3 en 2021 la rotura parcial del&hellip;&nbsp;<a href=\"https:\/\/gijonbasket.com\/en\/2024\/10\/20\/alarma-por-kawhi-leonard-en-los-clippers\/\" class=\"\" rel=\"bookmark\">Read More &raquo;<span class=\"screen-reader-text\">Alarma por Kawhi Leonard en los Clippers<\/span><\/a><\/p>","protected":false},"author":2,"featured_media":0,"comment_status":"open","ping_status":"open","sticky":false,"template":"","format":"standard","meta":{"neve_meta_sidebar":"","neve_meta_container":"","neve_meta_enable_content_width":"","neve_meta_content_width":0,"neve_meta_title_alignment":"","neve_meta_author_avatar":"","neve_post_elements_order":"","neve_meta_disable_header":"","neve_meta_disable_footer":"","neve_meta_disable_title":"","footnotes":""},"categories":[4],"tags":[],"class_list":["post-5154","post","type-post","status-publish","format-standard","hentry","category-noticias"],"yoast_head":"<!-- This site is optimized with the Yoast SEO plugin v23.4 - https:\/\/yoast.com\/wordpress\/plugins\/seo\/ -->\n<title>Alarma por Kawhi Leonard en los Clippers - gijonbasket<\/title>\n<meta name=\"robots\" content=\"index, follow, max-snippet:-1, max-image-preview:large, max-video-preview:-1\" \/>\n<link rel=\"canonical\" href=\"https:\/\/gijonbasket.com\/en\/2024\/10\/20\/alarma-por-kawhi-leonard-en-los-clippers\/\" \/>\n<meta property=\"og:locale\" content=\"en_US\" \/>\n<meta property=\"og:type\" content=\"article\" \/>\n<meta property=\"og:title\" content=\"Alarma por Kawhi Leonard en los Clippers - gijonbasket\" \/>\n<meta property=\"og:description\" content=\"Preocupaci\u00f3n en Los \u00c1ngeles Clippers por la baja indefinida de Kawhi Leonard. Los problemas cr\u00f3nicos que arrastra en su rodilla derecha, son la causa principal, por la que la estrella de los Clippers se pierda el inicio de temporada. Kawhi Leonard, alero de 33 a\u00f1os y 2.01 m., sufrri\u00f3 en 2021 la rotura parcial del&hellip;&nbsp;Read More &raquo;Alarma por Kawhi Leonard en los Clippers\" \/>\n<meta property=\"og:url\" content=\"https:\/\/gijonbasket.com\/en\/2024\/10\/20\/alarma-por-kawhi-leonard-en-los-clippers\/\" \/>\n<meta property=\"og:site_name\" content=\"gijonbasket\" \/>\n<meta property=\"article:published_time\" content=\"2024-10-20T13:53:05+00:00\" \/>\n<meta property=\"article:modified_time\" content=\"2024-10-20T13:55:21+00:00\" \/>\n<meta name=\"author\" content=\"Cesar Morales\" \/>\n<meta name=\"twitter:card\" content=\"summary_large_image\" \/>\n<meta name=\"twitter:label1\" content=\"Written by\" \/>\n\t<meta name=\"twitter:data1\" content=\"Cesar Morales\" \/>\n\t<meta name=\"twitter:label2\" content=\"Est. reading time\" \/>\n\t<meta name=\"twitter:data2\" content=\"1 minute\" \/>\n<script type=\"application\/ld+json\" class=\"yoast-schema-graph\">{\"@context\":\"https:\/\/schema.org\",\"@graph\":[{\"@type\":\"Article\",\"@id\":\"https:\/\/gijonbasket.com\/2024\/10\/20\/alarma-por-kawhi-leonard-en-los-clippers\/#article\",\"isPartOf\":{\"@id\":\"https:\/\/gijonbasket.com\/2024\/10\/20\/alarma-por-kawhi-leonard-en-los-clippers\/\"},\"author\":{\"name\":\"Cesar Morales\",\"@id\":\"https:\/\/gijonbasket.com\/#\/schema\/person\/91af9ff03e8eab582ccc344b715907c0\"},\"headline\":\"Alarma por Kawhi Leonard en los Clippers\",\"datePublished\":\"2024-10-20T13:53:05+00:00\",\"dateModified\":\"2024-10-20T13:55:21+00:00\",\"mainEntityOfPage\":{\"@id\":\"https:\/\/gijonbasket.com\/2024\/10\/20\/alarma-por-kawhi-leonard-en-los-clippers\/\"},\"wordCount\":171,\"commentCount\":0,\"publisher\":{\"@id\":\"https:\/\/gijonbasket.com\/#organization\"},\"articleSection\":[\"noticias\"],\"inLanguage\":\"en-US\",\"potentialAction\":[{\"@type\":\"CommentAction\",\"name\":\"Comment\",\"target\":[\"https:\/\/gijonbasket.com\/2024\/10\/20\/alarma-por-kawhi-leonard-en-los-clippers\/#respond\"]}]},{\"@type\":\"WebPage\",\"@id\":\"https:\/\/gijonbasket.com\/2024\/10\/20\/alarma-por-kawhi-leonard-en-los-clippers\/\",\"url\":\"https:\/\/gijonbasket.com\/2024\/10\/20\/alarma-por-kawhi-leonard-en-los-clippers\/\",\"name\":\"Alarma por Kawhi Leonard en los Clippers - gijonbasket\",\"isPartOf\":{\"@id\":\"https:\/\/gijonbasket.com\/#website\"},\"datePublished\":\"2024-10-20T13:53:05+00:00\",\"dateModified\":\"2024-10-20T13:55:21+00:00\",\"breadcrumb\":{\"@id\":\"https:\/\/gijonbasket.com\/2024\/10\/20\/alarma-por-kawhi-leonard-en-los-clippers\/#breadcrumb\"},\"inLanguage\":\"en-US\",\"potentialAction\":[{\"@type\":\"ReadAction\",\"target\":[\"https:\/\/gijonbasket.com\/2024\/10\/20\/alarma-por-kawhi-leonard-en-los-clippers\/\"]}]},{\"@type\":\"BreadcrumbList\",\"@id\":\"https:\/\/gijonbasket.com\/2024\/10\/20\/alarma-por-kawhi-leonard-en-los-clippers\/#breadcrumb\",\"itemListElement\":[{\"@type\":\"ListItem\",\"position\":1,\"name\":\"Portada\",\"item\":\"https:\/\/gijonbasket.com\/\"},{\"@type\":\"ListItem\",\"position\":2,\"name\":\"Alarma por Kawhi Leonard en los Clippers\"}]},{\"@type\":\"WebSite\",\"@id\":\"https:\/\/gijonbasket.com\/#website\",\"url\":\"https:\/\/gijonbasket.com\/\",\"name\":\"gijonbasket\",\"description\":\"\",\"publisher\":{\"@id\":\"https:\/\/gijonbasket.com\/#organization\"},\"potentialAction\":[{\"@type\":\"SearchAction\",\"target\":{\"@type\":\"EntryPoint\",\"urlTemplate\":\"https:\/\/gijonbasket.com\/?s={search_term_string}\"},\"query-input\":{\"@type\":\"PropertyValueSpecification\",\"valueRequired\":true,\"valueName\":\"search_term_string\"}}],\"inLanguage\":\"en-US\"},{\"@type\":\"Organization\",\"@id\":\"https:\/\/gijonbasket.com\/#organization\",\"name\":\"gijonbasket\",\"url\":\"https:\/\/gijonbasket.com\/\",\"logo\":{\"@type\":\"ImageObject\",\"inLanguage\":\"en-US\",\"@id\":\"https:\/\/gijonbasket.com\/#\/schema\/logo\/image\/\",\"url\":\"https:\/\/gijonbasket.com\/wp-content\/uploads\/2023\/03\/LogoGijonBasket2.jpg\",\"contentUrl\":\"https:\/\/gijonbasket.com\/wp-content\/uploads\/2023\/03\/LogoGijonBasket2.jpg\",\"width\":2000,\"height\":550,\"caption\":\"gijonbasket\"},\"image\":{\"@id\":\"https:\/\/gijonbasket.com\/#\/schema\/logo\/image\/\"}},{\"@type\":\"Person\",\"@id\":\"https:\/\/gijonbasket.com\/#\/schema\/person\/91af9ff03e8eab582ccc344b715907c0\",\"name\":\"Cesar Morales\",\"image\":{\"@type\":\"ImageObject\",\"inLanguage\":\"en-US\",\"@id\":\"https:\/\/gijonbasket.com\/#\/schema\/person\/image\/\",\"url\":\"https:\/\/secure.gravatar.com\/avatar\/ab9ddf1e87f7580cae3deefb05a58c5cf4f0c7f96f033fd7dacc23f0e8d149ca?s=96&d=mm&r=g\",\"contentUrl\":\"https:\/\/secure.gravatar.com\/avatar\/ab9ddf1e87f7580cae3deefb05a58c5cf4f0c7f96f033fd7dacc23f0e8d149ca?s=96&d=mm&r=g\",\"caption\":\"Cesar Morales\"},\"url\":\"https:\/\/gijonbasket.com\/en\/author\/cesar\/\"}]}<\/script>\n<!-- \/ Yoast SEO plugin. -->","yoast_head_json":{"title":"Alarma por Kawhi Leonard en los Clippers - gijonbasket","robots":{"index":"index","follow":"follow","max-snippet":"max-snippet:-1","max-image-preview":"max-image-preview:large","max-video-preview":"max-video-preview:-1"},"canonical":"https:\/\/gijonbasket.com\/en\/2024\/10\/20\/alarma-por-kawhi-leonard-en-los-clippers\/","og_locale":"en_US","og_type":"article","og_title":"Alarma por Kawhi Leonard en los Clippers - gijonbasket","og_description":"Preocupaci\u00f3n en Los \u00c1ngeles Clippers por la baja indefinida de Kawhi Leonard. Los problemas cr\u00f3nicos que arrastra en su rodilla derecha, son la causa principal, por la que la estrella de los Clippers se pierda el inicio de temporada. Kawhi Leonard, alero de 33 a\u00f1os y 2.01 m., sufrri\u00f3 en 2021 la rotura parcial del&hellip;&nbsp;Read More &raquo;Alarma por Kawhi Leonard en los Clippers","og_url":"https:\/\/gijonbasket.com\/en\/2024\/10\/20\/alarma-por-kawhi-leonard-en-los-clippers\/","og_site_name":"gijonbasket","article_published_time":"2024-10-20T13:53:05+00:00","article_modified_time":"2024-10-20T13:55:21+00:00","author":"Cesar Morales","twitter_card":"summary_large_image","twitter_misc":{"Written by":"Cesar Morales","Est. reading time":"1 minute"},"schema":{"@context":"https:\/\/schema.org","@graph":[{"@type":"Article","@id":"https:\/\/gijonbasket.com\/2024\/10\/20\/alarma-por-kawhi-leonard-en-los-clippers\/#article","isPartOf":{"@id":"https:\/\/gijonbasket.com\/2024\/10\/20\/alarma-por-kawhi-leonard-en-los-clippers\/"},"author":{"name":"Cesar Morales","@id":"https:\/\/gijonbasket.com\/#\/schema\/person\/91af9ff03e8eab582ccc344b715907c0"},"headline":"Alarma por Kawhi Leonard en los Clippers","datePublished":"2024-10-20T13:53:05+00:00","dateModified":"2024-10-20T13:55:21+00:00","mainEntityOfPage":{"@id":"https:\/\/gijonbasket.com\/2024\/10\/20\/alarma-por-kawhi-leonard-en-los-clippers\/"},"wordCount":171,"commentCount":0,"publisher":{"@id":"https:\/\/gijonbasket.com\/#organization"},"articleSection":["noticias"],"inLanguage":"en-US","potentialAction":[{"@type":"CommentAction","name":"Comment","target":["https:\/\/gijonbasket.com\/2024\/10\/20\/alarma-por-kawhi-leonard-en-los-clippers\/#respond"]}]},{"@type":"WebPage","@id":"https:\/\/gijonbasket.com\/2024\/10\/20\/alarma-por-kawhi-leonard-en-los-clippers\/","url":"https:\/\/gijonbasket.com\/2024\/10\/20\/alarma-por-kawhi-leonard-en-los-clippers\/","name":"Alarma por Kawhi Leonard en los Clippers - gijonbasket","isPartOf":{"@id":"https:\/\/gijonbasket.com\/#website"},"datePublished":"2024-10-20T13:53:05+00:00","dateModified":"2024-10-20T13:55:21+00:00","breadcrumb":{"@id":"https:\/\/gijonbasket.com\/2024\/10\/20\/alarma-por-kawhi-leonard-en-los-clippers\/#breadcrumb"},"inLanguage":"en-US","potentialAction":[{"@type":"ReadAction","target":["https:\/\/gijonbasket.com\/2024\/10\/20\/alarma-por-kawhi-leonard-en-los-clippers\/"]}]},{"@type":"BreadcrumbList","@id":"https:\/\/gijonbasket.com\/2024\/10\/20\/alarma-por-kawhi-leonard-en-los-clippers\/#breadcrumb","itemListElement":[{"@type":"ListItem","position":1,"name":"Portada","item":"https:\/\/gijonbasket.com\/"},{"@type":"ListItem","position":2,"name":"Alarma por Kawhi Leonard en los Clippers"}]},{"@type":"WebSite","@id":"https:\/\/gijonbasket.com\/#website","url":"https:\/\/gijonbasket.com\/","name":"gijonbasket","description":"","publisher":{"@id":"https:\/\/gijonbasket.com\/#organization"},"potentialAction":[{"@type":"SearchAction","target":{"@type":"EntryPoint","urlTemplate":"https:\/\/gijonbasket.com\/?s={search_term_string}"},"query-input":{"@type":"PropertyValueSpecification","valueRequired":true,"valueName":"search_term_string"}}],"inLanguage":"en-US"},{"@type":"Organization","@id":"https:\/\/gijonbasket.com\/#organization","name":"gijonbasket","url":"https:\/\/gijonbasket.com\/","logo":{"@type":"ImageObject","inLanguage":"en-US","@id":"https:\/\/gijonbasket.com\/#\/schema\/logo\/image\/","url":"https:\/\/gijonbasket.com\/wp-content\/uploads\/2023\/03\/LogoGijonBasket2.jpg","contentUrl":"https:\/\/gijonbasket.com\/wp-content\/uploads\/2023\/03\/LogoGijonBasket2.jpg","width":2000,"height":550,"caption":"gijonbasket"},"image":{"@id":"https:\/\/gijonbasket.com\/#\/schema\/logo\/image\/"}},{"@type":"Person","@id":"https:\/\/gijonbasket.com\/#\/schema\/person\/91af9ff03e8eab582ccc344b715907c0","name":"Cesar Morales","image":{"@type":"ImageObject","inLanguage":"en-US","@id":"https:\/\/gijonbasket.com\/#\/schema\/person\/image\/","url":"https:\/\/secure.gravatar.com\/avatar\/ab9ddf1e87f7580cae3deefb05a58c5cf4f0c7f96f033fd7dacc23f0e8d149ca?s=96&d=mm&r=g","contentUrl":"https:\/\/secure.gravatar.com\/avatar\/ab9ddf1e87f7580cae3deefb05a58c5cf4f0c7f96f033fd7dacc23f0e8d149ca?s=96&d=mm&r=g","caption":"Cesar Morales"},"url":"https:\/\/gijonbasket.com\/en\/author\/cesar\/"}]}},"_links":{"self":[{"href":"https:\/\/gijonbasket.com\/en\/wp-json\/wp\/v2\/posts\/5154","targetHints":{"allow":["GET"]}}],"collection":[{"href":"https:\/\/gijonbasket.com\/en\/wp-json\/wp\/v2\/posts"}],"about":[{"href":"https:\/\/gijonbasket.com\/en\/wp-json\/wp\/v2\/types\/post"}],"author":[{"embeddable":true,"href":"https:\/\/gijonbasket.com\/en\/wp-json\/wp\/v2\/users\/2"}],"replies":[{"embeddable":true,"href":"https:\/\/gijonbasket.com\/en\/wp-json\/wp\/v2\/comments?post=5154"}],"version-history":[{"count":2,"href":"https:\/\/gijonbasket.com\/en\/wp-json\/wp\/v2\/posts\/5154\/revisions"}],"predecessor-version":[{"id":5157,"href":"https:\/\/gijonbasket.com\/en\/wp-json\/wp\/v2\/posts\/5154\/revisions\/5157"}],"wp:attachment":[{"href":"https:\/\/gijonbasket.com\/en\/wp-json\/wp\/v2\/media?parent=5154"}],"wp:term":[{"taxonomy":"category","embeddable":true,"href":"https:\/\/gijonbasket.com\/en\/wp-json\/wp\/v2\/categories?post=5154"},{"taxonomy":"post_tag","embeddable":true,"href":"https:\/\/gijonbasket.com\/en\/wp-json\/wp\/v2\/tags?post=5154"}],"curies":[{"name":"wp","href":"https:\/\/api.w.org\/{rel}","templated":true}]}}