{"id":5202,"date":"2024-10-25T21:46:10","date_gmt":"2024-10-25T19:46:10","guid":{"rendered":"https:\/\/gijonbasket.com\/?p=5202"},"modified":"2024-10-25T21:46:11","modified_gmt":"2024-10-25T19:46:11","slug":"james-wiseman-adios-a-la-temporada-con-los-pacers","status":"publish","type":"post","link":"https:\/\/gijonbasket.com\/en\/2024\/10\/25\/james-wiseman-adios-a-la-temporada-con-los-pacers\/","title":{"rendered":"James Wiseman adi\u00f3s a la temporada con los Pacers"},"content":{"rendered":"<p>Los Indiana Pacers pierden por lesi\u00f3n para toda la temporada a James Wiseman.<\/p>\n\n\n\n<p>La mala suerte se ceb\u00f3 con James Wiseman en el primer partido de la temporada de los Indiana Pacers ante Detroit Pistons.<\/p>\n\n\n\n<p>Wiseman sufri\u00f3 un desgarro del tend\u00f3n de Aquiles de su pie izquierdo.<\/p>\n\n\n\n<p>P\u00edvot estadounidense de 23 a\u00f1os y 2.11 m.<\/p>\n\n\n\n<p>Seleccionado en NBA Draft 2020 por los Golden State Warriors con n\u00ba 2.<\/p>\n\n\n\n<p>Su primera temporada con los Golden State Warriors, estuvo marcada por la lesi\u00f3n sufrida en abril de 2021, con un desgarro en el menisco de la rodilla derecha.<\/p>\n\n\n\n<p>Temporada en blanco 2021\/2022 en la que los Golden State Warriors conquistaron el t\u00edtulo NBA.<\/p>\n\n\n\n<p>La temporada 2022\/2023 comenz\u00f3 en los Warriors para ser traspasado en febrero de 2023 a los Detroit Pistons donde finaliz\u00f3 el ejercicio.<\/p>\n\n\n\n<p>La pasada temporada milit\u00f3 en los Pistons promediando 7.1 ppp; 5.3 rpp.<\/p>","protected":false},"excerpt":{"rendered":"<p>Los Indiana Pacers pierden por lesi\u00f3n para toda la temporada a James Wiseman. La mala suerte se ceb\u00f3 con James Wiseman en el primer partido de la temporada de los Indiana Pacers ante Detroit Pistons. Wiseman sufri\u00f3 un desgarro del tend\u00f3n de Aquiles de su pie izquierdo. P\u00edvot estadounidense de 23 a\u00f1os y 2.11 m.&hellip;&nbsp;<a href=\"https:\/\/gijonbasket.com\/en\/2024\/10\/25\/james-wiseman-adios-a-la-temporada-con-los-pacers\/\" class=\"\" rel=\"bookmark\">Read More &raquo;<span class=\"screen-reader-text\">James Wiseman adi\u00f3s a la temporada con los Pacers<\/span><\/a><\/p>","protected":false},"author":2,"featured_media":0,"comment_status":"open","ping_status":"open","sticky":false,"template":"","format":"standard","meta":{"neve_meta_sidebar":"","neve_meta_container":"","neve_meta_enable_content_width":"","neve_meta_content_width":0,"neve_meta_title_alignment":"","neve_meta_author_avatar":"","neve_post_elements_order":"","neve_meta_disable_header":"","neve_meta_disable_footer":"","neve_meta_disable_title":"","footnotes":""},"categories":[4],"tags":[],"class_list":["post-5202","post","type-post","status-publish","format-standard","hentry","category-noticias"],"yoast_head":"<!-- This site is optimized with the Yoast SEO plugin v23.4 - https:\/\/yoast.com\/wordpress\/plugins\/seo\/ -->\n<title>James Wiseman adi\u00f3s a la temporada con los Pacers - gijonbasket<\/title>\n<meta name=\"robots\" content=\"index, follow, max-snippet:-1, max-image-preview:large, max-video-preview:-1\" \/>\n<link rel=\"canonical\" href=\"https:\/\/gijonbasket.com\/en\/2024\/10\/25\/james-wiseman-adios-a-la-temporada-con-los-pacers\/\" \/>\n<meta property=\"og:locale\" content=\"en_US\" \/>\n<meta property=\"og:type\" content=\"article\" \/>\n<meta property=\"og:title\" content=\"James Wiseman adi\u00f3s a la temporada con los Pacers - gijonbasket\" \/>\n<meta property=\"og:description\" content=\"Los Indiana Pacers pierden por lesi\u00f3n para toda la temporada a James Wiseman. La mala suerte se ceb\u00f3 con James Wiseman en el primer partido de la temporada de los Indiana Pacers ante Detroit Pistons. Wiseman sufri\u00f3 un desgarro del tend\u00f3n de Aquiles de su pie izquierdo. P\u00edvot estadounidense de 23 a\u00f1os y 2.11 m.&hellip;&nbsp;Read More &raquo;James Wiseman adi\u00f3s a la temporada con los Pacers\" \/>\n<meta property=\"og:url\" content=\"https:\/\/gijonbasket.com\/en\/2024\/10\/25\/james-wiseman-adios-a-la-temporada-con-los-pacers\/\" \/>\n<meta property=\"og:site_name\" content=\"gijonbasket\" \/>\n<meta property=\"article:published_time\" content=\"2024-10-25T19:46:10+00:00\" \/>\n<meta property=\"article:modified_time\" content=\"2024-10-25T19:46:11+00:00\" \/>\n<meta name=\"author\" content=\"Cesar Morales\" \/>\n<meta name=\"twitter:card\" content=\"summary_large_image\" \/>\n<meta name=\"twitter:label1\" content=\"Written by\" \/>\n\t<meta name=\"twitter:data1\" content=\"Cesar Morales\" \/>\n\t<meta name=\"twitter:label2\" content=\"Est. reading time\" \/>\n\t<meta name=\"twitter:data2\" content=\"1 minute\" \/>\n<script type=\"application\/ld+json\" class=\"yoast-schema-graph\">{\"@context\":\"https:\/\/schema.org\",\"@graph\":[{\"@type\":\"Article\",\"@id\":\"https:\/\/gijonbasket.com\/2024\/10\/25\/james-wiseman-adios-a-la-temporada-con-los-pacers\/#article\",\"isPartOf\":{\"@id\":\"https:\/\/gijonbasket.com\/2024\/10\/25\/james-wiseman-adios-a-la-temporada-con-los-pacers\/\"},\"author\":{\"name\":\"Cesar Morales\",\"@id\":\"https:\/\/gijonbasket.com\/#\/schema\/person\/91af9ff03e8eab582ccc344b715907c0\"},\"headline\":\"James Wiseman adi\u00f3s a la temporada con los Pacers\",\"datePublished\":\"2024-10-25T19:46:10+00:00\",\"dateModified\":\"2024-10-25T19:46:11+00:00\",\"mainEntityOfPage\":{\"@id\":\"https:\/\/gijonbasket.com\/2024\/10\/25\/james-wiseman-adios-a-la-temporada-con-los-pacers\/\"},\"wordCount\":151,\"commentCount\":0,\"publisher\":{\"@id\":\"https:\/\/gijonbasket.com\/#organization\"},\"articleSection\":[\"noticias\"],\"inLanguage\":\"en-US\",\"potentialAction\":[{\"@type\":\"CommentAction\",\"name\":\"Comment\",\"target\":[\"https:\/\/gijonbasket.com\/2024\/10\/25\/james-wiseman-adios-a-la-temporada-con-los-pacers\/#respond\"]}]},{\"@type\":\"WebPage\",\"@id\":\"https:\/\/gijonbasket.com\/2024\/10\/25\/james-wiseman-adios-a-la-temporada-con-los-pacers\/\",\"url\":\"https:\/\/gijonbasket.com\/2024\/10\/25\/james-wiseman-adios-a-la-temporada-con-los-pacers\/\",\"name\":\"James Wiseman adi\u00f3s a la temporada con los Pacers - gijonbasket\",\"isPartOf\":{\"@id\":\"https:\/\/gijonbasket.com\/#website\"},\"datePublished\":\"2024-10-25T19:46:10+00:00\",\"dateModified\":\"2024-10-25T19:46:11+00:00\",\"breadcrumb\":{\"@id\":\"https:\/\/gijonbasket.com\/2024\/10\/25\/james-wiseman-adios-a-la-temporada-con-los-pacers\/#breadcrumb\"},\"inLanguage\":\"en-US\",\"potentialAction\":[{\"@type\":\"ReadAction\",\"target\":[\"https:\/\/gijonbasket.com\/2024\/10\/25\/james-wiseman-adios-a-la-temporada-con-los-pacers\/\"]}]},{\"@type\":\"BreadcrumbList\",\"@id\":\"https:\/\/gijonbasket.com\/2024\/10\/25\/james-wiseman-adios-a-la-temporada-con-los-pacers\/#breadcrumb\",\"itemListElement\":[{\"@type\":\"ListItem\",\"position\":1,\"name\":\"Portada\",\"item\":\"https:\/\/gijonbasket.com\/\"},{\"@type\":\"ListItem\",\"position\":2,\"name\":\"James Wiseman adi\u00f3s a la temporada con los Pacers\"}]},{\"@type\":\"WebSite\",\"@id\":\"https:\/\/gijonbasket.com\/#website\",\"url\":\"https:\/\/gijonbasket.com\/\",\"name\":\"gijonbasket\",\"description\":\"\",\"publisher\":{\"@id\":\"https:\/\/gijonbasket.com\/#organization\"},\"potentialAction\":[{\"@type\":\"SearchAction\",\"target\":{\"@type\":\"EntryPoint\",\"urlTemplate\":\"https:\/\/gijonbasket.com\/?s={search_term_string}\"},\"query-input\":{\"@type\":\"PropertyValueSpecification\",\"valueRequired\":true,\"valueName\":\"search_term_string\"}}],\"inLanguage\":\"en-US\"},{\"@type\":\"Organization\",\"@id\":\"https:\/\/gijonbasket.com\/#organization\",\"name\":\"gijonbasket\",\"url\":\"https:\/\/gijonbasket.com\/\",\"logo\":{\"@type\":\"ImageObject\",\"inLanguage\":\"en-US\",\"@id\":\"https:\/\/gijonbasket.com\/#\/schema\/logo\/image\/\",\"url\":\"https:\/\/gijonbasket.com\/wp-content\/uploads\/2023\/03\/LogoGijonBasket2.jpg\",\"contentUrl\":\"https:\/\/gijonbasket.com\/wp-content\/uploads\/2023\/03\/LogoGijonBasket2.jpg\",\"width\":2000,\"height\":550,\"caption\":\"gijonbasket\"},\"image\":{\"@id\":\"https:\/\/gijonbasket.com\/#\/schema\/logo\/image\/\"}},{\"@type\":\"Person\",\"@id\":\"https:\/\/gijonbasket.com\/#\/schema\/person\/91af9ff03e8eab582ccc344b715907c0\",\"name\":\"Cesar Morales\",\"image\":{\"@type\":\"ImageObject\",\"inLanguage\":\"en-US\",\"@id\":\"https:\/\/gijonbasket.com\/#\/schema\/person\/image\/\",\"url\":\"https:\/\/secure.gravatar.com\/avatar\/ab9ddf1e87f7580cae3deefb05a58c5cf4f0c7f96f033fd7dacc23f0e8d149ca?s=96&d=mm&r=g\",\"contentUrl\":\"https:\/\/secure.gravatar.com\/avatar\/ab9ddf1e87f7580cae3deefb05a58c5cf4f0c7f96f033fd7dacc23f0e8d149ca?s=96&d=mm&r=g\",\"caption\":\"Cesar Morales\"},\"url\":\"https:\/\/gijonbasket.com\/en\/author\/cesar\/\"}]}<\/script>\n<!-- \/ Yoast SEO plugin. -->","yoast_head_json":{"title":"James Wiseman adi\u00f3s a la temporada con los Pacers - gijonbasket","robots":{"index":"index","follow":"follow","max-snippet":"max-snippet:-1","max-image-preview":"max-image-preview:large","max-video-preview":"max-video-preview:-1"},"canonical":"https:\/\/gijonbasket.com\/en\/2024\/10\/25\/james-wiseman-adios-a-la-temporada-con-los-pacers\/","og_locale":"en_US","og_type":"article","og_title":"James Wiseman adi\u00f3s a la temporada con los Pacers - gijonbasket","og_description":"Los Indiana Pacers pierden por lesi\u00f3n para toda la temporada a James Wiseman. La mala suerte se ceb\u00f3 con James Wiseman en el primer partido de la temporada de los Indiana Pacers ante Detroit Pistons. Wiseman sufri\u00f3 un desgarro del tend\u00f3n de Aquiles de su pie izquierdo. P\u00edvot estadounidense de 23 a\u00f1os y 2.11 m.&hellip;&nbsp;Read More &raquo;James Wiseman adi\u00f3s a la temporada con los Pacers","og_url":"https:\/\/gijonbasket.com\/en\/2024\/10\/25\/james-wiseman-adios-a-la-temporada-con-los-pacers\/","og_site_name":"gijonbasket","article_published_time":"2024-10-25T19:46:10+00:00","article_modified_time":"2024-10-25T19:46:11+00:00","author":"Cesar Morales","twitter_card":"summary_large_image","twitter_misc":{"Written by":"Cesar Morales","Est. reading time":"1 minute"},"schema":{"@context":"https:\/\/schema.org","@graph":[{"@type":"Article","@id":"https:\/\/gijonbasket.com\/2024\/10\/25\/james-wiseman-adios-a-la-temporada-con-los-pacers\/#article","isPartOf":{"@id":"https:\/\/gijonbasket.com\/2024\/10\/25\/james-wiseman-adios-a-la-temporada-con-los-pacers\/"},"author":{"name":"Cesar Morales","@id":"https:\/\/gijonbasket.com\/#\/schema\/person\/91af9ff03e8eab582ccc344b715907c0"},"headline":"James Wiseman adi\u00f3s a la temporada con los Pacers","datePublished":"2024-10-25T19:46:10+00:00","dateModified":"2024-10-25T19:46:11+00:00","mainEntityOfPage":{"@id":"https:\/\/gijonbasket.com\/2024\/10\/25\/james-wiseman-adios-a-la-temporada-con-los-pacers\/"},"wordCount":151,"commentCount":0,"publisher":{"@id":"https:\/\/gijonbasket.com\/#organization"},"articleSection":["noticias"],"inLanguage":"en-US","potentialAction":[{"@type":"CommentAction","name":"Comment","target":["https:\/\/gijonbasket.com\/2024\/10\/25\/james-wiseman-adios-a-la-temporada-con-los-pacers\/#respond"]}]},{"@type":"WebPage","@id":"https:\/\/gijonbasket.com\/2024\/10\/25\/james-wiseman-adios-a-la-temporada-con-los-pacers\/","url":"https:\/\/gijonbasket.com\/2024\/10\/25\/james-wiseman-adios-a-la-temporada-con-los-pacers\/","name":"James Wiseman adi\u00f3s a la temporada con los Pacers - gijonbasket","isPartOf":{"@id":"https:\/\/gijonbasket.com\/#website"},"datePublished":"2024-10-25T19:46:10+00:00","dateModified":"2024-10-25T19:46:11+00:00","breadcrumb":{"@id":"https:\/\/gijonbasket.com\/2024\/10\/25\/james-wiseman-adios-a-la-temporada-con-los-pacers\/#breadcrumb"},"inLanguage":"en-US","potentialAction":[{"@type":"ReadAction","target":["https:\/\/gijonbasket.com\/2024\/10\/25\/james-wiseman-adios-a-la-temporada-con-los-pacers\/"]}]},{"@type":"BreadcrumbList","@id":"https:\/\/gijonbasket.com\/2024\/10\/25\/james-wiseman-adios-a-la-temporada-con-los-pacers\/#breadcrumb","itemListElement":[{"@type":"ListItem","position":1,"name":"Portada","item":"https:\/\/gijonbasket.com\/"},{"@type":"ListItem","position":2,"name":"James Wiseman adi\u00f3s a la temporada con los Pacers"}]},{"@type":"WebSite","@id":"https:\/\/gijonbasket.com\/#website","url":"https:\/\/gijonbasket.com\/","name":"gijonbasket","description":"","publisher":{"@id":"https:\/\/gijonbasket.com\/#organization"},"potentialAction":[{"@type":"SearchAction","target":{"@type":"EntryPoint","urlTemplate":"https:\/\/gijonbasket.com\/?s={search_term_string}"},"query-input":{"@type":"PropertyValueSpecification","valueRequired":true,"valueName":"search_term_string"}}],"inLanguage":"en-US"},{"@type":"Organization","@id":"https:\/\/gijonbasket.com\/#organization","name":"gijonbasket","url":"https:\/\/gijonbasket.com\/","logo":{"@type":"ImageObject","inLanguage":"en-US","@id":"https:\/\/gijonbasket.com\/#\/schema\/logo\/image\/","url":"https:\/\/gijonbasket.com\/wp-content\/uploads\/2023\/03\/LogoGijonBasket2.jpg","contentUrl":"https:\/\/gijonbasket.com\/wp-content\/uploads\/2023\/03\/LogoGijonBasket2.jpg","width":2000,"height":550,"caption":"gijonbasket"},"image":{"@id":"https:\/\/gijonbasket.com\/#\/schema\/logo\/image\/"}},{"@type":"Person","@id":"https:\/\/gijonbasket.com\/#\/schema\/person\/91af9ff03e8eab582ccc344b715907c0","name":"Cesar Morales","image":{"@type":"ImageObject","inLanguage":"en-US","@id":"https:\/\/gijonbasket.com\/#\/schema\/person\/image\/","url":"https:\/\/secure.gravatar.com\/avatar\/ab9ddf1e87f7580cae3deefb05a58c5cf4f0c7f96f033fd7dacc23f0e8d149ca?s=96&d=mm&r=g","contentUrl":"https:\/\/secure.gravatar.com\/avatar\/ab9ddf1e87f7580cae3deefb05a58c5cf4f0c7f96f033fd7dacc23f0e8d149ca?s=96&d=mm&r=g","caption":"Cesar Morales"},"url":"https:\/\/gijonbasket.com\/en\/author\/cesar\/"}]}},"_links":{"self":[{"href":"https:\/\/gijonbasket.com\/en\/wp-json\/wp\/v2\/posts\/5202","targetHints":{"allow":["GET"]}}],"collection":[{"href":"https:\/\/gijonbasket.com\/en\/wp-json\/wp\/v2\/posts"}],"about":[{"href":"https:\/\/gijonbasket.com\/en\/wp-json\/wp\/v2\/types\/post"}],"author":[{"embeddable":true,"href":"https:\/\/gijonbasket.com\/en\/wp-json\/wp\/v2\/users\/2"}],"replies":[{"embeddable":true,"href":"https:\/\/gijonbasket.com\/en\/wp-json\/wp\/v2\/comments?post=5202"}],"version-history":[{"count":1,"href":"https:\/\/gijonbasket.com\/en\/wp-json\/wp\/v2\/posts\/5202\/revisions"}],"predecessor-version":[{"id":5203,"href":"https:\/\/gijonbasket.com\/en\/wp-json\/wp\/v2\/posts\/5202\/revisions\/5203"}],"wp:attachment":[{"href":"https:\/\/gijonbasket.com\/en\/wp-json\/wp\/v2\/media?parent=5202"}],"wp:term":[{"taxonomy":"category","embeddable":true,"href":"https:\/\/gijonbasket.com\/en\/wp-json\/wp\/v2\/categories?post=5202"},{"taxonomy":"post_tag","embeddable":true,"href":"https:\/\/gijonbasket.com\/en\/wp-json\/wp\/v2\/tags?post=5202"}],"curies":[{"name":"wp","href":"https:\/\/api.w.org\/{rel}","templated":true}]}}