{"id":5213,"date":"2024-10-27T09:09:28","date_gmt":"2024-10-27T08:09:28","guid":{"rendered":"https:\/\/gijonbasket.com\/?p=5213"},"modified":"2024-10-30T16:15:37","modified_gmt":"2024-10-30T15:15:37","slug":"shamar-wilson-baja-por-lesion-en-uemc-real-valladolid-baloncesto","status":"publish","type":"post","link":"https:\/\/gijonbasket.com\/en\/2024\/10\/27\/shamar-wilson-baja-por-lesion-en-uemc-real-valladolid-baloncesto\/","title":{"rendered":"Shemar Wilson baja por lesi\u00f3n en UEMC Real Valladolid Baloncesto"},"content":{"rendered":"<p>Las lesiones se acumulan para el UEMC Real Valladolid Baloncesto. A las bajas de Mike Torres y Vasilije Vucetic se uni\u00f3 la de Shemar Wilson.<\/p>\n\n\n\n<p>P\u00edvot estadounidense de 23 a\u00f1os y 2.05 m. <\/p>\n\n\n\n<p>Shemar Wilson en su primera temporada con el UEMC Real Valladolid Baloncesto, sufre un esguince de grado II en el ligamento lateral interno de su rodilla derecha, que le mantendr\u00e1 inactivo durante 1 mes.<\/p>\n\n\n\n<p>Formado en Texas-Arlington University (2021\/2022; 2022\/2023; 2023\/2024) afronta su primera experiencia como profesional en el UEMC Real Valladolid Baloncesto.<\/p>\n\n\n\n<p>4 encuentros disputados en Primera FEB promediando 7.8 ppp; 6.8 rpp.<\/p>","protected":false},"excerpt":{"rendered":"<p>Las lesiones se acumulan para el UEMC Real Valladolid Baloncesto. A las bajas de Mike Torres y Vasilije Vucetic se uni\u00f3 la de Shemar Wilson. P\u00edvot estadounidense de 23 a\u00f1os y 2.05 m. Shemar Wilson en su primera temporada con el UEMC Real Valladolid Baloncesto, sufre un esguince de grado II en el ligamento lateral&hellip;&nbsp;<a href=\"https:\/\/gijonbasket.com\/en\/2024\/10\/27\/shamar-wilson-baja-por-lesion-en-uemc-real-valladolid-baloncesto\/\" class=\"\" rel=\"bookmark\">Read More &raquo;<span class=\"screen-reader-text\">Shemar Wilson baja por lesi\u00f3n en UEMC Real Valladolid Baloncesto<\/span><\/a><\/p>","protected":false},"author":2,"featured_media":0,"comment_status":"open","ping_status":"open","sticky":false,"template":"","format":"standard","meta":{"neve_meta_sidebar":"","neve_meta_container":"","neve_meta_enable_content_width":"","neve_meta_content_width":0,"neve_meta_title_alignment":"","neve_meta_author_avatar":"","neve_post_elements_order":"","neve_meta_disable_header":"","neve_meta_disable_footer":"","neve_meta_disable_title":"","footnotes":""},"categories":[4],"tags":[],"class_list":["post-5213","post","type-post","status-publish","format-standard","hentry","category-noticias"],"yoast_head":"<!-- This site is optimized with the Yoast SEO plugin v23.4 - https:\/\/yoast.com\/wordpress\/plugins\/seo\/ -->\n<title>Shemar Wilson baja por lesi\u00f3n en UEMC Real Valladolid Baloncesto - gijonbasket<\/title>\n<meta name=\"robots\" content=\"index, follow, max-snippet:-1, max-image-preview:large, max-video-preview:-1\" \/>\n<link rel=\"canonical\" href=\"https:\/\/gijonbasket.com\/en\/2024\/10\/27\/shamar-wilson-baja-por-lesion-en-uemc-real-valladolid-baloncesto\/\" \/>\n<meta property=\"og:locale\" content=\"en_US\" \/>\n<meta property=\"og:type\" content=\"article\" \/>\n<meta property=\"og:title\" content=\"Shemar Wilson baja por lesi\u00f3n en UEMC Real Valladolid Baloncesto - gijonbasket\" \/>\n<meta property=\"og:description\" content=\"Las lesiones se acumulan para el UEMC Real Valladolid Baloncesto. A las bajas de Mike Torres y Vasilije Vucetic se uni\u00f3 la de Shemar Wilson. P\u00edvot estadounidense de 23 a\u00f1os y 2.05 m. Shemar Wilson en su primera temporada con el UEMC Real Valladolid Baloncesto, sufre un esguince de grado II en el ligamento lateral&hellip;&nbsp;Read More &raquo;Shemar Wilson baja por lesi\u00f3n en UEMC Real Valladolid Baloncesto\" \/>\n<meta property=\"og:url\" content=\"https:\/\/gijonbasket.com\/en\/2024\/10\/27\/shamar-wilson-baja-por-lesion-en-uemc-real-valladolid-baloncesto\/\" \/>\n<meta property=\"og:site_name\" content=\"gijonbasket\" \/>\n<meta property=\"article:published_time\" content=\"2024-10-27T08:09:28+00:00\" \/>\n<meta property=\"article:modified_time\" content=\"2024-10-30T15:15:37+00:00\" \/>\n<meta name=\"author\" content=\"Cesar Morales\" \/>\n<meta name=\"twitter:card\" content=\"summary_large_image\" \/>\n<meta name=\"twitter:label1\" content=\"Written by\" \/>\n\t<meta name=\"twitter:data1\" content=\"Cesar Morales\" \/>\n\t<meta name=\"twitter:label2\" content=\"Est. reading time\" \/>\n\t<meta name=\"twitter:data2\" content=\"1 minute\" \/>\n<script type=\"application\/ld+json\" class=\"yoast-schema-graph\">{\"@context\":\"https:\/\/schema.org\",\"@graph\":[{\"@type\":\"Article\",\"@id\":\"https:\/\/gijonbasket.com\/2024\/10\/27\/shamar-wilson-baja-por-lesion-en-uemc-real-valladolid-baloncesto\/#article\",\"isPartOf\":{\"@id\":\"https:\/\/gijonbasket.com\/2024\/10\/27\/shamar-wilson-baja-por-lesion-en-uemc-real-valladolid-baloncesto\/\"},\"author\":{\"name\":\"Cesar Morales\",\"@id\":\"https:\/\/gijonbasket.com\/#\/schema\/person\/91af9ff03e8eab582ccc344b715907c0\"},\"headline\":\"Shemar Wilson baja por lesi\u00f3n en UEMC Real Valladolid Baloncesto\",\"datePublished\":\"2024-10-27T08:09:28+00:00\",\"dateModified\":\"2024-10-30T15:15:37+00:00\",\"mainEntityOfPage\":{\"@id\":\"https:\/\/gijonbasket.com\/2024\/10\/27\/shamar-wilson-baja-por-lesion-en-uemc-real-valladolid-baloncesto\/\"},\"wordCount\":101,\"commentCount\":0,\"publisher\":{\"@id\":\"https:\/\/gijonbasket.com\/#organization\"},\"articleSection\":[\"noticias\"],\"inLanguage\":\"en-US\",\"potentialAction\":[{\"@type\":\"CommentAction\",\"name\":\"Comment\",\"target\":[\"https:\/\/gijonbasket.com\/2024\/10\/27\/shamar-wilson-baja-por-lesion-en-uemc-real-valladolid-baloncesto\/#respond\"]}]},{\"@type\":\"WebPage\",\"@id\":\"https:\/\/gijonbasket.com\/2024\/10\/27\/shamar-wilson-baja-por-lesion-en-uemc-real-valladolid-baloncesto\/\",\"url\":\"https:\/\/gijonbasket.com\/2024\/10\/27\/shamar-wilson-baja-por-lesion-en-uemc-real-valladolid-baloncesto\/\",\"name\":\"Shemar Wilson baja por lesi\u00f3n en UEMC Real Valladolid Baloncesto - gijonbasket\",\"isPartOf\":{\"@id\":\"https:\/\/gijonbasket.com\/#website\"},\"datePublished\":\"2024-10-27T08:09:28+00:00\",\"dateModified\":\"2024-10-30T15:15:37+00:00\",\"breadcrumb\":{\"@id\":\"https:\/\/gijonbasket.com\/2024\/10\/27\/shamar-wilson-baja-por-lesion-en-uemc-real-valladolid-baloncesto\/#breadcrumb\"},\"inLanguage\":\"en-US\",\"potentialAction\":[{\"@type\":\"ReadAction\",\"target\":[\"https:\/\/gijonbasket.com\/2024\/10\/27\/shamar-wilson-baja-por-lesion-en-uemc-real-valladolid-baloncesto\/\"]}]},{\"@type\":\"BreadcrumbList\",\"@id\":\"https:\/\/gijonbasket.com\/2024\/10\/27\/shamar-wilson-baja-por-lesion-en-uemc-real-valladolid-baloncesto\/#breadcrumb\",\"itemListElement\":[{\"@type\":\"ListItem\",\"position\":1,\"name\":\"Portada\",\"item\":\"https:\/\/gijonbasket.com\/\"},{\"@type\":\"ListItem\",\"position\":2,\"name\":\"Shemar Wilson baja por lesi\u00f3n en UEMC Real Valladolid Baloncesto\"}]},{\"@type\":\"WebSite\",\"@id\":\"https:\/\/gijonbasket.com\/#website\",\"url\":\"https:\/\/gijonbasket.com\/\",\"name\":\"gijonbasket\",\"description\":\"\",\"publisher\":{\"@id\":\"https:\/\/gijonbasket.com\/#organization\"},\"potentialAction\":[{\"@type\":\"SearchAction\",\"target\":{\"@type\":\"EntryPoint\",\"urlTemplate\":\"https:\/\/gijonbasket.com\/?s={search_term_string}\"},\"query-input\":{\"@type\":\"PropertyValueSpecification\",\"valueRequired\":true,\"valueName\":\"search_term_string\"}}],\"inLanguage\":\"en-US\"},{\"@type\":\"Organization\",\"@id\":\"https:\/\/gijonbasket.com\/#organization\",\"name\":\"gijonbasket\",\"url\":\"https:\/\/gijonbasket.com\/\",\"logo\":{\"@type\":\"ImageObject\",\"inLanguage\":\"en-US\",\"@id\":\"https:\/\/gijonbasket.com\/#\/schema\/logo\/image\/\",\"url\":\"https:\/\/gijonbasket.com\/wp-content\/uploads\/2023\/03\/LogoGijonBasket2.jpg\",\"contentUrl\":\"https:\/\/gijonbasket.com\/wp-content\/uploads\/2023\/03\/LogoGijonBasket2.jpg\",\"width\":2000,\"height\":550,\"caption\":\"gijonbasket\"},\"image\":{\"@id\":\"https:\/\/gijonbasket.com\/#\/schema\/logo\/image\/\"}},{\"@type\":\"Person\",\"@id\":\"https:\/\/gijonbasket.com\/#\/schema\/person\/91af9ff03e8eab582ccc344b715907c0\",\"name\":\"Cesar Morales\",\"image\":{\"@type\":\"ImageObject\",\"inLanguage\":\"en-US\",\"@id\":\"https:\/\/gijonbasket.com\/#\/schema\/person\/image\/\",\"url\":\"https:\/\/secure.gravatar.com\/avatar\/ab9ddf1e87f7580cae3deefb05a58c5cf4f0c7f96f033fd7dacc23f0e8d149ca?s=96&d=mm&r=g\",\"contentUrl\":\"https:\/\/secure.gravatar.com\/avatar\/ab9ddf1e87f7580cae3deefb05a58c5cf4f0c7f96f033fd7dacc23f0e8d149ca?s=96&d=mm&r=g\",\"caption\":\"Cesar Morales\"},\"url\":\"https:\/\/gijonbasket.com\/en\/author\/cesar\/\"}]}<\/script>\n<!-- \/ Yoast SEO plugin. -->","yoast_head_json":{"title":"Shemar Wilson baja por lesi\u00f3n en UEMC Real Valladolid Baloncesto - gijonbasket","robots":{"index":"index","follow":"follow","max-snippet":"max-snippet:-1","max-image-preview":"max-image-preview:large","max-video-preview":"max-video-preview:-1"},"canonical":"https:\/\/gijonbasket.com\/en\/2024\/10\/27\/shamar-wilson-baja-por-lesion-en-uemc-real-valladolid-baloncesto\/","og_locale":"en_US","og_type":"article","og_title":"Shemar Wilson baja por lesi\u00f3n en UEMC Real Valladolid Baloncesto - gijonbasket","og_description":"Las lesiones se acumulan para el UEMC Real Valladolid Baloncesto. A las bajas de Mike Torres y Vasilije Vucetic se uni\u00f3 la de Shemar Wilson. P\u00edvot estadounidense de 23 a\u00f1os y 2.05 m. Shemar Wilson en su primera temporada con el UEMC Real Valladolid Baloncesto, sufre un esguince de grado II en el ligamento lateral&hellip;&nbsp;Read More &raquo;Shemar Wilson baja por lesi\u00f3n en UEMC Real Valladolid Baloncesto","og_url":"https:\/\/gijonbasket.com\/en\/2024\/10\/27\/shamar-wilson-baja-por-lesion-en-uemc-real-valladolid-baloncesto\/","og_site_name":"gijonbasket","article_published_time":"2024-10-27T08:09:28+00:00","article_modified_time":"2024-10-30T15:15:37+00:00","author":"Cesar Morales","twitter_card":"summary_large_image","twitter_misc":{"Written by":"Cesar Morales","Est. reading time":"1 minute"},"schema":{"@context":"https:\/\/schema.org","@graph":[{"@type":"Article","@id":"https:\/\/gijonbasket.com\/2024\/10\/27\/shamar-wilson-baja-por-lesion-en-uemc-real-valladolid-baloncesto\/#article","isPartOf":{"@id":"https:\/\/gijonbasket.com\/2024\/10\/27\/shamar-wilson-baja-por-lesion-en-uemc-real-valladolid-baloncesto\/"},"author":{"name":"Cesar Morales","@id":"https:\/\/gijonbasket.com\/#\/schema\/person\/91af9ff03e8eab582ccc344b715907c0"},"headline":"Shemar Wilson baja por lesi\u00f3n en UEMC Real Valladolid Baloncesto","datePublished":"2024-10-27T08:09:28+00:00","dateModified":"2024-10-30T15:15:37+00:00","mainEntityOfPage":{"@id":"https:\/\/gijonbasket.com\/2024\/10\/27\/shamar-wilson-baja-por-lesion-en-uemc-real-valladolid-baloncesto\/"},"wordCount":101,"commentCount":0,"publisher":{"@id":"https:\/\/gijonbasket.com\/#organization"},"articleSection":["noticias"],"inLanguage":"en-US","potentialAction":[{"@type":"CommentAction","name":"Comment","target":["https:\/\/gijonbasket.com\/2024\/10\/27\/shamar-wilson-baja-por-lesion-en-uemc-real-valladolid-baloncesto\/#respond"]}]},{"@type":"WebPage","@id":"https:\/\/gijonbasket.com\/2024\/10\/27\/shamar-wilson-baja-por-lesion-en-uemc-real-valladolid-baloncesto\/","url":"https:\/\/gijonbasket.com\/2024\/10\/27\/shamar-wilson-baja-por-lesion-en-uemc-real-valladolid-baloncesto\/","name":"Shemar Wilson baja por lesi\u00f3n en UEMC Real Valladolid Baloncesto - gijonbasket","isPartOf":{"@id":"https:\/\/gijonbasket.com\/#website"},"datePublished":"2024-10-27T08:09:28+00:00","dateModified":"2024-10-30T15:15:37+00:00","breadcrumb":{"@id":"https:\/\/gijonbasket.com\/2024\/10\/27\/shamar-wilson-baja-por-lesion-en-uemc-real-valladolid-baloncesto\/#breadcrumb"},"inLanguage":"en-US","potentialAction":[{"@type":"ReadAction","target":["https:\/\/gijonbasket.com\/2024\/10\/27\/shamar-wilson-baja-por-lesion-en-uemc-real-valladolid-baloncesto\/"]}]},{"@type":"BreadcrumbList","@id":"https:\/\/gijonbasket.com\/2024\/10\/27\/shamar-wilson-baja-por-lesion-en-uemc-real-valladolid-baloncesto\/#breadcrumb","itemListElement":[{"@type":"ListItem","position":1,"name":"Portada","item":"https:\/\/gijonbasket.com\/"},{"@type":"ListItem","position":2,"name":"Shemar Wilson baja por lesi\u00f3n en UEMC Real Valladolid Baloncesto"}]},{"@type":"WebSite","@id":"https:\/\/gijonbasket.com\/#website","url":"https:\/\/gijonbasket.com\/","name":"gijonbasket","description":"","publisher":{"@id":"https:\/\/gijonbasket.com\/#organization"},"potentialAction":[{"@type":"SearchAction","target":{"@type":"EntryPoint","urlTemplate":"https:\/\/gijonbasket.com\/?s={search_term_string}"},"query-input":{"@type":"PropertyValueSpecification","valueRequired":true,"valueName":"search_term_string"}}],"inLanguage":"en-US"},{"@type":"Organization","@id":"https:\/\/gijonbasket.com\/#organization","name":"gijonbasket","url":"https:\/\/gijonbasket.com\/","logo":{"@type":"ImageObject","inLanguage":"en-US","@id":"https:\/\/gijonbasket.com\/#\/schema\/logo\/image\/","url":"https:\/\/gijonbasket.com\/wp-content\/uploads\/2023\/03\/LogoGijonBasket2.jpg","contentUrl":"https:\/\/gijonbasket.com\/wp-content\/uploads\/2023\/03\/LogoGijonBasket2.jpg","width":2000,"height":550,"caption":"gijonbasket"},"image":{"@id":"https:\/\/gijonbasket.com\/#\/schema\/logo\/image\/"}},{"@type":"Person","@id":"https:\/\/gijonbasket.com\/#\/schema\/person\/91af9ff03e8eab582ccc344b715907c0","name":"Cesar Morales","image":{"@type":"ImageObject","inLanguage":"en-US","@id":"https:\/\/gijonbasket.com\/#\/schema\/person\/image\/","url":"https:\/\/secure.gravatar.com\/avatar\/ab9ddf1e87f7580cae3deefb05a58c5cf4f0c7f96f033fd7dacc23f0e8d149ca?s=96&d=mm&r=g","contentUrl":"https:\/\/secure.gravatar.com\/avatar\/ab9ddf1e87f7580cae3deefb05a58c5cf4f0c7f96f033fd7dacc23f0e8d149ca?s=96&d=mm&r=g","caption":"Cesar Morales"},"url":"https:\/\/gijonbasket.com\/en\/author\/cesar\/"}]}},"_links":{"self":[{"href":"https:\/\/gijonbasket.com\/en\/wp-json\/wp\/v2\/posts\/5213","targetHints":{"allow":["GET"]}}],"collection":[{"href":"https:\/\/gijonbasket.com\/en\/wp-json\/wp\/v2\/posts"}],"about":[{"href":"https:\/\/gijonbasket.com\/en\/wp-json\/wp\/v2\/types\/post"}],"author":[{"embeddable":true,"href":"https:\/\/gijonbasket.com\/en\/wp-json\/wp\/v2\/users\/2"}],"replies":[{"embeddable":true,"href":"https:\/\/gijonbasket.com\/en\/wp-json\/wp\/v2\/comments?post=5213"}],"version-history":[{"count":2,"href":"https:\/\/gijonbasket.com\/en\/wp-json\/wp\/v2\/posts\/5213\/revisions"}],"predecessor-version":[{"id":5246,"href":"https:\/\/gijonbasket.com\/en\/wp-json\/wp\/v2\/posts\/5213\/revisions\/5246"}],"wp:attachment":[{"href":"https:\/\/gijonbasket.com\/en\/wp-json\/wp\/v2\/media?parent=5213"}],"wp:term":[{"taxonomy":"category","embeddable":true,"href":"https:\/\/gijonbasket.com\/en\/wp-json\/wp\/v2\/categories?post=5213"},{"taxonomy":"post_tag","embeddable":true,"href":"https:\/\/gijonbasket.com\/en\/wp-json\/wp\/v2\/tags?post=5213"}],"curies":[{"name":"wp","href":"https:\/\/api.w.org\/{rel}","templated":true}]}}