{"id":5215,"date":"2024-10-27T10:00:15","date_gmt":"2024-10-27T09:00:15","guid":{"rendered":"https:\/\/gijonbasket.com\/?p=5215"},"modified":"2024-10-27T10:35:13","modified_gmt":"2024-10-27T09:35:13","slug":"obradoiro-ames-circulo-gijon-noega-baloncesto-previa-declaraciones-de-nacho-galan-el-efecto-del-cambio-de-hora","status":"publish","type":"post","link":"https:\/\/gijonbasket.com\/en\/2024\/10\/27\/obradoiro-ames-circulo-gijon-noega-baloncesto-previa-declaraciones-de-nacho-galan-el-efecto-del-cambio-de-hora\/","title":{"rendered":"Obradoiro Ames \u2013 C\u00edrculo Gij\u00f3n Noega Baloncesto. Previa. Declaraciones de Nacho Gal\u00e1n. El efecto del cambio de hora."},"content":{"rendered":"<p>El C\u00edrculo Gij\u00f3n Noega Baloncesto visita la cancha del Obradoiro Ames a partir de las 17:00, encuentro correspondiente a la Jornada 3 en Tercera FEB.<\/p>\n\n\n\n<p>A continuaci\u00f3n destacamos las principales declaraciones de Nacho Gal\u00e1n, t\u00e9cnico del C\u00edrculo Gij\u00f3n Noega Baloncesto, para el encuentro ante el Obradoiro Ames.<\/p>\n\n\n\n<p>\u00bb Este domingo nos enfrentamos al Obradoiro. Un partido complicado por muchas causas.\u00bb<\/p>\n\n\n\n<p>\u00bb Es un partido tambi\u00e9n un poco extra\u00f1o, porque jugamos a las 17:00 de la tarde. Jugamos el d\u00eda despu\u00e9s del cambio de hora, tenemos alguna dificultad para establecer bien cu\u00e1l es la hora de comer. No es un partido normal por lo tanto todas las alarmas encendidas.\u00bb<\/p>\n\n\n\n<p>\u00bb Confiamos en traernos una victoria de Santiago, que ser\u00eda muy importante , porque es un campo donde no va a ganar todo el mundo.\u00bb<\/p>\n\n\n\n<p>\u00bb Esta semana ha sido un poco complicada tambi\u00e9n el aspecto de lesiones. El partido del s\u00e1bado con dos pr\u00f3rrogas, nos pas\u00f3 factura, tenemos varios jugadores tocados. Alguno de ellos no ha podido entrenar durante la semana como fue el caso de Samu Barros y Miki Botas.\u00bb<\/p>\n\n\n\n<p>\u00bb Tenemos una plantilla corta.\u00bb<\/p>\n\n\n\n<p>\u00bb Dif\u00edcil campo del Obradoiro.\u00bb<\/p>\n\n\n\n<p>El an\u00e1lisis de las declaraciones de Nacho Gal\u00e1n, en primer lugar, el t\u00e9cnico gijon\u00e9s vuelve a caer en el error de no saber a que equipo se enfrenta porque su rival es el Obradoiro Ames no el Obradoiro a secas, porque puede llevar a confusi\u00f3n con el Monbus Obradoiro de Primera FEB. Adem\u00e1s el encuentro se disputa en la localidad gallega de Ames, en el Polideportivo Milladoiro, y no en Santiago de Compostela.<\/p>\n\n\n\n<p>Vuelve a caer en el papel victimista, agarr\u00e1ndose en esta ocasi\u00f3n, al Clavo Ardiendo del efecto del cambio de hora e incluso de la hora de inicio de partido (17:00).<\/p>","protected":false},"excerpt":{"rendered":"<p>El C\u00edrculo Gij\u00f3n Noega Baloncesto visita la cancha del Obradoiro Ames a partir de las 17:00, encuentro correspondiente a la Jornada 3 en Tercera FEB. A continuaci\u00f3n destacamos las principales declaraciones de Nacho Gal\u00e1n, t\u00e9cnico del C\u00edrculo Gij\u00f3n Noega Baloncesto, para el encuentro ante el Obradoiro Ames. \u00bb Este domingo nos enfrentamos al Obradoiro. Un&hellip;&nbsp;<a href=\"https:\/\/gijonbasket.com\/en\/2024\/10\/27\/obradoiro-ames-circulo-gijon-noega-baloncesto-previa-declaraciones-de-nacho-galan-el-efecto-del-cambio-de-hora\/\" class=\"\" rel=\"bookmark\">Read More &raquo;<span class=\"screen-reader-text\">Obradoiro Ames \u2013 C\u00edrculo Gij\u00f3n Noega Baloncesto. Previa. Declaraciones de Nacho Gal\u00e1n. El efecto del cambio de hora.<\/span><\/a><\/p>","protected":false},"author":2,"featured_media":0,"comment_status":"open","ping_status":"open","sticky":false,"template":"","format":"standard","meta":{"neve_meta_sidebar":"","neve_meta_container":"","neve_meta_enable_content_width":"","neve_meta_content_width":0,"neve_meta_title_alignment":"","neve_meta_author_avatar":"","neve_post_elements_order":"","neve_meta_disable_header":"","neve_meta_disable_footer":"","neve_meta_disable_title":"","footnotes":""},"categories":[4],"tags":[],"class_list":["post-5215","post","type-post","status-publish","format-standard","hentry","category-noticias"],"yoast_head":"<!-- This site is optimized with the Yoast SEO plugin v23.4 - https:\/\/yoast.com\/wordpress\/plugins\/seo\/ -->\n<title>Obradoiro Ames \u2013 C\u00edrculo Gij\u00f3n Noega Baloncesto. Previa. Declaraciones de Nacho Gal\u00e1n. El efecto del cambio de hora. - gijonbasket<\/title>\n<meta name=\"robots\" content=\"index, follow, max-snippet:-1, max-image-preview:large, max-video-preview:-1\" \/>\n<link rel=\"canonical\" href=\"https:\/\/gijonbasket.com\/en\/2024\/10\/27\/obradoiro-ames-circulo-gijon-noega-baloncesto-previa-declaraciones-de-nacho-galan-el-efecto-del-cambio-de-hora\/\" \/>\n<meta property=\"og:locale\" content=\"en_US\" \/>\n<meta property=\"og:type\" content=\"article\" \/>\n<meta property=\"og:title\" content=\"Obradoiro Ames \u2013 C\u00edrculo Gij\u00f3n Noega Baloncesto. Previa. Declaraciones de Nacho Gal\u00e1n. El efecto del cambio de hora. - gijonbasket\" \/>\n<meta property=\"og:description\" content=\"El C\u00edrculo Gij\u00f3n Noega Baloncesto visita la cancha del Obradoiro Ames a partir de las 17:00, encuentro correspondiente a la Jornada 3 en Tercera FEB. A continuaci\u00f3n destacamos las principales declaraciones de Nacho Gal\u00e1n, t\u00e9cnico del C\u00edrculo Gij\u00f3n Noega Baloncesto, para el encuentro ante el Obradoiro Ames. \u00bb Este domingo nos enfrentamos al Obradoiro. Un&hellip;&nbsp;Read More &raquo;Obradoiro Ames \u2013 C\u00edrculo Gij\u00f3n Noega Baloncesto. Previa. Declaraciones de Nacho Gal\u00e1n. El efecto del cambio de hora.\" \/>\n<meta property=\"og:url\" content=\"https:\/\/gijonbasket.com\/en\/2024\/10\/27\/obradoiro-ames-circulo-gijon-noega-baloncesto-previa-declaraciones-de-nacho-galan-el-efecto-del-cambio-de-hora\/\" \/>\n<meta property=\"og:site_name\" content=\"gijonbasket\" \/>\n<meta property=\"article:published_time\" content=\"2024-10-27T09:00:15+00:00\" \/>\n<meta property=\"article:modified_time\" content=\"2024-10-27T09:35:13+00:00\" \/>\n<meta name=\"author\" content=\"Cesar Morales\" \/>\n<meta name=\"twitter:card\" content=\"summary_large_image\" \/>\n<meta name=\"twitter:label1\" content=\"Written by\" \/>\n\t<meta name=\"twitter:data1\" content=\"Cesar Morales\" \/>\n\t<meta name=\"twitter:label2\" content=\"Est. reading time\" \/>\n\t<meta name=\"twitter:data2\" content=\"2 minutes\" \/>\n<script type=\"application\/ld+json\" class=\"yoast-schema-graph\">{\"@context\":\"https:\/\/schema.org\",\"@graph\":[{\"@type\":\"Article\",\"@id\":\"https:\/\/gijonbasket.com\/2024\/10\/27\/obradoiro-ames-circulo-gijon-noega-baloncesto-previa-declaraciones-de-nacho-galan-el-efecto-del-cambio-de-hora\/#article\",\"isPartOf\":{\"@id\":\"https:\/\/gijonbasket.com\/2024\/10\/27\/obradoiro-ames-circulo-gijon-noega-baloncesto-previa-declaraciones-de-nacho-galan-el-efecto-del-cambio-de-hora\/\"},\"author\":{\"name\":\"Cesar Morales\",\"@id\":\"https:\/\/gijonbasket.com\/#\/schema\/person\/91af9ff03e8eab582ccc344b715907c0\"},\"headline\":\"Obradoiro Ames \u2013 C\u00edrculo Gij\u00f3n Noega Baloncesto. Previa. Declaraciones de Nacho Gal\u00e1n. El efecto del cambio de hora.\",\"datePublished\":\"2024-10-27T09:00:15+00:00\",\"dateModified\":\"2024-10-27T09:35:13+00:00\",\"mainEntityOfPage\":{\"@id\":\"https:\/\/gijonbasket.com\/2024\/10\/27\/obradoiro-ames-circulo-gijon-noega-baloncesto-previa-declaraciones-de-nacho-galan-el-efecto-del-cambio-de-hora\/\"},\"wordCount\":327,\"commentCount\":0,\"publisher\":{\"@id\":\"https:\/\/gijonbasket.com\/#organization\"},\"articleSection\":[\"noticias\"],\"inLanguage\":\"en-US\",\"potentialAction\":[{\"@type\":\"CommentAction\",\"name\":\"Comment\",\"target\":[\"https:\/\/gijonbasket.com\/2024\/10\/27\/obradoiro-ames-circulo-gijon-noega-baloncesto-previa-declaraciones-de-nacho-galan-el-efecto-del-cambio-de-hora\/#respond\"]}]},{\"@type\":\"WebPage\",\"@id\":\"https:\/\/gijonbasket.com\/2024\/10\/27\/obradoiro-ames-circulo-gijon-noega-baloncesto-previa-declaraciones-de-nacho-galan-el-efecto-del-cambio-de-hora\/\",\"url\":\"https:\/\/gijonbasket.com\/2024\/10\/27\/obradoiro-ames-circulo-gijon-noega-baloncesto-previa-declaraciones-de-nacho-galan-el-efecto-del-cambio-de-hora\/\",\"name\":\"Obradoiro Ames \u2013 C\u00edrculo Gij\u00f3n Noega Baloncesto. Previa. Declaraciones de Nacho Gal\u00e1n. El efecto del cambio de hora. - gijonbasket\",\"isPartOf\":{\"@id\":\"https:\/\/gijonbasket.com\/#website\"},\"datePublished\":\"2024-10-27T09:00:15+00:00\",\"dateModified\":\"2024-10-27T09:35:13+00:00\",\"breadcrumb\":{\"@id\":\"https:\/\/gijonbasket.com\/2024\/10\/27\/obradoiro-ames-circulo-gijon-noega-baloncesto-previa-declaraciones-de-nacho-galan-el-efecto-del-cambio-de-hora\/#breadcrumb\"},\"inLanguage\":\"en-US\",\"potentialAction\":[{\"@type\":\"ReadAction\",\"target\":[\"https:\/\/gijonbasket.com\/2024\/10\/27\/obradoiro-ames-circulo-gijon-noega-baloncesto-previa-declaraciones-de-nacho-galan-el-efecto-del-cambio-de-hora\/\"]}]},{\"@type\":\"BreadcrumbList\",\"@id\":\"https:\/\/gijonbasket.com\/2024\/10\/27\/obradoiro-ames-circulo-gijon-noega-baloncesto-previa-declaraciones-de-nacho-galan-el-efecto-del-cambio-de-hora\/#breadcrumb\",\"itemListElement\":[{\"@type\":\"ListItem\",\"position\":1,\"name\":\"Portada\",\"item\":\"https:\/\/gijonbasket.com\/\"},{\"@type\":\"ListItem\",\"position\":2,\"name\":\"Obradoiro Ames \u2013 C\u00edrculo Gij\u00f3n Noega Baloncesto. Previa. Declaraciones de Nacho Gal\u00e1n. El efecto del cambio de hora.\"}]},{\"@type\":\"WebSite\",\"@id\":\"https:\/\/gijonbasket.com\/#website\",\"url\":\"https:\/\/gijonbasket.com\/\",\"name\":\"gijonbasket\",\"description\":\"\",\"publisher\":{\"@id\":\"https:\/\/gijonbasket.com\/#organization\"},\"potentialAction\":[{\"@type\":\"SearchAction\",\"target\":{\"@type\":\"EntryPoint\",\"urlTemplate\":\"https:\/\/gijonbasket.com\/?s={search_term_string}\"},\"query-input\":{\"@type\":\"PropertyValueSpecification\",\"valueRequired\":true,\"valueName\":\"search_term_string\"}}],\"inLanguage\":\"en-US\"},{\"@type\":\"Organization\",\"@id\":\"https:\/\/gijonbasket.com\/#organization\",\"name\":\"gijonbasket\",\"url\":\"https:\/\/gijonbasket.com\/\",\"logo\":{\"@type\":\"ImageObject\",\"inLanguage\":\"en-US\",\"@id\":\"https:\/\/gijonbasket.com\/#\/schema\/logo\/image\/\",\"url\":\"https:\/\/gijonbasket.com\/wp-content\/uploads\/2023\/03\/LogoGijonBasket2.jpg\",\"contentUrl\":\"https:\/\/gijonbasket.com\/wp-content\/uploads\/2023\/03\/LogoGijonBasket2.jpg\",\"width\":2000,\"height\":550,\"caption\":\"gijonbasket\"},\"image\":{\"@id\":\"https:\/\/gijonbasket.com\/#\/schema\/logo\/image\/\"}},{\"@type\":\"Person\",\"@id\":\"https:\/\/gijonbasket.com\/#\/schema\/person\/91af9ff03e8eab582ccc344b715907c0\",\"name\":\"Cesar Morales\",\"image\":{\"@type\":\"ImageObject\",\"inLanguage\":\"en-US\",\"@id\":\"https:\/\/gijonbasket.com\/#\/schema\/person\/image\/\",\"url\":\"https:\/\/secure.gravatar.com\/avatar\/ab9ddf1e87f7580cae3deefb05a58c5cf4f0c7f96f033fd7dacc23f0e8d149ca?s=96&d=mm&r=g\",\"contentUrl\":\"https:\/\/secure.gravatar.com\/avatar\/ab9ddf1e87f7580cae3deefb05a58c5cf4f0c7f96f033fd7dacc23f0e8d149ca?s=96&d=mm&r=g\",\"caption\":\"Cesar Morales\"},\"url\":\"https:\/\/gijonbasket.com\/en\/author\/cesar\/\"}]}<\/script>\n<!-- \/ Yoast SEO plugin. -->","yoast_head_json":{"title":"Obradoiro Ames \u2013 C\u00edrculo Gij\u00f3n Noega Baloncesto. Previa. Declaraciones de Nacho Gal\u00e1n. El efecto del cambio de hora. - gijonbasket","robots":{"index":"index","follow":"follow","max-snippet":"max-snippet:-1","max-image-preview":"max-image-preview:large","max-video-preview":"max-video-preview:-1"},"canonical":"https:\/\/gijonbasket.com\/en\/2024\/10\/27\/obradoiro-ames-circulo-gijon-noega-baloncesto-previa-declaraciones-de-nacho-galan-el-efecto-del-cambio-de-hora\/","og_locale":"en_US","og_type":"article","og_title":"Obradoiro Ames \u2013 C\u00edrculo Gij\u00f3n Noega Baloncesto. Previa. Declaraciones de Nacho Gal\u00e1n. El efecto del cambio de hora. - gijonbasket","og_description":"El C\u00edrculo Gij\u00f3n Noega Baloncesto visita la cancha del Obradoiro Ames a partir de las 17:00, encuentro correspondiente a la Jornada 3 en Tercera FEB. A continuaci\u00f3n destacamos las principales declaraciones de Nacho Gal\u00e1n, t\u00e9cnico del C\u00edrculo Gij\u00f3n Noega Baloncesto, para el encuentro ante el Obradoiro Ames. \u00bb Este domingo nos enfrentamos al Obradoiro. Un&hellip;&nbsp;Read More &raquo;Obradoiro Ames \u2013 C\u00edrculo Gij\u00f3n Noega Baloncesto. Previa. Declaraciones de Nacho Gal\u00e1n. El efecto del cambio de hora.","og_url":"https:\/\/gijonbasket.com\/en\/2024\/10\/27\/obradoiro-ames-circulo-gijon-noega-baloncesto-previa-declaraciones-de-nacho-galan-el-efecto-del-cambio-de-hora\/","og_site_name":"gijonbasket","article_published_time":"2024-10-27T09:00:15+00:00","article_modified_time":"2024-10-27T09:35:13+00:00","author":"Cesar Morales","twitter_card":"summary_large_image","twitter_misc":{"Written by":"Cesar Morales","Est. reading time":"2 minutes"},"schema":{"@context":"https:\/\/schema.org","@graph":[{"@type":"Article","@id":"https:\/\/gijonbasket.com\/2024\/10\/27\/obradoiro-ames-circulo-gijon-noega-baloncesto-previa-declaraciones-de-nacho-galan-el-efecto-del-cambio-de-hora\/#article","isPartOf":{"@id":"https:\/\/gijonbasket.com\/2024\/10\/27\/obradoiro-ames-circulo-gijon-noega-baloncesto-previa-declaraciones-de-nacho-galan-el-efecto-del-cambio-de-hora\/"},"author":{"name":"Cesar Morales","@id":"https:\/\/gijonbasket.com\/#\/schema\/person\/91af9ff03e8eab582ccc344b715907c0"},"headline":"Obradoiro Ames \u2013 C\u00edrculo Gij\u00f3n Noega Baloncesto. Previa. Declaraciones de Nacho Gal\u00e1n. El efecto del cambio de hora.","datePublished":"2024-10-27T09:00:15+00:00","dateModified":"2024-10-27T09:35:13+00:00","mainEntityOfPage":{"@id":"https:\/\/gijonbasket.com\/2024\/10\/27\/obradoiro-ames-circulo-gijon-noega-baloncesto-previa-declaraciones-de-nacho-galan-el-efecto-del-cambio-de-hora\/"},"wordCount":327,"commentCount":0,"publisher":{"@id":"https:\/\/gijonbasket.com\/#organization"},"articleSection":["noticias"],"inLanguage":"en-US","potentialAction":[{"@type":"CommentAction","name":"Comment","target":["https:\/\/gijonbasket.com\/2024\/10\/27\/obradoiro-ames-circulo-gijon-noega-baloncesto-previa-declaraciones-de-nacho-galan-el-efecto-del-cambio-de-hora\/#respond"]}]},{"@type":"WebPage","@id":"https:\/\/gijonbasket.com\/2024\/10\/27\/obradoiro-ames-circulo-gijon-noega-baloncesto-previa-declaraciones-de-nacho-galan-el-efecto-del-cambio-de-hora\/","url":"https:\/\/gijonbasket.com\/2024\/10\/27\/obradoiro-ames-circulo-gijon-noega-baloncesto-previa-declaraciones-de-nacho-galan-el-efecto-del-cambio-de-hora\/","name":"Obradoiro Ames \u2013 C\u00edrculo Gij\u00f3n Noega Baloncesto. Previa. Declaraciones de Nacho Gal\u00e1n. El efecto del cambio de hora. - gijonbasket","isPartOf":{"@id":"https:\/\/gijonbasket.com\/#website"},"datePublished":"2024-10-27T09:00:15+00:00","dateModified":"2024-10-27T09:35:13+00:00","breadcrumb":{"@id":"https:\/\/gijonbasket.com\/2024\/10\/27\/obradoiro-ames-circulo-gijon-noega-baloncesto-previa-declaraciones-de-nacho-galan-el-efecto-del-cambio-de-hora\/#breadcrumb"},"inLanguage":"en-US","potentialAction":[{"@type":"ReadAction","target":["https:\/\/gijonbasket.com\/2024\/10\/27\/obradoiro-ames-circulo-gijon-noega-baloncesto-previa-declaraciones-de-nacho-galan-el-efecto-del-cambio-de-hora\/"]}]},{"@type":"BreadcrumbList","@id":"https:\/\/gijonbasket.com\/2024\/10\/27\/obradoiro-ames-circulo-gijon-noega-baloncesto-previa-declaraciones-de-nacho-galan-el-efecto-del-cambio-de-hora\/#breadcrumb","itemListElement":[{"@type":"ListItem","position":1,"name":"Portada","item":"https:\/\/gijonbasket.com\/"},{"@type":"ListItem","position":2,"name":"Obradoiro Ames \u2013 C\u00edrculo Gij\u00f3n Noega Baloncesto. Previa. Declaraciones de Nacho Gal\u00e1n. El efecto del cambio de hora."}]},{"@type":"WebSite","@id":"https:\/\/gijonbasket.com\/#website","url":"https:\/\/gijonbasket.com\/","name":"gijonbasket","description":"","publisher":{"@id":"https:\/\/gijonbasket.com\/#organization"},"potentialAction":[{"@type":"SearchAction","target":{"@type":"EntryPoint","urlTemplate":"https:\/\/gijonbasket.com\/?s={search_term_string}"},"query-input":{"@type":"PropertyValueSpecification","valueRequired":true,"valueName":"search_term_string"}}],"inLanguage":"en-US"},{"@type":"Organization","@id":"https:\/\/gijonbasket.com\/#organization","name":"gijonbasket","url":"https:\/\/gijonbasket.com\/","logo":{"@type":"ImageObject","inLanguage":"en-US","@id":"https:\/\/gijonbasket.com\/#\/schema\/logo\/image\/","url":"https:\/\/gijonbasket.com\/wp-content\/uploads\/2023\/03\/LogoGijonBasket2.jpg","contentUrl":"https:\/\/gijonbasket.com\/wp-content\/uploads\/2023\/03\/LogoGijonBasket2.jpg","width":2000,"height":550,"caption":"gijonbasket"},"image":{"@id":"https:\/\/gijonbasket.com\/#\/schema\/logo\/image\/"}},{"@type":"Person","@id":"https:\/\/gijonbasket.com\/#\/schema\/person\/91af9ff03e8eab582ccc344b715907c0","name":"Cesar Morales","image":{"@type":"ImageObject","inLanguage":"en-US","@id":"https:\/\/gijonbasket.com\/#\/schema\/person\/image\/","url":"https:\/\/secure.gravatar.com\/avatar\/ab9ddf1e87f7580cae3deefb05a58c5cf4f0c7f96f033fd7dacc23f0e8d149ca?s=96&d=mm&r=g","contentUrl":"https:\/\/secure.gravatar.com\/avatar\/ab9ddf1e87f7580cae3deefb05a58c5cf4f0c7f96f033fd7dacc23f0e8d149ca?s=96&d=mm&r=g","caption":"Cesar Morales"},"url":"https:\/\/gijonbasket.com\/en\/author\/cesar\/"}]}},"_links":{"self":[{"href":"https:\/\/gijonbasket.com\/en\/wp-json\/wp\/v2\/posts\/5215","targetHints":{"allow":["GET"]}}],"collection":[{"href":"https:\/\/gijonbasket.com\/en\/wp-json\/wp\/v2\/posts"}],"about":[{"href":"https:\/\/gijonbasket.com\/en\/wp-json\/wp\/v2\/types\/post"}],"author":[{"embeddable":true,"href":"https:\/\/gijonbasket.com\/en\/wp-json\/wp\/v2\/users\/2"}],"replies":[{"embeddable":true,"href":"https:\/\/gijonbasket.com\/en\/wp-json\/wp\/v2\/comments?post=5215"}],"version-history":[{"count":2,"href":"https:\/\/gijonbasket.com\/en\/wp-json\/wp\/v2\/posts\/5215\/revisions"}],"predecessor-version":[{"id":5217,"href":"https:\/\/gijonbasket.com\/en\/wp-json\/wp\/v2\/posts\/5215\/revisions\/5217"}],"wp:attachment":[{"href":"https:\/\/gijonbasket.com\/en\/wp-json\/wp\/v2\/media?parent=5215"}],"wp:term":[{"taxonomy":"category","embeddable":true,"href":"https:\/\/gijonbasket.com\/en\/wp-json\/wp\/v2\/categories?post=5215"},{"taxonomy":"post_tag","embeddable":true,"href":"https:\/\/gijonbasket.com\/en\/wp-json\/wp\/v2\/tags?post=5215"}],"curies":[{"name":"wp","href":"https:\/\/api.w.org\/{rel}","templated":true}]}}