{"id":5237,"date":"2024-10-29T16:45:07","date_gmt":"2024-10-29T15:45:07","guid":{"rendered":"https:\/\/gijonbasket.com\/?p=5237"},"modified":"2024-10-29T16:45:54","modified_gmt":"2024-10-29T15:45:54","slug":"jerrod-mustaf-1969-2024","status":"publish","type":"post","link":"https:\/\/gijonbasket.com\/en\/2024\/10\/29\/jerrod-mustaf-1969-2024\/","title":{"rendered":"Jerrod Mustaf (1969-2024)"},"content":{"rendered":"<p>El mundo del baloncesto vuelve a te\u00f1irse de luto, tras el fallecimiento en el d\u00eda de ayer, de Jerrod Mustaf a los 55 a\u00f1os y casualidades del destino coincidiendo con el d\u00eda de su cumplea\u00f1os.<\/p>\n\n\n\n<p>Ala-p\u00edvot estadounidense de 2.08 m.<\/p>\n\n\n\n<p>Formado en Maryland University (1988\/1989; 1989\/1990).<\/p>\n\n\n\n<p>Seleccionado en NBA Draft 1990 por los New York Knicks con n\u00ba 17.<\/p>\n\n\n\n<p>4 temporadas NBA militando en New York Knicks (1990\/1991) y Phoenix Suns (1991\/1992; 1992\/1993; 1993\/1994).<\/p>\n\n\n\n<p>Su primera experiencia en Europa fue con el PAOK Sal\u00f3nica (1994\/1995).<\/p>\n\n\n\n<p>Jerrod Mustaf lleg\u00f3 a Espa\u00f1a en la temporada 1995\/1996 para militar en el Festina Andorra  firmando unas estad\u00edsticas de 19.9 ppp; 7.7 rpp. en 7 partidos. Su gran rendimiento en el conjunto andorrano le sirvi\u00f3 de trampol\u00edn al F.C. Barcelona Banca Catalana donde milit\u00f3 durante dos temporadas (1996\/1997; 1997\/1998). Con el conjunto blaugrana Jerrod Mustaf conquist\u00f3 la Liga ACB (1996\/1997) firmando unas estad\u00edsticas de 14.2 ppp; 6.8 rpp (1996\/1997) y 12.1 ppp; 6.3 rpp (1997\/1998).<\/p>\n\n\n\n<p>Finalizada su etapa en Espa\u00f1a, Jerrod Mustaf, jug\u00f3 en Francia con Strasbourg IG y PSG Racing, Polonia con Trefl Sopot para retirarse del mundo del baloncesto en Turqu\u00eda en un fugaz paso por el Altay Izmir (2001).<\/p>\n\n\n\n<p>Desde www.gijonbasket.com, enviamos nuestras condolencias a su familia y a todos los equipos que formaron parte de la carrera profesional de Jerrod Mustaf. D.E.P.<\/p>","protected":false},"excerpt":{"rendered":"<p>El mundo del baloncesto vuelve a te\u00f1irse de luto, tras el fallecimiento en el d\u00eda de ayer, de Jerrod Mustaf a los 55 a\u00f1os y casualidades del destino coincidiendo con el d\u00eda de su cumplea\u00f1os. Ala-p\u00edvot estadounidense de 2.08 m. Formado en Maryland University (1988\/1989; 1989\/1990). Seleccionado en NBA Draft 1990 por los New York&hellip;&nbsp;<a href=\"https:\/\/gijonbasket.com\/en\/2024\/10\/29\/jerrod-mustaf-1969-2024\/\" class=\"\" rel=\"bookmark\">Read More &raquo;<span class=\"screen-reader-text\">Jerrod Mustaf (1969-2024)<\/span><\/a><\/p>","protected":false},"author":2,"featured_media":0,"comment_status":"open","ping_status":"open","sticky":false,"template":"","format":"standard","meta":{"neve_meta_sidebar":"","neve_meta_container":"","neve_meta_enable_content_width":"","neve_meta_content_width":0,"neve_meta_title_alignment":"","neve_meta_author_avatar":"","neve_post_elements_order":"","neve_meta_disable_header":"","neve_meta_disable_footer":"","neve_meta_disable_title":"","footnotes":""},"categories":[4],"tags":[],"class_list":["post-5237","post","type-post","status-publish","format-standard","hentry","category-noticias"],"yoast_head":"<!-- This site is optimized with the Yoast SEO plugin v23.4 - https:\/\/yoast.com\/wordpress\/plugins\/seo\/ -->\n<title>Jerrod Mustaf (1969-2024) - gijonbasket<\/title>\n<meta name=\"robots\" content=\"index, follow, max-snippet:-1, max-image-preview:large, max-video-preview:-1\" \/>\n<link rel=\"canonical\" href=\"https:\/\/gijonbasket.com\/en\/2024\/10\/29\/jerrod-mustaf-1969-2024\/\" \/>\n<meta property=\"og:locale\" content=\"en_US\" \/>\n<meta property=\"og:type\" content=\"article\" \/>\n<meta property=\"og:title\" content=\"Jerrod Mustaf (1969-2024) - gijonbasket\" \/>\n<meta property=\"og:description\" content=\"El mundo del baloncesto vuelve a te\u00f1irse de luto, tras el fallecimiento en el d\u00eda de ayer, de Jerrod Mustaf a los 55 a\u00f1os y casualidades del destino coincidiendo con el d\u00eda de su cumplea\u00f1os. Ala-p\u00edvot estadounidense de 2.08 m. Formado en Maryland University (1988\/1989; 1989\/1990). Seleccionado en NBA Draft 1990 por los New York&hellip;&nbsp;Read More &raquo;Jerrod Mustaf (1969-2024)\" \/>\n<meta property=\"og:url\" content=\"https:\/\/gijonbasket.com\/en\/2024\/10\/29\/jerrod-mustaf-1969-2024\/\" \/>\n<meta property=\"og:site_name\" content=\"gijonbasket\" \/>\n<meta property=\"article:published_time\" content=\"2024-10-29T15:45:07+00:00\" \/>\n<meta property=\"article:modified_time\" content=\"2024-10-29T15:45:54+00:00\" \/>\n<meta name=\"author\" content=\"Cesar Morales\" \/>\n<meta name=\"twitter:card\" content=\"summary_large_image\" \/>\n<meta name=\"twitter:label1\" content=\"Written by\" \/>\n\t<meta name=\"twitter:data1\" content=\"Cesar Morales\" \/>\n\t<meta name=\"twitter:label2\" content=\"Est. reading time\" \/>\n\t<meta name=\"twitter:data2\" content=\"2 minutes\" \/>\n<script type=\"application\/ld+json\" class=\"yoast-schema-graph\">{\"@context\":\"https:\/\/schema.org\",\"@graph\":[{\"@type\":\"Article\",\"@id\":\"https:\/\/gijonbasket.com\/2024\/10\/29\/jerrod-mustaf-1969-2024\/#article\",\"isPartOf\":{\"@id\":\"https:\/\/gijonbasket.com\/2024\/10\/29\/jerrod-mustaf-1969-2024\/\"},\"author\":{\"name\":\"Cesar Morales\",\"@id\":\"https:\/\/gijonbasket.com\/#\/schema\/person\/91af9ff03e8eab582ccc344b715907c0\"},\"headline\":\"Jerrod Mustaf (1969-2024)\",\"datePublished\":\"2024-10-29T15:45:07+00:00\",\"dateModified\":\"2024-10-29T15:45:54+00:00\",\"mainEntityOfPage\":{\"@id\":\"https:\/\/gijonbasket.com\/2024\/10\/29\/jerrod-mustaf-1969-2024\/\"},\"wordCount\":216,\"commentCount\":0,\"publisher\":{\"@id\":\"https:\/\/gijonbasket.com\/#organization\"},\"articleSection\":[\"noticias\"],\"inLanguage\":\"en-US\",\"potentialAction\":[{\"@type\":\"CommentAction\",\"name\":\"Comment\",\"target\":[\"https:\/\/gijonbasket.com\/2024\/10\/29\/jerrod-mustaf-1969-2024\/#respond\"]}]},{\"@type\":\"WebPage\",\"@id\":\"https:\/\/gijonbasket.com\/2024\/10\/29\/jerrod-mustaf-1969-2024\/\",\"url\":\"https:\/\/gijonbasket.com\/2024\/10\/29\/jerrod-mustaf-1969-2024\/\",\"name\":\"Jerrod Mustaf (1969-2024) - gijonbasket\",\"isPartOf\":{\"@id\":\"https:\/\/gijonbasket.com\/#website\"},\"datePublished\":\"2024-10-29T15:45:07+00:00\",\"dateModified\":\"2024-10-29T15:45:54+00:00\",\"breadcrumb\":{\"@id\":\"https:\/\/gijonbasket.com\/2024\/10\/29\/jerrod-mustaf-1969-2024\/#breadcrumb\"},\"inLanguage\":\"en-US\",\"potentialAction\":[{\"@type\":\"ReadAction\",\"target\":[\"https:\/\/gijonbasket.com\/2024\/10\/29\/jerrod-mustaf-1969-2024\/\"]}]},{\"@type\":\"BreadcrumbList\",\"@id\":\"https:\/\/gijonbasket.com\/2024\/10\/29\/jerrod-mustaf-1969-2024\/#breadcrumb\",\"itemListElement\":[{\"@type\":\"ListItem\",\"position\":1,\"name\":\"Portada\",\"item\":\"https:\/\/gijonbasket.com\/\"},{\"@type\":\"ListItem\",\"position\":2,\"name\":\"Jerrod Mustaf (1969-2024)\"}]},{\"@type\":\"WebSite\",\"@id\":\"https:\/\/gijonbasket.com\/#website\",\"url\":\"https:\/\/gijonbasket.com\/\",\"name\":\"gijonbasket\",\"description\":\"\",\"publisher\":{\"@id\":\"https:\/\/gijonbasket.com\/#organization\"},\"potentialAction\":[{\"@type\":\"SearchAction\",\"target\":{\"@type\":\"EntryPoint\",\"urlTemplate\":\"https:\/\/gijonbasket.com\/?s={search_term_string}\"},\"query-input\":{\"@type\":\"PropertyValueSpecification\",\"valueRequired\":true,\"valueName\":\"search_term_string\"}}],\"inLanguage\":\"en-US\"},{\"@type\":\"Organization\",\"@id\":\"https:\/\/gijonbasket.com\/#organization\",\"name\":\"gijonbasket\",\"url\":\"https:\/\/gijonbasket.com\/\",\"logo\":{\"@type\":\"ImageObject\",\"inLanguage\":\"en-US\",\"@id\":\"https:\/\/gijonbasket.com\/#\/schema\/logo\/image\/\",\"url\":\"https:\/\/gijonbasket.com\/wp-content\/uploads\/2023\/03\/LogoGijonBasket2.jpg\",\"contentUrl\":\"https:\/\/gijonbasket.com\/wp-content\/uploads\/2023\/03\/LogoGijonBasket2.jpg\",\"width\":2000,\"height\":550,\"caption\":\"gijonbasket\"},\"image\":{\"@id\":\"https:\/\/gijonbasket.com\/#\/schema\/logo\/image\/\"}},{\"@type\":\"Person\",\"@id\":\"https:\/\/gijonbasket.com\/#\/schema\/person\/91af9ff03e8eab582ccc344b715907c0\",\"name\":\"Cesar Morales\",\"image\":{\"@type\":\"ImageObject\",\"inLanguage\":\"en-US\",\"@id\":\"https:\/\/gijonbasket.com\/#\/schema\/person\/image\/\",\"url\":\"https:\/\/secure.gravatar.com\/avatar\/ab9ddf1e87f7580cae3deefb05a58c5cf4f0c7f96f033fd7dacc23f0e8d149ca?s=96&d=mm&r=g\",\"contentUrl\":\"https:\/\/secure.gravatar.com\/avatar\/ab9ddf1e87f7580cae3deefb05a58c5cf4f0c7f96f033fd7dacc23f0e8d149ca?s=96&d=mm&r=g\",\"caption\":\"Cesar Morales\"},\"url\":\"https:\/\/gijonbasket.com\/en\/author\/cesar\/\"}]}<\/script>\n<!-- \/ Yoast SEO plugin. -->","yoast_head_json":{"title":"Jerrod Mustaf (1969-2024) - gijonbasket","robots":{"index":"index","follow":"follow","max-snippet":"max-snippet:-1","max-image-preview":"max-image-preview:large","max-video-preview":"max-video-preview:-1"},"canonical":"https:\/\/gijonbasket.com\/en\/2024\/10\/29\/jerrod-mustaf-1969-2024\/","og_locale":"en_US","og_type":"article","og_title":"Jerrod Mustaf (1969-2024) - gijonbasket","og_description":"El mundo del baloncesto vuelve a te\u00f1irse de luto, tras el fallecimiento en el d\u00eda de ayer, de Jerrod Mustaf a los 55 a\u00f1os y casualidades del destino coincidiendo con el d\u00eda de su cumplea\u00f1os. Ala-p\u00edvot estadounidense de 2.08 m. Formado en Maryland University (1988\/1989; 1989\/1990). Seleccionado en NBA Draft 1990 por los New York&hellip;&nbsp;Read More &raquo;Jerrod Mustaf (1969-2024)","og_url":"https:\/\/gijonbasket.com\/en\/2024\/10\/29\/jerrod-mustaf-1969-2024\/","og_site_name":"gijonbasket","article_published_time":"2024-10-29T15:45:07+00:00","article_modified_time":"2024-10-29T15:45:54+00:00","author":"Cesar Morales","twitter_card":"summary_large_image","twitter_misc":{"Written by":"Cesar Morales","Est. reading time":"2 minutes"},"schema":{"@context":"https:\/\/schema.org","@graph":[{"@type":"Article","@id":"https:\/\/gijonbasket.com\/2024\/10\/29\/jerrod-mustaf-1969-2024\/#article","isPartOf":{"@id":"https:\/\/gijonbasket.com\/2024\/10\/29\/jerrod-mustaf-1969-2024\/"},"author":{"name":"Cesar Morales","@id":"https:\/\/gijonbasket.com\/#\/schema\/person\/91af9ff03e8eab582ccc344b715907c0"},"headline":"Jerrod Mustaf (1969-2024)","datePublished":"2024-10-29T15:45:07+00:00","dateModified":"2024-10-29T15:45:54+00:00","mainEntityOfPage":{"@id":"https:\/\/gijonbasket.com\/2024\/10\/29\/jerrod-mustaf-1969-2024\/"},"wordCount":216,"commentCount":0,"publisher":{"@id":"https:\/\/gijonbasket.com\/#organization"},"articleSection":["noticias"],"inLanguage":"en-US","potentialAction":[{"@type":"CommentAction","name":"Comment","target":["https:\/\/gijonbasket.com\/2024\/10\/29\/jerrod-mustaf-1969-2024\/#respond"]}]},{"@type":"WebPage","@id":"https:\/\/gijonbasket.com\/2024\/10\/29\/jerrod-mustaf-1969-2024\/","url":"https:\/\/gijonbasket.com\/2024\/10\/29\/jerrod-mustaf-1969-2024\/","name":"Jerrod Mustaf (1969-2024) - gijonbasket","isPartOf":{"@id":"https:\/\/gijonbasket.com\/#website"},"datePublished":"2024-10-29T15:45:07+00:00","dateModified":"2024-10-29T15:45:54+00:00","breadcrumb":{"@id":"https:\/\/gijonbasket.com\/2024\/10\/29\/jerrod-mustaf-1969-2024\/#breadcrumb"},"inLanguage":"en-US","potentialAction":[{"@type":"ReadAction","target":["https:\/\/gijonbasket.com\/2024\/10\/29\/jerrod-mustaf-1969-2024\/"]}]},{"@type":"BreadcrumbList","@id":"https:\/\/gijonbasket.com\/2024\/10\/29\/jerrod-mustaf-1969-2024\/#breadcrumb","itemListElement":[{"@type":"ListItem","position":1,"name":"Portada","item":"https:\/\/gijonbasket.com\/"},{"@type":"ListItem","position":2,"name":"Jerrod Mustaf (1969-2024)"}]},{"@type":"WebSite","@id":"https:\/\/gijonbasket.com\/#website","url":"https:\/\/gijonbasket.com\/","name":"gijonbasket","description":"","publisher":{"@id":"https:\/\/gijonbasket.com\/#organization"},"potentialAction":[{"@type":"SearchAction","target":{"@type":"EntryPoint","urlTemplate":"https:\/\/gijonbasket.com\/?s={search_term_string}"},"query-input":{"@type":"PropertyValueSpecification","valueRequired":true,"valueName":"search_term_string"}}],"inLanguage":"en-US"},{"@type":"Organization","@id":"https:\/\/gijonbasket.com\/#organization","name":"gijonbasket","url":"https:\/\/gijonbasket.com\/","logo":{"@type":"ImageObject","inLanguage":"en-US","@id":"https:\/\/gijonbasket.com\/#\/schema\/logo\/image\/","url":"https:\/\/gijonbasket.com\/wp-content\/uploads\/2023\/03\/LogoGijonBasket2.jpg","contentUrl":"https:\/\/gijonbasket.com\/wp-content\/uploads\/2023\/03\/LogoGijonBasket2.jpg","width":2000,"height":550,"caption":"gijonbasket"},"image":{"@id":"https:\/\/gijonbasket.com\/#\/schema\/logo\/image\/"}},{"@type":"Person","@id":"https:\/\/gijonbasket.com\/#\/schema\/person\/91af9ff03e8eab582ccc344b715907c0","name":"Cesar Morales","image":{"@type":"ImageObject","inLanguage":"en-US","@id":"https:\/\/gijonbasket.com\/#\/schema\/person\/image\/","url":"https:\/\/secure.gravatar.com\/avatar\/ab9ddf1e87f7580cae3deefb05a58c5cf4f0c7f96f033fd7dacc23f0e8d149ca?s=96&d=mm&r=g","contentUrl":"https:\/\/secure.gravatar.com\/avatar\/ab9ddf1e87f7580cae3deefb05a58c5cf4f0c7f96f033fd7dacc23f0e8d149ca?s=96&d=mm&r=g","caption":"Cesar Morales"},"url":"https:\/\/gijonbasket.com\/en\/author\/cesar\/"}]}},"_links":{"self":[{"href":"https:\/\/gijonbasket.com\/en\/wp-json\/wp\/v2\/posts\/5237","targetHints":{"allow":["GET"]}}],"collection":[{"href":"https:\/\/gijonbasket.com\/en\/wp-json\/wp\/v2\/posts"}],"about":[{"href":"https:\/\/gijonbasket.com\/en\/wp-json\/wp\/v2\/types\/post"}],"author":[{"embeddable":true,"href":"https:\/\/gijonbasket.com\/en\/wp-json\/wp\/v2\/users\/2"}],"replies":[{"embeddable":true,"href":"https:\/\/gijonbasket.com\/en\/wp-json\/wp\/v2\/comments?post=5237"}],"version-history":[{"count":2,"href":"https:\/\/gijonbasket.com\/en\/wp-json\/wp\/v2\/posts\/5237\/revisions"}],"predecessor-version":[{"id":5239,"href":"https:\/\/gijonbasket.com\/en\/wp-json\/wp\/v2\/posts\/5237\/revisions\/5239"}],"wp:attachment":[{"href":"https:\/\/gijonbasket.com\/en\/wp-json\/wp\/v2\/media?parent=5237"}],"wp:term":[{"taxonomy":"category","embeddable":true,"href":"https:\/\/gijonbasket.com\/en\/wp-json\/wp\/v2\/categories?post=5237"},{"taxonomy":"post_tag","embeddable":true,"href":"https:\/\/gijonbasket.com\/en\/wp-json\/wp\/v2\/tags?post=5237"}],"curies":[{"name":"wp","href":"https:\/\/api.w.org\/{rel}","templated":true}]}}