{"id":5323,"date":"2024-11-10T11:14:33","date_gmt":"2024-11-10T10:14:33","guid":{"rendered":"https:\/\/gijonbasket.com\/?p=5323"},"modified":"2024-11-10T11:14:33","modified_gmt":"2024-11-10T10:14:33","slug":"javier-malla-regreso-con-victoria-en-su-segunda-etapa-al-frente-del-damex-udea-algeciras","status":"publish","type":"post","link":"https:\/\/gijonbasket.com\/en\/2024\/11\/10\/javier-malla-regreso-con-victoria-en-su-segunda-etapa-al-frente-del-damex-udea-algeciras\/","title":{"rendered":"Javier Malla regreso con victoria en su segunda etapa al frente del Damex UDEA Algeciras"},"content":{"rendered":"<p>El Damex UDEA  Algeciras sum\u00f3 su primera victoria de la temporada, cortando una racha de cinco derrotas consecutivas, tras imponerse al Ciudad de Huelva (75-72).<\/p>\n\n\n\n<p>La victoria del Damex UDEA Algeciras, estuvo marcada por el redebut de Javier Malla como t\u00e9cnico del conjunto algecire\u00f1o, tras tomar el relevo de Miki Ortega.<\/p>\n\n\n\n<p>Javier Malla regres\u00f3 al banquillo del Damex UDEA Algeciras al que dirigi\u00f3 durante siete temporadas. En su primera etapa en el conjunto algecire\u00f1o, Javier Malla, hizo historia logrando un Ascenso a LEB Plata y disputar dos Fases Finales de Ascenso a LEB Oro.<\/p>","protected":false},"excerpt":{"rendered":"<p>El Damex UDEA Algeciras sum\u00f3 su primera victoria de la temporada, cortando una racha de cinco derrotas consecutivas, tras imponerse al Ciudad de Huelva (75-72). La victoria del Damex UDEA Algeciras, estuvo marcada por el redebut de Javier Malla como t\u00e9cnico del conjunto algecire\u00f1o, tras tomar el relevo de Miki Ortega. Javier Malla regres\u00f3 al&hellip;&nbsp;<a href=\"https:\/\/gijonbasket.com\/en\/2024\/11\/10\/javier-malla-regreso-con-victoria-en-su-segunda-etapa-al-frente-del-damex-udea-algeciras\/\" class=\"\" rel=\"bookmark\">Read More &raquo;<span class=\"screen-reader-text\">Javier Malla regreso con victoria en su segunda etapa al frente del Damex UDEA Algeciras<\/span><\/a><\/p>","protected":false},"author":2,"featured_media":0,"comment_status":"open","ping_status":"open","sticky":false,"template":"","format":"standard","meta":{"neve_meta_sidebar":"","neve_meta_container":"","neve_meta_enable_content_width":"","neve_meta_content_width":0,"neve_meta_title_alignment":"","neve_meta_author_avatar":"","neve_post_elements_order":"","neve_meta_disable_header":"","neve_meta_disable_footer":"","neve_meta_disable_title":"","footnotes":""},"categories":[4],"tags":[],"class_list":["post-5323","post","type-post","status-publish","format-standard","hentry","category-noticias"],"yoast_head":"<!-- This site is optimized with the Yoast SEO plugin v23.4 - https:\/\/yoast.com\/wordpress\/plugins\/seo\/ -->\n<title>Javier Malla regreso con victoria en su segunda etapa al frente del Damex UDEA Algeciras - gijonbasket<\/title>\n<meta name=\"robots\" content=\"index, follow, max-snippet:-1, max-image-preview:large, max-video-preview:-1\" \/>\n<link rel=\"canonical\" href=\"https:\/\/gijonbasket.com\/en\/2024\/11\/10\/javier-malla-regreso-con-victoria-en-su-segunda-etapa-al-frente-del-damex-udea-algeciras\/\" \/>\n<meta property=\"og:locale\" content=\"en_US\" \/>\n<meta property=\"og:type\" content=\"article\" \/>\n<meta property=\"og:title\" content=\"Javier Malla regreso con victoria en su segunda etapa al frente del Damex UDEA Algeciras - gijonbasket\" \/>\n<meta property=\"og:description\" content=\"El Damex UDEA Algeciras sum\u00f3 su primera victoria de la temporada, cortando una racha de cinco derrotas consecutivas, tras imponerse al Ciudad de Huelva (75-72). La victoria del Damex UDEA Algeciras, estuvo marcada por el redebut de Javier Malla como t\u00e9cnico del conjunto algecire\u00f1o, tras tomar el relevo de Miki Ortega. Javier Malla regres\u00f3 al&hellip;&nbsp;Read More &raquo;Javier Malla regreso con victoria en su segunda etapa al frente del Damex UDEA Algeciras\" \/>\n<meta property=\"og:url\" content=\"https:\/\/gijonbasket.com\/en\/2024\/11\/10\/javier-malla-regreso-con-victoria-en-su-segunda-etapa-al-frente-del-damex-udea-algeciras\/\" \/>\n<meta property=\"og:site_name\" content=\"gijonbasket\" \/>\n<meta property=\"article:published_time\" content=\"2024-11-10T10:14:33+00:00\" \/>\n<meta name=\"author\" content=\"Cesar Morales\" \/>\n<meta name=\"twitter:card\" content=\"summary_large_image\" \/>\n<meta name=\"twitter:label1\" content=\"Written by\" \/>\n\t<meta name=\"twitter:data1\" content=\"Cesar Morales\" \/>\n\t<meta name=\"twitter:label2\" content=\"Est. reading time\" \/>\n\t<meta name=\"twitter:data2\" content=\"1 minute\" \/>\n<script type=\"application\/ld+json\" class=\"yoast-schema-graph\">{\"@context\":\"https:\/\/schema.org\",\"@graph\":[{\"@type\":\"Article\",\"@id\":\"https:\/\/gijonbasket.com\/2024\/11\/10\/javier-malla-regreso-con-victoria-en-su-segunda-etapa-al-frente-del-damex-udea-algeciras\/#article\",\"isPartOf\":{\"@id\":\"https:\/\/gijonbasket.com\/2024\/11\/10\/javier-malla-regreso-con-victoria-en-su-segunda-etapa-al-frente-del-damex-udea-algeciras\/\"},\"author\":{\"name\":\"Cesar Morales\",\"@id\":\"https:\/\/gijonbasket.com\/#\/schema\/person\/91af9ff03e8eab582ccc344b715907c0\"},\"headline\":\"Javier Malla regreso con victoria en su segunda etapa al frente del Damex UDEA Algeciras\",\"datePublished\":\"2024-11-10T10:14:33+00:00\",\"dateModified\":\"2024-11-10T10:14:33+00:00\",\"mainEntityOfPage\":{\"@id\":\"https:\/\/gijonbasket.com\/2024\/11\/10\/javier-malla-regreso-con-victoria-en-su-segunda-etapa-al-frente-del-damex-udea-algeciras\/\"},\"wordCount\":112,\"commentCount\":0,\"publisher\":{\"@id\":\"https:\/\/gijonbasket.com\/#organization\"},\"articleSection\":[\"noticias\"],\"inLanguage\":\"en-US\",\"potentialAction\":[{\"@type\":\"CommentAction\",\"name\":\"Comment\",\"target\":[\"https:\/\/gijonbasket.com\/2024\/11\/10\/javier-malla-regreso-con-victoria-en-su-segunda-etapa-al-frente-del-damex-udea-algeciras\/#respond\"]}]},{\"@type\":\"WebPage\",\"@id\":\"https:\/\/gijonbasket.com\/2024\/11\/10\/javier-malla-regreso-con-victoria-en-su-segunda-etapa-al-frente-del-damex-udea-algeciras\/\",\"url\":\"https:\/\/gijonbasket.com\/2024\/11\/10\/javier-malla-regreso-con-victoria-en-su-segunda-etapa-al-frente-del-damex-udea-algeciras\/\",\"name\":\"Javier Malla regreso con victoria en su segunda etapa al frente del Damex UDEA Algeciras - gijonbasket\",\"isPartOf\":{\"@id\":\"https:\/\/gijonbasket.com\/#website\"},\"datePublished\":\"2024-11-10T10:14:33+00:00\",\"dateModified\":\"2024-11-10T10:14:33+00:00\",\"breadcrumb\":{\"@id\":\"https:\/\/gijonbasket.com\/2024\/11\/10\/javier-malla-regreso-con-victoria-en-su-segunda-etapa-al-frente-del-damex-udea-algeciras\/#breadcrumb\"},\"inLanguage\":\"en-US\",\"potentialAction\":[{\"@type\":\"ReadAction\",\"target\":[\"https:\/\/gijonbasket.com\/2024\/11\/10\/javier-malla-regreso-con-victoria-en-su-segunda-etapa-al-frente-del-damex-udea-algeciras\/\"]}]},{\"@type\":\"BreadcrumbList\",\"@id\":\"https:\/\/gijonbasket.com\/2024\/11\/10\/javier-malla-regreso-con-victoria-en-su-segunda-etapa-al-frente-del-damex-udea-algeciras\/#breadcrumb\",\"itemListElement\":[{\"@type\":\"ListItem\",\"position\":1,\"name\":\"Portada\",\"item\":\"https:\/\/gijonbasket.com\/\"},{\"@type\":\"ListItem\",\"position\":2,\"name\":\"Javier Malla regreso con victoria en su segunda etapa al frente del Damex UDEA Algeciras\"}]},{\"@type\":\"WebSite\",\"@id\":\"https:\/\/gijonbasket.com\/#website\",\"url\":\"https:\/\/gijonbasket.com\/\",\"name\":\"gijonbasket\",\"description\":\"\",\"publisher\":{\"@id\":\"https:\/\/gijonbasket.com\/#organization\"},\"potentialAction\":[{\"@type\":\"SearchAction\",\"target\":{\"@type\":\"EntryPoint\",\"urlTemplate\":\"https:\/\/gijonbasket.com\/?s={search_term_string}\"},\"query-input\":{\"@type\":\"PropertyValueSpecification\",\"valueRequired\":true,\"valueName\":\"search_term_string\"}}],\"inLanguage\":\"en-US\"},{\"@type\":\"Organization\",\"@id\":\"https:\/\/gijonbasket.com\/#organization\",\"name\":\"gijonbasket\",\"url\":\"https:\/\/gijonbasket.com\/\",\"logo\":{\"@type\":\"ImageObject\",\"inLanguage\":\"en-US\",\"@id\":\"https:\/\/gijonbasket.com\/#\/schema\/logo\/image\/\",\"url\":\"https:\/\/gijonbasket.com\/wp-content\/uploads\/2023\/03\/LogoGijonBasket2.jpg\",\"contentUrl\":\"https:\/\/gijonbasket.com\/wp-content\/uploads\/2023\/03\/LogoGijonBasket2.jpg\",\"width\":2000,\"height\":550,\"caption\":\"gijonbasket\"},\"image\":{\"@id\":\"https:\/\/gijonbasket.com\/#\/schema\/logo\/image\/\"}},{\"@type\":\"Person\",\"@id\":\"https:\/\/gijonbasket.com\/#\/schema\/person\/91af9ff03e8eab582ccc344b715907c0\",\"name\":\"Cesar Morales\",\"image\":{\"@type\":\"ImageObject\",\"inLanguage\":\"en-US\",\"@id\":\"https:\/\/gijonbasket.com\/#\/schema\/person\/image\/\",\"url\":\"https:\/\/secure.gravatar.com\/avatar\/ab9ddf1e87f7580cae3deefb05a58c5cf4f0c7f96f033fd7dacc23f0e8d149ca?s=96&d=mm&r=g\",\"contentUrl\":\"https:\/\/secure.gravatar.com\/avatar\/ab9ddf1e87f7580cae3deefb05a58c5cf4f0c7f96f033fd7dacc23f0e8d149ca?s=96&d=mm&r=g\",\"caption\":\"Cesar Morales\"},\"url\":\"https:\/\/gijonbasket.com\/en\/author\/cesar\/\"}]}<\/script>\n<!-- \/ Yoast SEO plugin. -->","yoast_head_json":{"title":"Javier Malla regreso con victoria en su segunda etapa al frente del Damex UDEA Algeciras - gijonbasket","robots":{"index":"index","follow":"follow","max-snippet":"max-snippet:-1","max-image-preview":"max-image-preview:large","max-video-preview":"max-video-preview:-1"},"canonical":"https:\/\/gijonbasket.com\/en\/2024\/11\/10\/javier-malla-regreso-con-victoria-en-su-segunda-etapa-al-frente-del-damex-udea-algeciras\/","og_locale":"en_US","og_type":"article","og_title":"Javier Malla regreso con victoria en su segunda etapa al frente del Damex UDEA Algeciras - gijonbasket","og_description":"El Damex UDEA Algeciras sum\u00f3 su primera victoria de la temporada, cortando una racha de cinco derrotas consecutivas, tras imponerse al Ciudad de Huelva (75-72). La victoria del Damex UDEA Algeciras, estuvo marcada por el redebut de Javier Malla como t\u00e9cnico del conjunto algecire\u00f1o, tras tomar el relevo de Miki Ortega. Javier Malla regres\u00f3 al&hellip;&nbsp;Read More &raquo;Javier Malla regreso con victoria en su segunda etapa al frente del Damex UDEA Algeciras","og_url":"https:\/\/gijonbasket.com\/en\/2024\/11\/10\/javier-malla-regreso-con-victoria-en-su-segunda-etapa-al-frente-del-damex-udea-algeciras\/","og_site_name":"gijonbasket","article_published_time":"2024-11-10T10:14:33+00:00","author":"Cesar Morales","twitter_card":"summary_large_image","twitter_misc":{"Written by":"Cesar Morales","Est. reading time":"1 minute"},"schema":{"@context":"https:\/\/schema.org","@graph":[{"@type":"Article","@id":"https:\/\/gijonbasket.com\/2024\/11\/10\/javier-malla-regreso-con-victoria-en-su-segunda-etapa-al-frente-del-damex-udea-algeciras\/#article","isPartOf":{"@id":"https:\/\/gijonbasket.com\/2024\/11\/10\/javier-malla-regreso-con-victoria-en-su-segunda-etapa-al-frente-del-damex-udea-algeciras\/"},"author":{"name":"Cesar Morales","@id":"https:\/\/gijonbasket.com\/#\/schema\/person\/91af9ff03e8eab582ccc344b715907c0"},"headline":"Javier Malla regreso con victoria en su segunda etapa al frente del Damex UDEA Algeciras","datePublished":"2024-11-10T10:14:33+00:00","dateModified":"2024-11-10T10:14:33+00:00","mainEntityOfPage":{"@id":"https:\/\/gijonbasket.com\/2024\/11\/10\/javier-malla-regreso-con-victoria-en-su-segunda-etapa-al-frente-del-damex-udea-algeciras\/"},"wordCount":112,"commentCount":0,"publisher":{"@id":"https:\/\/gijonbasket.com\/#organization"},"articleSection":["noticias"],"inLanguage":"en-US","potentialAction":[{"@type":"CommentAction","name":"Comment","target":["https:\/\/gijonbasket.com\/2024\/11\/10\/javier-malla-regreso-con-victoria-en-su-segunda-etapa-al-frente-del-damex-udea-algeciras\/#respond"]}]},{"@type":"WebPage","@id":"https:\/\/gijonbasket.com\/2024\/11\/10\/javier-malla-regreso-con-victoria-en-su-segunda-etapa-al-frente-del-damex-udea-algeciras\/","url":"https:\/\/gijonbasket.com\/2024\/11\/10\/javier-malla-regreso-con-victoria-en-su-segunda-etapa-al-frente-del-damex-udea-algeciras\/","name":"Javier Malla regreso con victoria en su segunda etapa al frente del Damex UDEA Algeciras - gijonbasket","isPartOf":{"@id":"https:\/\/gijonbasket.com\/#website"},"datePublished":"2024-11-10T10:14:33+00:00","dateModified":"2024-11-10T10:14:33+00:00","breadcrumb":{"@id":"https:\/\/gijonbasket.com\/2024\/11\/10\/javier-malla-regreso-con-victoria-en-su-segunda-etapa-al-frente-del-damex-udea-algeciras\/#breadcrumb"},"inLanguage":"en-US","potentialAction":[{"@type":"ReadAction","target":["https:\/\/gijonbasket.com\/2024\/11\/10\/javier-malla-regreso-con-victoria-en-su-segunda-etapa-al-frente-del-damex-udea-algeciras\/"]}]},{"@type":"BreadcrumbList","@id":"https:\/\/gijonbasket.com\/2024\/11\/10\/javier-malla-regreso-con-victoria-en-su-segunda-etapa-al-frente-del-damex-udea-algeciras\/#breadcrumb","itemListElement":[{"@type":"ListItem","position":1,"name":"Portada","item":"https:\/\/gijonbasket.com\/"},{"@type":"ListItem","position":2,"name":"Javier Malla regreso con victoria en su segunda etapa al frente del Damex UDEA Algeciras"}]},{"@type":"WebSite","@id":"https:\/\/gijonbasket.com\/#website","url":"https:\/\/gijonbasket.com\/","name":"gijonbasket","description":"","publisher":{"@id":"https:\/\/gijonbasket.com\/#organization"},"potentialAction":[{"@type":"SearchAction","target":{"@type":"EntryPoint","urlTemplate":"https:\/\/gijonbasket.com\/?s={search_term_string}"},"query-input":{"@type":"PropertyValueSpecification","valueRequired":true,"valueName":"search_term_string"}}],"inLanguage":"en-US"},{"@type":"Organization","@id":"https:\/\/gijonbasket.com\/#organization","name":"gijonbasket","url":"https:\/\/gijonbasket.com\/","logo":{"@type":"ImageObject","inLanguage":"en-US","@id":"https:\/\/gijonbasket.com\/#\/schema\/logo\/image\/","url":"https:\/\/gijonbasket.com\/wp-content\/uploads\/2023\/03\/LogoGijonBasket2.jpg","contentUrl":"https:\/\/gijonbasket.com\/wp-content\/uploads\/2023\/03\/LogoGijonBasket2.jpg","width":2000,"height":550,"caption":"gijonbasket"},"image":{"@id":"https:\/\/gijonbasket.com\/#\/schema\/logo\/image\/"}},{"@type":"Person","@id":"https:\/\/gijonbasket.com\/#\/schema\/person\/91af9ff03e8eab582ccc344b715907c0","name":"Cesar Morales","image":{"@type":"ImageObject","inLanguage":"en-US","@id":"https:\/\/gijonbasket.com\/#\/schema\/person\/image\/","url":"https:\/\/secure.gravatar.com\/avatar\/ab9ddf1e87f7580cae3deefb05a58c5cf4f0c7f96f033fd7dacc23f0e8d149ca?s=96&d=mm&r=g","contentUrl":"https:\/\/secure.gravatar.com\/avatar\/ab9ddf1e87f7580cae3deefb05a58c5cf4f0c7f96f033fd7dacc23f0e8d149ca?s=96&d=mm&r=g","caption":"Cesar Morales"},"url":"https:\/\/gijonbasket.com\/en\/author\/cesar\/"}]}},"_links":{"self":[{"href":"https:\/\/gijonbasket.com\/en\/wp-json\/wp\/v2\/posts\/5323","targetHints":{"allow":["GET"]}}],"collection":[{"href":"https:\/\/gijonbasket.com\/en\/wp-json\/wp\/v2\/posts"}],"about":[{"href":"https:\/\/gijonbasket.com\/en\/wp-json\/wp\/v2\/types\/post"}],"author":[{"embeddable":true,"href":"https:\/\/gijonbasket.com\/en\/wp-json\/wp\/v2\/users\/2"}],"replies":[{"embeddable":true,"href":"https:\/\/gijonbasket.com\/en\/wp-json\/wp\/v2\/comments?post=5323"}],"version-history":[{"count":1,"href":"https:\/\/gijonbasket.com\/en\/wp-json\/wp\/v2\/posts\/5323\/revisions"}],"predecessor-version":[{"id":5324,"href":"https:\/\/gijonbasket.com\/en\/wp-json\/wp\/v2\/posts\/5323\/revisions\/5324"}],"wp:attachment":[{"href":"https:\/\/gijonbasket.com\/en\/wp-json\/wp\/v2\/media?parent=5323"}],"wp:term":[{"taxonomy":"category","embeddable":true,"href":"https:\/\/gijonbasket.com\/en\/wp-json\/wp\/v2\/categories?post=5323"},{"taxonomy":"post_tag","embeddable":true,"href":"https:\/\/gijonbasket.com\/en\/wp-json\/wp\/v2\/tags?post=5323"}],"curies":[{"name":"wp","href":"https:\/\/api.w.org\/{rel}","templated":true}]}}