{"id":5397,"date":"2024-11-19T10:46:00","date_gmt":"2024-11-19T09:46:00","guid":{"rendered":"https:\/\/gijonbasket.com\/?p=5397"},"modified":"2024-11-19T10:49:29","modified_gmt":"2024-11-19T09:49:29","slug":"sasa-obradovic-destituido-en-as-monaco","status":"publish","type":"post","link":"https:\/\/gijonbasket.com\/en\/2024\/11\/19\/sasa-obradovic-destituido-en-as-monaco\/","title":{"rendered":"Sasa Obradovic destituido en AS M\u00f3naco"},"content":{"rendered":"<p>El AS M\u00f3naco anunci\u00f3 la destituci\u00f3n de Sasa Obradovic como t\u00e9cnico del conjunto monegasco.<\/p>\n\n\n\n<p>Sasa Obradovic, t\u00e9cnico serbio de 55 a\u00f1os, se hizo cargo del AS M\u00f3naco en diciembre de 2021.<\/p>\n\n\n\n<p>Campe\u00f3n Betclic Elite Pro A en las temporadas 2022\/2023 y 2023\/2024. <\/p>\n\n\n\n<p>Clasificaci\u00f3n para la Final Four de la Euroliga 2022\/2023.<\/p>\n\n\n\n<p>Esta temporada AS M\u00f3naco ocupa la s\u00e9ptima posici\u00f3n tanto en Betclic Elite Pro A (5 victorias &#8211; 3 derrotas) y en Euroliga (6 victorias &#8211; 4 derrotas).<\/p>\n\n\n\n<p>Finaliza de esta forma la segunda etapa de Sasa Obradovic con AS M\u00f3naco (2021\/2022-2024\/2025) tras su primera llegada en la temporada 2019\/2020.<\/p>\n\n\n\n<p>Manuchar Markoishvili se hace cargo del AS M\u00f3naco de forma interina.<\/p>","protected":false},"excerpt":{"rendered":"<p>El AS M\u00f3naco anunci\u00f3 la destituci\u00f3n de Sasa Obradovic como t\u00e9cnico del conjunto monegasco. Sasa Obradovic, t\u00e9cnico serbio de 55 a\u00f1os, se hizo cargo del AS M\u00f3naco en diciembre de 2021. Campe\u00f3n Betclic Elite Pro A en las temporadas 2022\/2023 y 2023\/2024. Clasificaci\u00f3n para la Final Four de la Euroliga 2022\/2023. Esta temporada AS M\u00f3naco&hellip;&nbsp;<a href=\"https:\/\/gijonbasket.com\/en\/2024\/11\/19\/sasa-obradovic-destituido-en-as-monaco\/\" class=\"\" rel=\"bookmark\">Read More &raquo;<span class=\"screen-reader-text\">Sasa Obradovic destituido en AS M\u00f3naco<\/span><\/a><\/p>","protected":false},"author":2,"featured_media":0,"comment_status":"open","ping_status":"open","sticky":false,"template":"","format":"standard","meta":{"neve_meta_sidebar":"","neve_meta_container":"","neve_meta_enable_content_width":"","neve_meta_content_width":0,"neve_meta_title_alignment":"","neve_meta_author_avatar":"","neve_post_elements_order":"","neve_meta_disable_header":"","neve_meta_disable_footer":"","neve_meta_disable_title":"","footnotes":""},"categories":[4],"tags":[],"class_list":["post-5397","post","type-post","status-publish","format-standard","hentry","category-noticias"],"yoast_head":"<!-- This site is optimized with the Yoast SEO plugin v23.4 - https:\/\/yoast.com\/wordpress\/plugins\/seo\/ -->\n<title>Sasa Obradovic destituido en AS M\u00f3naco - gijonbasket<\/title>\n<meta name=\"robots\" content=\"index, follow, max-snippet:-1, max-image-preview:large, max-video-preview:-1\" \/>\n<link rel=\"canonical\" href=\"https:\/\/gijonbasket.com\/en\/2024\/11\/19\/sasa-obradovic-destituido-en-as-monaco\/\" \/>\n<meta property=\"og:locale\" content=\"en_US\" \/>\n<meta property=\"og:type\" content=\"article\" \/>\n<meta property=\"og:title\" content=\"Sasa Obradovic destituido en AS M\u00f3naco - gijonbasket\" \/>\n<meta property=\"og:description\" content=\"El AS M\u00f3naco anunci\u00f3 la destituci\u00f3n de Sasa Obradovic como t\u00e9cnico del conjunto monegasco. Sasa Obradovic, t\u00e9cnico serbio de 55 a\u00f1os, se hizo cargo del AS M\u00f3naco en diciembre de 2021. Campe\u00f3n Betclic Elite Pro A en las temporadas 2022\/2023 y 2023\/2024. Clasificaci\u00f3n para la Final Four de la Euroliga 2022\/2023. Esta temporada AS M\u00f3naco&hellip;&nbsp;Read More &raquo;Sasa Obradovic destituido en AS M\u00f3naco\" \/>\n<meta property=\"og:url\" content=\"https:\/\/gijonbasket.com\/en\/2024\/11\/19\/sasa-obradovic-destituido-en-as-monaco\/\" \/>\n<meta property=\"og:site_name\" content=\"gijonbasket\" \/>\n<meta property=\"article:published_time\" content=\"2024-11-19T09:46:00+00:00\" \/>\n<meta property=\"article:modified_time\" content=\"2024-11-19T09:49:29+00:00\" \/>\n<meta name=\"author\" content=\"Cesar Morales\" \/>\n<meta name=\"twitter:card\" content=\"summary_large_image\" \/>\n<meta name=\"twitter:label1\" content=\"Written by\" \/>\n\t<meta name=\"twitter:data1\" content=\"Cesar Morales\" \/>\n\t<meta name=\"twitter:label2\" content=\"Est. reading time\" \/>\n\t<meta name=\"twitter:data2\" content=\"1 minute\" \/>\n<script type=\"application\/ld+json\" class=\"yoast-schema-graph\">{\"@context\":\"https:\/\/schema.org\",\"@graph\":[{\"@type\":\"Article\",\"@id\":\"https:\/\/gijonbasket.com\/2024\/11\/19\/sasa-obradovic-destituido-en-as-monaco\/#article\",\"isPartOf\":{\"@id\":\"https:\/\/gijonbasket.com\/2024\/11\/19\/sasa-obradovic-destituido-en-as-monaco\/\"},\"author\":{\"name\":\"Cesar Morales\",\"@id\":\"https:\/\/gijonbasket.com\/#\/schema\/person\/91af9ff03e8eab582ccc344b715907c0\"},\"headline\":\"Sasa Obradovic destituido en AS M\u00f3naco\",\"datePublished\":\"2024-11-19T09:46:00+00:00\",\"dateModified\":\"2024-11-19T09:49:29+00:00\",\"mainEntityOfPage\":{\"@id\":\"https:\/\/gijonbasket.com\/2024\/11\/19\/sasa-obradovic-destituido-en-as-monaco\/\"},\"wordCount\":121,\"commentCount\":0,\"publisher\":{\"@id\":\"https:\/\/gijonbasket.com\/#organization\"},\"articleSection\":[\"noticias\"],\"inLanguage\":\"en-US\",\"potentialAction\":[{\"@type\":\"CommentAction\",\"name\":\"Comment\",\"target\":[\"https:\/\/gijonbasket.com\/2024\/11\/19\/sasa-obradovic-destituido-en-as-monaco\/#respond\"]}]},{\"@type\":\"WebPage\",\"@id\":\"https:\/\/gijonbasket.com\/2024\/11\/19\/sasa-obradovic-destituido-en-as-monaco\/\",\"url\":\"https:\/\/gijonbasket.com\/2024\/11\/19\/sasa-obradovic-destituido-en-as-monaco\/\",\"name\":\"Sasa Obradovic destituido en AS M\u00f3naco - gijonbasket\",\"isPartOf\":{\"@id\":\"https:\/\/gijonbasket.com\/#website\"},\"datePublished\":\"2024-11-19T09:46:00+00:00\",\"dateModified\":\"2024-11-19T09:49:29+00:00\",\"breadcrumb\":{\"@id\":\"https:\/\/gijonbasket.com\/2024\/11\/19\/sasa-obradovic-destituido-en-as-monaco\/#breadcrumb\"},\"inLanguage\":\"en-US\",\"potentialAction\":[{\"@type\":\"ReadAction\",\"target\":[\"https:\/\/gijonbasket.com\/2024\/11\/19\/sasa-obradovic-destituido-en-as-monaco\/\"]}]},{\"@type\":\"BreadcrumbList\",\"@id\":\"https:\/\/gijonbasket.com\/2024\/11\/19\/sasa-obradovic-destituido-en-as-monaco\/#breadcrumb\",\"itemListElement\":[{\"@type\":\"ListItem\",\"position\":1,\"name\":\"Portada\",\"item\":\"https:\/\/gijonbasket.com\/\"},{\"@type\":\"ListItem\",\"position\":2,\"name\":\"Sasa Obradovic destituido en AS M\u00f3naco\"}]},{\"@type\":\"WebSite\",\"@id\":\"https:\/\/gijonbasket.com\/#website\",\"url\":\"https:\/\/gijonbasket.com\/\",\"name\":\"gijonbasket\",\"description\":\"\",\"publisher\":{\"@id\":\"https:\/\/gijonbasket.com\/#organization\"},\"potentialAction\":[{\"@type\":\"SearchAction\",\"target\":{\"@type\":\"EntryPoint\",\"urlTemplate\":\"https:\/\/gijonbasket.com\/?s={search_term_string}\"},\"query-input\":{\"@type\":\"PropertyValueSpecification\",\"valueRequired\":true,\"valueName\":\"search_term_string\"}}],\"inLanguage\":\"en-US\"},{\"@type\":\"Organization\",\"@id\":\"https:\/\/gijonbasket.com\/#organization\",\"name\":\"gijonbasket\",\"url\":\"https:\/\/gijonbasket.com\/\",\"logo\":{\"@type\":\"ImageObject\",\"inLanguage\":\"en-US\",\"@id\":\"https:\/\/gijonbasket.com\/#\/schema\/logo\/image\/\",\"url\":\"https:\/\/gijonbasket.com\/wp-content\/uploads\/2023\/03\/LogoGijonBasket2.jpg\",\"contentUrl\":\"https:\/\/gijonbasket.com\/wp-content\/uploads\/2023\/03\/LogoGijonBasket2.jpg\",\"width\":2000,\"height\":550,\"caption\":\"gijonbasket\"},\"image\":{\"@id\":\"https:\/\/gijonbasket.com\/#\/schema\/logo\/image\/\"}},{\"@type\":\"Person\",\"@id\":\"https:\/\/gijonbasket.com\/#\/schema\/person\/91af9ff03e8eab582ccc344b715907c0\",\"name\":\"Cesar Morales\",\"image\":{\"@type\":\"ImageObject\",\"inLanguage\":\"en-US\",\"@id\":\"https:\/\/gijonbasket.com\/#\/schema\/person\/image\/\",\"url\":\"https:\/\/secure.gravatar.com\/avatar\/ab9ddf1e87f7580cae3deefb05a58c5cf4f0c7f96f033fd7dacc23f0e8d149ca?s=96&d=mm&r=g\",\"contentUrl\":\"https:\/\/secure.gravatar.com\/avatar\/ab9ddf1e87f7580cae3deefb05a58c5cf4f0c7f96f033fd7dacc23f0e8d149ca?s=96&d=mm&r=g\",\"caption\":\"Cesar Morales\"},\"url\":\"https:\/\/gijonbasket.com\/en\/author\/cesar\/\"}]}<\/script>\n<!-- \/ Yoast SEO plugin. -->","yoast_head_json":{"title":"Sasa Obradovic destituido en AS M\u00f3naco - gijonbasket","robots":{"index":"index","follow":"follow","max-snippet":"max-snippet:-1","max-image-preview":"max-image-preview:large","max-video-preview":"max-video-preview:-1"},"canonical":"https:\/\/gijonbasket.com\/en\/2024\/11\/19\/sasa-obradovic-destituido-en-as-monaco\/","og_locale":"en_US","og_type":"article","og_title":"Sasa Obradovic destituido en AS M\u00f3naco - gijonbasket","og_description":"El AS M\u00f3naco anunci\u00f3 la destituci\u00f3n de Sasa Obradovic como t\u00e9cnico del conjunto monegasco. Sasa Obradovic, t\u00e9cnico serbio de 55 a\u00f1os, se hizo cargo del AS M\u00f3naco en diciembre de 2021. Campe\u00f3n Betclic Elite Pro A en las temporadas 2022\/2023 y 2023\/2024. Clasificaci\u00f3n para la Final Four de la Euroliga 2022\/2023. Esta temporada AS M\u00f3naco&hellip;&nbsp;Read More &raquo;Sasa Obradovic destituido en AS M\u00f3naco","og_url":"https:\/\/gijonbasket.com\/en\/2024\/11\/19\/sasa-obradovic-destituido-en-as-monaco\/","og_site_name":"gijonbasket","article_published_time":"2024-11-19T09:46:00+00:00","article_modified_time":"2024-11-19T09:49:29+00:00","author":"Cesar Morales","twitter_card":"summary_large_image","twitter_misc":{"Written by":"Cesar Morales","Est. reading time":"1 minute"},"schema":{"@context":"https:\/\/schema.org","@graph":[{"@type":"Article","@id":"https:\/\/gijonbasket.com\/2024\/11\/19\/sasa-obradovic-destituido-en-as-monaco\/#article","isPartOf":{"@id":"https:\/\/gijonbasket.com\/2024\/11\/19\/sasa-obradovic-destituido-en-as-monaco\/"},"author":{"name":"Cesar Morales","@id":"https:\/\/gijonbasket.com\/#\/schema\/person\/91af9ff03e8eab582ccc344b715907c0"},"headline":"Sasa Obradovic destituido en AS M\u00f3naco","datePublished":"2024-11-19T09:46:00+00:00","dateModified":"2024-11-19T09:49:29+00:00","mainEntityOfPage":{"@id":"https:\/\/gijonbasket.com\/2024\/11\/19\/sasa-obradovic-destituido-en-as-monaco\/"},"wordCount":121,"commentCount":0,"publisher":{"@id":"https:\/\/gijonbasket.com\/#organization"},"articleSection":["noticias"],"inLanguage":"en-US","potentialAction":[{"@type":"CommentAction","name":"Comment","target":["https:\/\/gijonbasket.com\/2024\/11\/19\/sasa-obradovic-destituido-en-as-monaco\/#respond"]}]},{"@type":"WebPage","@id":"https:\/\/gijonbasket.com\/2024\/11\/19\/sasa-obradovic-destituido-en-as-monaco\/","url":"https:\/\/gijonbasket.com\/2024\/11\/19\/sasa-obradovic-destituido-en-as-monaco\/","name":"Sasa Obradovic destituido en AS M\u00f3naco - gijonbasket","isPartOf":{"@id":"https:\/\/gijonbasket.com\/#website"},"datePublished":"2024-11-19T09:46:00+00:00","dateModified":"2024-11-19T09:49:29+00:00","breadcrumb":{"@id":"https:\/\/gijonbasket.com\/2024\/11\/19\/sasa-obradovic-destituido-en-as-monaco\/#breadcrumb"},"inLanguage":"en-US","potentialAction":[{"@type":"ReadAction","target":["https:\/\/gijonbasket.com\/2024\/11\/19\/sasa-obradovic-destituido-en-as-monaco\/"]}]},{"@type":"BreadcrumbList","@id":"https:\/\/gijonbasket.com\/2024\/11\/19\/sasa-obradovic-destituido-en-as-monaco\/#breadcrumb","itemListElement":[{"@type":"ListItem","position":1,"name":"Portada","item":"https:\/\/gijonbasket.com\/"},{"@type":"ListItem","position":2,"name":"Sasa Obradovic destituido en AS M\u00f3naco"}]},{"@type":"WebSite","@id":"https:\/\/gijonbasket.com\/#website","url":"https:\/\/gijonbasket.com\/","name":"gijonbasket","description":"","publisher":{"@id":"https:\/\/gijonbasket.com\/#organization"},"potentialAction":[{"@type":"SearchAction","target":{"@type":"EntryPoint","urlTemplate":"https:\/\/gijonbasket.com\/?s={search_term_string}"},"query-input":{"@type":"PropertyValueSpecification","valueRequired":true,"valueName":"search_term_string"}}],"inLanguage":"en-US"},{"@type":"Organization","@id":"https:\/\/gijonbasket.com\/#organization","name":"gijonbasket","url":"https:\/\/gijonbasket.com\/","logo":{"@type":"ImageObject","inLanguage":"en-US","@id":"https:\/\/gijonbasket.com\/#\/schema\/logo\/image\/","url":"https:\/\/gijonbasket.com\/wp-content\/uploads\/2023\/03\/LogoGijonBasket2.jpg","contentUrl":"https:\/\/gijonbasket.com\/wp-content\/uploads\/2023\/03\/LogoGijonBasket2.jpg","width":2000,"height":550,"caption":"gijonbasket"},"image":{"@id":"https:\/\/gijonbasket.com\/#\/schema\/logo\/image\/"}},{"@type":"Person","@id":"https:\/\/gijonbasket.com\/#\/schema\/person\/91af9ff03e8eab582ccc344b715907c0","name":"Cesar Morales","image":{"@type":"ImageObject","inLanguage":"en-US","@id":"https:\/\/gijonbasket.com\/#\/schema\/person\/image\/","url":"https:\/\/secure.gravatar.com\/avatar\/ab9ddf1e87f7580cae3deefb05a58c5cf4f0c7f96f033fd7dacc23f0e8d149ca?s=96&d=mm&r=g","contentUrl":"https:\/\/secure.gravatar.com\/avatar\/ab9ddf1e87f7580cae3deefb05a58c5cf4f0c7f96f033fd7dacc23f0e8d149ca?s=96&d=mm&r=g","caption":"Cesar Morales"},"url":"https:\/\/gijonbasket.com\/en\/author\/cesar\/"}]}},"_links":{"self":[{"href":"https:\/\/gijonbasket.com\/en\/wp-json\/wp\/v2\/posts\/5397","targetHints":{"allow":["GET"]}}],"collection":[{"href":"https:\/\/gijonbasket.com\/en\/wp-json\/wp\/v2\/posts"}],"about":[{"href":"https:\/\/gijonbasket.com\/en\/wp-json\/wp\/v2\/types\/post"}],"author":[{"embeddable":true,"href":"https:\/\/gijonbasket.com\/en\/wp-json\/wp\/v2\/users\/2"}],"replies":[{"embeddable":true,"href":"https:\/\/gijonbasket.com\/en\/wp-json\/wp\/v2\/comments?post=5397"}],"version-history":[{"count":2,"href":"https:\/\/gijonbasket.com\/en\/wp-json\/wp\/v2\/posts\/5397\/revisions"}],"predecessor-version":[{"id":5400,"href":"https:\/\/gijonbasket.com\/en\/wp-json\/wp\/v2\/posts\/5397\/revisions\/5400"}],"wp:attachment":[{"href":"https:\/\/gijonbasket.com\/en\/wp-json\/wp\/v2\/media?parent=5397"}],"wp:term":[{"taxonomy":"category","embeddable":true,"href":"https:\/\/gijonbasket.com\/en\/wp-json\/wp\/v2\/categories?post=5397"},{"taxonomy":"post_tag","embeddable":true,"href":"https:\/\/gijonbasket.com\/en\/wp-json\/wp\/v2\/tags?post=5397"}],"curies":[{"name":"wp","href":"https:\/\/api.w.org\/{rel}","templated":true}]}}