{"id":5427,"date":"2024-11-23T08:55:59","date_gmt":"2024-11-23T07:55:59","guid":{"rendered":"https:\/\/gijonbasket.com\/?p=5427"},"modified":"2024-11-23T08:57:11","modified_gmt":"2024-11-23T07:57:11","slug":"kevin-bercy-del-alimerka-oviedo-baloncesto-al-grupo-alega-cantabria","status":"publish","type":"post","link":"https:\/\/gijonbasket.com\/en\/2024\/11\/23\/kevin-bercy-del-alimerka-oviedo-baloncesto-al-grupo-alega-cantabria\/","title":{"rendered":"Kevin Bercy del Alimerka Oviedo Baloncesto al Grupo Alega Cantabria"},"content":{"rendered":"<p>El Grupo Alega Cantabria anunci\u00f3, ayer viernes, el fichaje de Kevin Bercy procedente del Alimerka Oviedo Baloncesto.<\/p>\n\n\n\n<p>En un plazo de 24 horas, Kevin Bercy tras finalizar su contrato temporal de dos meses con el Alimerka Oviedo Baloncesto, encontr\u00f3 nuevo equipo con el Grupo Alega Cantabria.<\/p>\n\n\n\n<p>El ala-p\u00edvot canadiense con nacionalidad haitiana de 29 a\u00f1os y 2.01 m., se incorpor\u00f3 el pasado 23 de septiembre al Alimerka Oviedo Baloncesto para cubrir la baja de Hugo L\u00f3pez.<\/p>\n\n\n\n<p>El notable rendimiento de Kevin Bercy impidi\u00f3 renovar su contrato hasta final de temporada.<\/p>\n\n\n\n<p>Esta temporada Kevin Bercy con el Alimerka Oviedo Baloncesto promedi\u00f3 10.4 ppp; 8.3 rpp en Primera FEB y 3 ppp; 2 rpp en Copa Espa\u00f1a.<\/p>\n\n\n\n<p>El destino es caprichoso y Kevin Bercy regresar\u00e1 al Polideportivo de Pumar\u00edn, el pr\u00f3ximo 10 de diciembre defendiendo los colores del Grupo Alega Cantabria.<\/p>\n\n\n\n<p>El Grupo Alega Cantabria ser\u00e1 su s\u00e9ptimo equipo en Espa\u00f1a tras militar en Zornotza Saskibaloi Taldea (2018\/2019), Real Canoe N.C. (2020\/2021), CB Almansa con AFANION (2021\/2022), C\u00e1ceres Patrimonio de la Humanidad (2022\/2023), HLA Alicante (2023\/2024) y Alimerka Oviedo Baloncesto (2024\/2025).<\/p>\n\n\n\n<p>Kevin Bercy se une a Romaric Belemene y Herve Kabasele, como ex-jugadores del Alimerka Oviedo Baloncesto, que coincidir\u00e1n esta temporada en el conjunto de Torrelavega.<\/p>","protected":false},"excerpt":{"rendered":"<p>El Grupo Alega Cantabria anunci\u00f3, ayer viernes, el fichaje de Kevin Bercy procedente del Alimerka Oviedo Baloncesto. En un plazo de 24 horas, Kevin Bercy tras finalizar su contrato temporal de dos meses con el Alimerka Oviedo Baloncesto, encontr\u00f3 nuevo equipo con el Grupo Alega Cantabria. El ala-p\u00edvot canadiense con nacionalidad haitiana de 29 a\u00f1os&hellip;&nbsp;<a href=\"https:\/\/gijonbasket.com\/en\/2024\/11\/23\/kevin-bercy-del-alimerka-oviedo-baloncesto-al-grupo-alega-cantabria\/\" class=\"\" rel=\"bookmark\">Read More &raquo;<span class=\"screen-reader-text\">Kevin Bercy del Alimerka Oviedo Baloncesto al Grupo Alega Cantabria<\/span><\/a><\/p>","protected":false},"author":2,"featured_media":0,"comment_status":"open","ping_status":"open","sticky":false,"template":"","format":"standard","meta":{"neve_meta_sidebar":"","neve_meta_container":"","neve_meta_enable_content_width":"","neve_meta_content_width":0,"neve_meta_title_alignment":"","neve_meta_author_avatar":"","neve_post_elements_order":"","neve_meta_disable_header":"","neve_meta_disable_footer":"","neve_meta_disable_title":"","footnotes":""},"categories":[4],"tags":[],"class_list":["post-5427","post","type-post","status-publish","format-standard","hentry","category-noticias"],"yoast_head":"<!-- This site is optimized with the Yoast SEO plugin v23.4 - https:\/\/yoast.com\/wordpress\/plugins\/seo\/ -->\n<title>Kevin Bercy del Alimerka Oviedo Baloncesto al Grupo Alega Cantabria - gijonbasket<\/title>\n<meta name=\"robots\" content=\"index, follow, max-snippet:-1, max-image-preview:large, max-video-preview:-1\" \/>\n<link rel=\"canonical\" href=\"https:\/\/gijonbasket.com\/en\/2024\/11\/23\/kevin-bercy-del-alimerka-oviedo-baloncesto-al-grupo-alega-cantabria\/\" \/>\n<meta property=\"og:locale\" content=\"en_US\" \/>\n<meta property=\"og:type\" content=\"article\" \/>\n<meta property=\"og:title\" content=\"Kevin Bercy del Alimerka Oviedo Baloncesto al Grupo Alega Cantabria - gijonbasket\" \/>\n<meta property=\"og:description\" content=\"El Grupo Alega Cantabria anunci\u00f3, ayer viernes, el fichaje de Kevin Bercy procedente del Alimerka Oviedo Baloncesto. En un plazo de 24 horas, Kevin Bercy tras finalizar su contrato temporal de dos meses con el Alimerka Oviedo Baloncesto, encontr\u00f3 nuevo equipo con el Grupo Alega Cantabria. El ala-p\u00edvot canadiense con nacionalidad haitiana de 29 a\u00f1os&hellip;&nbsp;Read More &raquo;Kevin Bercy del Alimerka Oviedo Baloncesto al Grupo Alega Cantabria\" \/>\n<meta property=\"og:url\" content=\"https:\/\/gijonbasket.com\/en\/2024\/11\/23\/kevin-bercy-del-alimerka-oviedo-baloncesto-al-grupo-alega-cantabria\/\" \/>\n<meta property=\"og:site_name\" content=\"gijonbasket\" \/>\n<meta property=\"article:published_time\" content=\"2024-11-23T07:55:59+00:00\" \/>\n<meta property=\"article:modified_time\" content=\"2024-11-23T07:57:11+00:00\" \/>\n<meta name=\"author\" content=\"Cesar Morales\" \/>\n<meta name=\"twitter:card\" content=\"summary_large_image\" \/>\n<meta name=\"twitter:label1\" content=\"Written by\" \/>\n\t<meta name=\"twitter:data1\" content=\"Cesar Morales\" \/>\n\t<meta name=\"twitter:label2\" content=\"Est. reading time\" \/>\n\t<meta name=\"twitter:data2\" content=\"1 minute\" \/>\n<script type=\"application\/ld+json\" class=\"yoast-schema-graph\">{\"@context\":\"https:\/\/schema.org\",\"@graph\":[{\"@type\":\"Article\",\"@id\":\"https:\/\/gijonbasket.com\/2024\/11\/23\/kevin-bercy-del-alimerka-oviedo-baloncesto-al-grupo-alega-cantabria\/#article\",\"isPartOf\":{\"@id\":\"https:\/\/gijonbasket.com\/2024\/11\/23\/kevin-bercy-del-alimerka-oviedo-baloncesto-al-grupo-alega-cantabria\/\"},\"author\":{\"name\":\"Cesar Morales\",\"@id\":\"https:\/\/gijonbasket.com\/#\/schema\/person\/91af9ff03e8eab582ccc344b715907c0\"},\"headline\":\"Kevin Bercy del Alimerka Oviedo Baloncesto al Grupo Alega Cantabria\",\"datePublished\":\"2024-11-23T07:55:59+00:00\",\"dateModified\":\"2024-11-23T07:57:11+00:00\",\"mainEntityOfPage\":{\"@id\":\"https:\/\/gijonbasket.com\/2024\/11\/23\/kevin-bercy-del-alimerka-oviedo-baloncesto-al-grupo-alega-cantabria\/\"},\"wordCount\":210,\"commentCount\":0,\"publisher\":{\"@id\":\"https:\/\/gijonbasket.com\/#organization\"},\"articleSection\":[\"noticias\"],\"inLanguage\":\"en-US\",\"potentialAction\":[{\"@type\":\"CommentAction\",\"name\":\"Comment\",\"target\":[\"https:\/\/gijonbasket.com\/2024\/11\/23\/kevin-bercy-del-alimerka-oviedo-baloncesto-al-grupo-alega-cantabria\/#respond\"]}]},{\"@type\":\"WebPage\",\"@id\":\"https:\/\/gijonbasket.com\/2024\/11\/23\/kevin-bercy-del-alimerka-oviedo-baloncesto-al-grupo-alega-cantabria\/\",\"url\":\"https:\/\/gijonbasket.com\/2024\/11\/23\/kevin-bercy-del-alimerka-oviedo-baloncesto-al-grupo-alega-cantabria\/\",\"name\":\"Kevin Bercy del Alimerka Oviedo Baloncesto al Grupo Alega Cantabria - gijonbasket\",\"isPartOf\":{\"@id\":\"https:\/\/gijonbasket.com\/#website\"},\"datePublished\":\"2024-11-23T07:55:59+00:00\",\"dateModified\":\"2024-11-23T07:57:11+00:00\",\"breadcrumb\":{\"@id\":\"https:\/\/gijonbasket.com\/2024\/11\/23\/kevin-bercy-del-alimerka-oviedo-baloncesto-al-grupo-alega-cantabria\/#breadcrumb\"},\"inLanguage\":\"en-US\",\"potentialAction\":[{\"@type\":\"ReadAction\",\"target\":[\"https:\/\/gijonbasket.com\/2024\/11\/23\/kevin-bercy-del-alimerka-oviedo-baloncesto-al-grupo-alega-cantabria\/\"]}]},{\"@type\":\"BreadcrumbList\",\"@id\":\"https:\/\/gijonbasket.com\/2024\/11\/23\/kevin-bercy-del-alimerka-oviedo-baloncesto-al-grupo-alega-cantabria\/#breadcrumb\",\"itemListElement\":[{\"@type\":\"ListItem\",\"position\":1,\"name\":\"Portada\",\"item\":\"https:\/\/gijonbasket.com\/\"},{\"@type\":\"ListItem\",\"position\":2,\"name\":\"Kevin Bercy del Alimerka Oviedo Baloncesto al Grupo Alega Cantabria\"}]},{\"@type\":\"WebSite\",\"@id\":\"https:\/\/gijonbasket.com\/#website\",\"url\":\"https:\/\/gijonbasket.com\/\",\"name\":\"gijonbasket\",\"description\":\"\",\"publisher\":{\"@id\":\"https:\/\/gijonbasket.com\/#organization\"},\"potentialAction\":[{\"@type\":\"SearchAction\",\"target\":{\"@type\":\"EntryPoint\",\"urlTemplate\":\"https:\/\/gijonbasket.com\/?s={search_term_string}\"},\"query-input\":{\"@type\":\"PropertyValueSpecification\",\"valueRequired\":true,\"valueName\":\"search_term_string\"}}],\"inLanguage\":\"en-US\"},{\"@type\":\"Organization\",\"@id\":\"https:\/\/gijonbasket.com\/#organization\",\"name\":\"gijonbasket\",\"url\":\"https:\/\/gijonbasket.com\/\",\"logo\":{\"@type\":\"ImageObject\",\"inLanguage\":\"en-US\",\"@id\":\"https:\/\/gijonbasket.com\/#\/schema\/logo\/image\/\",\"url\":\"https:\/\/gijonbasket.com\/wp-content\/uploads\/2023\/03\/LogoGijonBasket2.jpg\",\"contentUrl\":\"https:\/\/gijonbasket.com\/wp-content\/uploads\/2023\/03\/LogoGijonBasket2.jpg\",\"width\":2000,\"height\":550,\"caption\":\"gijonbasket\"},\"image\":{\"@id\":\"https:\/\/gijonbasket.com\/#\/schema\/logo\/image\/\"}},{\"@type\":\"Person\",\"@id\":\"https:\/\/gijonbasket.com\/#\/schema\/person\/91af9ff03e8eab582ccc344b715907c0\",\"name\":\"Cesar Morales\",\"image\":{\"@type\":\"ImageObject\",\"inLanguage\":\"en-US\",\"@id\":\"https:\/\/gijonbasket.com\/#\/schema\/person\/image\/\",\"url\":\"https:\/\/secure.gravatar.com\/avatar\/ab9ddf1e87f7580cae3deefb05a58c5cf4f0c7f96f033fd7dacc23f0e8d149ca?s=96&d=mm&r=g\",\"contentUrl\":\"https:\/\/secure.gravatar.com\/avatar\/ab9ddf1e87f7580cae3deefb05a58c5cf4f0c7f96f033fd7dacc23f0e8d149ca?s=96&d=mm&r=g\",\"caption\":\"Cesar Morales\"},\"url\":\"https:\/\/gijonbasket.com\/en\/author\/cesar\/\"}]}<\/script>\n<!-- \/ Yoast SEO plugin. -->","yoast_head_json":{"title":"Kevin Bercy del Alimerka Oviedo Baloncesto al Grupo Alega Cantabria - gijonbasket","robots":{"index":"index","follow":"follow","max-snippet":"max-snippet:-1","max-image-preview":"max-image-preview:large","max-video-preview":"max-video-preview:-1"},"canonical":"https:\/\/gijonbasket.com\/en\/2024\/11\/23\/kevin-bercy-del-alimerka-oviedo-baloncesto-al-grupo-alega-cantabria\/","og_locale":"en_US","og_type":"article","og_title":"Kevin Bercy del Alimerka Oviedo Baloncesto al Grupo Alega Cantabria - gijonbasket","og_description":"El Grupo Alega Cantabria anunci\u00f3, ayer viernes, el fichaje de Kevin Bercy procedente del Alimerka Oviedo Baloncesto. En un plazo de 24 horas, Kevin Bercy tras finalizar su contrato temporal de dos meses con el Alimerka Oviedo Baloncesto, encontr\u00f3 nuevo equipo con el Grupo Alega Cantabria. El ala-p\u00edvot canadiense con nacionalidad haitiana de 29 a\u00f1os&hellip;&nbsp;Read More &raquo;Kevin Bercy del Alimerka Oviedo Baloncesto al Grupo Alega Cantabria","og_url":"https:\/\/gijonbasket.com\/en\/2024\/11\/23\/kevin-bercy-del-alimerka-oviedo-baloncesto-al-grupo-alega-cantabria\/","og_site_name":"gijonbasket","article_published_time":"2024-11-23T07:55:59+00:00","article_modified_time":"2024-11-23T07:57:11+00:00","author":"Cesar Morales","twitter_card":"summary_large_image","twitter_misc":{"Written by":"Cesar Morales","Est. reading time":"1 minute"},"schema":{"@context":"https:\/\/schema.org","@graph":[{"@type":"Article","@id":"https:\/\/gijonbasket.com\/2024\/11\/23\/kevin-bercy-del-alimerka-oviedo-baloncesto-al-grupo-alega-cantabria\/#article","isPartOf":{"@id":"https:\/\/gijonbasket.com\/2024\/11\/23\/kevin-bercy-del-alimerka-oviedo-baloncesto-al-grupo-alega-cantabria\/"},"author":{"name":"Cesar Morales","@id":"https:\/\/gijonbasket.com\/#\/schema\/person\/91af9ff03e8eab582ccc344b715907c0"},"headline":"Kevin Bercy del Alimerka Oviedo Baloncesto al Grupo Alega Cantabria","datePublished":"2024-11-23T07:55:59+00:00","dateModified":"2024-11-23T07:57:11+00:00","mainEntityOfPage":{"@id":"https:\/\/gijonbasket.com\/2024\/11\/23\/kevin-bercy-del-alimerka-oviedo-baloncesto-al-grupo-alega-cantabria\/"},"wordCount":210,"commentCount":0,"publisher":{"@id":"https:\/\/gijonbasket.com\/#organization"},"articleSection":["noticias"],"inLanguage":"en-US","potentialAction":[{"@type":"CommentAction","name":"Comment","target":["https:\/\/gijonbasket.com\/2024\/11\/23\/kevin-bercy-del-alimerka-oviedo-baloncesto-al-grupo-alega-cantabria\/#respond"]}]},{"@type":"WebPage","@id":"https:\/\/gijonbasket.com\/2024\/11\/23\/kevin-bercy-del-alimerka-oviedo-baloncesto-al-grupo-alega-cantabria\/","url":"https:\/\/gijonbasket.com\/2024\/11\/23\/kevin-bercy-del-alimerka-oviedo-baloncesto-al-grupo-alega-cantabria\/","name":"Kevin Bercy del Alimerka Oviedo Baloncesto al Grupo Alega Cantabria - gijonbasket","isPartOf":{"@id":"https:\/\/gijonbasket.com\/#website"},"datePublished":"2024-11-23T07:55:59+00:00","dateModified":"2024-11-23T07:57:11+00:00","breadcrumb":{"@id":"https:\/\/gijonbasket.com\/2024\/11\/23\/kevin-bercy-del-alimerka-oviedo-baloncesto-al-grupo-alega-cantabria\/#breadcrumb"},"inLanguage":"en-US","potentialAction":[{"@type":"ReadAction","target":["https:\/\/gijonbasket.com\/2024\/11\/23\/kevin-bercy-del-alimerka-oviedo-baloncesto-al-grupo-alega-cantabria\/"]}]},{"@type":"BreadcrumbList","@id":"https:\/\/gijonbasket.com\/2024\/11\/23\/kevin-bercy-del-alimerka-oviedo-baloncesto-al-grupo-alega-cantabria\/#breadcrumb","itemListElement":[{"@type":"ListItem","position":1,"name":"Portada","item":"https:\/\/gijonbasket.com\/"},{"@type":"ListItem","position":2,"name":"Kevin Bercy del Alimerka Oviedo Baloncesto al Grupo Alega Cantabria"}]},{"@type":"WebSite","@id":"https:\/\/gijonbasket.com\/#website","url":"https:\/\/gijonbasket.com\/","name":"gijonbasket","description":"","publisher":{"@id":"https:\/\/gijonbasket.com\/#organization"},"potentialAction":[{"@type":"SearchAction","target":{"@type":"EntryPoint","urlTemplate":"https:\/\/gijonbasket.com\/?s={search_term_string}"},"query-input":{"@type":"PropertyValueSpecification","valueRequired":true,"valueName":"search_term_string"}}],"inLanguage":"en-US"},{"@type":"Organization","@id":"https:\/\/gijonbasket.com\/#organization","name":"gijonbasket","url":"https:\/\/gijonbasket.com\/","logo":{"@type":"ImageObject","inLanguage":"en-US","@id":"https:\/\/gijonbasket.com\/#\/schema\/logo\/image\/","url":"https:\/\/gijonbasket.com\/wp-content\/uploads\/2023\/03\/LogoGijonBasket2.jpg","contentUrl":"https:\/\/gijonbasket.com\/wp-content\/uploads\/2023\/03\/LogoGijonBasket2.jpg","width":2000,"height":550,"caption":"gijonbasket"},"image":{"@id":"https:\/\/gijonbasket.com\/#\/schema\/logo\/image\/"}},{"@type":"Person","@id":"https:\/\/gijonbasket.com\/#\/schema\/person\/91af9ff03e8eab582ccc344b715907c0","name":"Cesar Morales","image":{"@type":"ImageObject","inLanguage":"en-US","@id":"https:\/\/gijonbasket.com\/#\/schema\/person\/image\/","url":"https:\/\/secure.gravatar.com\/avatar\/ab9ddf1e87f7580cae3deefb05a58c5cf4f0c7f96f033fd7dacc23f0e8d149ca?s=96&d=mm&r=g","contentUrl":"https:\/\/secure.gravatar.com\/avatar\/ab9ddf1e87f7580cae3deefb05a58c5cf4f0c7f96f033fd7dacc23f0e8d149ca?s=96&d=mm&r=g","caption":"Cesar Morales"},"url":"https:\/\/gijonbasket.com\/en\/author\/cesar\/"}]}},"_links":{"self":[{"href":"https:\/\/gijonbasket.com\/en\/wp-json\/wp\/v2\/posts\/5427","targetHints":{"allow":["GET"]}}],"collection":[{"href":"https:\/\/gijonbasket.com\/en\/wp-json\/wp\/v2\/posts"}],"about":[{"href":"https:\/\/gijonbasket.com\/en\/wp-json\/wp\/v2\/types\/post"}],"author":[{"embeddable":true,"href":"https:\/\/gijonbasket.com\/en\/wp-json\/wp\/v2\/users\/2"}],"replies":[{"embeddable":true,"href":"https:\/\/gijonbasket.com\/en\/wp-json\/wp\/v2\/comments?post=5427"}],"version-history":[{"count":2,"href":"https:\/\/gijonbasket.com\/en\/wp-json\/wp\/v2\/posts\/5427\/revisions"}],"predecessor-version":[{"id":5430,"href":"https:\/\/gijonbasket.com\/en\/wp-json\/wp\/v2\/posts\/5427\/revisions\/5430"}],"wp:attachment":[{"href":"https:\/\/gijonbasket.com\/en\/wp-json\/wp\/v2\/media?parent=5427"}],"wp:term":[{"taxonomy":"category","embeddable":true,"href":"https:\/\/gijonbasket.com\/en\/wp-json\/wp\/v2\/categories?post=5427"},{"taxonomy":"post_tag","embeddable":true,"href":"https:\/\/gijonbasket.com\/en\/wp-json\/wp\/v2\/tags?post=5427"}],"curies":[{"name":"wp","href":"https:\/\/api.w.org\/{rel}","templated":true}]}}