{"id":5501,"date":"2024-12-01T15:55:37","date_gmt":"2024-12-01T14:55:37","guid":{"rendered":"https:\/\/gijonbasket.com\/?p=5501"},"modified":"2024-12-01T15:57:04","modified_gmt":"2024-12-01T14:57:04","slug":"gijon-basket-asociacion-atletica-avilesina-89-69","status":"publish","type":"post","link":"https:\/\/gijonbasket.com\/en\/2024\/12\/01\/gijon-basket-asociacion-atletica-avilesina-89-69\/","title":{"rendered":"Gij\u00f3n Basket &#8211; Asociaci\u00f3n Atl\u00e9tica Avilesina (89-69)"},"content":{"rendered":"<p>Gij\u00f3n Basket rompi\u00f3 la imbatibilidad de la Asociaci\u00f3n Atletica Avilesina. El conjunto rojiblanco, en su mejor encuentro de la temporada, super\u00f3 al l\u00edder. El encuentro comenz\u00f3 con media hora de retraso hasta que se complet\u00f3 la mesa de oficiales de mesa.<\/p>\n\n\n\n<p>Un triple de Javi Quir\u00f3s inaugur\u00f3 el electr\u00f3nico (0-3) que supuso la m\u00e1xima ventaja del encuentro para la Asociaci\u00f3n Atl\u00e9tica Avilesina (3 puntos). Gij\u00f3n Basket se adelant\u00f3 gracias a un imparable Milo Vukcevic anotando 7 puntos consecutivos (7-3). La Asociaci\u00f3n Atl\u00e9tica Avilesina reaccion\u00f3 de la mano de Rub\u00e9n Ariza que con una racha de siete puntos consecutivos logr\u00f3 igualar el luminoso (11-11). Respuesta inmediata de Gij\u00f3n Basket con un parcial de 8-0 con dos triples de Milo Vukcevic m\u00e1s una jugada de David Jim\u00e9nez para situar el tanteador en 19-11. El primer cuarto concluy\u00f3 con ventaja local 22-17. Milo Vukcevic con 13 puntos fue la estrella del primer cuarto liderando a Gij\u00f3n Basket.<\/p>\n\n\n\n<p>Gij\u00f3n Basket control\u00f3 el ritmo de juego durante el segundo cuarto. La Asociaci\u00f3n Atl\u00e9tica Avilesina lleg\u00f3 a recortar la diferencia a dos puntos (32-30; 34-32). Nicol\u00e1s Mu\u00f1oz en la recta final del perido, con cinco puntos consecutivos, permiti\u00f3 estirar la renta local (39-32) para llegar al intermedio con 41-34.<\/p>\n\n\n\n<p>Diego S\u00e1nchez fue la estrella del tercer cuarto. El capit\u00e1n de Gij\u00f3n Basket anot\u00f3 14 puntos destacando sus 4 triples anotados. Gij\u00f3n Basket alcanz\u00f3 una renta de 16 puntos (57-41) para finalizar el cuarto con 63-50. Manuel Hern\u00e1ndez con 8 puntos llev\u00f3 el peso anotador para la Asociaci\u00f3n Atl\u00e9tica Avilesina.<\/p>\n\n\n\n<p>La superioridad de Gij\u00f3n Basket se reforz\u00f3 en el \u00faltimo cuarto, para alcanzar su m\u00e1xima ventaja del encuentro (24 puntos; 87-63) y terminar imponi\u00e9ndose por el definitivo 89-69.<\/p>\n\n\n\n<p>Manuel Hern\u00e1ndez con 21 puntos fue el m\u00e1ximo anotador del encuentro liderando a la Asociaci\u00f3n Atl\u00e9tica Avilesina combinado con 8 rebotes y 7 asistencias. Junto a Hern\u00e1ndez tambi\u00e9n destacaron Javier Urones (13 puntos; 8 rebotes) y Javi Quir\u00f3s (11 puntos; 4 rebotes).<\/p>\n\n\n\n<p>La Asociaci\u00f3n Atl\u00e9tica Avilesina cont\u00f3 con las bajas de Mario Conde, Jorge Zarda\u00edn, Diego Barbero y Nicol\u00e1s de la Madrid.<\/p>\n\n\n\n<p>Milo Vukcevic con 20 puntos, lider\u00f3 a Gij\u00f3n Basket hacia la victoria, junto a Diego S\u00e1nchez (16 puntos; 8 rebotes), David Jim\u00e9nez (13 puntos) y Gerard Burrull (12 puntos; 4 rebotes).<\/p>","protected":false},"excerpt":{"rendered":"<p>Gij\u00f3n Basket rompi\u00f3 la imbatibilidad de la Asociaci\u00f3n Atletica Avilesina. El conjunto rojiblanco, en su mejor encuentro de la temporada, super\u00f3 al l\u00edder. El encuentro comenz\u00f3 con media hora de retraso hasta que se complet\u00f3 la mesa de oficiales de mesa. Un triple de Javi Quir\u00f3s inaugur\u00f3 el electr\u00f3nico (0-3) que supuso la m\u00e1xima ventaja&hellip;&nbsp;<a href=\"https:\/\/gijonbasket.com\/en\/2024\/12\/01\/gijon-basket-asociacion-atletica-avilesina-89-69\/\" class=\"\" rel=\"bookmark\">Read More &raquo;<span class=\"screen-reader-text\">Gij\u00f3n Basket &#8211; Asociaci\u00f3n Atl\u00e9tica Avilesina (89-69)<\/span><\/a><\/p>","protected":false},"author":2,"featured_media":0,"comment_status":"open","ping_status":"open","sticky":false,"template":"","format":"standard","meta":{"neve_meta_sidebar":"","neve_meta_container":"","neve_meta_enable_content_width":"","neve_meta_content_width":0,"neve_meta_title_alignment":"","neve_meta_author_avatar":"","neve_post_elements_order":"","neve_meta_disable_header":"","neve_meta_disable_footer":"","neve_meta_disable_title":"","footnotes":""},"categories":[4],"tags":[],"class_list":["post-5501","post","type-post","status-publish","format-standard","hentry","category-noticias"],"yoast_head":"<!-- This site is optimized with the Yoast SEO plugin v23.4 - https:\/\/yoast.com\/wordpress\/plugins\/seo\/ -->\n<title>Gij\u00f3n Basket - Asociaci\u00f3n Atl\u00e9tica Avilesina (89-69) - gijonbasket<\/title>\n<meta name=\"robots\" content=\"index, follow, max-snippet:-1, max-image-preview:large, max-video-preview:-1\" \/>\n<link rel=\"canonical\" href=\"https:\/\/gijonbasket.com\/en\/2024\/12\/01\/gijon-basket-asociacion-atletica-avilesina-89-69\/\" \/>\n<meta property=\"og:locale\" content=\"en_US\" \/>\n<meta property=\"og:type\" content=\"article\" \/>\n<meta property=\"og:title\" content=\"Gij\u00f3n Basket - Asociaci\u00f3n Atl\u00e9tica Avilesina (89-69) - gijonbasket\" \/>\n<meta property=\"og:description\" content=\"Gij\u00f3n Basket rompi\u00f3 la imbatibilidad de la Asociaci\u00f3n Atletica Avilesina. El conjunto rojiblanco, en su mejor encuentro de la temporada, super\u00f3 al l\u00edder. El encuentro comenz\u00f3 con media hora de retraso hasta que se complet\u00f3 la mesa de oficiales de mesa. Un triple de Javi Quir\u00f3s inaugur\u00f3 el electr\u00f3nico (0-3) que supuso la m\u00e1xima ventaja&hellip;&nbsp;Read More &raquo;Gij\u00f3n Basket &#8211; Asociaci\u00f3n Atl\u00e9tica Avilesina (89-69)\" \/>\n<meta property=\"og:url\" content=\"https:\/\/gijonbasket.com\/en\/2024\/12\/01\/gijon-basket-asociacion-atletica-avilesina-89-69\/\" \/>\n<meta property=\"og:site_name\" content=\"gijonbasket\" \/>\n<meta property=\"article:published_time\" content=\"2024-12-01T14:55:37+00:00\" \/>\n<meta property=\"article:modified_time\" content=\"2024-12-01T14:57:04+00:00\" \/>\n<meta name=\"author\" content=\"Cesar Morales\" \/>\n<meta name=\"twitter:card\" content=\"summary_large_image\" \/>\n<meta name=\"twitter:label1\" content=\"Written by\" \/>\n\t<meta name=\"twitter:data1\" content=\"Cesar Morales\" \/>\n\t<meta name=\"twitter:label2\" content=\"Est. reading time\" \/>\n\t<meta name=\"twitter:data2\" content=\"2 minutes\" \/>\n<script type=\"application\/ld+json\" class=\"yoast-schema-graph\">{\"@context\":\"https:\/\/schema.org\",\"@graph\":[{\"@type\":\"Article\",\"@id\":\"https:\/\/gijonbasket.com\/2024\/12\/01\/gijon-basket-asociacion-atletica-avilesina-89-69\/#article\",\"isPartOf\":{\"@id\":\"https:\/\/gijonbasket.com\/2024\/12\/01\/gijon-basket-asociacion-atletica-avilesina-89-69\/\"},\"author\":{\"name\":\"Cesar Morales\",\"@id\":\"https:\/\/gijonbasket.com\/#\/schema\/person\/91af9ff03e8eab582ccc344b715907c0\"},\"headline\":\"Gij\u00f3n Basket &#8211; Asociaci\u00f3n Atl\u00e9tica Avilesina (89-69)\",\"datePublished\":\"2024-12-01T14:55:37+00:00\",\"dateModified\":\"2024-12-01T14:57:04+00:00\",\"mainEntityOfPage\":{\"@id\":\"https:\/\/gijonbasket.com\/2024\/12\/01\/gijon-basket-asociacion-atletica-avilesina-89-69\/\"},\"wordCount\":408,\"commentCount\":0,\"publisher\":{\"@id\":\"https:\/\/gijonbasket.com\/#organization\"},\"articleSection\":[\"noticias\"],\"inLanguage\":\"en-US\",\"potentialAction\":[{\"@type\":\"CommentAction\",\"name\":\"Comment\",\"target\":[\"https:\/\/gijonbasket.com\/2024\/12\/01\/gijon-basket-asociacion-atletica-avilesina-89-69\/#respond\"]}]},{\"@type\":\"WebPage\",\"@id\":\"https:\/\/gijonbasket.com\/2024\/12\/01\/gijon-basket-asociacion-atletica-avilesina-89-69\/\",\"url\":\"https:\/\/gijonbasket.com\/2024\/12\/01\/gijon-basket-asociacion-atletica-avilesina-89-69\/\",\"name\":\"Gij\u00f3n Basket - Asociaci\u00f3n Atl\u00e9tica Avilesina (89-69) - gijonbasket\",\"isPartOf\":{\"@id\":\"https:\/\/gijonbasket.com\/#website\"},\"datePublished\":\"2024-12-01T14:55:37+00:00\",\"dateModified\":\"2024-12-01T14:57:04+00:00\",\"breadcrumb\":{\"@id\":\"https:\/\/gijonbasket.com\/2024\/12\/01\/gijon-basket-asociacion-atletica-avilesina-89-69\/#breadcrumb\"},\"inLanguage\":\"en-US\",\"potentialAction\":[{\"@type\":\"ReadAction\",\"target\":[\"https:\/\/gijonbasket.com\/2024\/12\/01\/gijon-basket-asociacion-atletica-avilesina-89-69\/\"]}]},{\"@type\":\"BreadcrumbList\",\"@id\":\"https:\/\/gijonbasket.com\/2024\/12\/01\/gijon-basket-asociacion-atletica-avilesina-89-69\/#breadcrumb\",\"itemListElement\":[{\"@type\":\"ListItem\",\"position\":1,\"name\":\"Portada\",\"item\":\"https:\/\/gijonbasket.com\/\"},{\"@type\":\"ListItem\",\"position\":2,\"name\":\"Gij\u00f3n Basket &#8211; Asociaci\u00f3n Atl\u00e9tica Avilesina (89-69)\"}]},{\"@type\":\"WebSite\",\"@id\":\"https:\/\/gijonbasket.com\/#website\",\"url\":\"https:\/\/gijonbasket.com\/\",\"name\":\"gijonbasket\",\"description\":\"\",\"publisher\":{\"@id\":\"https:\/\/gijonbasket.com\/#organization\"},\"potentialAction\":[{\"@type\":\"SearchAction\",\"target\":{\"@type\":\"EntryPoint\",\"urlTemplate\":\"https:\/\/gijonbasket.com\/?s={search_term_string}\"},\"query-input\":{\"@type\":\"PropertyValueSpecification\",\"valueRequired\":true,\"valueName\":\"search_term_string\"}}],\"inLanguage\":\"en-US\"},{\"@type\":\"Organization\",\"@id\":\"https:\/\/gijonbasket.com\/#organization\",\"name\":\"gijonbasket\",\"url\":\"https:\/\/gijonbasket.com\/\",\"logo\":{\"@type\":\"ImageObject\",\"inLanguage\":\"en-US\",\"@id\":\"https:\/\/gijonbasket.com\/#\/schema\/logo\/image\/\",\"url\":\"https:\/\/gijonbasket.com\/wp-content\/uploads\/2023\/03\/LogoGijonBasket2.jpg\",\"contentUrl\":\"https:\/\/gijonbasket.com\/wp-content\/uploads\/2023\/03\/LogoGijonBasket2.jpg\",\"width\":2000,\"height\":550,\"caption\":\"gijonbasket\"},\"image\":{\"@id\":\"https:\/\/gijonbasket.com\/#\/schema\/logo\/image\/\"}},{\"@type\":\"Person\",\"@id\":\"https:\/\/gijonbasket.com\/#\/schema\/person\/91af9ff03e8eab582ccc344b715907c0\",\"name\":\"Cesar Morales\",\"image\":{\"@type\":\"ImageObject\",\"inLanguage\":\"en-US\",\"@id\":\"https:\/\/gijonbasket.com\/#\/schema\/person\/image\/\",\"url\":\"https:\/\/secure.gravatar.com\/avatar\/ab9ddf1e87f7580cae3deefb05a58c5cf4f0c7f96f033fd7dacc23f0e8d149ca?s=96&d=mm&r=g\",\"contentUrl\":\"https:\/\/secure.gravatar.com\/avatar\/ab9ddf1e87f7580cae3deefb05a58c5cf4f0c7f96f033fd7dacc23f0e8d149ca?s=96&d=mm&r=g\",\"caption\":\"Cesar Morales\"},\"url\":\"https:\/\/gijonbasket.com\/en\/author\/cesar\/\"}]}<\/script>\n<!-- \/ Yoast SEO plugin. -->","yoast_head_json":{"title":"Gij\u00f3n Basket - Asociaci\u00f3n Atl\u00e9tica Avilesina (89-69) - gijonbasket","robots":{"index":"index","follow":"follow","max-snippet":"max-snippet:-1","max-image-preview":"max-image-preview:large","max-video-preview":"max-video-preview:-1"},"canonical":"https:\/\/gijonbasket.com\/en\/2024\/12\/01\/gijon-basket-asociacion-atletica-avilesina-89-69\/","og_locale":"en_US","og_type":"article","og_title":"Gij\u00f3n Basket - Asociaci\u00f3n Atl\u00e9tica Avilesina (89-69) - gijonbasket","og_description":"Gij\u00f3n Basket rompi\u00f3 la imbatibilidad de la Asociaci\u00f3n Atletica Avilesina. El conjunto rojiblanco, en su mejor encuentro de la temporada, super\u00f3 al l\u00edder. El encuentro comenz\u00f3 con media hora de retraso hasta que se complet\u00f3 la mesa de oficiales de mesa. Un triple de Javi Quir\u00f3s inaugur\u00f3 el electr\u00f3nico (0-3) que supuso la m\u00e1xima ventaja&hellip;&nbsp;Read More &raquo;Gij\u00f3n Basket &#8211; Asociaci\u00f3n Atl\u00e9tica Avilesina (89-69)","og_url":"https:\/\/gijonbasket.com\/en\/2024\/12\/01\/gijon-basket-asociacion-atletica-avilesina-89-69\/","og_site_name":"gijonbasket","article_published_time":"2024-12-01T14:55:37+00:00","article_modified_time":"2024-12-01T14:57:04+00:00","author":"Cesar Morales","twitter_card":"summary_large_image","twitter_misc":{"Written by":"Cesar Morales","Est. reading time":"2 minutes"},"schema":{"@context":"https:\/\/schema.org","@graph":[{"@type":"Article","@id":"https:\/\/gijonbasket.com\/2024\/12\/01\/gijon-basket-asociacion-atletica-avilesina-89-69\/#article","isPartOf":{"@id":"https:\/\/gijonbasket.com\/2024\/12\/01\/gijon-basket-asociacion-atletica-avilesina-89-69\/"},"author":{"name":"Cesar Morales","@id":"https:\/\/gijonbasket.com\/#\/schema\/person\/91af9ff03e8eab582ccc344b715907c0"},"headline":"Gij\u00f3n Basket &#8211; Asociaci\u00f3n Atl\u00e9tica Avilesina (89-69)","datePublished":"2024-12-01T14:55:37+00:00","dateModified":"2024-12-01T14:57:04+00:00","mainEntityOfPage":{"@id":"https:\/\/gijonbasket.com\/2024\/12\/01\/gijon-basket-asociacion-atletica-avilesina-89-69\/"},"wordCount":408,"commentCount":0,"publisher":{"@id":"https:\/\/gijonbasket.com\/#organization"},"articleSection":["noticias"],"inLanguage":"en-US","potentialAction":[{"@type":"CommentAction","name":"Comment","target":["https:\/\/gijonbasket.com\/2024\/12\/01\/gijon-basket-asociacion-atletica-avilesina-89-69\/#respond"]}]},{"@type":"WebPage","@id":"https:\/\/gijonbasket.com\/2024\/12\/01\/gijon-basket-asociacion-atletica-avilesina-89-69\/","url":"https:\/\/gijonbasket.com\/2024\/12\/01\/gijon-basket-asociacion-atletica-avilesina-89-69\/","name":"Gij\u00f3n Basket - Asociaci\u00f3n Atl\u00e9tica Avilesina (89-69) - gijonbasket","isPartOf":{"@id":"https:\/\/gijonbasket.com\/#website"},"datePublished":"2024-12-01T14:55:37+00:00","dateModified":"2024-12-01T14:57:04+00:00","breadcrumb":{"@id":"https:\/\/gijonbasket.com\/2024\/12\/01\/gijon-basket-asociacion-atletica-avilesina-89-69\/#breadcrumb"},"inLanguage":"en-US","potentialAction":[{"@type":"ReadAction","target":["https:\/\/gijonbasket.com\/2024\/12\/01\/gijon-basket-asociacion-atletica-avilesina-89-69\/"]}]},{"@type":"BreadcrumbList","@id":"https:\/\/gijonbasket.com\/2024\/12\/01\/gijon-basket-asociacion-atletica-avilesina-89-69\/#breadcrumb","itemListElement":[{"@type":"ListItem","position":1,"name":"Portada","item":"https:\/\/gijonbasket.com\/"},{"@type":"ListItem","position":2,"name":"Gij\u00f3n Basket &#8211; Asociaci\u00f3n Atl\u00e9tica Avilesina (89-69)"}]},{"@type":"WebSite","@id":"https:\/\/gijonbasket.com\/#website","url":"https:\/\/gijonbasket.com\/","name":"gijonbasket","description":"","publisher":{"@id":"https:\/\/gijonbasket.com\/#organization"},"potentialAction":[{"@type":"SearchAction","target":{"@type":"EntryPoint","urlTemplate":"https:\/\/gijonbasket.com\/?s={search_term_string}"},"query-input":{"@type":"PropertyValueSpecification","valueRequired":true,"valueName":"search_term_string"}}],"inLanguage":"en-US"},{"@type":"Organization","@id":"https:\/\/gijonbasket.com\/#organization","name":"gijonbasket","url":"https:\/\/gijonbasket.com\/","logo":{"@type":"ImageObject","inLanguage":"en-US","@id":"https:\/\/gijonbasket.com\/#\/schema\/logo\/image\/","url":"https:\/\/gijonbasket.com\/wp-content\/uploads\/2023\/03\/LogoGijonBasket2.jpg","contentUrl":"https:\/\/gijonbasket.com\/wp-content\/uploads\/2023\/03\/LogoGijonBasket2.jpg","width":2000,"height":550,"caption":"gijonbasket"},"image":{"@id":"https:\/\/gijonbasket.com\/#\/schema\/logo\/image\/"}},{"@type":"Person","@id":"https:\/\/gijonbasket.com\/#\/schema\/person\/91af9ff03e8eab582ccc344b715907c0","name":"Cesar Morales","image":{"@type":"ImageObject","inLanguage":"en-US","@id":"https:\/\/gijonbasket.com\/#\/schema\/person\/image\/","url":"https:\/\/secure.gravatar.com\/avatar\/ab9ddf1e87f7580cae3deefb05a58c5cf4f0c7f96f033fd7dacc23f0e8d149ca?s=96&d=mm&r=g","contentUrl":"https:\/\/secure.gravatar.com\/avatar\/ab9ddf1e87f7580cae3deefb05a58c5cf4f0c7f96f033fd7dacc23f0e8d149ca?s=96&d=mm&r=g","caption":"Cesar Morales"},"url":"https:\/\/gijonbasket.com\/en\/author\/cesar\/"}]}},"_links":{"self":[{"href":"https:\/\/gijonbasket.com\/en\/wp-json\/wp\/v2\/posts\/5501","targetHints":{"allow":["GET"]}}],"collection":[{"href":"https:\/\/gijonbasket.com\/en\/wp-json\/wp\/v2\/posts"}],"about":[{"href":"https:\/\/gijonbasket.com\/en\/wp-json\/wp\/v2\/types\/post"}],"author":[{"embeddable":true,"href":"https:\/\/gijonbasket.com\/en\/wp-json\/wp\/v2\/users\/2"}],"replies":[{"embeddable":true,"href":"https:\/\/gijonbasket.com\/en\/wp-json\/wp\/v2\/comments?post=5501"}],"version-history":[{"count":2,"href":"https:\/\/gijonbasket.com\/en\/wp-json\/wp\/v2\/posts\/5501\/revisions"}],"predecessor-version":[{"id":5504,"href":"https:\/\/gijonbasket.com\/en\/wp-json\/wp\/v2\/posts\/5501\/revisions\/5504"}],"wp:attachment":[{"href":"https:\/\/gijonbasket.com\/en\/wp-json\/wp\/v2\/media?parent=5501"}],"wp:term":[{"taxonomy":"category","embeddable":true,"href":"https:\/\/gijonbasket.com\/en\/wp-json\/wp\/v2\/categories?post=5501"},{"taxonomy":"post_tag","embeddable":true,"href":"https:\/\/gijonbasket.com\/en\/wp-json\/wp\/v2\/tags?post=5501"}],"curies":[{"name":"wp","href":"https:\/\/api.w.org\/{rel}","templated":true}]}}